{"id":136038,"date":"2024-06-29T17:04:21","date_gmt":"2024-06-29T17:04:21","guid":{"rendered":"https:\/\/www.nettali.com\/?p=136038"},"modified":"2024-06-29T17:04:21","modified_gmt":"2024-06-29T17:04:21","slug":"dpg-de-sonko-lancien-premier-ministre-amadou-ba-sen-mele","status":"publish","type":"post","link":"https:\/\/www.nettali.com\/2024\/06\/29\/dpg-de-sonko-lancien-premier-ministre-amadou-ba-sen-mele\/","title":{"rendered":"DPG DE SONKO - L'ancien Premier ministre, Amadou Ba, s'en m\u00eale..."},"content":{"rendered":"<p><strong>NETTALI.COM - L'ancien Premier ministre, Amadou Ba, invite Ousmane Sonko a faire sa d\u00e9claration de politique g\u00e9n\u00e9rale, pr\u00e9vue par l'article 55 de la Constitution. Il lui fait remarquer que la d\u00e9mocratie repose sur des institutions solides et des pratiques r\u00e9publicaines respect\u00e9es par tous.<\/strong><\/p>\n<p><em>\"La d\u00e9mocratie repose sur des institutions solides et des pratiques r\u00e9publicaines scrupuleusement respect\u00e9es par tous. La D\u00e9claration de Politique g\u00e9n\u00e9rale (DPG) du Premier Ministre, loin d'\u00eatre un simple exercice de communication, constitue un moment d\u00e9cisif o\u00f9 le gouvernement s'engage, devant le peuple, \u00e0 travers ses repr\u00e9sentants \u00e9lus, \u00e0 suivre un cap pr\u00e9cis selon les orientations du Pr\u00e9sident de la R\u00e9publique\"<\/em>, note Amadou Ba, dans une d\u00e9claration rendue publique ce samedi.<\/p>\n<p>Il rappelle que l'article 55 de notre Constitution impose au Premier Ministre de pr\u00e9senter sa DPG devant l'Assembl\u00e9e nationale. Il est imp\u00e9ratif de perp\u00e9tuer cette tradition r\u00e9publicaine, gage de transparence et de responsabilit\u00e9 gouvernementale, laisse-t-il entendre.<br \/>\n<em>\"La DPG doit donc \u00eatre pr\u00e9sent\u00e9e dans le cadre institutionnel appropri\u00e9, conform\u00e9ment \u00e0 notre Constitution et \u00e0 nos traditions r\u00e9publicaines. Faire la DPG dans l\u2019enceinte de l\u2019Assembl\u00e9e nationale, devant les \u00e9lus parlementaires, n'est pas seulement une obligation constitutionnelle, c'est un devoir sacr\u00e9. C\u2019est pour cette raison qu\u2019en tant que Premier Ministre, j\u2019ai fait ma DPG devant l\u2019Assembl\u00e9e nationale, dans les trois mois qui ont suivi ma nomination, et fait face \u00e0 la motion de censure que les d\u00e9put\u00e9s d\u2019un groupe parlementaire avait introduite\"<\/em>, rappelle-t-il.<\/p>\n<p>Pour \u00e9viter une crise institutionnelle susceptible de fragiliser notre d\u00e9mocratie, soutient l'ancien candidat \u00e0 l'\u00e9lection pr\u00e9sidentielle, il est de notre devoir de veiller \u00e0 ce que chaque \u00e9tape de notre processus d\u00e9mocratique soit scrupuleusement respect\u00e9e.<\/p>\n<p><em>\"Mon v\u0153u le plus cher, port\u00e9 par mon engagement politique, est de voir notre pays progresser dans le respect de nos institutions et de nos valeurs d\u00e9mocratiques. Notre commune volont\u00e9 \u00e0 veiller sur ces principes renforcera notre d\u00e9mocratie et consolidera la confiance de nos concitoyens envers leurs dirigeants\"<\/em>, conclut Amadou Ba.<\/p>\n<div class='share-to-whatsapp-wrapper'><div class='share-on-whsp'>PARTAGER SUR : <\/div><a data-text='DPG DE SONKO - L'ancien Premier ministre, Amadou Ba, s'en m\u00eale...' data-link='https:\/\/www.nettali.com\/2024\/06\/29\/dpg-de-sonko-lancien-premier-ministre-amadou-ba-sen-mele\/' class='whatsapp-button whatsapp-share'>WhatsApp<\/a><div class='clear '><\/div><\/div>","protected":false},"excerpt":{"rendered":"<p>NETTALI.COM - L'ancien Premier ministre, Amadou Ba, invite Ousmane Sonko a faire sa d\u00e9claration de politique g\u00e9n\u00e9rale, pr\u00e9vue par l'article 55 de la Constitution. Il lui fait remarquer que la d\u00e9mocratie repose sur des institutions solides et des pratiques r\u00e9publicaines respect\u00e9es par tous. \"La d\u00e9mocratie repose sur des institutions solides et des pratiques r\u00e9publicaines scrupuleusement [&hellip;]<\/p>\n","protected":false},"author":4,"featured_media":118420,"comment_status":"open","ping_status":"open","sticky":false,"template":"","format":"standard","meta":{"_et_pb_use_builder":"","_et_pb_old_content":""},"categories":[2],"tags":[],"yoast_head":"<!-- This site is optimized with the Yoast SEO Premium plugin v17.8 (Yoast SEO v17.8) - https:\/\/yoast.com\/wordpress\/plugins\/seo\/ -->\n<title>DPG DE SONKO - L&#039;ancien Premier ministre, Amadou Ba, s&#039;en m\u00eale... | Nettali.com<\/title>\n<meta name=\"robots\" content=\"index, follow, max-snippet:-1, max-image-preview:large, max-video-preview:-1\" \/>\n<link rel=\"canonical\" href=\"https:\/\/www.nettali.com\/2024\/06\/29\/dpg-de-sonko-lancien-premier-ministre-amadou-ba-sen-mele\/\" \/>\n<meta property=\"og:locale\" content=\"fr_FR\" \/>\n<meta property=\"og:type\" content=\"article\" \/>\n<meta property=\"og:title\" content=\"DPG DE SONKO - L&#039;ancien Premier ministre, Amadou Ba, s&#039;en m\u00eale...\" \/>\n<meta property=\"og:description\" content=\"NETTALI.COM - L&#039;ancien Premier ministre, Amadou Ba, invite Ousmane Sonko a faire sa d\u00e9claration de politique g\u00e9n\u00e9rale, pr\u00e9vue par l&#039;article 55 de la Constitution. Il lui fait remarquer que la d\u00e9mocratie repose sur des institutions solides et des pratiques r\u00e9publicaines respect\u00e9es par tous. &quot;La d\u00e9mocratie repose sur des institutions solides et des pratiques r\u00e9publicaines scrupuleusement [&hellip;]\" \/>\n<meta property=\"og:url\" content=\"https:\/\/www.nettali.com\/2024\/06\/29\/dpg-de-sonko-lancien-premier-ministre-amadou-ba-sen-mele\/\" \/>\n<meta property=\"og:site_name\" content=\"Nettali.com\" \/>\n<meta property=\"article:publisher\" content=\"https:\/\/www.facebook.com\/nettalicom\" \/>\n<meta property=\"article:published_time\" content=\"2024-06-29T17:04:21+00:00\" \/>\n<meta property=\"og:image\" content=\"https:\/\/www.nettali.com\/wp-content\/uploads\/2023\/09\/amadou-ba-2.jpg\" \/>\n\t<meta property=\"og:image:width\" content=\"650\" \/>\n\t<meta property=\"og:image:height\" content=\"406\" \/>\n<meta name=\"twitter:card\" content=\"summary_large_image\" \/>\n<meta name=\"twitter:label1\" content=\"\u00c9crit par\" \/>\n\t<meta name=\"twitter:data1\" content=\"Daouda\" \/>\n\t<meta name=\"twitter:label2\" content=\"Dur\u00e9e de lecture estim\u00e9e\" \/>\n\t<meta name=\"twitter:data2\" content=\"2 minutes\" \/>\n<script type=\"application\/ld+json\" class=\"yoast-schema-graph\">{\"@context\":\"https:\/\/schema.org\",\"@graph\":[{\"@type\":\"WebSite\",\"@id\":\"https:\/\/www.nettali.com\/#website\",\"url\":\"https:\/\/www.nettali.com\/\",\"name\":\"Nettali.com\",\"description\":\"Le rendez-vous critique du Net\",\"potentialAction\":[{\"@type\":\"SearchAction\",\"target\":{\"@type\":\"EntryPoint\",\"urlTemplate\":\"https:\/\/www.nettali.com\/?s={search_term_string}\"},\"query-input\":\"required name=search_term_string\"}],\"inLanguage\":\"fr-FR\"},{\"@type\":\"ImageObject\",\"@id\":\"https:\/\/www.nettali.com\/2024\/06\/29\/dpg-de-sonko-lancien-premier-ministre-amadou-ba-sen-mele\/#primaryimage\",\"inLanguage\":\"fr-FR\",\"url\":\"https:\/\/www.nettali.com\/wp-content\/uploads\/2023\/09\/amadou-ba-2.jpg\",\"contentUrl\":\"https:\/\/www.nettali.com\/wp-content\/uploads\/2023\/09\/amadou-ba-2.jpg\",\"width\":650,\"height\":406},{\"@type\":\"WebPage\",\"@id\":\"https:\/\/www.nettali.com\/2024\/06\/29\/dpg-de-sonko-lancien-premier-ministre-amadou-ba-sen-mele\/#webpage\",\"url\":\"https:\/\/www.nettali.com\/2024\/06\/29\/dpg-de-sonko-lancien-premier-ministre-amadou-ba-sen-mele\/\",\"name\":\"DPG DE SONKO - L'ancien Premier ministre, Amadou Ba, s'en m\\u00eale... | Nettali.com\",\"isPartOf\":{\"@id\":\"https:\/\/www.nettali.com\/#website\"},\"primaryImageOfPage\":{\"@id\":\"https:\/\/www.nettali.com\/2024\/06\/29\/dpg-de-sonko-lancien-premier-ministre-amadou-ba-sen-mele\/#primaryimage\"},\"datePublished\":\"2024-06-29T17:04:21+00:00\",\"dateModified\":\"2024-06-29T17:04:21+00:00\",\"author\":{\"@id\":\"https:\/\/www.nettali.com\/#\/schema\/person\/3317e0bb3aa1da309fbf7b2780901bf4\"},\"breadcrumb\":{\"@id\":\"https:\/\/www.nettali.com\/2024\/06\/29\/dpg-de-sonko-lancien-premier-ministre-amadou-ba-sen-mele\/#breadcrumb\"},\"inLanguage\":\"fr-FR\",\"potentialAction\":[{\"@type\":\"ReadAction\",\"target\":[\"https:\/\/www.nettali.com\/2024\/06\/29\/dpg-de-sonko-lancien-premier-ministre-amadou-ba-sen-mele\/\"]}]},{\"@type\":\"BreadcrumbList\",\"@id\":\"https:\/\/www.nettali.com\/2024\/06\/29\/dpg-de-sonko-lancien-premier-ministre-amadou-ba-sen-mele\/#breadcrumb\",\"itemListElement\":[{\"@type\":\"ListItem\",\"position\":1,\"name\":\"Accueil\",\"item\":\"https:\/\/www.nettali.com\/\"},{\"@type\":\"ListItem\",\"position\":2,\"name\":\"DPG DE SONKO - L'ancien Premier ministre, Amadou Ba, s'en m\\u00eale...\"}]},{\"@type\":\"Person\",\"@id\":\"https:\/\/www.nettali.com\/#\/schema\/person\/3317e0bb3aa1da309fbf7b2780901bf4\",\"name\":\"Daouda\",\"image\":{\"@type\":\"ImageObject\",\"@id\":\"https:\/\/www.nettali.com\/#personlogo\",\"inLanguage\":\"fr-FR\",\"url\":\"https:\/\/secure.gravatar.com\/avatar\/8d143b5a49345098ddcfee1c49c2f47c?s=96&d=mm&r=g\",\"contentUrl\":\"https:\/\/secure.gravatar.com\/avatar\/8d143b5a49345098ddcfee1c49c2f47c?s=96&d=mm&r=g\",\"caption\":\"Daouda\"},\"sameAs\":[\"https:\/\/www.nettali.com\"]}]}<\/script>\n<!-- \/ Yoast SEO Premium plugin. -->","yoast_head_json":{"title":"DPG DE SONKO - L'ancien Premier ministre, Amadou Ba, s'en m\u00eale... | Nettali.com","robots":{"index":"index","follow":"follow","max-snippet":"max-snippet:-1","max-image-preview":"max-image-preview:large","max-video-preview":"max-video-preview:-1"},"canonical":"https:\/\/www.nettali.com\/2024\/06\/29\/dpg-de-sonko-lancien-premier-ministre-amadou-ba-sen-mele\/","og_locale":"fr_FR","og_type":"article","og_title":"DPG DE SONKO - L'ancien Premier ministre, Amadou Ba, s'en m\u00eale...","og_description":"NETTALI.COM - L'ancien Premier ministre, Amadou Ba, invite Ousmane Sonko a faire sa d\u00e9claration de politique g\u00e9n\u00e9rale, pr\u00e9vue par l'article 55 de la Constitution. Il lui fait remarquer que la d\u00e9mocratie repose sur des institutions solides et des pratiques r\u00e9publicaines respect\u00e9es par tous. \"La d\u00e9mocratie repose sur des institutions solides et des pratiques r\u00e9publicaines scrupuleusement [&hellip;]","og_url":"https:\/\/www.nettali.com\/2024\/06\/29\/dpg-de-sonko-lancien-premier-ministre-amadou-ba-sen-mele\/","og_site_name":"Nettali.com","article_publisher":"https:\/\/www.facebook.com\/nettalicom","article_published_time":"2024-06-29T17:04:21+00:00","og_image":[{"width":650,"height":406,"url":"https:\/\/www.nettali.com\/wp-content\/uploads\/2023\/09\/amadou-ba-2.jpg","type":"image\/jpeg"}],"twitter_card":"summary_large_image","twitter_misc":{"\u00c9crit par":"Daouda","Dur\u00e9e de lecture estim\u00e9e":"2 minutes"},"schema":{"@context":"https:\/\/schema.org","@graph":[{"@type":"WebSite","@id":"https:\/\/www.nettali.com\/#website","url":"https:\/\/www.nettali.com\/","name":"Nettali.com","description":"Le rendez-vous critique du Net","potentialAction":[{"@type":"SearchAction","target":{"@type":"EntryPoint","urlTemplate":"https:\/\/www.nettali.com\/?s={search_term_string}"},"query-input":"required name=search_term_string"}],"inLanguage":"fr-FR"},{"@type":"ImageObject","@id":"https:\/\/www.nettali.com\/2024\/06\/29\/dpg-de-sonko-lancien-premier-ministre-amadou-ba-sen-mele\/#primaryimage","inLanguage":"fr-FR","url":"https:\/\/www.nettali.com\/wp-content\/uploads\/2023\/09\/amadou-ba-2.jpg","contentUrl":"https:\/\/www.nettali.com\/wp-content\/uploads\/2023\/09\/amadou-ba-2.jpg","width":650,"height":406},{"@type":"WebPage","@id":"https:\/\/www.nettali.com\/2024\/06\/29\/dpg-de-sonko-lancien-premier-ministre-amadou-ba-sen-mele\/#webpage","url":"https:\/\/www.nettali.com\/2024\/06\/29\/dpg-de-sonko-lancien-premier-ministre-amadou-ba-sen-mele\/","name":"DPG DE SONKO - L'ancien Premier ministre, Amadou Ba, s'en m\u00eale... | Nettali.com","isPartOf":{"@id":"https:\/\/www.nettali.com\/#website"},"primaryImageOfPage":{"@id":"https:\/\/www.nettali.com\/2024\/06\/29\/dpg-de-sonko-lancien-premier-ministre-amadou-ba-sen-mele\/#primaryimage"},"datePublished":"2024-06-29T17:04:21+00:00","dateModified":"2024-06-29T17:04:21+00:00","author":{"@id":"https:\/\/www.nettali.com\/#\/schema\/person\/3317e0bb3aa1da309fbf7b2780901bf4"},"breadcrumb":{"@id":"https:\/\/www.nettali.com\/2024\/06\/29\/dpg-de-sonko-lancien-premier-ministre-amadou-ba-sen-mele\/#breadcrumb"},"inLanguage":"fr-FR","potentialAction":[{"@type":"ReadAction","target":["https:\/\/www.nettali.com\/2024\/06\/29\/dpg-de-sonko-lancien-premier-ministre-amadou-ba-sen-mele\/"]}]},{"@type":"BreadcrumbList","@id":"https:\/\/www.nettali.com\/2024\/06\/29\/dpg-de-sonko-lancien-premier-ministre-amadou-ba-sen-mele\/#breadcrumb","itemListElement":[{"@type":"ListItem","position":1,"name":"Accueil","item":"https:\/\/www.nettali.com\/"},{"@type":"ListItem","position":2,"name":"DPG DE SONKO - L'ancien Premier ministre, Amadou Ba, s'en m\u00eale..."}]},{"@type":"Person","@id":"https:\/\/www.nettali.com\/#\/schema\/person\/3317e0bb3aa1da309fbf7b2780901bf4","name":"Daouda","image":{"@type":"ImageObject","@id":"https:\/\/www.nettali.com\/#personlogo","inLanguage":"fr-FR","url":"https:\/\/secure.gravatar.com\/avatar\/8d143b5a49345098ddcfee1c49c2f47c?s=96&d=mm&r=g","contentUrl":"https:\/\/secure.gravatar.com\/avatar\/8d143b5a49345098ddcfee1c49c2f47c?s=96&d=mm&r=g","caption":"Daouda"},"sameAs":["https:\/\/www.nettali.com"]}]}},"_links":{"self":[{"href":"https:\/\/www.nettali.com\/rest\/wp\/v2\/posts\/136038"}],"collection":[{"href":"https:\/\/www.nettali.com\/rest\/wp\/v2\/posts"}],"about":[{"href":"https:\/\/www.nettali.com\/rest\/wp\/v2\/types\/post"}],"author":[{"embeddable":true,"href":"https:\/\/www.nettali.com\/rest\/wp\/v2\/users\/4"}],"replies":[{"embeddable":true,"href":"https:\/\/www.nettali.com\/rest\/wp\/v2\/comments?post=136038"}],"version-history":[{"count":1,"href":"https:\/\/www.nettali.com\/rest\/wp\/v2\/posts\/136038\/revisions"}],"predecessor-version":[{"id":136040,"href":"https:\/\/www.nettali.com\/rest\/wp\/v2\/posts\/136038\/revisions\/136040"}],"wp:featuredmedia":[{"embeddable":true,"href":"https:\/\/www.nettali.com\/rest\/wp\/v2\/media\/118420"}],"wp:attachment":[{"href":"https:\/\/www.nettali.com\/rest\/wp\/v2\/media?parent=136038"}],"wp:term":[{"taxonomy":"category","embeddable":true,"href":"https:\/\/www.nettali.com\/rest\/wp\/v2\/categories?post=136038"},{"taxonomy":"post_tag","embeddable":true,"href":"https:\/\/www.nettali.com\/rest\/wp\/v2\/tags?post=136038"}],"curies":[{"name":"wp","href":"https:\/\/api.w.org\/{rel}","templated":true}]}}