{"id":136029,"date":"2024-06-29T16:53:22","date_gmt":"2024-06-29T16:53:22","guid":{"rendered":"https:\/\/www.nettali.com\/?p=136029"},"modified":"2024-06-29T16:53:22","modified_gmt":"2024-06-29T16:53:22","slug":"usa-le-new-york-times-appelle-joe-biden-a-se-retirer-de-la-course-a-la-maison-blanche","status":"publish","type":"post","link":"https:\/\/www.nettali.com\/2024\/06\/29\/usa-le-new-york-times-appelle-joe-biden-a-se-retirer-de-la-course-a-la-maison-blanche\/","title":{"rendered":"USA - Le \"New York Times\" appelle Joe Biden \u00e0 se retirer de la course \u00e0 la Maison Blanche"},"content":{"rendered":"<p><strong>NETTALI.COM - Le comit\u00e9 de r\u00e9daction du prestigieux journal am\u00e9ricain New York Times a appel\u00e9 vendredi le pr\u00e9sident Joe Biden \u00e0 se retirer de la course \u00e0 la Maison Blanche apr\u00e8s son calamiteux d\u00e9bat la veille face \u00e0 Donald Trump.<\/strong><\/p>\n<p>Dans un \u00e9ditorial publi\u00e9 vendredi soir et intitul\u00e9 \"<em>Pour servir le pays, le pr\u00e9sident Biden doit quitter la course<\/em>\" \u00e0 la Maison Blanche, le New York Times a d\u00e9crit Joe Biden comme \u00e9tant \"<em>l'ombre d'un dirigeant<\/em>\", apr\u00e8s que le pr\u00e9sident de 81 ans a \"<em>\u00e9chou\u00e9 \u00e0 son propre test<\/em>\".<\/p>\n<p>M\u00e9connaissable, Joe Biden a aval\u00e9 des mots, n'a pas fini certaines phrases et a regard\u00e9 dans le vide lors du duel t\u00e9l\u00e9vis\u00e9 jeudi face \u00e0 son pr\u00e9d\u00e9cesseur r\u00e9publicain.<\/p>\n<p>\"<em>M. Biden a \u00e9t\u00e9 un pr\u00e9sident admirable. Sous son commandement, la nation a prosp\u00e9r\u00e9 et a commenc\u00e9 \u00e0 relever une s\u00e9rie de d\u00e9fis \u00e0 long terme, et les plaies ouvertes par M. Trump ont commenc\u00e9 \u00e0 se refermer. Mais le plus grand service public que pourrait rendre aujourd'hui M. Biden serait d'annoncer qu'il ne se repr\u00e9sentera pas \u00e0 l'\u00e9lection<\/em>\", a \u00e9crit le\u00a0New York Times\u00a0dans un \u00e9ditorial publi\u00e9 vendredi soir. Son comit\u00e9 de r\u00e9daction rassemble des \u00e9ditorialistes de renom et est cens\u00e9 refl\u00e9ter les valeurs du m\u00e9dia.<\/p>\n<p>Des membres du Parti d\u00e9mocrate ont aussi questionn\u00e9 la capacit\u00e9 de Biden \u00e0 assumer un nouveau mandat, ce qui a d\u00e9clench\u00e9 une temp\u00eate au sein du parti.<\/p>\n<p><strong>Joe Biden se d\u00e9fend face \u00e0 sa pi\u00e8tre performance face \u00e0 Trump<\/strong><\/p>\n<p>Pourtant, dans la journ\u00e9e, Joe Biden \u00a0a promis de se relever lors d'une rencontre organis\u00e9e \u00e0 Raleigh en Caroline du Nord. Une d\u00e9claration faite lors d\u2019un discours enflamm\u00e9 qui contrastant totalement avec le naufrage de la veille. \"<em>Nous allons prot\u00e9ger et pr\u00e9server notre d\u00e9mocratie<\/em> !\"<\/p>\n<p>On \u00e9tait bien loin de l\u2019image du candidat confus et hagard qu\u2019il a pr\u00e9sent\u00e9 face \u00e0\u00a0Donald Trump, quelques heures auparavant, pointe notre correspondante aux \u00c9tats-Unis,\u00a0Loubna Anaki. Le pr\u00e9sident d\u00e9mocrate a d\u2019ailleurs r\u00e9pondu aux nombreuses critiques qui ont suivi sa pi\u00e8tre performance. .<br \/>\n\"<em>Je sais que je ne suis plus un jeune homme. Je ne marche plus aussi facilement, je ne parle plus aussi \u00e9l\u00e9gamment, je ne d\u00e9bats plus aussi bien. Mais je sais au moins dire la v\u00e9rit\u00e9, je sais discerner le bien du mal et je sais comment faire le job\u00a0<\/em>!\u00a0\"<\/p>\n<p>Une attaque directe adress\u00e9e \u00e0 son adversaire r\u00e9publicain qui a multipli\u00e9 les mensonges lors du premier d\u00e9bat de la campagne. Tout en reconnaissant son mauvais passage jeudi soir, Joe Biden a martel\u00e9\u00a0: \"<em>Je vous promets que je ne serais pas candidat si je n\u2019\u00e9tais pas persuad\u00e9 de pouvoir faire ce travail<\/em>\".<\/p>\n<p>Joe Biden a re\u00e7u dans la foul\u00e9e le soutien des ex-pr\u00e9sidents d\u00e9mocrates Barack Obama et Bill Clinton.<\/p>\n<div class='share-to-whatsapp-wrapper'><div class='share-on-whsp'>PARTAGER SUR : <\/div><a data-text='USA - Le \"New York Times\" appelle Joe Biden \u00e0 se retirer de la course \u00e0 la Maison Blanche' data-link='https:\/\/www.nettali.com\/2024\/06\/29\/usa-le-new-york-times-appelle-joe-biden-a-se-retirer-de-la-course-a-la-maison-blanche\/' class='whatsapp-button whatsapp-share'>WhatsApp<\/a><div class='clear '><\/div><\/div>","protected":false},"excerpt":{"rendered":"<p>NETTALI.COM - Le comit\u00e9 de r\u00e9daction du prestigieux journal am\u00e9ricain New York Times a appel\u00e9 vendredi le pr\u00e9sident Joe Biden \u00e0 se retirer de la course \u00e0 la Maison Blanche apr\u00e8s son calamiteux d\u00e9bat la veille face \u00e0 Donald Trump. Dans un \u00e9ditorial publi\u00e9 vendredi soir et intitul\u00e9 \"Pour servir le pays, le pr\u00e9sident Biden [&hellip;]<\/p>\n","protected":false},"author":5,"featured_media":136031,"comment_status":"open","ping_status":"open","sticky":false,"template":"","format":"standard","meta":{"_et_pb_use_builder":"","_et_pb_old_content":""},"categories":[8],"tags":[],"yoast_head":"<!-- This site is optimized with the Yoast SEO Premium plugin v17.8 (Yoast SEO v17.8) - https:\/\/yoast.com\/wordpress\/plugins\/seo\/ -->\n<title>USA - Le &quot;New York Times&quot; appelle Joe Biden \u00e0 se retirer de la course \u00e0 la Maison Blanche | Nettali.com<\/title>\n<meta name=\"robots\" content=\"index, follow, max-snippet:-1, max-image-preview:large, max-video-preview:-1\" \/>\n<link rel=\"canonical\" href=\"https:\/\/www.nettali.com\/2024\/06\/29\/usa-le-new-york-times-appelle-joe-biden-a-se-retirer-de-la-course-a-la-maison-blanche\/\" \/>\n<meta property=\"og:locale\" content=\"fr_FR\" \/>\n<meta property=\"og:type\" content=\"article\" \/>\n<meta property=\"og:title\" content=\"USA - Le &quot;New York Times&quot; appelle Joe Biden \u00e0 se retirer de la course \u00e0 la Maison Blanche\" \/>\n<meta property=\"og:description\" content=\"NETTALI.COM - Le comit\u00e9 de r\u00e9daction du prestigieux journal am\u00e9ricain New York Times a appel\u00e9 vendredi le pr\u00e9sident Joe Biden \u00e0 se retirer de la course \u00e0 la Maison Blanche apr\u00e8s son calamiteux d\u00e9bat la veille face \u00e0 Donald Trump. Dans un \u00e9ditorial publi\u00e9 vendredi soir et intitul\u00e9 &quot;Pour servir le pays, le pr\u00e9sident Biden [&hellip;]\" \/>\n<meta property=\"og:url\" content=\"https:\/\/www.nettali.com\/2024\/06\/29\/usa-le-new-york-times-appelle-joe-biden-a-se-retirer-de-la-course-a-la-maison-blanche\/\" \/>\n<meta property=\"og:site_name\" content=\"Nettali.com\" \/>\n<meta property=\"article:publisher\" content=\"https:\/\/www.facebook.com\/nettalicom\" \/>\n<meta property=\"article:published_time\" content=\"2024-06-29T16:53:22+00:00\" \/>\n<meta property=\"og:image\" content=\"https:\/\/www.nettali.com\/wp-content\/uploads\/2024\/06\/image-3.jpg\" \/>\n\t<meta property=\"og:image:width\" content=\"885\" \/>\n\t<meta property=\"og:image:height\" content=\"500\" \/>\n<meta name=\"twitter:card\" content=\"summary_large_image\" \/>\n<meta name=\"twitter:label1\" content=\"\u00c9crit par\" \/>\n\t<meta name=\"twitter:data1\" content=\"Ibrahima\" \/>\n\t<meta name=\"twitter:label2\" content=\"Dur\u00e9e de lecture estim\u00e9e\" \/>\n\t<meta name=\"twitter:data2\" content=\"3 minutes\" \/>\n<script type=\"application\/ld+json\" class=\"yoast-schema-graph\">{\"@context\":\"https:\/\/schema.org\",\"@graph\":[{\"@type\":\"WebSite\",\"@id\":\"https:\/\/www.nettali.com\/#website\",\"url\":\"https:\/\/www.nettali.com\/\",\"name\":\"Nettali.com\",\"description\":\"Le rendez-vous critique du Net\",\"potentialAction\":[{\"@type\":\"SearchAction\",\"target\":{\"@type\":\"EntryPoint\",\"urlTemplate\":\"https:\/\/www.nettali.com\/?s={search_term_string}\"},\"query-input\":\"required name=search_term_string\"}],\"inLanguage\":\"fr-FR\"},{\"@type\":\"ImageObject\",\"@id\":\"https:\/\/www.nettali.com\/2024\/06\/29\/usa-le-new-york-times-appelle-joe-biden-a-se-retirer-de-la-course-a-la-maison-blanche\/#primaryimage\",\"inLanguage\":\"fr-FR\",\"url\":\"https:\/\/www.nettali.com\/wp-content\/uploads\/2024\/06\/image-3.jpg\",\"contentUrl\":\"https:\/\/www.nettali.com\/wp-content\/uploads\/2024\/06\/image-3.jpg\",\"width\":885,\"height\":500,\"caption\":\"\\u00a9CJ GUNTHER\/EPA\/MAXPPP - epa08802769 (FILE) - Democratic candidate for United States President, Former Vice President Joe Biden, smiles as he prepares to make a speech during a campaign stop at the Governor's Inn in Rochester, New Hampshire, USA, 09 October 2019 (reissued 06 November 2020). According to media reports citing election officials, Biden has taken the lead in Pennsylvania. An official win of the state would push Biden over the 270 electoral votes necessary to become the 46th President of the United States. *** Local Caption *** 55537332 EPA-EFE\/CJ GUNTHER *** Local Caption *** 55537332\"},{\"@type\":\"WebPage\",\"@id\":\"https:\/\/www.nettali.com\/2024\/06\/29\/usa-le-new-york-times-appelle-joe-biden-a-se-retirer-de-la-course-a-la-maison-blanche\/#webpage\",\"url\":\"https:\/\/www.nettali.com\/2024\/06\/29\/usa-le-new-york-times-appelle-joe-biden-a-se-retirer-de-la-course-a-la-maison-blanche\/\",\"name\":\"USA - Le \\\"New York Times\\\" appelle Joe Biden \\u00e0 se retirer de la course \\u00e0 la Maison Blanche | Nettali.com\",\"isPartOf\":{\"@id\":\"https:\/\/www.nettali.com\/#website\"},\"primaryImageOfPage\":{\"@id\":\"https:\/\/www.nettali.com\/2024\/06\/29\/usa-le-new-york-times-appelle-joe-biden-a-se-retirer-de-la-course-a-la-maison-blanche\/#primaryimage\"},\"datePublished\":\"2024-06-29T16:53:22+00:00\",\"dateModified\":\"2024-06-29T16:53:22+00:00\",\"author\":{\"@id\":\"https:\/\/www.nettali.com\/#\/schema\/person\/bb147657c2986240405a608162b9bb23\"},\"breadcrumb\":{\"@id\":\"https:\/\/www.nettali.com\/2024\/06\/29\/usa-le-new-york-times-appelle-joe-biden-a-se-retirer-de-la-course-a-la-maison-blanche\/#breadcrumb\"},\"inLanguage\":\"fr-FR\",\"potentialAction\":[{\"@type\":\"ReadAction\",\"target\":[\"https:\/\/www.nettali.com\/2024\/06\/29\/usa-le-new-york-times-appelle-joe-biden-a-se-retirer-de-la-course-a-la-maison-blanche\/\"]}]},{\"@type\":\"BreadcrumbList\",\"@id\":\"https:\/\/www.nettali.com\/2024\/06\/29\/usa-le-new-york-times-appelle-joe-biden-a-se-retirer-de-la-course-a-la-maison-blanche\/#breadcrumb\",\"itemListElement\":[{\"@type\":\"ListItem\",\"position\":1,\"name\":\"Accueil\",\"item\":\"https:\/\/www.nettali.com\/\"},{\"@type\":\"ListItem\",\"position\":2,\"name\":\"USA - Le \\\"New York Times\\\" appelle Joe Biden \\u00e0 se retirer de la course \\u00e0 la Maison Blanche\"}]},{\"@type\":\"Person\",\"@id\":\"https:\/\/www.nettali.com\/#\/schema\/person\/bb147657c2986240405a608162b9bb23\",\"name\":\"Ibrahima\",\"image\":{\"@type\":\"ImageObject\",\"@id\":\"https:\/\/www.nettali.com\/#personlogo\",\"inLanguage\":\"fr-FR\",\"url\":\"https:\/\/secure.gravatar.com\/avatar\/26a8a81f09f0dd7624c9d5c36c9ba3a2?s=96&d=mm&r=g\",\"contentUrl\":\"https:\/\/secure.gravatar.com\/avatar\/26a8a81f09f0dd7624c9d5c36c9ba3a2?s=96&d=mm&r=g\",\"caption\":\"Ibrahima\"},\"sameAs\":[\"https:\/\/www.nettali.com\"]}]}<\/script>\n<!-- \/ Yoast SEO Premium plugin. -->","yoast_head_json":{"title":"USA - Le \"New York Times\" appelle Joe Biden \u00e0 se retirer de la course \u00e0 la Maison Blanche | Nettali.com","robots":{"index":"index","follow":"follow","max-snippet":"max-snippet:-1","max-image-preview":"max-image-preview:large","max-video-preview":"max-video-preview:-1"},"canonical":"https:\/\/www.nettali.com\/2024\/06\/29\/usa-le-new-york-times-appelle-joe-biden-a-se-retirer-de-la-course-a-la-maison-blanche\/","og_locale":"fr_FR","og_type":"article","og_title":"USA - Le \"New York Times\" appelle Joe Biden \u00e0 se retirer de la course \u00e0 la Maison Blanche","og_description":"NETTALI.COM - Le comit\u00e9 de r\u00e9daction du prestigieux journal am\u00e9ricain New York Times a appel\u00e9 vendredi le pr\u00e9sident Joe Biden \u00e0 se retirer de la course \u00e0 la Maison Blanche apr\u00e8s son calamiteux d\u00e9bat la veille face \u00e0 Donald Trump. Dans un \u00e9ditorial publi\u00e9 vendredi soir et intitul\u00e9 \"Pour servir le pays, le pr\u00e9sident Biden [&hellip;]","og_url":"https:\/\/www.nettali.com\/2024\/06\/29\/usa-le-new-york-times-appelle-joe-biden-a-se-retirer-de-la-course-a-la-maison-blanche\/","og_site_name":"Nettali.com","article_publisher":"https:\/\/www.facebook.com\/nettalicom","article_published_time":"2024-06-29T16:53:22+00:00","og_image":[{"width":885,"height":500,"url":"https:\/\/www.nettali.com\/wp-content\/uploads\/2024\/06\/image-3.jpg","type":"image\/jpeg"}],"twitter_card":"summary_large_image","twitter_misc":{"\u00c9crit par":"Ibrahima","Dur\u00e9e de lecture estim\u00e9e":"3 minutes"},"schema":{"@context":"https:\/\/schema.org","@graph":[{"@type":"WebSite","@id":"https:\/\/www.nettali.com\/#website","url":"https:\/\/www.nettali.com\/","name":"Nettali.com","description":"Le rendez-vous critique du Net","potentialAction":[{"@type":"SearchAction","target":{"@type":"EntryPoint","urlTemplate":"https:\/\/www.nettali.com\/?s={search_term_string}"},"query-input":"required name=search_term_string"}],"inLanguage":"fr-FR"},{"@type":"ImageObject","@id":"https:\/\/www.nettali.com\/2024\/06\/29\/usa-le-new-york-times-appelle-joe-biden-a-se-retirer-de-la-course-a-la-maison-blanche\/#primaryimage","inLanguage":"fr-FR","url":"https:\/\/www.nettali.com\/wp-content\/uploads\/2024\/06\/image-3.jpg","contentUrl":"https:\/\/www.nettali.com\/wp-content\/uploads\/2024\/06\/image-3.jpg","width":885,"height":500,"caption":"\u00a9CJ GUNTHER\/EPA\/MAXPPP - epa08802769 (FILE) - Democratic candidate for United States President, Former Vice President Joe Biden, smiles as he prepares to make a speech during a campaign stop at the Governor's Inn in Rochester, New Hampshire, USA, 09 October 2019 (reissued 06 November 2020). According to media reports citing election officials, Biden has taken the lead in Pennsylvania. An official win of the state would push Biden over the 270 electoral votes necessary to become the 46th President of the United States. *** Local Caption *** 55537332 EPA-EFE\/CJ GUNTHER *** Local Caption *** 55537332"},{"@type":"WebPage","@id":"https:\/\/www.nettali.com\/2024\/06\/29\/usa-le-new-york-times-appelle-joe-biden-a-se-retirer-de-la-course-a-la-maison-blanche\/#webpage","url":"https:\/\/www.nettali.com\/2024\/06\/29\/usa-le-new-york-times-appelle-joe-biden-a-se-retirer-de-la-course-a-la-maison-blanche\/","name":"USA - Le \"New York Times\" appelle Joe Biden \u00e0 se retirer de la course \u00e0 la Maison Blanche | Nettali.com","isPartOf":{"@id":"https:\/\/www.nettali.com\/#website"},"primaryImageOfPage":{"@id":"https:\/\/www.nettali.com\/2024\/06\/29\/usa-le-new-york-times-appelle-joe-biden-a-se-retirer-de-la-course-a-la-maison-blanche\/#primaryimage"},"datePublished":"2024-06-29T16:53:22+00:00","dateModified":"2024-06-29T16:53:22+00:00","author":{"@id":"https:\/\/www.nettali.com\/#\/schema\/person\/bb147657c2986240405a608162b9bb23"},"breadcrumb":{"@id":"https:\/\/www.nettali.com\/2024\/06\/29\/usa-le-new-york-times-appelle-joe-biden-a-se-retirer-de-la-course-a-la-maison-blanche\/#breadcrumb"},"inLanguage":"fr-FR","potentialAction":[{"@type":"ReadAction","target":["https:\/\/www.nettali.com\/2024\/06\/29\/usa-le-new-york-times-appelle-joe-biden-a-se-retirer-de-la-course-a-la-maison-blanche\/"]}]},{"@type":"BreadcrumbList","@id":"https:\/\/www.nettali.com\/2024\/06\/29\/usa-le-new-york-times-appelle-joe-biden-a-se-retirer-de-la-course-a-la-maison-blanche\/#breadcrumb","itemListElement":[{"@type":"ListItem","position":1,"name":"Accueil","item":"https:\/\/www.nettali.com\/"},{"@type":"ListItem","position":2,"name":"USA - Le \"New York Times\" appelle Joe Biden \u00e0 se retirer de la course \u00e0 la Maison Blanche"}]},{"@type":"Person","@id":"https:\/\/www.nettali.com\/#\/schema\/person\/bb147657c2986240405a608162b9bb23","name":"Ibrahima","image":{"@type":"ImageObject","@id":"https:\/\/www.nettali.com\/#personlogo","inLanguage":"fr-FR","url":"https:\/\/secure.gravatar.com\/avatar\/26a8a81f09f0dd7624c9d5c36c9ba3a2?s=96&d=mm&r=g","contentUrl":"https:\/\/secure.gravatar.com\/avatar\/26a8a81f09f0dd7624c9d5c36c9ba3a2?s=96&d=mm&r=g","caption":"Ibrahima"},"sameAs":["https:\/\/www.nettali.com"]}]}},"_links":{"self":[{"href":"https:\/\/www.nettali.com\/rest\/wp\/v2\/posts\/136029"}],"collection":[{"href":"https:\/\/www.nettali.com\/rest\/wp\/v2\/posts"}],"about":[{"href":"https:\/\/www.nettali.com\/rest\/wp\/v2\/types\/post"}],"author":[{"embeddable":true,"href":"https:\/\/www.nettali.com\/rest\/wp\/v2\/users\/5"}],"replies":[{"embeddable":true,"href":"https:\/\/www.nettali.com\/rest\/wp\/v2\/comments?post=136029"}],"version-history":[{"count":1,"href":"https:\/\/www.nettali.com\/rest\/wp\/v2\/posts\/136029\/revisions"}],"predecessor-version":[{"id":136032,"href":"https:\/\/www.nettali.com\/rest\/wp\/v2\/posts\/136029\/revisions\/136032"}],"wp:featuredmedia":[{"embeddable":true,"href":"https:\/\/www.nettali.com\/rest\/wp\/v2\/media\/136031"}],"wp:attachment":[{"href":"https:\/\/www.nettali.com\/rest\/wp\/v2\/media?parent=136029"}],"wp:term":[{"taxonomy":"category","embeddable":true,"href":"https:\/\/www.nettali.com\/rest\/wp\/v2\/categories?post=136029"},{"taxonomy":"post_tag","embeddable":true,"href":"https:\/\/www.nettali.com\/rest\/wp\/v2\/tags?post=136029"}],"curies":[{"name":"wp","href":"https:\/\/api.w.org\/{rel}","templated":true}]}}