{"id":135992,"date":"2024-06-29T07:54:49","date_gmt":"2024-06-29T07:54:49","guid":{"rendered":"https:\/\/www.nettali.com\/?p=135992"},"modified":"2024-06-29T07:54:49","modified_gmt":"2024-06-29T07:54:49","slug":"renovation-de-lhemicycle","status":"publish","type":"post","link":"https:\/\/www.nettali.com\/2024\/06\/29\/renovation-de-lhemicycle\/","title":{"rendered":"R\u00e9novation de l'h\u00e9micycle"},"content":{"rendered":"<p><strong>NETTALI.COM -<\/strong> Apr\u00e8s le lancement officiel de la phase op\u00e9rationnelle du projet de r\u00e9novation de l\u2019h\u00e9micycle, intervenu le 17 mai 2023, les travaux ont pris fin. Cette r\u00e9novation, qui a donn\u00e9 un tout autre visage \u00e0 l\u2019Assembl\u00e9e nationale, entre dans le cadre du projet de modernisation des moyens de communication de l\u2019Assembl\u00e9e nationale du S\u00e9n\u00e9gal avec le public, appuy\u00e9 par l\u2019Agence cor\u00e9enne de coop\u00e9ration internationale (Koica). Le processus a d\u00e9marr\u00e9 le 2 f\u00e9vrier 2023, date de la signature du m\u00e9morandum d\u2019entente entre le gouvernement de la R\u00e9publique du S\u00e9n\u00e9gal et la Koica.<\/p>\n<p>Ces travaux, r\u00e9alis\u00e9s par une compagnie cor\u00e9enne et deux entreprises s\u00e9n\u00e9galaises, concernent la reconfiguration de l\u2019architecture int\u00e9rieure pour une meilleure distribution de l\u2019espace, l\u2019installation d\u2019\u00e9quipements de communication audio et vid\u00e9o de derni\u00e8re g\u00e9n\u00e9ration assurant la digitalisation des proc\u00e9dures de prise de parole, de vote et de comptage de voix, l\u2019am\u00e9nagement de nouvelles cabines modernes d\u2019interpr\u00e9tation, et le d\u00e9ploiement de nouvelles plate- formes digitales.<\/p>\n<p>\"<em>Ces avanc\u00e9es majeures sont le r\u00e9sultat de la volont\u00e9 du pr\u00e9sident Amadou Mame Diop, d\u00e8s son installation \u00e0 la t\u00eate de l\u2019Assembl\u00e9e nationale du S\u00e9n\u00e9gal, de moderniser le cadre de travail des d\u00e9put\u00e9s et de permettre un meilleur acc\u00e8s du public aux informations relatives \u00e0 l\u2019organisation et au travail parlementaire<\/em>\", a renseign\u00e9 la m\u00eame source.<\/p>\n<div class='share-to-whatsapp-wrapper'><div class='share-on-whsp'>PARTAGER SUR : <\/div><a data-text='R\u00e9novation de l'h\u00e9micycle' data-link='https:\/\/www.nettali.com\/2024\/06\/29\/renovation-de-lhemicycle\/' class='whatsapp-button whatsapp-share'>WhatsApp<\/a><div class='clear '><\/div><\/div>","protected":false},"excerpt":{"rendered":"<p>NETTALI.COM - Apr\u00e8s le lancement officiel de la phase op\u00e9rationnelle du projet de r\u00e9novation de l\u2019h\u00e9micycle, intervenu le 17 mai 2023, les travaux ont pris fin. Cette r\u00e9novation, qui a donn\u00e9 un tout autre visage \u00e0 l\u2019Assembl\u00e9e nationale, entre dans le cadre du projet de modernisation des moyens de communication de l\u2019Assembl\u00e9e nationale du S\u00e9n\u00e9gal [&hellip;]<\/p>\n","protected":false},"author":2,"featured_media":135990,"comment_status":"open","ping_status":"open","sticky":false,"template":"","format":"standard","meta":{"_et_pb_use_builder":"","_et_pb_old_content":""},"categories":[34945],"tags":[],"yoast_head":"<!-- This site is optimized with the Yoast SEO Premium plugin v17.8 (Yoast SEO v17.8) - https:\/\/yoast.com\/wordpress\/plugins\/seo\/ -->\n<title>R\u00e9novation de l&#039;h\u00e9micycle | Nettali.com<\/title>\n<meta name=\"robots\" content=\"index, follow, max-snippet:-1, max-image-preview:large, max-video-preview:-1\" \/>\n<link rel=\"canonical\" href=\"https:\/\/www.nettali.com\/2024\/06\/29\/renovation-de-lhemicycle\/\" \/>\n<meta property=\"og:locale\" content=\"fr_FR\" \/>\n<meta property=\"og:type\" content=\"article\" \/>\n<meta property=\"og:title\" content=\"R\u00e9novation de l&#039;h\u00e9micycle\" \/>\n<meta property=\"og:description\" content=\"NETTALI.COM - Apr\u00e8s le lancement officiel de la phase op\u00e9rationnelle du projet de r\u00e9novation de l\u2019h\u00e9micycle, intervenu le 17 mai 2023, les travaux ont pris fin. Cette r\u00e9novation, qui a donn\u00e9 un tout autre visage \u00e0 l\u2019Assembl\u00e9e nationale, entre dans le cadre du projet de modernisation des moyens de communication de l\u2019Assembl\u00e9e nationale du S\u00e9n\u00e9gal [&hellip;]\" \/>\n<meta property=\"og:url\" content=\"https:\/\/www.nettali.com\/2024\/06\/29\/renovation-de-lhemicycle\/\" \/>\n<meta property=\"og:site_name\" content=\"Nettali.com\" \/>\n<meta property=\"article:publisher\" content=\"https:\/\/www.facebook.com\/nettalicom\" \/>\n<meta property=\"article:published_time\" content=\"2024-06-29T07:54:49+00:00\" \/>\n<meta property=\"og:image\" content=\"https:\/\/www.nettali.com\/wp-content\/uploads\/2024\/06\/Photo-Hemicycle-renove.jpg\" \/>\n\t<meta property=\"og:image:width\" content=\"1020\" \/>\n\t<meta property=\"og:image:height\" content=\"765\" \/>\n<meta name=\"twitter:card\" content=\"summary_large_image\" \/>\n<meta name=\"twitter:label1\" content=\"\u00c9crit par\" \/>\n\t<meta name=\"twitter:data1\" content=\"CK\" \/>\n\t<meta name=\"twitter:label2\" content=\"Dur\u00e9e de lecture estim\u00e9e\" \/>\n\t<meta name=\"twitter:data2\" content=\"2 minutes\" \/>\n<script type=\"application\/ld+json\" class=\"yoast-schema-graph\">{\"@context\":\"https:\/\/schema.org\",\"@graph\":[{\"@type\":\"WebSite\",\"@id\":\"https:\/\/www.nettali.com\/#website\",\"url\":\"https:\/\/www.nettali.com\/\",\"name\":\"Nettali.com\",\"description\":\"Le rendez-vous critique du Net\",\"potentialAction\":[{\"@type\":\"SearchAction\",\"target\":{\"@type\":\"EntryPoint\",\"urlTemplate\":\"https:\/\/www.nettali.com\/?s={search_term_string}\"},\"query-input\":\"required name=search_term_string\"}],\"inLanguage\":\"fr-FR\"},{\"@type\":\"ImageObject\",\"@id\":\"https:\/\/www.nettali.com\/2024\/06\/29\/renovation-de-lhemicycle\/#primaryimage\",\"inLanguage\":\"fr-FR\",\"url\":\"https:\/\/www.nettali.com\/wp-content\/uploads\/2024\/06\/Photo-Hemicycle-renove.jpg\",\"contentUrl\":\"https:\/\/www.nettali.com\/wp-content\/uploads\/2024\/06\/Photo-Hemicycle-renove.jpg\",\"width\":1020,\"height\":765},{\"@type\":\"WebPage\",\"@id\":\"https:\/\/www.nettali.com\/2024\/06\/29\/renovation-de-lhemicycle\/#webpage\",\"url\":\"https:\/\/www.nettali.com\/2024\/06\/29\/renovation-de-lhemicycle\/\",\"name\":\"R\\u00e9novation de l'h\\u00e9micycle | Nettali.com\",\"isPartOf\":{\"@id\":\"https:\/\/www.nettali.com\/#website\"},\"primaryImageOfPage\":{\"@id\":\"https:\/\/www.nettali.com\/2024\/06\/29\/renovation-de-lhemicycle\/#primaryimage\"},\"datePublished\":\"2024-06-29T07:54:49+00:00\",\"dateModified\":\"2024-06-29T07:54:49+00:00\",\"author\":{\"@id\":\"https:\/\/www.nettali.com\/#\/schema\/person\/d8ac7b7e27ddad43f1c0d2ef090d7f71\"},\"breadcrumb\":{\"@id\":\"https:\/\/www.nettali.com\/2024\/06\/29\/renovation-de-lhemicycle\/#breadcrumb\"},\"inLanguage\":\"fr-FR\",\"potentialAction\":[{\"@type\":\"ReadAction\",\"target\":[\"https:\/\/www.nettali.com\/2024\/06\/29\/renovation-de-lhemicycle\/\"]}]},{\"@type\":\"BreadcrumbList\",\"@id\":\"https:\/\/www.nettali.com\/2024\/06\/29\/renovation-de-lhemicycle\/#breadcrumb\",\"itemListElement\":[{\"@type\":\"ListItem\",\"position\":1,\"name\":\"Accueil\",\"item\":\"https:\/\/www.nettali.com\/\"},{\"@type\":\"ListItem\",\"position\":2,\"name\":\"R\\u00e9novation de l'h\\u00e9micycle\"}]},{\"@type\":\"Person\",\"@id\":\"https:\/\/www.nettali.com\/#\/schema\/person\/d8ac7b7e27ddad43f1c0d2ef090d7f71\",\"name\":\"CK\",\"image\":{\"@type\":\"ImageObject\",\"@id\":\"https:\/\/www.nettali.com\/#personlogo\",\"inLanguage\":\"fr-FR\",\"url\":\"https:\/\/secure.gravatar.com\/avatar\/1d8d5118b9327d94da7cd4ce7f17fec2?s=96&d=mm&r=g\",\"contentUrl\":\"https:\/\/secure.gravatar.com\/avatar\/1d8d5118b9327d94da7cd4ce7f17fec2?s=96&d=mm&r=g\",\"caption\":\"CK\"},\"sameAs\":[\"https:\/\/www.nettali.com\"]}]}<\/script>\n<!-- \/ Yoast SEO Premium plugin. -->","yoast_head_json":{"title":"R\u00e9novation de l'h\u00e9micycle | Nettali.com","robots":{"index":"index","follow":"follow","max-snippet":"max-snippet:-1","max-image-preview":"max-image-preview:large","max-video-preview":"max-video-preview:-1"},"canonical":"https:\/\/www.nettali.com\/2024\/06\/29\/renovation-de-lhemicycle\/","og_locale":"fr_FR","og_type":"article","og_title":"R\u00e9novation de l'h\u00e9micycle","og_description":"NETTALI.COM - Apr\u00e8s le lancement officiel de la phase op\u00e9rationnelle du projet de r\u00e9novation de l\u2019h\u00e9micycle, intervenu le 17 mai 2023, les travaux ont pris fin. Cette r\u00e9novation, qui a donn\u00e9 un tout autre visage \u00e0 l\u2019Assembl\u00e9e nationale, entre dans le cadre du projet de modernisation des moyens de communication de l\u2019Assembl\u00e9e nationale du S\u00e9n\u00e9gal [&hellip;]","og_url":"https:\/\/www.nettali.com\/2024\/06\/29\/renovation-de-lhemicycle\/","og_site_name":"Nettali.com","article_publisher":"https:\/\/www.facebook.com\/nettalicom","article_published_time":"2024-06-29T07:54:49+00:00","og_image":[{"width":1020,"height":765,"url":"https:\/\/www.nettali.com\/wp-content\/uploads\/2024\/06\/Photo-Hemicycle-renove.jpg","type":"image\/jpeg"}],"twitter_card":"summary_large_image","twitter_misc":{"\u00c9crit par":"CK","Dur\u00e9e de lecture estim\u00e9e":"2 minutes"},"schema":{"@context":"https:\/\/schema.org","@graph":[{"@type":"WebSite","@id":"https:\/\/www.nettali.com\/#website","url":"https:\/\/www.nettali.com\/","name":"Nettali.com","description":"Le rendez-vous critique du Net","potentialAction":[{"@type":"SearchAction","target":{"@type":"EntryPoint","urlTemplate":"https:\/\/www.nettali.com\/?s={search_term_string}"},"query-input":"required name=search_term_string"}],"inLanguage":"fr-FR"},{"@type":"ImageObject","@id":"https:\/\/www.nettali.com\/2024\/06\/29\/renovation-de-lhemicycle\/#primaryimage","inLanguage":"fr-FR","url":"https:\/\/www.nettali.com\/wp-content\/uploads\/2024\/06\/Photo-Hemicycle-renove.jpg","contentUrl":"https:\/\/www.nettali.com\/wp-content\/uploads\/2024\/06\/Photo-Hemicycle-renove.jpg","width":1020,"height":765},{"@type":"WebPage","@id":"https:\/\/www.nettali.com\/2024\/06\/29\/renovation-de-lhemicycle\/#webpage","url":"https:\/\/www.nettali.com\/2024\/06\/29\/renovation-de-lhemicycle\/","name":"R\u00e9novation de l'h\u00e9micycle | Nettali.com","isPartOf":{"@id":"https:\/\/www.nettali.com\/#website"},"primaryImageOfPage":{"@id":"https:\/\/www.nettali.com\/2024\/06\/29\/renovation-de-lhemicycle\/#primaryimage"},"datePublished":"2024-06-29T07:54:49+00:00","dateModified":"2024-06-29T07:54:49+00:00","author":{"@id":"https:\/\/www.nettali.com\/#\/schema\/person\/d8ac7b7e27ddad43f1c0d2ef090d7f71"},"breadcrumb":{"@id":"https:\/\/www.nettali.com\/2024\/06\/29\/renovation-de-lhemicycle\/#breadcrumb"},"inLanguage":"fr-FR","potentialAction":[{"@type":"ReadAction","target":["https:\/\/www.nettali.com\/2024\/06\/29\/renovation-de-lhemicycle\/"]}]},{"@type":"BreadcrumbList","@id":"https:\/\/www.nettali.com\/2024\/06\/29\/renovation-de-lhemicycle\/#breadcrumb","itemListElement":[{"@type":"ListItem","position":1,"name":"Accueil","item":"https:\/\/www.nettali.com\/"},{"@type":"ListItem","position":2,"name":"R\u00e9novation de l'h\u00e9micycle"}]},{"@type":"Person","@id":"https:\/\/www.nettali.com\/#\/schema\/person\/d8ac7b7e27ddad43f1c0d2ef090d7f71","name":"CK","image":{"@type":"ImageObject","@id":"https:\/\/www.nettali.com\/#personlogo","inLanguage":"fr-FR","url":"https:\/\/secure.gravatar.com\/avatar\/1d8d5118b9327d94da7cd4ce7f17fec2?s=96&d=mm&r=g","contentUrl":"https:\/\/secure.gravatar.com\/avatar\/1d8d5118b9327d94da7cd4ce7f17fec2?s=96&d=mm&r=g","caption":"CK"},"sameAs":["https:\/\/www.nettali.com"]}]}},"_links":{"self":[{"href":"https:\/\/www.nettali.com\/rest\/wp\/v2\/posts\/135992"}],"collection":[{"href":"https:\/\/www.nettali.com\/rest\/wp\/v2\/posts"}],"about":[{"href":"https:\/\/www.nettali.com\/rest\/wp\/v2\/types\/post"}],"author":[{"embeddable":true,"href":"https:\/\/www.nettali.com\/rest\/wp\/v2\/users\/2"}],"replies":[{"embeddable":true,"href":"https:\/\/www.nettali.com\/rest\/wp\/v2\/comments?post=135992"}],"version-history":[{"count":1,"href":"https:\/\/www.nettali.com\/rest\/wp\/v2\/posts\/135992\/revisions"}],"predecessor-version":[{"id":135993,"href":"https:\/\/www.nettali.com\/rest\/wp\/v2\/posts\/135992\/revisions\/135993"}],"wp:featuredmedia":[{"embeddable":true,"href":"https:\/\/www.nettali.com\/rest\/wp\/v2\/media\/135990"}],"wp:attachment":[{"href":"https:\/\/www.nettali.com\/rest\/wp\/v2\/media?parent=135992"}],"wp:term":[{"taxonomy":"category","embeddable":true,"href":"https:\/\/www.nettali.com\/rest\/wp\/v2\/categories?post=135992"},{"taxonomy":"post_tag","embeddable":true,"href":"https:\/\/www.nettali.com\/rest\/wp\/v2\/tags?post=135992"}],"curies":[{"name":"wp","href":"https:\/\/api.w.org\/{rel}","templated":true}]}}