{"id":135935,"date":"2024-06-28T09:01:03","date_gmt":"2024-06-28T09:01:03","guid":{"rendered":"https:\/\/www.nettali.com\/?p=135935"},"modified":"2024-06-28T16:38:44","modified_gmt":"2024-06-28T16:38:44","slug":"presidentielle-americaine-un-premier-debat-tres-tendu-joe-biden-en-difficulte-face-a-donald-trump","status":"publish","type":"post","link":"https:\/\/www.nettali.com\/2024\/06\/28\/presidentielle-americaine-un-premier-debat-tres-tendu-joe-biden-en-difficulte-face-a-donald-trump\/","title":{"rendered":"PRESIDENTIELLE AMERICAINE - Un premier d\u00e9bat tr\u00e8s tendu, Joe Biden en difficult\u00e9 face \u00e0 Donald Trump"},"content":{"rendered":"<p><strong>NETTALI.COM - Le pr\u00e9sident am\u00e9ricain Joe Biden et son pr\u00e9d\u00e9cesseur r\u00e9publicain Donald Trump ont d\u00e9battu ce jeudi dans une atmosph\u00e8re tendue o\u00f9 les invectives se sont encha\u00een\u00e9es.<\/strong><\/p>\n<p>Durant les 90 minutes de d\u00e9bat t\u00e9l\u00e9vis\u00e9, la voix de\u00a0Joe Biden\u00a0\u00e9tait \u00e0 peine audible. Ces mouvements lents et son regard absent. Le pr\u00e9sident am\u00e9ricain a plusieurs fois b\u00e9gay\u00e9. Il s'est repris laborieusement, a perdu le fil de sa pens\u00e9e. Et face \u00e0 lui,\u00a0Donald Trump\u00a0s'en est donn\u00e9 \u00e0 c\u0153ur joie : \u00ab\u00a0<em>Je n'ai rien compris \u00e0 la fin de sa phrase<\/em>, a-t-il dit \u00e0 un moment,\u00a0<em>je ne sais m\u00eame pas s'il sait lui-m\u00eame ce qu'il voulait dire.<\/em>\u00a0\u00bb<\/p>\n<p>Une prestation jug\u00e9e d\u00e9sastreuse sur les plateaux des cha\u00eenes d'info am\u00e9ricaine. M\u00eame l'ancienne directrice de communication, de Joe Biden, est bien oblig\u00e9e de reconna\u00eetre que \u00ab\u00a0<em>c'\u00e9tait un d\u00e9bat vraiment d\u00e9cevant pour Joe Biden, impossible de le dire autrement\u00a0<\/em>\u00bb, dit Kate Benenfeld, dont les propos sont rapport\u00e9s par notre correspondant,\u00a0David Thomson.<\/p>\n<p>Son plus gros d\u00e9fi \u00e9tait de prouver aux Am\u00e9ricains qu'il a l'\u00e9nergie pour cette campagne. Ce n'est pas ce qu\u2019il s'est pass\u00e9. Les d\u00e9mocrates passent en mode panique. Plusieurs, comme l'ancien conseiller de Barack Obama, Van Jones, appellent ouvertement \u00e0 changer de candidat avant la convention d\u00e9mocrate pr\u00e9vue cet \u00e9t\u00e9 : \u00ab\u00a0<em>Il nous reste du temps d'ici \u00e0 la convention, et il faut trouver une autre solution. Il faut qu'il nous permette de le faire parce que ce que nous avons vu de Joe Biden, ce n'est pas ce que nous voulons voir. C'\u00e9tait douloureux et nous sommes en panique ce soir.\u00a0<\/em>\u00bb<\/p>\n<p>Ce d\u00e9bat avait pourtant \u00e9t\u00e9 demand\u00e9 par la Maison Blanche. \u00ab<em>\u00a0N'\u00eates-vous pas inqui\u00e8te\u00a0?\u00a0<\/em>\u00bb, demande un journaliste de CNN \u00e0 la vice-pr\u00e9sidente des \u00c9tats-Unis apr\u00e8s ce d\u00e9bat, \u00c7a a commenc\u00e9 lentement, avoue\u00a0Kamala\u00a0Harris, elle qui sera charg\u00e9e de remplacer Joe Biden en cas d'incapacit\u00e9. Mais Kamala Harris est encore plus impopulaire que lui dans les sondages.<\/p>\n<p>Les deux candidats \u00e0 la pr\u00e9sidentielle am\u00e9ricaine ont ferraill\u00e9 sur l'inflation, l'immigration, le droit \u00e0 l'avortement ou l'Ukraine pendant ce premier d\u00e9bat.<\/p>\n<h2>\u2022 Inflation<\/h2>\n<p>Le d\u00e9bat a d\u00e9but\u00e9 sur la question du co\u00fbt de la vie. \u00ab<em>\u00a0L'inflation est en train de tuer ce pays<\/em>\u00a0\u00bb, a dit le r\u00e9publicain de 78 ans, qui a assur\u00e9 que sous son mandat, l'Am\u00e9rique \u00e9tait \u00ab\u00a0<em>la plus grande \u00e9conomie du monde<\/em>\u00a0\u00bb. \u00ab<em>\u00a0Nous avions la meilleure \u00e9conomie de l\u2019histoire de notre pays. Et nous n\u2019avions jamais eu autant de succ\u00e8s, le monde entier \u00e9tait \u00e9merveill\u00e9.\u00a0<\/em>\u00bb<\/p>\n<p>Joe Biden a reconnu que l'inflation avait fait monter les prix consid\u00e9rablement plus haut qu'au d\u00e9but de son mandat, mais a d\u00e9clar\u00e9 qu'il m\u00e9ritait le m\u00e9rite d'avoir remis \u00ab<em>\u00a0les choses en place<\/em>\u00a0\u00bb apr\u00e8s la pand\u00e9mie de Covid-19. Le d\u00e9mocrate de 81 ans a r\u00e9pliqu\u00e9 qu'au contraire la conjoncture \u00ab<em>\u00a0\u00e9tait en chute libre<\/em>\u00a0\u00bb quand il a pris les r\u00eanes du pays, et a vant\u00e9 son bilan, en termes d'emploi et de r\u00e9formes sociales. Le pr\u00e9sident Biden a ajout\u00e9 qu\u2019il souhaite\u00a0<em>\u00ab\u00a0r\u00e9parer le syst\u00e8me des imp\u00f4ts\u00a0\u00bb<\/em>\u00a0en augmentant ceux des plus riches.<\/p>\n<h2>\u2022 Droit \u00e0 l'avortement<\/h2>\n<p>Le pr\u00e9sident am\u00e9ricain Joe Biden a reproch\u00e9 \u00e0 Donald Trump son action \u00ab\u00a0<em>terrible<\/em>\u00a0\u00bb contre le droit \u00e0 l'avortement en nommant des conservateurs \u00e0 la Cour supr\u00eame des \u00c9tats-Unis. \u00ab<em>\u00a0C'est une chose terrible ce que vous avez fait [...]. Et il s\u2019attribue le m\u00e9rite de l\u2019avoir supprim\u00e9e\u00a0!<\/em>\u00a0\u00bb, a lanc\u00e9 le dirigeant d\u00e9mocrate \u00e0 son adversaire r\u00e9publicain durant leur face-\u00e0-face.<\/p>\n<p>Donald Trump a r\u00e9torqu\u00e9 que Joe Biden soutiendrait des avortements sans limitation et a d\u00e9clar\u00e9 que renvoyer la question aux \u00c9tats \u00e9tait la bonne ligne de conduite. Joe Biden attaque la position de Donald Trump : \u00ab\u00a0<em>Cela revient un peu \u00e0 dire que nous allons rendre<\/em>\u00a0<em>la question des droits civiques aux \u00c9tats, et que chaque \u00c9tat aura une r\u00e8gle diff\u00e9rente.<\/em>\u00a0\u00bb<\/p>\n<h2>\u2022 Immigration<\/h2>\n<p>Trump a d\u00e9clar\u00e9 que Biden n\u2019avait pas r\u00e9ussi \u00e0 s\u00e9curiser la fronti\u00e8re sud des \u00c9tats-Unis, ouvrant la voie \u00e0 de nombreux criminels. \u00ab<em>\u00a0J'appelle cela le crime des migrants de Biden<\/em>, a-t-il d\u00e9clar\u00e9.<em>\u00a0Nous avions la fronti\u00e8re la plus s\u00fbre de l\u2019histoire de notre pays. Tout ce qu\u2019il avait \u00e0 faire, c\u2019\u00e9tait de laisser les choses comme \u00e7a. Il a d\u00e9cid\u00e9 d\u2019ouvrir notre fronti\u00e8re, d\u2019ouvrir notre pays aux personnes qui viennent des prisons, des personnes qui viennent des \u00e9tablissements psychiatriques, des asiles d\u2019ali\u00e9n\u00e9s, des terroristes.<\/em>\u00a0\u00bb<\/p>\n<p>Joe Biden r\u00e9pondu que Donald Trump exag\u00e9rait et mentait sur la crise migratoire aux \u00c9tats-Unis, lors de leur premier d\u00e9bat \u00e0 Atlanta. \u00ab<em>\u00a0Il n'y a pas de donn\u00e9es pour soutenir ce qu'il dit<\/em>\u00a0\u00bb, a d\u00e9clar\u00e9 Joe Biden, alors que l'immigration est l'un des principaux sujets de cette campagne pr\u00e9sidentielle. \u00ab\u00a0<em>Encore une fois, il exag\u00e8re, il ment.\u00a0<\/em>\u00bb<\/p>\n<h2>\u2022 Guerre en Ukraine<\/h2>\n<p>Joe Biden a accus\u00e9 Donald Trump d\u2019avoir dit \u00e0 Vladimir Poutine lorsqu\u2019il \u00e9tait \u00e0 la Maison Blanche\u00a0:<em>\u00a0\u00ab Faites ce que vous voulez, ce que vous voulez\u00a0\u00bb,\u00a0<\/em>et d\u2019avoir permis ainsi l\u2019invasion de l\u2019Ukraine.<\/p>\n<p>La guerre en Ukraine n'aurait jamais eu lieu si les \u00c9tats-Unis avaient un \u00ab\u00a0<em>leader\u00a0<\/em>\u00bb, s'est d\u00e9fendu Donald Trump au pr\u00e9sident Joe Biden. Le candidat r\u00e9publicain s'est montr\u00e9 tr\u00e8s critique des milliards de dollars d\u00e9pens\u00e9s par les \u00c9tats-Unis pour soutenir Kiev dans sa guerre contre Moscou. En r\u00e9ponse, Joe Biden affirme : \u00ab\u00a0<em>Tout l\u2019argent que nous donnons \u00e0 l\u2019Ukraine, ce sont des armes que nous fabriquons ici aux \u00c9tats-Unis, nous lui donnons des armes, pas de l\u2019argent.<\/em>\u00a0\u00bb<\/p>\n<h2>\u2022 Donald Trump refuse de reconna\u00eetre sans conditions le r\u00e9sultat de la pr\u00e9sidentielle<\/h2>\n<p>Donald Trump a refus\u00e9 jeudi de s'engager \u00e0 reconna\u00eetre le r\u00e9sultat de la pr\u00e9sidentielle am\u00e9ricaine de novembre sans conditions. \u00c0 la question de savoir s'il reconna\u00eetrait le r\u00e9sultat de son duel avec Joe Biden, le candidat r\u00e9publicain a esquiv\u00e9, r\u00e9pondant\u00a0: \u00ab<em>\u00a0Si les \u00e9lections sont justes et \u00e9quitables, absolument.\u00a0J\u2019aurais de loin pr\u00e9f\u00e9r\u00e9 accepter [les derni\u00e8res]. Mais la fraude et tout le reste \u00e9tait ridicules<\/em>. \u00bb<\/p>\n<h2>\u2022 Invectives en tout genre<\/h2>\n<p>\u00ab<em>\u00a0C'est vous le pauvre type, c'est vous le loser<\/em>\u00a0\u00bb a lanc\u00e9 tout d'abord Joe Biden jeudi \u00e0 Donald Trump. Il faisait r\u00e9f\u00e9rence \u00e0 des propos attribu\u00e9s \u00e0 l'ancien pr\u00e9sident r\u00e9publicain \u00e0 propos de soldats am\u00e9ricains morts au combat, que Donald Trump aurait qualifi\u00e9s de \u00ab<em>\u00a0pauvres types<\/em>\u00a0\u00bb et de \u00ab\u00a0<em>losers\u00a0<\/em>\u00bb, ce dont le milliardaire s'est d\u00e9fendu jeudi, assurant qu'il s'agissait d'une citation \u00ab<em>\u00a0invent\u00e9e<\/em>\u00a0\u00bb.<\/p>\n<p>Le pr\u00e9sident Joe Biden a qualifi\u00e9 ensuite son adversaire r\u00e9publicain Donald Trump de \u00ab<em>\u00a0repris de justice<\/em>\u00a0\u00bb, en r\u00e9f\u00e9rence \u00e0 sa r\u00e9cente condamnation p\u00e9nale \u00e0 New York. \u00ab<em>\u00a0La seule personne qui soit un repris de justice, c'est l'homme que je suis en train de regarder sur sc\u00e8ne maintenant<\/em>\u00a0\u00bb, a lanc\u00e9 le dirigeant d\u00e9mocrate au bout de 44 minutes de d\u00e9bat. En r\u00e9ponse, Donald Trump a \u00e9voqu\u00e9 la r\u00e9cente condamnation de Hunter Biden, fils du pr\u00e9sident d\u00e9mocrate, pour avoir menti sur sa consommation de crack pour acheter une arme \u00e0 feu.<\/p>\n<p>Le pr\u00e9sident d\u00e9mocrate Joe Biden a plus tard de nouveau invectiv\u00e9 son rival r\u00e9publicain Donald Trump en l'accusant de n'avoir aucune morale, le traitant \u00e0 plusieurs reprises de \u00ab\u00a0<em>pleurnichard\u00a0<\/em>\u00bb.<\/p>\n<p>Donald Trump s'est attaqu\u00e9 plusieurs fois aux capacit\u00e9s intellectuelles et cognitives de Joe Biden\u00a0: \u00ab<em>\u00a0Je ne sais m\u00eame pas pourquoi nous avons ce d\u00e9bat. Cet homme n\u2019est pas en capacit\u00e9 de gouverner, je le sais, vous le savez\u00a0<\/em>\u00bb. Donald Trump a aussi mis au d\u00e9fi Joe Biden de passer un \u00ab<em>\u00a0test cognitif<\/em>\u00a0\u00bb. \u00ab<em>\u00a0J'ai pass\u00e9 deux tests, des tests cognitifs. Je les ai pass\u00e9s haut la main [...]. Il [Joe Biden] n'en a pass\u00e9 aucun. J'aimerais le voir en passer un, juste un, un tr\u00e8s facile<\/em>\u00a0\u00bb, a lanc\u00e9 l'ex-pr\u00e9sident r\u00e9publicain.<\/p>\n<p>&nbsp;<\/p>\n<p>&nbsp;<\/p>\n<div class='share-to-whatsapp-wrapper'><div class='share-on-whsp'>PARTAGER SUR : <\/div><a data-text='PRESIDENTIELLE AMERICAINE - Un premier d\u00e9bat tr\u00e8s tendu, Joe Biden en difficult\u00e9 face \u00e0 Donald Trump' data-link='https:\/\/www.nettali.com\/2024\/06\/28\/presidentielle-americaine-un-premier-debat-tres-tendu-joe-biden-en-difficulte-face-a-donald-trump\/' class='whatsapp-button whatsapp-share'>WhatsApp<\/a><div class='clear '><\/div><\/div>","protected":false},"excerpt":{"rendered":"<p>NETTALI.COM - Le pr\u00e9sident am\u00e9ricain Joe Biden et son pr\u00e9d\u00e9cesseur r\u00e9publicain Donald Trump ont d\u00e9battu ce jeudi dans une atmosph\u00e8re tendue o\u00f9 les invectives se sont encha\u00een\u00e9es. Durant les 90 minutes de d\u00e9bat t\u00e9l\u00e9vis\u00e9, la voix de\u00a0Joe Biden\u00a0\u00e9tait \u00e0 peine audible. Ces mouvements lents et son regard absent. Le pr\u00e9sident am\u00e9ricain a plusieurs fois b\u00e9gay\u00e9. [&hellip;]<\/p>\n","protected":false},"author":4,"featured_media":135936,"comment_status":"open","ping_status":"open","sticky":false,"template":"","format":"standard","meta":{"_et_pb_use_builder":"","_et_pb_old_content":""},"categories":[8],"tags":[],"yoast_head":"<!-- This site is optimized with the Yoast SEO Premium plugin v17.8 (Yoast SEO v17.8) - https:\/\/yoast.com\/wordpress\/plugins\/seo\/ -->\n<title>PRESIDENTIELLE AMERICAINE - Un premier d\u00e9bat tr\u00e8s tendu, Joe Biden en difficult\u00e9 face \u00e0 Donald Trump | Nettali.com<\/title>\n<meta name=\"robots\" content=\"index, follow, max-snippet:-1, max-image-preview:large, max-video-preview:-1\" \/>\n<link rel=\"canonical\" href=\"https:\/\/www.nettali.com\/2024\/06\/28\/presidentielle-americaine-un-premier-debat-tres-tendu-joe-biden-en-difficulte-face-a-donald-trump\/\" \/>\n<meta property=\"og:locale\" content=\"fr_FR\" \/>\n<meta property=\"og:type\" content=\"article\" \/>\n<meta property=\"og:title\" content=\"PRESIDENTIELLE AMERICAINE - Un premier d\u00e9bat tr\u00e8s tendu, Joe Biden en difficult\u00e9 face \u00e0 Donald Trump\" \/>\n<meta property=\"og:description\" content=\"NETTALI.COM - Le pr\u00e9sident am\u00e9ricain Joe Biden et son pr\u00e9d\u00e9cesseur r\u00e9publicain Donald Trump ont d\u00e9battu ce jeudi dans une atmosph\u00e8re tendue o\u00f9 les invectives se sont encha\u00een\u00e9es. Durant les 90 minutes de d\u00e9bat t\u00e9l\u00e9vis\u00e9, la voix de\u00a0Joe Biden\u00a0\u00e9tait \u00e0 peine audible. Ces mouvements lents et son regard absent. Le pr\u00e9sident am\u00e9ricain a plusieurs fois b\u00e9gay\u00e9. [&hellip;]\" \/>\n<meta property=\"og:url\" content=\"https:\/\/www.nettali.com\/2024\/06\/28\/presidentielle-americaine-un-premier-debat-tres-tendu-joe-biden-en-difficulte-face-a-donald-trump\/\" \/>\n<meta property=\"og:site_name\" content=\"Nettali.com\" \/>\n<meta property=\"article:publisher\" content=\"https:\/\/www.facebook.com\/nettalicom\" \/>\n<meta property=\"article:published_time\" content=\"2024-06-28T09:01:03+00:00\" \/>\n<meta property=\"article:modified_time\" content=\"2024-06-28T16:38:44+00:00\" \/>\n<meta property=\"og:image\" content=\"https:\/\/www.nettali.com\/wp-content\/uploads\/2024\/06\/Capture-de\u0301cran-2024-06-28-a\u0300-08.56.31.png\" \/>\n\t<meta property=\"og:image:width\" content=\"953\" \/>\n\t<meta property=\"og:image:height\" content=\"517\" \/>\n<meta name=\"twitter:card\" content=\"summary_large_image\" \/>\n<meta name=\"twitter:label1\" content=\"\u00c9crit par\" \/>\n\t<meta name=\"twitter:data1\" content=\"Daouda\" \/>\n\t<meta name=\"twitter:label2\" content=\"Dur\u00e9e de lecture estim\u00e9e\" \/>\n\t<meta name=\"twitter:data2\" content=\"7 minutes\" \/>\n<script type=\"application\/ld+json\" class=\"yoast-schema-graph\">{\"@context\":\"https:\/\/schema.org\",\"@graph\":[{\"@type\":\"WebSite\",\"@id\":\"https:\/\/www.nettali.com\/#website\",\"url\":\"https:\/\/www.nettali.com\/\",\"name\":\"Nettali.com\",\"description\":\"Le rendez-vous critique du Net\",\"potentialAction\":[{\"@type\":\"SearchAction\",\"target\":{\"@type\":\"EntryPoint\",\"urlTemplate\":\"https:\/\/www.nettali.com\/?s={search_term_string}\"},\"query-input\":\"required name=search_term_string\"}],\"inLanguage\":\"fr-FR\"},{\"@type\":\"ImageObject\",\"@id\":\"https:\/\/www.nettali.com\/2024\/06\/28\/presidentielle-americaine-un-premier-debat-tres-tendu-joe-biden-en-difficulte-face-a-donald-trump\/#primaryimage\",\"inLanguage\":\"fr-FR\",\"url\":\"https:\/\/www.nettali.com\/wp-content\/uploads\/2024\/06\/Capture-de\\u0301cran-2024-06-28-a\\u0300-08.56.31.png\",\"contentUrl\":\"https:\/\/www.nettali.com\/wp-content\/uploads\/2024\/06\/Capture-de\\u0301cran-2024-06-28-a\\u0300-08.56.31.png\",\"width\":953,\"height\":517},{\"@type\":\"WebPage\",\"@id\":\"https:\/\/www.nettali.com\/2024\/06\/28\/presidentielle-americaine-un-premier-debat-tres-tendu-joe-biden-en-difficulte-face-a-donald-trump\/#webpage\",\"url\":\"https:\/\/www.nettali.com\/2024\/06\/28\/presidentielle-americaine-un-premier-debat-tres-tendu-joe-biden-en-difficulte-face-a-donald-trump\/\",\"name\":\"PRESIDENTIELLE AMERICAINE - Un premier d\\u00e9bat tr\\u00e8s tendu, Joe Biden en difficult\\u00e9 face \\u00e0 Donald Trump | Nettali.com\",\"isPartOf\":{\"@id\":\"https:\/\/www.nettali.com\/#website\"},\"primaryImageOfPage\":{\"@id\":\"https:\/\/www.nettali.com\/2024\/06\/28\/presidentielle-americaine-un-premier-debat-tres-tendu-joe-biden-en-difficulte-face-a-donald-trump\/#primaryimage\"},\"datePublished\":\"2024-06-28T09:01:03+00:00\",\"dateModified\":\"2024-06-28T16:38:44+00:00\",\"author\":{\"@id\":\"https:\/\/www.nettali.com\/#\/schema\/person\/3317e0bb3aa1da309fbf7b2780901bf4\"},\"breadcrumb\":{\"@id\":\"https:\/\/www.nettali.com\/2024\/06\/28\/presidentielle-americaine-un-premier-debat-tres-tendu-joe-biden-en-difficulte-face-a-donald-trump\/#breadcrumb\"},\"inLanguage\":\"fr-FR\",\"potentialAction\":[{\"@type\":\"ReadAction\",\"target\":[\"https:\/\/www.nettali.com\/2024\/06\/28\/presidentielle-americaine-un-premier-debat-tres-tendu-joe-biden-en-difficulte-face-a-donald-trump\/\"]}]},{\"@type\":\"BreadcrumbList\",\"@id\":\"https:\/\/www.nettali.com\/2024\/06\/28\/presidentielle-americaine-un-premier-debat-tres-tendu-joe-biden-en-difficulte-face-a-donald-trump\/#breadcrumb\",\"itemListElement\":[{\"@type\":\"ListItem\",\"position\":1,\"name\":\"Accueil\",\"item\":\"https:\/\/www.nettali.com\/\"},{\"@type\":\"ListItem\",\"position\":2,\"name\":\"PRESIDENTIELLE AMERICAINE - Un premier d\\u00e9bat tr\\u00e8s tendu, Joe Biden en difficult\\u00e9 face \\u00e0 Donald Trump\"}]},{\"@type\":\"Person\",\"@id\":\"https:\/\/www.nettali.com\/#\/schema\/person\/3317e0bb3aa1da309fbf7b2780901bf4\",\"name\":\"Daouda\",\"image\":{\"@type\":\"ImageObject\",\"@id\":\"https:\/\/www.nettali.com\/#personlogo\",\"inLanguage\":\"fr-FR\",\"url\":\"https:\/\/secure.gravatar.com\/avatar\/8d143b5a49345098ddcfee1c49c2f47c?s=96&d=mm&r=g\",\"contentUrl\":\"https:\/\/secure.gravatar.com\/avatar\/8d143b5a49345098ddcfee1c49c2f47c?s=96&d=mm&r=g\",\"caption\":\"Daouda\"},\"sameAs\":[\"https:\/\/www.nettali.com\"]}]}<\/script>\n<!-- \/ Yoast SEO Premium plugin. -->","yoast_head_json":{"title":"PRESIDENTIELLE AMERICAINE - Un premier d\u00e9bat tr\u00e8s tendu, Joe Biden en difficult\u00e9 face \u00e0 Donald Trump | Nettali.com","robots":{"index":"index","follow":"follow","max-snippet":"max-snippet:-1","max-image-preview":"max-image-preview:large","max-video-preview":"max-video-preview:-1"},"canonical":"https:\/\/www.nettali.com\/2024\/06\/28\/presidentielle-americaine-un-premier-debat-tres-tendu-joe-biden-en-difficulte-face-a-donald-trump\/","og_locale":"fr_FR","og_type":"article","og_title":"PRESIDENTIELLE AMERICAINE - Un premier d\u00e9bat tr\u00e8s tendu, Joe Biden en difficult\u00e9 face \u00e0 Donald Trump","og_description":"NETTALI.COM - Le pr\u00e9sident am\u00e9ricain Joe Biden et son pr\u00e9d\u00e9cesseur r\u00e9publicain Donald Trump ont d\u00e9battu ce jeudi dans une atmosph\u00e8re tendue o\u00f9 les invectives se sont encha\u00een\u00e9es. Durant les 90 minutes de d\u00e9bat t\u00e9l\u00e9vis\u00e9, la voix de\u00a0Joe Biden\u00a0\u00e9tait \u00e0 peine audible. Ces mouvements lents et son regard absent. Le pr\u00e9sident am\u00e9ricain a plusieurs fois b\u00e9gay\u00e9. [&hellip;]","og_url":"https:\/\/www.nettali.com\/2024\/06\/28\/presidentielle-americaine-un-premier-debat-tres-tendu-joe-biden-en-difficulte-face-a-donald-trump\/","og_site_name":"Nettali.com","article_publisher":"https:\/\/www.facebook.com\/nettalicom","article_published_time":"2024-06-28T09:01:03+00:00","article_modified_time":"2024-06-28T16:38:44+00:00","og_image":[{"width":953,"height":517,"url":"https:\/\/www.nettali.com\/wp-content\/uploads\/2024\/06\/Capture-de\u0301cran-2024-06-28-a\u0300-08.56.31.png","type":"image\/png"}],"twitter_card":"summary_large_image","twitter_misc":{"\u00c9crit par":"Daouda","Dur\u00e9e de lecture estim\u00e9e":"7 minutes"},"schema":{"@context":"https:\/\/schema.org","@graph":[{"@type":"WebSite","@id":"https:\/\/www.nettali.com\/#website","url":"https:\/\/www.nettali.com\/","name":"Nettali.com","description":"Le rendez-vous critique du Net","potentialAction":[{"@type":"SearchAction","target":{"@type":"EntryPoint","urlTemplate":"https:\/\/www.nettali.com\/?s={search_term_string}"},"query-input":"required name=search_term_string"}],"inLanguage":"fr-FR"},{"@type":"ImageObject","@id":"https:\/\/www.nettali.com\/2024\/06\/28\/presidentielle-americaine-un-premier-debat-tres-tendu-joe-biden-en-difficulte-face-a-donald-trump\/#primaryimage","inLanguage":"fr-FR","url":"https:\/\/www.nettali.com\/wp-content\/uploads\/2024\/06\/Capture-de\u0301cran-2024-06-28-a\u0300-08.56.31.png","contentUrl":"https:\/\/www.nettali.com\/wp-content\/uploads\/2024\/06\/Capture-de\u0301cran-2024-06-28-a\u0300-08.56.31.png","width":953,"height":517},{"@type":"WebPage","@id":"https:\/\/www.nettali.com\/2024\/06\/28\/presidentielle-americaine-un-premier-debat-tres-tendu-joe-biden-en-difficulte-face-a-donald-trump\/#webpage","url":"https:\/\/www.nettali.com\/2024\/06\/28\/presidentielle-americaine-un-premier-debat-tres-tendu-joe-biden-en-difficulte-face-a-donald-trump\/","name":"PRESIDENTIELLE AMERICAINE - Un premier d\u00e9bat tr\u00e8s tendu, Joe Biden en difficult\u00e9 face \u00e0 Donald Trump | Nettali.com","isPartOf":{"@id":"https:\/\/www.nettali.com\/#website"},"primaryImageOfPage":{"@id":"https:\/\/www.nettali.com\/2024\/06\/28\/presidentielle-americaine-un-premier-debat-tres-tendu-joe-biden-en-difficulte-face-a-donald-trump\/#primaryimage"},"datePublished":"2024-06-28T09:01:03+00:00","dateModified":"2024-06-28T16:38:44+00:00","author":{"@id":"https:\/\/www.nettali.com\/#\/schema\/person\/3317e0bb3aa1da309fbf7b2780901bf4"},"breadcrumb":{"@id":"https:\/\/www.nettali.com\/2024\/06\/28\/presidentielle-americaine-un-premier-debat-tres-tendu-joe-biden-en-difficulte-face-a-donald-trump\/#breadcrumb"},"inLanguage":"fr-FR","potentialAction":[{"@type":"ReadAction","target":["https:\/\/www.nettali.com\/2024\/06\/28\/presidentielle-americaine-un-premier-debat-tres-tendu-joe-biden-en-difficulte-face-a-donald-trump\/"]}]},{"@type":"BreadcrumbList","@id":"https:\/\/www.nettali.com\/2024\/06\/28\/presidentielle-americaine-un-premier-debat-tres-tendu-joe-biden-en-difficulte-face-a-donald-trump\/#breadcrumb","itemListElement":[{"@type":"ListItem","position":1,"name":"Accueil","item":"https:\/\/www.nettali.com\/"},{"@type":"ListItem","position":2,"name":"PRESIDENTIELLE AMERICAINE - Un premier d\u00e9bat tr\u00e8s tendu, Joe Biden en difficult\u00e9 face \u00e0 Donald Trump"}]},{"@type":"Person","@id":"https:\/\/www.nettali.com\/#\/schema\/person\/3317e0bb3aa1da309fbf7b2780901bf4","name":"Daouda","image":{"@type":"ImageObject","@id":"https:\/\/www.nettali.com\/#personlogo","inLanguage":"fr-FR","url":"https:\/\/secure.gravatar.com\/avatar\/8d143b5a49345098ddcfee1c49c2f47c?s=96&d=mm&r=g","contentUrl":"https:\/\/secure.gravatar.com\/avatar\/8d143b5a49345098ddcfee1c49c2f47c?s=96&d=mm&r=g","caption":"Daouda"},"sameAs":["https:\/\/www.nettali.com"]}]}},"_links":{"self":[{"href":"https:\/\/www.nettali.com\/rest\/wp\/v2\/posts\/135935"}],"collection":[{"href":"https:\/\/www.nettali.com\/rest\/wp\/v2\/posts"}],"about":[{"href":"https:\/\/www.nettali.com\/rest\/wp\/v2\/types\/post"}],"author":[{"embeddable":true,"href":"https:\/\/www.nettali.com\/rest\/wp\/v2\/users\/4"}],"replies":[{"embeddable":true,"href":"https:\/\/www.nettali.com\/rest\/wp\/v2\/comments?post=135935"}],"version-history":[{"count":3,"href":"https:\/\/www.nettali.com\/rest\/wp\/v2\/posts\/135935\/revisions"}],"predecessor-version":[{"id":135966,"href":"https:\/\/www.nettali.com\/rest\/wp\/v2\/posts\/135935\/revisions\/135966"}],"wp:featuredmedia":[{"embeddable":true,"href":"https:\/\/www.nettali.com\/rest\/wp\/v2\/media\/135936"}],"wp:attachment":[{"href":"https:\/\/www.nettali.com\/rest\/wp\/v2\/media?parent=135935"}],"wp:term":[{"taxonomy":"category","embeddable":true,"href":"https:\/\/www.nettali.com\/rest\/wp\/v2\/categories?post=135935"},{"taxonomy":"post_tag","embeddable":true,"href":"https:\/\/www.nettali.com\/rest\/wp\/v2\/tags?post=135935"}],"curies":[{"name":"wp","href":"https:\/\/api.w.org\/{rel}","templated":true}]}}