{"id":135796,"date":"2024-06-26T13:31:48","date_gmt":"2024-06-26T13:31:48","guid":{"rendered":"https:\/\/www.nettali.com\/?p=135796"},"modified":"2024-06-26T13:31:48","modified_gmt":"2024-06-26T13:31:48","slug":"protestation-contre-le-regime-militaire-au-burkina-les-precisions-du-ministre-senegalais-des-affaires-etrangeres","status":"publish","type":"post","link":"https:\/\/www.nettali.com\/2024\/06\/26\/protestation-contre-le-regime-militaire-au-burkina-les-precisions-du-ministre-senegalais-des-affaires-etrangeres\/","title":{"rendered":"PROTESTATION CONTRE LE R\u00c9GIME MILITAIRE AU BURKINA -Les pr\u00e9cisions du ministre s\u00e9n\u00e9galais des Affaires \u00e9trang\u00e8res"},"content":{"rendered":"<p><strong>NETTALI.COM- La pol\u00e9mique suscit\u00e9e par le sit-in organis\u00e9 ce mardi par la Coordination nationale des Associations de la Veille Citoyenne du Burkina Faso devant l'Ambassade du S\u00e9n\u00e9gal au Burkina Faso a suscit\u00e9 la r\u00e9action du minist\u00e8re des Affaires \u00e9trang\u00e8res.<\/strong><\/p>\n<p>La Coordination nationale des associations de la Veille Citoyenne du Burkina Faso a organis\u00e9 ce mardi, 25 juin 2024, un sit-in pacifique devant l'Ambassade du S\u00e9n\u00e9gal au Burkina Faso. Cette manifestation a suscit\u00e9 une pol\u00e9mique puisque le S\u00e9n\u00e9gal est accus\u00e9 d'ing\u00e9rence. Une accusation balay\u00e9e d'un revers de main par le minist\u00e8re s\u00e9n\u00e9galais des Affaires \u00e9trang\u00e8res.<\/p>\n<p>\u00ab <em>Suite \u00e0 la manifestation organis\u00e9e par la Coalition S\u00e9n\u00e9galaise des D\u00e9fenseurs des Droits Humains (COSEDDH) et Amnesty International, le 21 juin 2024 \u00e0 Dakar, le minist\u00e8re des Affaires \u00e9trang\u00e8res, de la Coop\u00e9ration r\u00e9gionale et des Burkinab\u00e9s de l\u2019ext\u00e9rieur a exprim\u00e9 son regret face \u00e0 cette manifestation sans aucunement reprocher au S\u00e9n\u00e9gal une quelconque forme d\u2019ing\u00e9rence<\/em> \u00bb, a rappel\u00e9 la ministre Yacine Fall. Non sans pr\u00e9ciser que \u00ab<em> les organisateurs voulaient remettre \u00e0 l\u2019Ambassadeur une copie de la lettre de protestation que son pr\u00e9sident Monsieur Djibril Sawadogo a adress\u00e9e au Coordonnateur d\u2019Amnesty International Burkina<\/em> \u00bb.<\/p>\n<p>Par cons\u00e9quent, pr\u00e9cise la cheffe de la diplomatie s\u00e9n\u00e9galaise, \u00ab c<em>ontrairement \u00e0 des rumeurs qui circulent, ni le personnel diplomatique, ni les locaux de l\u2019Ambassade n\u2019ont fait l\u2019objet d\u2019une quelconque menace de m\u00eame que les citoyens s\u00e9n\u00e9galais r\u00e9sidant au Burkina Faso, qui continuent de vaquer \u00e0 leurs occupations\". \"Le gouvernement s\u00e9n\u00e9galais r\u00e9affirme sa solidarit\u00e9 et salue les efforts du gouvernement burkinab\u00e9 dans sa lutte r\u00e9solue contre le terrorisme et ses efforts pour la restauration de l\u2019int\u00e9grit\u00e9 territoriale<\/em> \u00bb, conclut-elle.<\/p>\n<div class='share-to-whatsapp-wrapper'><div class='share-on-whsp'>PARTAGER SUR : <\/div><a data-text='PROTESTATION CONTRE LE R\u00c9GIME MILITAIRE AU BURKINA -Les pr\u00e9cisions du ministre s\u00e9n\u00e9galais des Affaires \u00e9trang\u00e8res' data-link='https:\/\/www.nettali.com\/2024\/06\/26\/protestation-contre-le-regime-militaire-au-burkina-les-precisions-du-ministre-senegalais-des-affaires-etrangeres\/' class='whatsapp-button whatsapp-share'>WhatsApp<\/a><div class='clear '><\/div><\/div>","protected":false},"excerpt":{"rendered":"<p>NETTALI.COM- La pol\u00e9mique suscit\u00e9e par le sit-in organis\u00e9 ce mardi par la Coordination nationale des Associations de la Veille Citoyenne du Burkina Faso devant l'Ambassade du S\u00e9n\u00e9gal au Burkina Faso a suscit\u00e9 la r\u00e9action du minist\u00e8re des Affaires \u00e9trang\u00e8res. La Coordination nationale des associations de la Veille Citoyenne du Burkina Faso a organis\u00e9 ce mardi, [&hellip;]<\/p>\n","protected":false},"author":6,"featured_media":131362,"comment_status":"open","ping_status":"open","sticky":false,"template":"","format":"standard","meta":{"_et_pb_use_builder":"","_et_pb_old_content":""},"categories":[2],"tags":[],"yoast_head":"<!-- This site is optimized with the Yoast SEO Premium plugin v17.8 (Yoast SEO v17.8) - https:\/\/yoast.com\/wordpress\/plugins\/seo\/ -->\n<title>PROTESTATION CONTRE LE R\u00c9GIME MILITAIRE AU BURKINA -Les pr\u00e9cisions du ministre s\u00e9n\u00e9galais des Affaires \u00e9trang\u00e8res | Nettali.com<\/title>\n<meta name=\"robots\" content=\"index, follow, max-snippet:-1, max-image-preview:large, max-video-preview:-1\" \/>\n<link rel=\"canonical\" href=\"https:\/\/www.nettali.com\/2024\/06\/26\/protestation-contre-le-regime-militaire-au-burkina-les-precisions-du-ministre-senegalais-des-affaires-etrangeres\/\" \/>\n<meta property=\"og:locale\" content=\"fr_FR\" \/>\n<meta property=\"og:type\" content=\"article\" \/>\n<meta property=\"og:title\" content=\"PROTESTATION CONTRE LE R\u00c9GIME MILITAIRE AU BURKINA -Les pr\u00e9cisions du ministre s\u00e9n\u00e9galais des Affaires \u00e9trang\u00e8res\" \/>\n<meta property=\"og:description\" content=\"NETTALI.COM- La pol\u00e9mique suscit\u00e9e par le sit-in organis\u00e9 ce mardi par la Coordination nationale des Associations de la Veille Citoyenne du Burkina Faso devant l&#039;Ambassade du S\u00e9n\u00e9gal au Burkina Faso a suscit\u00e9 la r\u00e9action du minist\u00e8re des Affaires \u00e9trang\u00e8res. La Coordination nationale des associations de la Veille Citoyenne du Burkina Faso a organis\u00e9 ce mardi, [&hellip;]\" \/>\n<meta property=\"og:url\" content=\"https:\/\/www.nettali.com\/2024\/06\/26\/protestation-contre-le-regime-militaire-au-burkina-les-precisions-du-ministre-senegalais-des-affaires-etrangeres\/\" \/>\n<meta property=\"og:site_name\" content=\"Nettali.com\" \/>\n<meta property=\"article:publisher\" content=\"https:\/\/www.facebook.com\/nettalicom\" \/>\n<meta property=\"article:published_time\" content=\"2024-06-26T13:31:48+00:00\" \/>\n<meta property=\"og:image\" content=\"https:\/\/www.nettali.com\/wp-content\/uploads\/2024\/04\/Yacine-Fall.png\" \/>\n\t<meta property=\"og:image:width\" content=\"670\" \/>\n\t<meta property=\"og:image:height\" content=\"375\" \/>\n<meta name=\"twitter:card\" content=\"summary_large_image\" \/>\n<meta name=\"twitter:label1\" content=\"\u00c9crit par\" \/>\n\t<meta name=\"twitter:data1\" content=\"Fatou\" \/>\n\t<meta name=\"twitter:label2\" content=\"Dur\u00e9e de lecture estim\u00e9e\" \/>\n\t<meta name=\"twitter:data2\" content=\"2 minutes\" \/>\n<script type=\"application\/ld+json\" class=\"yoast-schema-graph\">{\"@context\":\"https:\/\/schema.org\",\"@graph\":[{\"@type\":\"WebSite\",\"@id\":\"https:\/\/www.nettali.com\/#website\",\"url\":\"https:\/\/www.nettali.com\/\",\"name\":\"Nettali.com\",\"description\":\"Le rendez-vous critique du Net\",\"potentialAction\":[{\"@type\":\"SearchAction\",\"target\":{\"@type\":\"EntryPoint\",\"urlTemplate\":\"https:\/\/www.nettali.com\/?s={search_term_string}\"},\"query-input\":\"required name=search_term_string\"}],\"inLanguage\":\"fr-FR\"},{\"@type\":\"ImageObject\",\"@id\":\"https:\/\/www.nettali.com\/2024\/06\/26\/protestation-contre-le-regime-militaire-au-burkina-les-precisions-du-ministre-senegalais-des-affaires-etrangeres\/#primaryimage\",\"inLanguage\":\"fr-FR\",\"url\":\"https:\/\/www.nettali.com\/wp-content\/uploads\/2024\/04\/Yacine-Fall.png\",\"contentUrl\":\"https:\/\/www.nettali.com\/wp-content\/uploads\/2024\/04\/Yacine-Fall.png\",\"width\":670,\"height\":375},{\"@type\":\"WebPage\",\"@id\":\"https:\/\/www.nettali.com\/2024\/06\/26\/protestation-contre-le-regime-militaire-au-burkina-les-precisions-du-ministre-senegalais-des-affaires-etrangeres\/#webpage\",\"url\":\"https:\/\/www.nettali.com\/2024\/06\/26\/protestation-contre-le-regime-militaire-au-burkina-les-precisions-du-ministre-senegalais-des-affaires-etrangeres\/\",\"name\":\"PROTESTATION CONTRE LE R\\u00c9GIME MILITAIRE AU BURKINA -Les pr\\u00e9cisions du ministre s\\u00e9n\\u00e9galais des Affaires \\u00e9trang\\u00e8res | Nettali.com\",\"isPartOf\":{\"@id\":\"https:\/\/www.nettali.com\/#website\"},\"primaryImageOfPage\":{\"@id\":\"https:\/\/www.nettali.com\/2024\/06\/26\/protestation-contre-le-regime-militaire-au-burkina-les-precisions-du-ministre-senegalais-des-affaires-etrangeres\/#primaryimage\"},\"datePublished\":\"2024-06-26T13:31:48+00:00\",\"dateModified\":\"2024-06-26T13:31:48+00:00\",\"author\":{\"@id\":\"https:\/\/www.nettali.com\/#\/schema\/person\/418274a86bdf87caff7a3ef476bd0bbf\"},\"breadcrumb\":{\"@id\":\"https:\/\/www.nettali.com\/2024\/06\/26\/protestation-contre-le-regime-militaire-au-burkina-les-precisions-du-ministre-senegalais-des-affaires-etrangeres\/#breadcrumb\"},\"inLanguage\":\"fr-FR\",\"potentialAction\":[{\"@type\":\"ReadAction\",\"target\":[\"https:\/\/www.nettali.com\/2024\/06\/26\/protestation-contre-le-regime-militaire-au-burkina-les-precisions-du-ministre-senegalais-des-affaires-etrangeres\/\"]}]},{\"@type\":\"BreadcrumbList\",\"@id\":\"https:\/\/www.nettali.com\/2024\/06\/26\/protestation-contre-le-regime-militaire-au-burkina-les-precisions-du-ministre-senegalais-des-affaires-etrangeres\/#breadcrumb\",\"itemListElement\":[{\"@type\":\"ListItem\",\"position\":1,\"name\":\"Accueil\",\"item\":\"https:\/\/www.nettali.com\/\"},{\"@type\":\"ListItem\",\"position\":2,\"name\":\"PROTESTATION CONTRE LE R\\u00c9GIME MILITAIRE AU BURKINA -Les pr\\u00e9cisions du ministre s\\u00e9n\\u00e9galais des Affaires \\u00e9trang\\u00e8res\"}]},{\"@type\":\"Person\",\"@id\":\"https:\/\/www.nettali.com\/#\/schema\/person\/418274a86bdf87caff7a3ef476bd0bbf\",\"name\":\"Fatou\",\"image\":{\"@type\":\"ImageObject\",\"@id\":\"https:\/\/www.nettali.com\/#personlogo\",\"inLanguage\":\"fr-FR\",\"url\":\"https:\/\/secure.gravatar.com\/avatar\/5a9442a2bee7b4dcf167cab035858e9a?s=96&d=mm&r=g\",\"contentUrl\":\"https:\/\/secure.gravatar.com\/avatar\/5a9442a2bee7b4dcf167cab035858e9a?s=96&d=mm&r=g\",\"caption\":\"Fatou\"},\"sameAs\":[\"https:\/\/www.nettali.com\"]}]}<\/script>\n<!-- \/ Yoast SEO Premium plugin. -->","yoast_head_json":{"title":"PROTESTATION CONTRE LE R\u00c9GIME MILITAIRE AU BURKINA -Les pr\u00e9cisions du ministre s\u00e9n\u00e9galais des Affaires \u00e9trang\u00e8res | Nettali.com","robots":{"index":"index","follow":"follow","max-snippet":"max-snippet:-1","max-image-preview":"max-image-preview:large","max-video-preview":"max-video-preview:-1"},"canonical":"https:\/\/www.nettali.com\/2024\/06\/26\/protestation-contre-le-regime-militaire-au-burkina-les-precisions-du-ministre-senegalais-des-affaires-etrangeres\/","og_locale":"fr_FR","og_type":"article","og_title":"PROTESTATION CONTRE LE R\u00c9GIME MILITAIRE AU BURKINA -Les pr\u00e9cisions du ministre s\u00e9n\u00e9galais des Affaires \u00e9trang\u00e8res","og_description":"NETTALI.COM- La pol\u00e9mique suscit\u00e9e par le sit-in organis\u00e9 ce mardi par la Coordination nationale des Associations de la Veille Citoyenne du Burkina Faso devant l'Ambassade du S\u00e9n\u00e9gal au Burkina Faso a suscit\u00e9 la r\u00e9action du minist\u00e8re des Affaires \u00e9trang\u00e8res. La Coordination nationale des associations de la Veille Citoyenne du Burkina Faso a organis\u00e9 ce mardi, [&hellip;]","og_url":"https:\/\/www.nettali.com\/2024\/06\/26\/protestation-contre-le-regime-militaire-au-burkina-les-precisions-du-ministre-senegalais-des-affaires-etrangeres\/","og_site_name":"Nettali.com","article_publisher":"https:\/\/www.facebook.com\/nettalicom","article_published_time":"2024-06-26T13:31:48+00:00","og_image":[{"width":670,"height":375,"url":"https:\/\/www.nettali.com\/wp-content\/uploads\/2024\/04\/Yacine-Fall.png","type":"image\/png"}],"twitter_card":"summary_large_image","twitter_misc":{"\u00c9crit par":"Fatou","Dur\u00e9e de lecture estim\u00e9e":"2 minutes"},"schema":{"@context":"https:\/\/schema.org","@graph":[{"@type":"WebSite","@id":"https:\/\/www.nettali.com\/#website","url":"https:\/\/www.nettali.com\/","name":"Nettali.com","description":"Le rendez-vous critique du Net","potentialAction":[{"@type":"SearchAction","target":{"@type":"EntryPoint","urlTemplate":"https:\/\/www.nettali.com\/?s={search_term_string}"},"query-input":"required name=search_term_string"}],"inLanguage":"fr-FR"},{"@type":"ImageObject","@id":"https:\/\/www.nettali.com\/2024\/06\/26\/protestation-contre-le-regime-militaire-au-burkina-les-precisions-du-ministre-senegalais-des-affaires-etrangeres\/#primaryimage","inLanguage":"fr-FR","url":"https:\/\/www.nettali.com\/wp-content\/uploads\/2024\/04\/Yacine-Fall.png","contentUrl":"https:\/\/www.nettali.com\/wp-content\/uploads\/2024\/04\/Yacine-Fall.png","width":670,"height":375},{"@type":"WebPage","@id":"https:\/\/www.nettali.com\/2024\/06\/26\/protestation-contre-le-regime-militaire-au-burkina-les-precisions-du-ministre-senegalais-des-affaires-etrangeres\/#webpage","url":"https:\/\/www.nettali.com\/2024\/06\/26\/protestation-contre-le-regime-militaire-au-burkina-les-precisions-du-ministre-senegalais-des-affaires-etrangeres\/","name":"PROTESTATION CONTRE LE R\u00c9GIME MILITAIRE AU BURKINA -Les pr\u00e9cisions du ministre s\u00e9n\u00e9galais des Affaires \u00e9trang\u00e8res | Nettali.com","isPartOf":{"@id":"https:\/\/www.nettali.com\/#website"},"primaryImageOfPage":{"@id":"https:\/\/www.nettali.com\/2024\/06\/26\/protestation-contre-le-regime-militaire-au-burkina-les-precisions-du-ministre-senegalais-des-affaires-etrangeres\/#primaryimage"},"datePublished":"2024-06-26T13:31:48+00:00","dateModified":"2024-06-26T13:31:48+00:00","author":{"@id":"https:\/\/www.nettali.com\/#\/schema\/person\/418274a86bdf87caff7a3ef476bd0bbf"},"breadcrumb":{"@id":"https:\/\/www.nettali.com\/2024\/06\/26\/protestation-contre-le-regime-militaire-au-burkina-les-precisions-du-ministre-senegalais-des-affaires-etrangeres\/#breadcrumb"},"inLanguage":"fr-FR","potentialAction":[{"@type":"ReadAction","target":["https:\/\/www.nettali.com\/2024\/06\/26\/protestation-contre-le-regime-militaire-au-burkina-les-precisions-du-ministre-senegalais-des-affaires-etrangeres\/"]}]},{"@type":"BreadcrumbList","@id":"https:\/\/www.nettali.com\/2024\/06\/26\/protestation-contre-le-regime-militaire-au-burkina-les-precisions-du-ministre-senegalais-des-affaires-etrangeres\/#breadcrumb","itemListElement":[{"@type":"ListItem","position":1,"name":"Accueil","item":"https:\/\/www.nettali.com\/"},{"@type":"ListItem","position":2,"name":"PROTESTATION CONTRE LE R\u00c9GIME MILITAIRE AU BURKINA -Les pr\u00e9cisions du ministre s\u00e9n\u00e9galais des Affaires \u00e9trang\u00e8res"}]},{"@type":"Person","@id":"https:\/\/www.nettali.com\/#\/schema\/person\/418274a86bdf87caff7a3ef476bd0bbf","name":"Fatou","image":{"@type":"ImageObject","@id":"https:\/\/www.nettali.com\/#personlogo","inLanguage":"fr-FR","url":"https:\/\/secure.gravatar.com\/avatar\/5a9442a2bee7b4dcf167cab035858e9a?s=96&d=mm&r=g","contentUrl":"https:\/\/secure.gravatar.com\/avatar\/5a9442a2bee7b4dcf167cab035858e9a?s=96&d=mm&r=g","caption":"Fatou"},"sameAs":["https:\/\/www.nettali.com"]}]}},"_links":{"self":[{"href":"https:\/\/www.nettali.com\/rest\/wp\/v2\/posts\/135796"}],"collection":[{"href":"https:\/\/www.nettali.com\/rest\/wp\/v2\/posts"}],"about":[{"href":"https:\/\/www.nettali.com\/rest\/wp\/v2\/types\/post"}],"author":[{"embeddable":true,"href":"https:\/\/www.nettali.com\/rest\/wp\/v2\/users\/6"}],"replies":[{"embeddable":true,"href":"https:\/\/www.nettali.com\/rest\/wp\/v2\/comments?post=135796"}],"version-history":[{"count":5,"href":"https:\/\/www.nettali.com\/rest\/wp\/v2\/posts\/135796\/revisions"}],"predecessor-version":[{"id":135801,"href":"https:\/\/www.nettali.com\/rest\/wp\/v2\/posts\/135796\/revisions\/135801"}],"wp:featuredmedia":[{"embeddable":true,"href":"https:\/\/www.nettali.com\/rest\/wp\/v2\/media\/131362"}],"wp:attachment":[{"href":"https:\/\/www.nettali.com\/rest\/wp\/v2\/media?parent=135796"}],"wp:term":[{"taxonomy":"category","embeddable":true,"href":"https:\/\/www.nettali.com\/rest\/wp\/v2\/categories?post=135796"},{"taxonomy":"post_tag","embeddable":true,"href":"https:\/\/www.nettali.com\/rest\/wp\/v2\/tags?post=135796"}],"curies":[{"name":"wp","href":"https:\/\/api.w.org\/{rel}","templated":true}]}}