{"id":135794,"date":"2024-06-26T10:07:25","date_gmt":"2024-06-26T10:07:25","guid":{"rendered":"https:\/\/www.nettali.com\/?p=135794"},"modified":"2024-06-28T08:33:20","modified_gmt":"2024-06-28T08:33:20","slug":"idiovisuel-dans-les-errements-du-systeme-carceral-senegalais","status":"publish","type":"post","link":"https:\/\/www.nettali.com\/2024\/06\/26\/idiovisuel-dans-les-errements-du-systeme-carceral-senegalais\/","title":{"rendered":"IDIOVISUEL - Dans les errements\u00a0du syst\u00e8me\u00a0carc\u00e9ral \u00a0s\u00e9n\u00e9galais"},"content":{"rendered":"<p><strong>NETTALI.COM - La mutinerie du mercredi 19 juin au Camp p\u00e9nal de Libert\u00e9 6, est venue nous rappeler que tout ne tourne pas rond dans notre syst\u00e8me carc\u00e9ral. Une situation qui n\u2019est d\u2019ailleurs pas une premi\u00e8re, puisque cette prison a connu une mutinerie, deux ans auparavant, sans compter les incessantes \u00e9vasions not\u00e9es.<\/strong><\/p>\n<p>La prison de\u00a0Rebeuss\u00a0a\u00a0eu sa part\u00a0de mutineries et d\u2019\u00e9vasions\u00a0avec les plus connues,\u00a0notamment celles\u00a0orchestr\u00e9es\u00a0par\u00a0la bande tristement c\u00e9l\u00e8bre d\u2019Alex et Ino\u00a0en 1999 et 2001. Des \u00e9vasions\u00a0r\u00e9currentes, il y en a\u00a0\u00e9galement\u00a0eues avec\u00a0le c\u00e9l\u00e8bre Modou Fall, alias Boy Djin\u00e9, que d\u2019aucuns ont, \u00e0 un moment donn\u00e9, pens\u00e9 \u00eatre dot\u00e9 de pouvoirs mystiques. D\u2019o\u00f9 son surnom d\u2019ailleurs. Ces \u00e9vasions ont eu pour lieu, les prisons de\u00a0Rebeuss, du\u00a0Camp p\u00e9nal,\u00a0de\u00a0la Mac\u00a0de Diourbel\u00a0et de Ziguinchor.<\/p>\n<p>Mais dans cette affaire de mutinerie qui a occup\u00e9 l\u2019actualit\u00e9 d\u2019apr\u00e8s Tabaski, deux versions s\u2019affrontent. Celle des d\u00e9tenus\u00a0de la chambre 8 qui ont brandi une fouille consid\u00e9r\u00e9e comme une atteinte\u00a0\u00e0 leur dignit\u00e9, l\u00e0 o\u00f9 la\u00a0direction de l'Administration\u00a0p\u00e9nitentiaire a elle \u00e9voqu\u00e9\u00a0un refus de se soumettre\u00a0a\u0300 l'appel nominatif,\u00a0une mesure de\u00a0s\u00e9curit\u00e9\u0301<strong>\u00a0<\/strong>pourtant<strong>\u00a0<\/strong>obligatoire.<\/p>\n<p>Les\u00a0vide\u0301os\u00a0partage\u0301es\u00a0sur les\u00a0re\u0301seaux\u00a0sociaux, ont en tout cas montr\u00e9 un tel niveau de chaos et de violence visible \u00e0 travers ces chambres\u00a0saccag\u00e9es, des ventilateurs cass\u00e9s et\u00a0des ve\u0302tements\u00a0bru\u0302le\u0301s\u00a0dans la cour de la prison,\u00a0alors que\u00a0des prisonniers\u00a0sont\u00a0blesse\u0301s\u00a0a\u0300 la\u00a0te\u0302te\u00a0et aux bras.<\/p>\n<p>Plusieurs the\u0300ses avaient alors circul\u00e9 dans la m\u00eame journe\u0301e. Il avait d'abord e\u0301te\u0301 question de drogue (chanvre indien) trouve\u0301e dans des chambres. Une th\u00e8se toutefois r\u00e9fut\u00e9e par des prisonniers ayant te\u0301moigne\u0301 dans des audios qui ont fuite\u0301. Ceux-ci ont en effet \u00a0estim\u00e9 avoir obtemp\u00e9r\u00e9, alors que les gardes pe\u0301nitentiaires sont venus fouiller les gens dans la chambre et ont commence\u0301 a\u0300 pie\u0301tiner les bagages, cre\u0301ant un ve\u0301ritable chaos, un de\u0301sordre total.<\/p>\n<p>Des d\u00e9tenus qui, en somme, ne demandaient, si on s\u2019en fie \u00e0 leurs d\u00e9clarations, rien d\u2019autres que d\u2019\u00eatre respect\u00e9s\u00a0\u00a0et trait\u00e9s\u00a0\u201ccomme des\u00a0e\u0302tres\u00a0humains\u00a0\u00bb, se plaignant au passage\u00a0des\u00a0\u00ab\u00a0grenades\u00a0lacrymoge\u0300nes\u00a0jet\u00e9es\u00a0dans\u00a0des chambres\u00a0ferme\u0301es avec des prisonniers qui\u00a0se sont\u00a0e\u0301vanouis\u00a0et\u00a0d'autres\u00a0qui\u00a0se sont\u00a0blesse\u0301s\u00a0\u00bb<\/p>\n<p>Bref une situation chaotique. Et les images diffus\u00e9es par la suite dans les m\u00e9dias, ont montr\u00e9 un nombre impressionnant de t\u00e9l\u00e9phones trouv\u00e9s dans les chambres, du chanvre indien et des liasses d\u2019argent. De quoi se poser des questions sur la provenance de tout ce butin et de leurs conditions d\u2019introduction dans la prison.<\/p>\n<p>L\u2019Observateur du vendredi 21 juin qui a barr\u00e9 \u00e0 sa une \u00ab T\u00e9l\u00e9phones en prison -\u00a0Enqu\u00eate sur le modus operandi des d\u00e9tenus \u00bb,\u00a0a\u00a0fait \u00e9cho de t\u00e9l\u00e9phones cach\u00e9s dans du poulet, de puces de t\u00e9l\u00e9phones dans des pommes\u00a0ainsi que de\u00a0complicit\u00e9s \u00a0de matons dit \u00ab charrettes \u00bb, sans oublier des agressions et \u00e9vasions coordonn\u00e9es au t\u00e9l\u00e9phone \u00e0 partir de la prison.<\/p>\n<p>De m\u00eame \u00ab Lib\u00e9ration \u00bb a relat\u00e9 dans son journal du m\u00eame jour deux b\u00e9n\u00e9ficiaires de gr\u00e2ces pr\u00e9sidentielles qui sont retourn\u00e9s en prison pour meurtre et vol.<\/p>\n<p><strong>Karim Xrum Xakh, en mode analyste de la prison<\/strong><\/p>\n<p>Invit\u00e9 de l\u2019\u00e9mission \u00ab\u00a0Infos Matin\u00a0\u00bb du 21 juin 2024 de la TFM, l\u2019activiste Abdou Karim Gu\u00e8ye dit Karim Xrum Xakh, un habitu\u00e9 des prisons, a tent\u00e9 des explications sur l\u2019effet d\u00e9clencheur de la mutinerie, l\u2019attribuant \u00e0 du d\u00e9sespoir et de la d\u00e9ception de ces d\u00e9tenus qui comptaient beaucoup sur les r\u00e9ductions de peines, les gr\u00e2ces et les lib\u00e9rations conditionnelles (apr\u00e8s avoir purg\u00e9 la moiti\u00e9 de leur peine, avec \u00e0 la clef, une bonne conduite, etc). Une mani\u00e8re de dire que le nombre de 300 graci\u00e9s par le pr\u00e9sident de la r\u00e9publique, lors de la Tabaski est jug\u00e9 modique par le rappeur activiste, au regard de ce qui se faisait dans le pass\u00e9 comme sous le r\u00e8gne de Macky Sall avec 3000 graci\u00e9s d\u2019un coup (pour une population carc\u00e9rale de 11 547 dans tout le S\u00e9n\u00e9gal avec 4000 pour la seule prison Rebeuss).<\/p>\n<p>L\u2019activiste a aussi point\u00e9 du doigt l\u2019inexistence de fouilles qui est \u00e0 d\u00e9plorer au camp p\u00e9nal avec des prisonniers condamn\u00e9s de longue d\u00e9tention qui purgent 18 ans de prison avec des peines moindres de 7 ans, 10 ans. Une inexistence des fouilles qu\u2019il consid\u00e8re comme une bombe \u00e0 retardement et qui est la cons\u00e9quence de trafics de toutes sortes (chanvre indien, t\u00e9l\u00e9phones), de \u00ab\u00a0business\u00a0\u00bb avec des d\u00e9tenus qui y font du \u00ab\u00a0business alimentaire\u00a0\u00bb (prisonniers \u00e9gorgeant des b\u00eates pour faire de la restauration ou du Tangana), voire qui manipulent beaucoup de liquides (300 000 F).<\/p>\n<p>Abdou Karim Gu\u00e8ye est all\u00e9 jusqu\u2019\u00e0 consid\u00e9rer que, quel que soit le niveau d\u2019humanit\u00e9 des gardiens, cela n\u2019aurait jamais d\u00fb les emp\u00eacher de faire leur travail de mani\u00e8re professionnelle. L\u2019activiste, de conclure que des complicit\u00e9s existent puisque des filtres op\u00e9r\u00e9s avec des fourchettes permettent de fouiller la nourriture qui y entre, estimant aussi que ces t\u00e9l\u00e9phones ne tombent pas du ciel. Celui-ci a toutefois accus\u00e9 le ministre de la justice Ousmane Diagne de s\u2019\u00eatre d\u00e9fil\u00e9, n\u2019ayant m\u00eame rencontr\u00e9 les prisonniers, apr\u00e8s avoir annonc\u00e9 \u00e0 son d\u00e9part que la situation \u00e9tait sous contr\u00f4le, alors qu\u2019il n\u2019en \u00e9tait rien. L\u2019activiste pense m\u00eame que les autorit\u00e9s devraient parler avec les prisonniers qui en ont pris au passage pour leur grade, accus\u00e9s d\u2019\u00eatre des manipulateurs qui racontent parfois des choses qui n\u2019existent pas.<\/p>\n<p>Un b\u00e9mol toutefois dans les propos de l\u2019activiste car, en fait de fouilles, une partie de la situation que d\u00e9crit l\u2019activiste n\u2019est pas tout \u00e0 fait exacte. En effet pendant la p\u00e9riode de la Covid durant laquelle les gardiens de prison \u00e9taient confin\u00e9s dans les prisons, ces derniers qui n\u2019exer\u00e7aient pas enti\u00e8rement leurs pr\u00e9rogatives, avaient leur moral au plus bas. De m\u00eame, pr\u00e9cision de taille, pendant la p\u00e9riode 2021-2023 co\u00efncidant avec l\u2019affaire Adji Sarr et Ousmane Sonko-Mame Mbaye Niang et les vagues d\u2019arrestations qui s\u2019en \u00e9taient suivies, les prisons \u00e9taient bond\u00e9es et les agents de l\u2019administration en sous-effectif, \u00e9taient plut\u00f4t occup\u00e9s par la gestion des flux de prisonniers entrants, que de s\u2019atteler \u00e0 des fouilles qui pouvaient d\u00e9clencher des mutineries. Une situation qui a d\u2019ailleurs \u00e9t\u00e9 exacerb\u00e9e par l\u2019arrestation de deux grad\u00e9s de l\u2019administration p\u00e9nitentiaire sous pr\u00e9texte qu\u2019ils avaient fait fuiter des informations sur la sant\u00e9 d\u2019Ousmane Sonko (du fait d\u2019une solidarit\u00e9 de corps). De plus les informations de l\u2019activiste tendant \u00e0 attribuer un effectif de 4000 d\u00e9tenus \u00e0 la prison de Rebeuss ne sont pas aussi exactes qu\u2019il le dit, la prison de Rebeuss ne comptant que 50 chambres et n\u2019atteignait qu\u2019au maximum 2500 personnes, m\u00eame pendant les moments de pics qui correspondent aux vacances judiciaires qui ont lieu durant la saison des pluies entre juillet, Ao\u00fbt et septembre.<\/p>\n<p>Il est aussi \u00e0 souligner que contrairement aux 3000 graci\u00e9s qu\u2019il a annonc\u00e9s, les gr\u00e2ces accord\u00e9es par le pr\u00e9sident Macky en d\u00e9cembre 2022 concernaient seulement 1372 d\u00e9tenus et 822 personnes en avril 2023. Et ces nombres sont les plus \u00e9lev\u00e9s de toutes les gr\u00e2ces accord\u00e9es jusqu\u2019ici.<\/p>\n<p>L\u2019on apprend aussi de sources concordantes et dignes qu\u2019avec cette mutinerie,\u00a0les prisonniers seraient dans une logique d\u2019\u00e9quilibre de la terreur,\u00a0\u00e9tant au courant\u00a0qu\u2019avec la nomination du nouveau Directeur de l\u2019administration p\u00e9nitentiaire, \u00a0l\u2019inspecteur Aliou Ciss (soit le\u00a0premier directeur issu du corps de\u00a0l\u2019Administration\u00a0p\u00e9nitentiaire),\u00a0la situation va changer et qu\u2019il va forc\u00e9ment s\u2019inscrire dans une logique du\u00a0tout s\u00e9curitaire. Une mani\u00e8re pour les d\u00e9tenus, selon ces m\u00eames sources,\u00a0d\u2019anticiper sur les conditions de d\u00e9tention qu\u2019ils ne veulent pas voir cors\u00e9es.<\/p>\n<p>Tout cela pour dire que des complicit\u00e9s, il y\u2019en a avec des gardiens. Ce qui explique d\u2019ailleurs que les mutineries pr\u00e9cit\u00e9es, ont un point commun, celui d\u2019avoir \u00e9t\u00e9 orchestr\u00e9 avec l\u2019aide de gardiens.<\/p>\n<p><strong>La r\u00e9insertion par la formation et le travail en prison <\/strong><\/p>\n<p>Mais\u00a0au-del\u00e0\u00a0de cette mutinerie et\u00a0de\u00a0la d\u00e9couverte de t\u00e9l\u00e9phones\u00a0introduites frauduleusement,\u00a0se posent de mani\u00e8re plus globale, d\u2019autres \u00e9quations telles que la\u00a0question\u00a0de la surpopulation carc\u00e9rale, les sous effectifs en gardiens,\u00a0les tarifs exorbitants appliqu\u00e9s dans certaines boutiques de prison et sur les co\u00fbts de communication, la nourriture insuffisante,\u00a0les mauvais traitements etc. Tout ceci montre en r\u00e9alit\u00e9 que\u00a0le syst\u00e8me carc\u00e9ral institu\u00e9\u00a0depuis l\u2019\u00e9poque coloniale, n\u2019a jusqu\u2019ici pas apport\u00e9 la preuve de son efficacit\u00e9. Du moins,\u00a0rien d\u2019un point de vue de\u00a0statistique, ne vient\u00a0prouver\u00a0que\u00a0la criminalit\u00e9 baisse,\u00a0le nombre de prisonniers dans le temps aussi. Le plus inqui\u00e9tant est que l\u2019\u00e9rection de prisons est\u00a0m\u00eame\u00a0devenue une demande sociale en raison\u00a0de la\u00a0surpopulation carc\u00e9rale croissante,\u00a0mais aussi ob\u00e9it \u00e0 une logique pour rapprocher les d\u00e9tenus\u00a0de\u00a0leurs familles.<\/p>\n<p>La\u00a0cartographie des \u00e9tablissements p\u00e9nitentiaires\u00a0r\u00e9v\u00e8le\u00a0d\u2019ailleurs\u00a0une r\u00e9partition des prisons sur l\u2019ensemble du territoire loin d\u2019\u00eatre optimale. En effet le S\u00e9n\u00e9gal compte 46 d\u00e9partements pour 37 prisons dont 8 prisons pour la seule r\u00e9gion de Dakar. Ce qui veut dire que les disparit\u00e9s entre r\u00e9gions, sont importantes. Thi\u00e8s, Fatick, Kaolack, Diourbel, Louga, Saint-Louis\u00a0et\u00a0Zinguichor\u00a0comptent\u00a03 prisons dans chaque r\u00e9gion, l\u00e0 o\u00f9\u00a0Kolda et Tambacounda en comptaient deux (2) chacune\u00a0; des\u00a0r\u00e9gions\u00a0telles que\u00a0Kaffrine, K\u00e9dougou, Matam et\u00a0S\u00e9dhiou\u00a0disposent chacune d\u2019un (1) \u00e9tablissement p\u00e9nitentiaire.<\/p>\n<p>Des prisons qui sont r\u00e9parties en 4 cat\u00e9gories : des maisons d\u2019arr\u00eats, des maisons d\u2019arr\u00eat et de correction, des camps p\u00e9naux et une maison de correction. La seule Maison de Correction (situ\u00e9e \u00e0 S\u00e9bikotane) re\u00e7oit uniquement des condamn\u00e9s dont la peine est inf\u00e9rieure \u00e0 un (01) an. La Maison d\u2019arr\u00eat de Rebeuss et la Maison d\u2019arr\u00eat pour femmes de Libert\u00e9 6 re\u00e7oivent des d\u00e9tenus provisoires en instance de jugement dont la peine restante \u00e0 purger n\u2019exc\u00e8de pas 6 mois. Les Maisons d\u2019Arr\u00eat et de Correction (Mac), plus nombreuses au S\u00e9n\u00e9gal, re\u00e7oivent en m\u00eame temps des d\u00e9tenus provisoires et des condamn\u00e9s dont la peine n\u2019exc\u00e8de pas un (01) an. Le S\u00e9n\u00e9gal compte 2 camps p\u00e9naux (Libert\u00e9 6 et Koutal) qui re\u00e7oivent les condamn\u00e9s \u00e0 la r\u00e9clusion criminelle \u00e0 temps et \u00e0 perp\u00e9tuit\u00e9 et ceux auxquels il reste \u00e0 subir une peine d\u2019une dur\u00e9e sup\u00e9rieure \u00e0 un (01) an.<\/p>\n<p>Mais la vraie question qui m\u00e9rite d\u2019\u00eatre pos\u00e9e, est de savoir si la prison remplit r\u00e9ellement sa vocation premi\u00e8re qui est la r\u00e9insertion sociale. Et il semble bien que le\u00a0principe d\u2019emprisonner doit r\u00e9pondre \u00e0 une seule logique, celle de faire payer \u00e0 ces citoyens en conflit avec la loi, leurs dettes vis \u00e0 vis de la soci\u00e9t\u00e9, de mani\u00e8re \u00e0 pouvoir la r\u00e9int\u00e9grer, une fois celle-ci acquitt\u00e9e. Une des raisons pour laquelle la politique carc\u00e9rale telle qu\u2019elle est conduite devrait \u00eatre revue.\u00a0Enfermer un prisonnier et le maintenir dans l\u2019oisivet\u00e9,\u00a0n\u2019a pas\u00a0de sens et encore moins\u00a0de l\u2019int\u00e9r\u00eat. L\u2019enfermement\u00a023 h sur 24 ne peut produire que du vice qui a pour noms, trafic en tous genres, rapports contre nature, gangs qui se reconstituent, violence, toxicomanie, \u00a0etc.\u00a0 Ne dit-on pas l\u2019oisivet\u00e9 est la m\u00e8re des vices\u00a0?<\/p>\n<p>La r\u00e9insertion sociale n\u00e9cessite\u00a0\u00e0 la v\u00e9rit\u00e9\u00a0de r\u00e9apprendre\u00a0au d\u00e9tenu\u00a0\u00e0 vivre en soci\u00e9t\u00e9 et \u00e0 en accepter les r\u00e9gler.\u00a0Le travail honn\u00eate et r\u00e9mun\u00e9r\u00e9 en prison, est entre autres ce qui peut en partie apporter cette r\u00e9ponse.<\/p>\n<p>Le camp p\u00e9nal est certainement un exemple de prison o\u00f9 l'insertion\u00a0est une r\u00e9alit\u00e9, m\u00eame\u00a0si elle ne se m\u00e8ne\u00a0pas \u00e0 une grande \u00e9chelle. En effet, sur un effectif d\u2019un peu plus de 800 personnes, c\u2019est la centaine de prisonniers qui y exerce une activit\u00e9\u00a0relative\u00a0aux m\u00e9tiers exerc\u00e9s avant l\u2019emprisonnement : boulangerie, confection, menuiserie, d\u00e9coration etc. Seule une poign\u00e9e de\u00a0d\u00e9tenus\u00a0y apprend un m\u00e9tier. Ce qui veut dire qu\u2019il y a encore des progr\u00e8s \u00e0 faire, m\u00eame s\u2019il reste logique d\u2019isoler les prisonniers dangereux.\u00a0De m\u00eame\u00a0la prison\u00a0de\u00a0S\u00e9bikotane\u00a0est \u00e0 vocation agricole. Tout cela pour dire qu\u2019au regard du nombre de prisons recens\u00e9s, il reste du chemin \u00e0 faire dans le domaine de la r\u00e9insertion par le travail et la formation \u00e0 des m\u00e9tiers.<\/p>\n<p>Tout ceci veut dire que tous les d\u00e9tenus ne devraient point\u00a0\u00eatre\u00a0log\u00e9s\u00a0\u00e0 \u00a0la m\u00eame enseigne. Un traitement au cas par cas,\u00a0doit leur \u00eatre appliqu\u00e9. Aussi, les sociopathes et psychopathes devraient\u00a0plut\u00f4t\u00a0recevoir des soins au lieu d\u2019\u00eatre tout simplement enferm\u00e9s sans prise en charge appropri\u00e9e.\u00a0Les prisonniers dangereux isol\u00e9s et les prisonniers,\u00a0cadres, enseignants et autres,\u00a0utilis\u00e9s dans la formation de\u00a0leurs\u00a0cod\u00e9tenus\u00a0qui doivent, de mani\u00e8re \u00e0\u00a0leur apprendre \u00e0 lire et \u00e0 \u00e9crire, utiliser un ordinateur ou exercer certains m\u00e9tiers\u00a0et\u00a0d\u00e9velopper leur sens civique.\u00a0Certains devraient pouvoir \u00e9voluer dans des m\u00e9tiers\u00a0\u00e0 vocation manuelle,\u00a0tels que\u00a0l\u2019agriculture, l\u2019artisanat, etc. Voire exercer des travaux d\u2019int\u00e9r\u00eat g\u00e9n\u00e9ral pour lesquels ils peuvent\u00a0\u00eatre r\u00e9mun\u00e9r\u00e9s. Les occuper permet de les rendre utiles \u00e0 eux-m\u00eames, de ne\u00a0pas sentir\u00a0le temps passer, retrouver l\u2019estime de soi et leur permettre d\u2019avoir un m\u00e9tier \u00e0 la sortie de prison.<\/p>\n<p>Nul doute que les r\u00e9centes Assises de la Justice permettront\u00a0de r\u00e9soudre\u00a0quelques\u00a0probl\u00e8mes en amont,\u00a0tels que les mandats de d\u00e9p\u00f4t\u00a0syst\u00e9matiques, le nombre insuffisant de magistrats et de surveillants dans les prisons, d\u2019augmenter\u00a0les moyens de la justice pour construire de nouvelles prisons dans chaque d\u00e9partement que compte le pays,\u00a0mais aussi de multiplier les peines alternatives, sans oublier les am\u00e9nagements de peines et les lib\u00e9rations conditionnelles.<\/p>\n<p>Un pays avec des prisons remplis, est certainement le signe d\u2019un\u00a0Etat\u00a0qui n\u2019a pas suffisamment rempli sa mission d\u2019\u00e9ducation de ses citoyens.\u00a0\u00a0Les exemples du Pr\u00e9sident de la r\u00e9publique et du Premier ministre qui ont quitt\u00e9 directement la prison pour atterrir au palais et au petit palais, sont riches d\u2019enseignements et prouvent \u00e0 souhait que nul n\u2019est \u00e0 l\u2019abri de la prison. Des honn\u00eates gens victimes d\u2019erreurs judiciaires ou en conflit avec la loi peuvent tous s\u2019y retrouver un jour ou l\u2019autre. D\u2019o\u00f9 l\u2019int\u00e9r\u00eat de pr\u00e9server la dignit\u00e9 des \u00eatres humains. Car dans chaque \u00eatre humain, il y a du bien qu\u2019on peut r\u00e9veiller et des mauvais comportements qu\u2019on peut corriger.<\/p>\n<p>L\u2019on doit \u00e0 la v\u00e9rit\u00e9 apprendre aux S\u00e9n\u00e9galais ce qu\u2019est la citoyennet\u00e9 qui ne peut nullement \u00eatre une option, mais une obligation. Renforcer l\u2019\u00e9ducation civique \u00e0 l\u2019\u00e9cole au b\u00e9n\u00e9fice des plus jeunes, le service civique national et le service militaire qui sont des institutions incontournables pour une soci\u00e9t\u00e9 qui veut produire des citoyens respectueux des r\u00e8gles, serait d\u00e9j\u00e0 un bon d\u00e9but. Cela peut davantage aider \u00e0 r\u00e9duire les actes d\u2019incivisme et les incivilit\u00e9s qui se constatent de plus en plus dans la vie de tous les jours et dans le comportement des S\u00e9n\u00e9galais, dans les lieux publics et la voie publique.<\/p>\n<p>&nbsp;<\/p>\n<div class='share-to-whatsapp-wrapper'><div class='share-on-whsp'>PARTAGER SUR : <\/div><a data-text='IDIOVISUEL - Dans les errements\u00a0du syst\u00e8me\u00a0carc\u00e9ral \u00a0s\u00e9n\u00e9galais' data-link='https:\/\/www.nettali.com\/2024\/06\/26\/idiovisuel-dans-les-errements-du-systeme-carceral-senegalais\/' class='whatsapp-button whatsapp-share'>WhatsApp<\/a><div class='clear '><\/div><\/div>","protected":false},"excerpt":{"rendered":"<p>NETTALI.COM - La mutinerie du mercredi 19 juin au Camp p\u00e9nal de Libert\u00e9 6, est venue nous rappeler que tout ne tourne pas rond dans notre syst\u00e8me carc\u00e9ral. Une situation qui n\u2019est d\u2019ailleurs pas une premi\u00e8re, puisque cette prison a connu une mutinerie, deux ans auparavant, sans compter les incessantes \u00e9vasions not\u00e9es. La prison de\u00a0Rebeuss\u00a0a\u00a0eu [&hellip;]<\/p>\n","protected":false},"author":2,"featured_media":135814,"comment_status":"open","ping_status":"open","sticky":false,"template":"","format":"standard","meta":{"_et_pb_use_builder":"","_et_pb_old_content":""},"categories":[9],"tags":[],"yoast_head":"<!-- This site is optimized with the Yoast SEO Premium plugin v17.8 (Yoast SEO v17.8) - https:\/\/yoast.com\/wordpress\/plugins\/seo\/ -->\n<title>IDIOVISUEL - Dans les errements\u00a0du syst\u00e8me\u00a0carc\u00e9ral \u00a0s\u00e9n\u00e9galais | Nettali.com<\/title>\n<meta name=\"robots\" content=\"index, follow, max-snippet:-1, max-image-preview:large, max-video-preview:-1\" \/>\n<link rel=\"canonical\" href=\"https:\/\/www.nettali.com\/2024\/06\/26\/idiovisuel-dans-les-errements-du-systeme-carceral-senegalais\/\" \/>\n<meta property=\"og:locale\" content=\"fr_FR\" \/>\n<meta property=\"og:type\" content=\"article\" \/>\n<meta property=\"og:title\" content=\"IDIOVISUEL - Dans les errements\u00a0du syst\u00e8me\u00a0carc\u00e9ral \u00a0s\u00e9n\u00e9galais\" \/>\n<meta property=\"og:description\" content=\"NETTALI.COM - La mutinerie du mercredi 19 juin au Camp p\u00e9nal de Libert\u00e9 6, est venue nous rappeler que tout ne tourne pas rond dans notre syst\u00e8me carc\u00e9ral. Une situation qui n\u2019est d\u2019ailleurs pas une premi\u00e8re, puisque cette prison a connu une mutinerie, deux ans auparavant, sans compter les incessantes \u00e9vasions not\u00e9es. La prison de\u00a0Rebeuss\u00a0a\u00a0eu [&hellip;]\" \/>\n<meta property=\"og:url\" content=\"https:\/\/www.nettali.com\/2024\/06\/26\/idiovisuel-dans-les-errements-du-systeme-carceral-senegalais\/\" \/>\n<meta property=\"og:site_name\" content=\"Nettali.com\" \/>\n<meta property=\"article:publisher\" content=\"https:\/\/www.facebook.com\/nettalicom\" \/>\n<meta property=\"article:published_time\" content=\"2024-06-26T10:07:25+00:00\" \/>\n<meta property=\"article:modified_time\" content=\"2024-06-28T08:33:20+00:00\" \/>\n<meta property=\"og:image\" content=\"https:\/\/www.nettali.com\/wp-content\/uploads\/2024\/06\/diagne-ciss-situation-prisons_2.jpg\" \/>\n\t<meta property=\"og:image:width\" content=\"1280\" \/>\n\t<meta property=\"og:image:height\" content=\"600\" \/>\n<meta name=\"twitter:card\" content=\"summary_large_image\" \/>\n<meta name=\"twitter:label1\" content=\"\u00c9crit par\" \/>\n\t<meta name=\"twitter:data1\" content=\"CK\" \/>\n\t<meta name=\"twitter:label2\" content=\"Dur\u00e9e de lecture estim\u00e9e\" \/>\n\t<meta name=\"twitter:data2\" content=\"14 minutes\" \/>\n<script type=\"application\/ld+json\" class=\"yoast-schema-graph\">{\"@context\":\"https:\/\/schema.org\",\"@graph\":[{\"@type\":\"WebSite\",\"@id\":\"https:\/\/www.nettali.com\/#website\",\"url\":\"https:\/\/www.nettali.com\/\",\"name\":\"Nettali.com\",\"description\":\"Le rendez-vous critique du Net\",\"potentialAction\":[{\"@type\":\"SearchAction\",\"target\":{\"@type\":\"EntryPoint\",\"urlTemplate\":\"https:\/\/www.nettali.com\/?s={search_term_string}\"},\"query-input\":\"required name=search_term_string\"}],\"inLanguage\":\"fr-FR\"},{\"@type\":\"ImageObject\",\"@id\":\"https:\/\/www.nettali.com\/2024\/06\/26\/idiovisuel-dans-les-errements-du-systeme-carceral-senegalais\/#primaryimage\",\"inLanguage\":\"fr-FR\",\"url\":\"https:\/\/www.nettali.com\/wp-content\/uploads\/2024\/06\/diagne-ciss-situation-prisons_2.jpg\",\"contentUrl\":\"https:\/\/www.nettali.com\/wp-content\/uploads\/2024\/06\/diagne-ciss-situation-prisons_2.jpg\",\"width\":1280,\"height\":600},{\"@type\":\"WebPage\",\"@id\":\"https:\/\/www.nettali.com\/2024\/06\/26\/idiovisuel-dans-les-errements-du-systeme-carceral-senegalais\/#webpage\",\"url\":\"https:\/\/www.nettali.com\/2024\/06\/26\/idiovisuel-dans-les-errements-du-systeme-carceral-senegalais\/\",\"name\":\"IDIOVISUEL - Dans les errements\\u00a0du syst\\u00e8me\\u00a0carc\\u00e9ral \\u00a0s\\u00e9n\\u00e9galais | Nettali.com\",\"isPartOf\":{\"@id\":\"https:\/\/www.nettali.com\/#website\"},\"primaryImageOfPage\":{\"@id\":\"https:\/\/www.nettali.com\/2024\/06\/26\/idiovisuel-dans-les-errements-du-systeme-carceral-senegalais\/#primaryimage\"},\"datePublished\":\"2024-06-26T10:07:25+00:00\",\"dateModified\":\"2024-06-28T08:33:20+00:00\",\"author\":{\"@id\":\"https:\/\/www.nettali.com\/#\/schema\/person\/d8ac7b7e27ddad43f1c0d2ef090d7f71\"},\"breadcrumb\":{\"@id\":\"https:\/\/www.nettali.com\/2024\/06\/26\/idiovisuel-dans-les-errements-du-systeme-carceral-senegalais\/#breadcrumb\"},\"inLanguage\":\"fr-FR\",\"potentialAction\":[{\"@type\":\"ReadAction\",\"target\":[\"https:\/\/www.nettali.com\/2024\/06\/26\/idiovisuel-dans-les-errements-du-systeme-carceral-senegalais\/\"]}]},{\"@type\":\"BreadcrumbList\",\"@id\":\"https:\/\/www.nettali.com\/2024\/06\/26\/idiovisuel-dans-les-errements-du-systeme-carceral-senegalais\/#breadcrumb\",\"itemListElement\":[{\"@type\":\"ListItem\",\"position\":1,\"name\":\"Accueil\",\"item\":\"https:\/\/www.nettali.com\/\"},{\"@type\":\"ListItem\",\"position\":2,\"name\":\"IDIOVISUEL - Dans les errements\\u00a0du syst\\u00e8me\\u00a0carc\\u00e9ral \\u00a0s\\u00e9n\\u00e9galais\"}]},{\"@type\":\"Person\",\"@id\":\"https:\/\/www.nettali.com\/#\/schema\/person\/d8ac7b7e27ddad43f1c0d2ef090d7f71\",\"name\":\"CK\",\"image\":{\"@type\":\"ImageObject\",\"@id\":\"https:\/\/www.nettali.com\/#personlogo\",\"inLanguage\":\"fr-FR\",\"url\":\"https:\/\/secure.gravatar.com\/avatar\/1d8d5118b9327d94da7cd4ce7f17fec2?s=96&d=mm&r=g\",\"contentUrl\":\"https:\/\/secure.gravatar.com\/avatar\/1d8d5118b9327d94da7cd4ce7f17fec2?s=96&d=mm&r=g\",\"caption\":\"CK\"},\"sameAs\":[\"https:\/\/www.nettali.com\"]}]}<\/script>\n<!-- \/ Yoast SEO Premium plugin. -->","yoast_head_json":{"title":"IDIOVISUEL - Dans les errements\u00a0du syst\u00e8me\u00a0carc\u00e9ral \u00a0s\u00e9n\u00e9galais | Nettali.com","robots":{"index":"index","follow":"follow","max-snippet":"max-snippet:-1","max-image-preview":"max-image-preview:large","max-video-preview":"max-video-preview:-1"},"canonical":"https:\/\/www.nettali.com\/2024\/06\/26\/idiovisuel-dans-les-errements-du-systeme-carceral-senegalais\/","og_locale":"fr_FR","og_type":"article","og_title":"IDIOVISUEL - Dans les errements\u00a0du syst\u00e8me\u00a0carc\u00e9ral \u00a0s\u00e9n\u00e9galais","og_description":"NETTALI.COM - La mutinerie du mercredi 19 juin au Camp p\u00e9nal de Libert\u00e9 6, est venue nous rappeler que tout ne tourne pas rond dans notre syst\u00e8me carc\u00e9ral. Une situation qui n\u2019est d\u2019ailleurs pas une premi\u00e8re, puisque cette prison a connu une mutinerie, deux ans auparavant, sans compter les incessantes \u00e9vasions not\u00e9es. La prison de\u00a0Rebeuss\u00a0a\u00a0eu [&hellip;]","og_url":"https:\/\/www.nettali.com\/2024\/06\/26\/idiovisuel-dans-les-errements-du-systeme-carceral-senegalais\/","og_site_name":"Nettali.com","article_publisher":"https:\/\/www.facebook.com\/nettalicom","article_published_time":"2024-06-26T10:07:25+00:00","article_modified_time":"2024-06-28T08:33:20+00:00","og_image":[{"width":1280,"height":600,"url":"https:\/\/www.nettali.com\/wp-content\/uploads\/2024\/06\/diagne-ciss-situation-prisons_2.jpg","type":"image\/jpeg"}],"twitter_card":"summary_large_image","twitter_misc":{"\u00c9crit par":"CK","Dur\u00e9e de lecture estim\u00e9e":"14 minutes"},"schema":{"@context":"https:\/\/schema.org","@graph":[{"@type":"WebSite","@id":"https:\/\/www.nettali.com\/#website","url":"https:\/\/www.nettali.com\/","name":"Nettali.com","description":"Le rendez-vous critique du Net","potentialAction":[{"@type":"SearchAction","target":{"@type":"EntryPoint","urlTemplate":"https:\/\/www.nettali.com\/?s={search_term_string}"},"query-input":"required name=search_term_string"}],"inLanguage":"fr-FR"},{"@type":"ImageObject","@id":"https:\/\/www.nettali.com\/2024\/06\/26\/idiovisuel-dans-les-errements-du-systeme-carceral-senegalais\/#primaryimage","inLanguage":"fr-FR","url":"https:\/\/www.nettali.com\/wp-content\/uploads\/2024\/06\/diagne-ciss-situation-prisons_2.jpg","contentUrl":"https:\/\/www.nettali.com\/wp-content\/uploads\/2024\/06\/diagne-ciss-situation-prisons_2.jpg","width":1280,"height":600},{"@type":"WebPage","@id":"https:\/\/www.nettali.com\/2024\/06\/26\/idiovisuel-dans-les-errements-du-systeme-carceral-senegalais\/#webpage","url":"https:\/\/www.nettali.com\/2024\/06\/26\/idiovisuel-dans-les-errements-du-systeme-carceral-senegalais\/","name":"IDIOVISUEL - Dans les errements\u00a0du syst\u00e8me\u00a0carc\u00e9ral \u00a0s\u00e9n\u00e9galais | Nettali.com","isPartOf":{"@id":"https:\/\/www.nettali.com\/#website"},"primaryImageOfPage":{"@id":"https:\/\/www.nettali.com\/2024\/06\/26\/idiovisuel-dans-les-errements-du-systeme-carceral-senegalais\/#primaryimage"},"datePublished":"2024-06-26T10:07:25+00:00","dateModified":"2024-06-28T08:33:20+00:00","author":{"@id":"https:\/\/www.nettali.com\/#\/schema\/person\/d8ac7b7e27ddad43f1c0d2ef090d7f71"},"breadcrumb":{"@id":"https:\/\/www.nettali.com\/2024\/06\/26\/idiovisuel-dans-les-errements-du-systeme-carceral-senegalais\/#breadcrumb"},"inLanguage":"fr-FR","potentialAction":[{"@type":"ReadAction","target":["https:\/\/www.nettali.com\/2024\/06\/26\/idiovisuel-dans-les-errements-du-systeme-carceral-senegalais\/"]}]},{"@type":"BreadcrumbList","@id":"https:\/\/www.nettali.com\/2024\/06\/26\/idiovisuel-dans-les-errements-du-systeme-carceral-senegalais\/#breadcrumb","itemListElement":[{"@type":"ListItem","position":1,"name":"Accueil","item":"https:\/\/www.nettali.com\/"},{"@type":"ListItem","position":2,"name":"IDIOVISUEL - Dans les errements\u00a0du syst\u00e8me\u00a0carc\u00e9ral \u00a0s\u00e9n\u00e9galais"}]},{"@type":"Person","@id":"https:\/\/www.nettali.com\/#\/schema\/person\/d8ac7b7e27ddad43f1c0d2ef090d7f71","name":"CK","image":{"@type":"ImageObject","@id":"https:\/\/www.nettali.com\/#personlogo","inLanguage":"fr-FR","url":"https:\/\/secure.gravatar.com\/avatar\/1d8d5118b9327d94da7cd4ce7f17fec2?s=96&d=mm&r=g","contentUrl":"https:\/\/secure.gravatar.com\/avatar\/1d8d5118b9327d94da7cd4ce7f17fec2?s=96&d=mm&r=g","caption":"CK"},"sameAs":["https:\/\/www.nettali.com"]}]}},"_links":{"self":[{"href":"https:\/\/www.nettali.com\/rest\/wp\/v2\/posts\/135794"}],"collection":[{"href":"https:\/\/www.nettali.com\/rest\/wp\/v2\/posts"}],"about":[{"href":"https:\/\/www.nettali.com\/rest\/wp\/v2\/types\/post"}],"author":[{"embeddable":true,"href":"https:\/\/www.nettali.com\/rest\/wp\/v2\/users\/2"}],"replies":[{"embeddable":true,"href":"https:\/\/www.nettali.com\/rest\/wp\/v2\/comments?post=135794"}],"version-history":[{"count":1,"href":"https:\/\/www.nettali.com\/rest\/wp\/v2\/posts\/135794\/revisions"}],"predecessor-version":[{"id":135795,"href":"https:\/\/www.nettali.com\/rest\/wp\/v2\/posts\/135794\/revisions\/135795"}],"wp:featuredmedia":[{"embeddable":true,"href":"https:\/\/www.nettali.com\/rest\/wp\/v2\/media\/135814"}],"wp:attachment":[{"href":"https:\/\/www.nettali.com\/rest\/wp\/v2\/media?parent=135794"}],"wp:term":[{"taxonomy":"category","embeddable":true,"href":"https:\/\/www.nettali.com\/rest\/wp\/v2\/categories?post=135794"},{"taxonomy":"post_tag","embeddable":true,"href":"https:\/\/www.nettali.com\/rest\/wp\/v2\/tags?post=135794"}],"curies":[{"name":"wp","href":"https:\/\/api.w.org\/{rel}","templated":true}]}}