{"id":135728,"date":"2024-06-25T08:39:38","date_gmt":"2024-06-25T08:39:38","guid":{"rendered":"https:\/\/www.nettali.com\/?p=135728"},"modified":"2024-06-26T07:47:00","modified_gmt":"2024-06-26T07:47:00","slug":"suspension-de-la-production-et-des-ventes-de-farine-le-gouvernement-declare-la-guerre-aux-meuniers","status":"publish","type":"post","link":"https:\/\/www.nettali.com\/2024\/06\/25\/suspension-de-la-production-et-des-ventes-de-farine-le-gouvernement-declare-la-guerre-aux-meuniers\/","title":{"rendered":"SUSPENSION DE LA PRODUCTION ET DES VENTES DE FARINE - Le gouvernement de\u0301clare la guerre aux meuniers"},"content":{"rendered":"<div class=\"page\" title=\"Page 6\">\n<div class=\"section\">\n<div class=\"layoutArea\">\n<div class=\"column\">\n<p><strong>NETTALI.COM - Le gouvernement a mis en garde et a fermement condamne\u0301 la de\u0301claration de l'Association des meuniers industriels du Se\u0301ne\u0301gal qui a annonce\u0301, lundi matin 24 juin, l'arre\u0302t de la production et des ventes de farine boulange\u0300re. Il a releve\u0301 des pratiques commerciales douteuses et entend mener des missions de ve\u0301rification au niveau des minoteries.<\/strong><\/p>\n<\/div>\n<\/div>\n<div class=\"layoutArea\">\n<div class=\"column\">\n<p>Pour soulager les populations, le gouvernement du Se\u0301ne\u0301gal s\u2019est engage\u0301 avec toutes les parties prenantes dans une dynamique inclusive de re\u0301duction des prix des produits et services de grande consommation, notamment le riz, le sucre, l\u2019huile de palme, la farine de ble\u0301, le pain, le ciment, les engrais et les te\u0301le\u0301communications.<\/p>\n<p>A\u0300 la grande surprise de tous, lundi matin, au cours d\u2019une confe\u0301rence de presse sur les Assises de l'entreprise organise\u0301e par le Conseil national du patronat, l'Association des meuniers industriels du Se\u0301ne\u0301gal (Amis) a de\u0301clare\u0301 qu'elle allait suspendre la production et les ventes de farine boulange\u0300re.<\/p>\n<p>En re\u0301ponse, le gouvernement a publie\u0301 une de\u0301claration dans l'apre\u0300s-midi pour condamner fermement cet acte inattendu.<\/p>\n<p>En effet, les autorite\u0301s rappellent a\u0300 l'association que la de\u0301termination des nouveaux prix de la farine de ble\u0301, re\u0301sulte d\u2019analyses techniques rigoureusement fonde\u0301es sur une structuration des prix adosse\u0301e a\u0300 l\u2019e\u0301volution des cou\u0302ts du marche\u0301 international ainsi qu\u2019a\u0300 l\u2019actualisation des autres charges.<\/p>\n<p>Selon elles, \u201c<em>il ressort des analyses effectue\u0301es par les services compe\u0301tents qu\u2019il existe des e\u0301carts tre\u0300s importants sur les cou\u0302ts d\u2019approvisionnement des meuniers, avec des prix cou\u0302t, assurance et fret (Caf ) pouvant varier entre 241 euros (158 000 F CFA) et plus de 300 euros (196 000 F CFA) la tonne, ce qui pourrait s\u2019interpre\u0301ter comme des sure\u0301valuations de charges au profit de leurs sie\u0300ges sociaux ou une minoration des re\u0301sultats d\u2019exploitation<\/em>\u201d.<\/p>\n<p>Cette situation, selon le gouvernement, \u201c<em>refle\u0300te des pratiques commerciales douteuses assimilables a\u0300 des actes anormaux de gestion. A\u0300 titre d\u2019illustration, l\u2019entreprise Les Grands Moulins de Dakar (GMD), dans le cadre d\u2019une importation, a charge\u0301 dans un me\u0302me bateau une cargaison de ble\u0301, en me\u0302me temps qu\u2019une autre minoterie, avec des cou\u0302ts d\u2019achat aupre\u0300s du me\u0302me fournisseur largement supe\u0301rieurs<\/em>\u201d.<\/p>\n<\/div>\n<div class=\"column\">\n<p>Ainsi, il est indique\u0301 que, sur la pe\u0301riode de mars a\u0300 juin 2024, \u201c<em>il apparait qu\u2019un e\u0301ventuel manque a\u0300 gagner sur les stocks de farine ne de\u0301passerait pas 225 F CFA par sac de 50 kg sur la base d\u2019un cours d\u2019achat juge\u0301 conforme. Sur la base des cours a\u0300 terme du ble\u0301 pour une livraison a\u0300 fin septembre 2024, les calculs font ressortir un cou\u0302t du sac de farine aux alentours de 15 200 F CFA, soit un manque a\u0300 gagner de 982,52 F CFA par sac de 50 kg au maximum, large- ment infe\u0301rieur a\u0300 la subvention budge\u0301tise\u0301e par l\u2019E\u0301tat, soit 1 645 F CFA par sac<\/em>\u201d.<\/p>\n<p>Sous ces conside\u0301rations, le gouvernement met fermement en demeure les meuniers de poursuivre les activite\u0301s de production de farine, dans le respect des prix nouvellement arre\u0302te\u0301s. A\u0300 de\u0301faut, le gouvernement prendra toutes ses responsabilite\u0301s, sans exclure aucune option, afin d\u2019assurer l\u2019approvisionnement correct et re\u0301gulier du marche\u0301. Des e\u0301valuations sont en cours pour prendre en charge les pre\u0301occupations lie\u0301es aux stocks.<\/p>\n<p>Enfin, les autorite\u0301s insistent sur le fait qu\u2019au regard des pratiques commerciales douteuses susmentionne\u0301es, l\u2019E\u0301tat entreprendra des missions de ve\u0301rification au niveau des minoteries.<\/p>\n<p>Dans la me\u0302me veine, le gouvernement a rappele\u0301 que les meuniers ont e\u0301te\u0301 rec\u0327us d\u2019abord par le Premier ministre le 17 mai 2024. La de\u0301le\u0301gation comprenait des repre\u0301sentants de GMD, FKS, NMA, Olam, Sedima et MDS. Ils ont ensuite e\u0301te\u0301 rec\u0327us par le ministre de l\u2019Industrie et du Commerce le 19 juin 2024.<\/p>\n<p>Concernant les boulangers, le gouvernement a souligne\u0301 que des rencontres se sont tenues avec les services de la primature ainsi qu\u2019avec ceux du ministe\u0300re charge\u0301 du Commerce.<\/p>\n<p>A\u0300 l\u2019issue des travaux, des mesures de baisse des prix ont e\u0301te\u0301 annonce\u0301es et valide\u0301es lors de la re\u0301union du Conseil national de la consommation tenue le vendredi 21 juin 2024, en pre\u0301sence de deux cents participants.<\/p>\n<\/div>\n<\/div>\n<\/div>\n<\/div>\n<div class='share-to-whatsapp-wrapper'><div class='share-on-whsp'>PARTAGER SUR : <\/div><a data-text='SUSPENSION DE LA PRODUCTION ET DES VENTES DE FARINE - Le gouvernement de\u0301clare la guerre aux meuniers' data-link='https:\/\/www.nettali.com\/2024\/06\/25\/suspension-de-la-production-et-des-ventes-de-farine-le-gouvernement-declare-la-guerre-aux-meuniers\/' class='whatsapp-button whatsapp-share'>WhatsApp<\/a><div class='clear '><\/div><\/div>","protected":false},"excerpt":{"rendered":"<p>NETTALI.COM - Le gouvernement a mis en garde et a fermement condamne\u0301 la de\u0301claration de l'Association des meuniers industriels du Se\u0301ne\u0301gal qui a annonce\u0301, lundi matin 24 juin, l'arre\u0302t de la production et des ventes de farine boulange\u0300re. Il a releve\u0301 des pratiques commerciales douteuses et entend mener des missions de ve\u0301rification au niveau des [&hellip;]<\/p>\n","protected":false},"author":2,"featured_media":135730,"comment_status":"open","ping_status":"open","sticky":false,"template":"","format":"standard","meta":{"_et_pb_use_builder":"","_et_pb_old_content":""},"categories":[3],"tags":[],"yoast_head":"<!-- This site is optimized with the Yoast SEO Premium plugin v17.8 (Yoast SEO v17.8) - https:\/\/yoast.com\/wordpress\/plugins\/seo\/ -->\n<title>SUSPENSION DE LA PRODUCTION ET DES VENTES DE FARINE - Le gouvernement de\u0301clare la guerre aux meuniers | Nettali.com<\/title>\n<meta name=\"robots\" content=\"index, follow, max-snippet:-1, max-image-preview:large, max-video-preview:-1\" \/>\n<link rel=\"canonical\" href=\"https:\/\/www.nettali.com\/2024\/06\/25\/suspension-de-la-production-et-des-ventes-de-farine-le-gouvernement-declare-la-guerre-aux-meuniers\/\" \/>\n<meta property=\"og:locale\" content=\"fr_FR\" \/>\n<meta property=\"og:type\" content=\"article\" \/>\n<meta property=\"og:title\" content=\"SUSPENSION DE LA PRODUCTION ET DES VENTES DE FARINE - Le gouvernement de\u0301clare la guerre aux meuniers\" \/>\n<meta property=\"og:description\" content=\"NETTALI.COM - Le gouvernement a mis en garde et a fermement condamne\u0301 la de\u0301claration de l&#039;Association des meuniers industriels du Se\u0301ne\u0301gal qui a annonce\u0301, lundi matin 24 juin, l&#039;arre\u0302t de la production et des ventes de farine boulange\u0300re. Il a releve\u0301 des pratiques commerciales douteuses et entend mener des missions de ve\u0301rification au niveau des [&hellip;]\" \/>\n<meta property=\"og:url\" content=\"https:\/\/www.nettali.com\/2024\/06\/25\/suspension-de-la-production-et-des-ventes-de-farine-le-gouvernement-declare-la-guerre-aux-meuniers\/\" \/>\n<meta property=\"og:site_name\" content=\"Nettali.com\" \/>\n<meta property=\"article:publisher\" content=\"https:\/\/www.facebook.com\/nettalicom\" \/>\n<meta property=\"article:published_time\" content=\"2024-06-25T08:39:38+00:00\" \/>\n<meta property=\"article:modified_time\" content=\"2024-06-26T07:47:00+00:00\" \/>\n<meta property=\"og:image\" content=\"https:\/\/www.nettali.com\/wp-content\/uploads\/2024\/06\/whatsapp-image-2024-06-24-at-22.52.41-1024x682-1.jpeg\" \/>\n\t<meta property=\"og:image:width\" content=\"400\" \/>\n\t<meta property=\"og:image:height\" content=\"266\" \/>\n<meta name=\"twitter:card\" content=\"summary_large_image\" \/>\n<meta name=\"twitter:label1\" content=\"\u00c9crit par\" \/>\n\t<meta name=\"twitter:data1\" content=\"CK\" \/>\n\t<meta name=\"twitter:label2\" content=\"Dur\u00e9e de lecture estim\u00e9e\" \/>\n\t<meta name=\"twitter:data2\" content=\"4 minutes\" \/>\n<script type=\"application\/ld+json\" class=\"yoast-schema-graph\">{\"@context\":\"https:\/\/schema.org\",\"@graph\":[{\"@type\":\"WebSite\",\"@id\":\"https:\/\/www.nettali.com\/#website\",\"url\":\"https:\/\/www.nettali.com\/\",\"name\":\"Nettali.com\",\"description\":\"Le rendez-vous critique du Net\",\"potentialAction\":[{\"@type\":\"SearchAction\",\"target\":{\"@type\":\"EntryPoint\",\"urlTemplate\":\"https:\/\/www.nettali.com\/?s={search_term_string}\"},\"query-input\":\"required name=search_term_string\"}],\"inLanguage\":\"fr-FR\"},{\"@type\":\"ImageObject\",\"@id\":\"https:\/\/www.nettali.com\/2024\/06\/25\/suspension-de-la-production-et-des-ventes-de-farine-le-gouvernement-declare-la-guerre-aux-meuniers\/#primaryimage\",\"inLanguage\":\"fr-FR\",\"url\":\"https:\/\/www.nettali.com\/wp-content\/uploads\/2024\/06\/whatsapp-image-2024-06-24-at-22.52.41-1024x682-1.jpeg\",\"contentUrl\":\"https:\/\/www.nettali.com\/wp-content\/uploads\/2024\/06\/whatsapp-image-2024-06-24-at-22.52.41-1024x682-1.jpeg\",\"width\":400,\"height\":266},{\"@type\":\"WebPage\",\"@id\":\"https:\/\/www.nettali.com\/2024\/06\/25\/suspension-de-la-production-et-des-ventes-de-farine-le-gouvernement-declare-la-guerre-aux-meuniers\/#webpage\",\"url\":\"https:\/\/www.nettali.com\/2024\/06\/25\/suspension-de-la-production-et-des-ventes-de-farine-le-gouvernement-declare-la-guerre-aux-meuniers\/\",\"name\":\"SUSPENSION DE LA PRODUCTION ET DES VENTES DE FARINE - Le gouvernement de\\u0301clare la guerre aux meuniers | Nettali.com\",\"isPartOf\":{\"@id\":\"https:\/\/www.nettali.com\/#website\"},\"primaryImageOfPage\":{\"@id\":\"https:\/\/www.nettali.com\/2024\/06\/25\/suspension-de-la-production-et-des-ventes-de-farine-le-gouvernement-declare-la-guerre-aux-meuniers\/#primaryimage\"},\"datePublished\":\"2024-06-25T08:39:38+00:00\",\"dateModified\":\"2024-06-26T07:47:00+00:00\",\"author\":{\"@id\":\"https:\/\/www.nettali.com\/#\/schema\/person\/d8ac7b7e27ddad43f1c0d2ef090d7f71\"},\"breadcrumb\":{\"@id\":\"https:\/\/www.nettali.com\/2024\/06\/25\/suspension-de-la-production-et-des-ventes-de-farine-le-gouvernement-declare-la-guerre-aux-meuniers\/#breadcrumb\"},\"inLanguage\":\"fr-FR\",\"potentialAction\":[{\"@type\":\"ReadAction\",\"target\":[\"https:\/\/www.nettali.com\/2024\/06\/25\/suspension-de-la-production-et-des-ventes-de-farine-le-gouvernement-declare-la-guerre-aux-meuniers\/\"]}]},{\"@type\":\"BreadcrumbList\",\"@id\":\"https:\/\/www.nettali.com\/2024\/06\/25\/suspension-de-la-production-et-des-ventes-de-farine-le-gouvernement-declare-la-guerre-aux-meuniers\/#breadcrumb\",\"itemListElement\":[{\"@type\":\"ListItem\",\"position\":1,\"name\":\"Accueil\",\"item\":\"https:\/\/www.nettali.com\/\"},{\"@type\":\"ListItem\",\"position\":2,\"name\":\"SUSPENSION DE LA PRODUCTION ET DES VENTES DE FARINE - Le gouvernement de\\u0301clare la guerre aux meuniers\"}]},{\"@type\":\"Person\",\"@id\":\"https:\/\/www.nettali.com\/#\/schema\/person\/d8ac7b7e27ddad43f1c0d2ef090d7f71\",\"name\":\"CK\",\"image\":{\"@type\":\"ImageObject\",\"@id\":\"https:\/\/www.nettali.com\/#personlogo\",\"inLanguage\":\"fr-FR\",\"url\":\"https:\/\/secure.gravatar.com\/avatar\/1d8d5118b9327d94da7cd4ce7f17fec2?s=96&d=mm&r=g\",\"contentUrl\":\"https:\/\/secure.gravatar.com\/avatar\/1d8d5118b9327d94da7cd4ce7f17fec2?s=96&d=mm&r=g\",\"caption\":\"CK\"},\"sameAs\":[\"https:\/\/www.nettali.com\"]}]}<\/script>\n<!-- \/ Yoast SEO Premium plugin. -->","yoast_head_json":{"title":"SUSPENSION DE LA PRODUCTION ET DES VENTES DE FARINE - Le gouvernement de\u0301clare la guerre aux meuniers | Nettali.com","robots":{"index":"index","follow":"follow","max-snippet":"max-snippet:-1","max-image-preview":"max-image-preview:large","max-video-preview":"max-video-preview:-1"},"canonical":"https:\/\/www.nettali.com\/2024\/06\/25\/suspension-de-la-production-et-des-ventes-de-farine-le-gouvernement-declare-la-guerre-aux-meuniers\/","og_locale":"fr_FR","og_type":"article","og_title":"SUSPENSION DE LA PRODUCTION ET DES VENTES DE FARINE - Le gouvernement de\u0301clare la guerre aux meuniers","og_description":"NETTALI.COM - Le gouvernement a mis en garde et a fermement condamne\u0301 la de\u0301claration de l'Association des meuniers industriels du Se\u0301ne\u0301gal qui a annonce\u0301, lundi matin 24 juin, l'arre\u0302t de la production et des ventes de farine boulange\u0300re. Il a releve\u0301 des pratiques commerciales douteuses et entend mener des missions de ve\u0301rification au niveau des [&hellip;]","og_url":"https:\/\/www.nettali.com\/2024\/06\/25\/suspension-de-la-production-et-des-ventes-de-farine-le-gouvernement-declare-la-guerre-aux-meuniers\/","og_site_name":"Nettali.com","article_publisher":"https:\/\/www.facebook.com\/nettalicom","article_published_time":"2024-06-25T08:39:38+00:00","article_modified_time":"2024-06-26T07:47:00+00:00","og_image":[{"width":400,"height":266,"url":"https:\/\/www.nettali.com\/wp-content\/uploads\/2024\/06\/whatsapp-image-2024-06-24-at-22.52.41-1024x682-1.jpeg","type":"image\/jpeg"}],"twitter_card":"summary_large_image","twitter_misc":{"\u00c9crit par":"CK","Dur\u00e9e de lecture estim\u00e9e":"4 minutes"},"schema":{"@context":"https:\/\/schema.org","@graph":[{"@type":"WebSite","@id":"https:\/\/www.nettali.com\/#website","url":"https:\/\/www.nettali.com\/","name":"Nettali.com","description":"Le rendez-vous critique du Net","potentialAction":[{"@type":"SearchAction","target":{"@type":"EntryPoint","urlTemplate":"https:\/\/www.nettali.com\/?s={search_term_string}"},"query-input":"required name=search_term_string"}],"inLanguage":"fr-FR"},{"@type":"ImageObject","@id":"https:\/\/www.nettali.com\/2024\/06\/25\/suspension-de-la-production-et-des-ventes-de-farine-le-gouvernement-declare-la-guerre-aux-meuniers\/#primaryimage","inLanguage":"fr-FR","url":"https:\/\/www.nettali.com\/wp-content\/uploads\/2024\/06\/whatsapp-image-2024-06-24-at-22.52.41-1024x682-1.jpeg","contentUrl":"https:\/\/www.nettali.com\/wp-content\/uploads\/2024\/06\/whatsapp-image-2024-06-24-at-22.52.41-1024x682-1.jpeg","width":400,"height":266},{"@type":"WebPage","@id":"https:\/\/www.nettali.com\/2024\/06\/25\/suspension-de-la-production-et-des-ventes-de-farine-le-gouvernement-declare-la-guerre-aux-meuniers\/#webpage","url":"https:\/\/www.nettali.com\/2024\/06\/25\/suspension-de-la-production-et-des-ventes-de-farine-le-gouvernement-declare-la-guerre-aux-meuniers\/","name":"SUSPENSION DE LA PRODUCTION ET DES VENTES DE FARINE - Le gouvernement de\u0301clare la guerre aux meuniers | Nettali.com","isPartOf":{"@id":"https:\/\/www.nettali.com\/#website"},"primaryImageOfPage":{"@id":"https:\/\/www.nettali.com\/2024\/06\/25\/suspension-de-la-production-et-des-ventes-de-farine-le-gouvernement-declare-la-guerre-aux-meuniers\/#primaryimage"},"datePublished":"2024-06-25T08:39:38+00:00","dateModified":"2024-06-26T07:47:00+00:00","author":{"@id":"https:\/\/www.nettali.com\/#\/schema\/person\/d8ac7b7e27ddad43f1c0d2ef090d7f71"},"breadcrumb":{"@id":"https:\/\/www.nettali.com\/2024\/06\/25\/suspension-de-la-production-et-des-ventes-de-farine-le-gouvernement-declare-la-guerre-aux-meuniers\/#breadcrumb"},"inLanguage":"fr-FR","potentialAction":[{"@type":"ReadAction","target":["https:\/\/www.nettali.com\/2024\/06\/25\/suspension-de-la-production-et-des-ventes-de-farine-le-gouvernement-declare-la-guerre-aux-meuniers\/"]}]},{"@type":"BreadcrumbList","@id":"https:\/\/www.nettali.com\/2024\/06\/25\/suspension-de-la-production-et-des-ventes-de-farine-le-gouvernement-declare-la-guerre-aux-meuniers\/#breadcrumb","itemListElement":[{"@type":"ListItem","position":1,"name":"Accueil","item":"https:\/\/www.nettali.com\/"},{"@type":"ListItem","position":2,"name":"SUSPENSION DE LA PRODUCTION ET DES VENTES DE FARINE - Le gouvernement de\u0301clare la guerre aux meuniers"}]},{"@type":"Person","@id":"https:\/\/www.nettali.com\/#\/schema\/person\/d8ac7b7e27ddad43f1c0d2ef090d7f71","name":"CK","image":{"@type":"ImageObject","@id":"https:\/\/www.nettali.com\/#personlogo","inLanguage":"fr-FR","url":"https:\/\/secure.gravatar.com\/avatar\/1d8d5118b9327d94da7cd4ce7f17fec2?s=96&d=mm&r=g","contentUrl":"https:\/\/secure.gravatar.com\/avatar\/1d8d5118b9327d94da7cd4ce7f17fec2?s=96&d=mm&r=g","caption":"CK"},"sameAs":["https:\/\/www.nettali.com"]}]}},"_links":{"self":[{"href":"https:\/\/www.nettali.com\/rest\/wp\/v2\/posts\/135728"}],"collection":[{"href":"https:\/\/www.nettali.com\/rest\/wp\/v2\/posts"}],"about":[{"href":"https:\/\/www.nettali.com\/rest\/wp\/v2\/types\/post"}],"author":[{"embeddable":true,"href":"https:\/\/www.nettali.com\/rest\/wp\/v2\/users\/2"}],"replies":[{"embeddable":true,"href":"https:\/\/www.nettali.com\/rest\/wp\/v2\/comments?post=135728"}],"version-history":[{"count":1,"href":"https:\/\/www.nettali.com\/rest\/wp\/v2\/posts\/135728\/revisions"}],"predecessor-version":[{"id":135732,"href":"https:\/\/www.nettali.com\/rest\/wp\/v2\/posts\/135728\/revisions\/135732"}],"wp:featuredmedia":[{"embeddable":true,"href":"https:\/\/www.nettali.com\/rest\/wp\/v2\/media\/135730"}],"wp:attachment":[{"href":"https:\/\/www.nettali.com\/rest\/wp\/v2\/media?parent=135728"}],"wp:term":[{"taxonomy":"category","embeddable":true,"href":"https:\/\/www.nettali.com\/rest\/wp\/v2\/categories?post=135728"},{"taxonomy":"post_tag","embeddable":true,"href":"https:\/\/www.nettali.com\/rest\/wp\/v2\/tags?post=135728"}],"curies":[{"name":"wp","href":"https:\/\/api.w.org\/{rel}","templated":true}]}}