{"id":135679,"date":"2024-06-24T18:39:50","date_gmt":"2024-06-24T18:39:50","guid":{"rendered":"https:\/\/www.nettali.com\/?p=135679"},"modified":"2024-06-24T18:39:50","modified_gmt":"2024-06-24T18:39:50","slug":"officiel-voici-larrete-portant-reduction-des-prix","status":"publish","type":"post","link":"https:\/\/www.nettali.com\/2024\/06\/24\/officiel-voici-larrete-portant-reduction-des-prix\/","title":{"rendered":"OFFICIEL - Voici l'arr\u00eat\u00e9 portant r\u00e9duction des prix"},"content":{"rendered":"<p class=\"summary_label\"><strong>NETTALI.COM - Officiel. Le gouvernement vient de publier l\u2019arr\u00eat\u00e9 portant administration des prix plafond de certains produits. Le ministre du Commerce, Serigne Gu\u00e8ye Diop, a sign\u00e9 et publi\u00e9 l\u2019arr\u00eat\u00e9 portant administration des prix plafond de certains produits. Un acte qui devra officialiser les baisses des prix annonc\u00e9e par l\u2019Etat.<\/strong><\/p>\n<div id=\"printable\" class=\"text_body\">\n<p>Dans l\u2019arr\u00eat\u00e9, le ministre pr\u00e9cise que le prix de l\u2019huile de palme raffin\u00e9e est fix\u00e9 \u00e0 1000 francs Cfa le litre. Le kilogramme de riz bris\u00e9 ordinaire sera d\u00e9sormais vendu \u00e0 410 francs Cfa, celui du sucre cristallis\u00e9 est plafonn\u00e9 \u00e0 600 francs Cfa.<\/p>\n<p>Pour le pain, le cout du format standard de 190 grammes est fix\u00e9 \u00e0 150 francs Cfa, celui du de la miche de 230 grammes plafonn\u00e9 \u00e0 200 francs Cfa.<\/p>\n<p>Le ministre souligne, cependant, que dans les autres r\u00e9gions du pays, les prix fix\u00e9s dans l'arr\u00eat\u00e9 sont major\u00e9s d'un diff\u00e9rentiel de transport d\u00e9termin\u00e9 par le Conseil\u00a0r\u00e9gional de la Consommation.<\/p>\n<p>Cependant, pr\u00e9cise l'autorit\u00e9, <em>\"Les commer\u00e7ants ont l'obligation de publier les prix ainsi fix\u00e9s\"<\/em>. Et les infractions aux dispositions de l'arr\u00eat\u00e9 sont passibles de sanctions, avertit-il.<\/p>\n\n\t\t<style type=\"text\/css\">\n\t\t\t#gallery-1 {\n\t\t\t\tmargin: auto;\n\t\t\t}\n\t\t\t#gallery-1 .gallery-item {\n\t\t\t\tfloat: left;\n\t\t\t\tmargin-top: 10px;\n\t\t\t\ttext-align: center;\n\t\t\t\twidth: 100%;\n\t\t\t}\n\t\t\t#gallery-1 img {\n\t\t\t\tborder: 2px solid #cfcfcf;\n\t\t\t}\n\t\t\t#gallery-1 .gallery-caption {\n\t\t\t\tmargin-left: 0;\n\t\t\t}\n\t\t\t\/* see gallery_shortcode() in wp-includes\/media.php *\/\n\t\t<\/style>\n\t\t<div id='gallery-1' class='gallery galleryid-135679 gallery-columns-1 gallery-size-full'><dl class='gallery-item'>\n\t\t\t<dt class='gallery-icon portrait'>\n\t\t\t\t<a href='https:\/\/www.nettali.com\/2024\/06\/24\/officiel-voici-larrete-portant-reduction-des-prix\/1-33\/'><img width=\"873\" height=\"1236\" src=\"https:\/\/www.nettali.com\/wp-content\/uploads\/2024\/06\/1.png\" class=\"attachment-full size-full\" alt=\"\" loading=\"lazy\" srcset=\"https:\/\/www.nettali.com\/wp-content\/uploads\/2024\/06\/1.png 873w, https:\/\/www.nettali.com\/wp-content\/uploads\/2024\/06\/1-212x300.png 212w, https:\/\/www.nettali.com\/wp-content\/uploads\/2024\/06\/1-723x1024.png 723w, https:\/\/www.nettali.com\/wp-content\/uploads\/2024\/06\/1-768x1087.png 768w\" sizes=\"(max-width: 873px) 100vw, 873px\" \/><\/a>\n\t\t\t<\/dt><\/dl><br style=\"clear: both\" \/><dl class='gallery-item'>\n\t\t\t<dt class='gallery-icon portrait'>\n\t\t\t\t<a href='https:\/\/www.nettali.com\/2024\/06\/24\/officiel-voici-larrete-portant-reduction-des-prix\/2-34\/'><img width=\"917\" height=\"1014\" src=\"https:\/\/www.nettali.com\/wp-content\/uploads\/2024\/06\/2.png\" class=\"attachment-full size-full\" alt=\"\" loading=\"lazy\" srcset=\"https:\/\/www.nettali.com\/wp-content\/uploads\/2024\/06\/2.png 917w, https:\/\/www.nettali.com\/wp-content\/uploads\/2024\/06\/2-271x300.png 271w, https:\/\/www.nettali.com\/wp-content\/uploads\/2024\/06\/2-768x849.png 768w\" sizes=\"(max-width: 917px) 100vw, 917px\" \/><\/a>\n\t\t\t<\/dt><\/dl><br style=\"clear: both\" \/><dl class='gallery-item'>\n\t\t\t<dt class='gallery-icon landscape'>\n\t\t\t\t<a href='https:\/\/www.nettali.com\/2024\/06\/24\/officiel-voici-larrete-portant-reduction-des-prix\/3-26\/'><img width=\"986\" height=\"941\" src=\"https:\/\/www.nettali.com\/wp-content\/uploads\/2024\/06\/3.png\" class=\"attachment-full size-full\" alt=\"\" loading=\"lazy\" srcset=\"https:\/\/www.nettali.com\/wp-content\/uploads\/2024\/06\/3.png 986w, https:\/\/www.nettali.com\/wp-content\/uploads\/2024\/06\/3-300x286.png 300w, https:\/\/www.nettali.com\/wp-content\/uploads\/2024\/06\/3-768x733.png 768w\" sizes=\"(max-width: 986px) 100vw, 986px\" \/><\/a>\n\t\t\t<\/dt><\/dl><br style=\"clear: both\" \/><dl class='gallery-item'>\n\t\t\t<dt class='gallery-icon landscape'>\n\t\t\t\t<a href='https:\/\/www.nettali.com\/2024\/06\/24\/officiel-voici-larrete-portant-reduction-des-prix\/4-21\/'><img width=\"828\" height=\"800\" src=\"https:\/\/www.nettali.com\/wp-content\/uploads\/2024\/06\/4.png\" class=\"attachment-full size-full\" alt=\"\" loading=\"lazy\" srcset=\"https:\/\/www.nettali.com\/wp-content\/uploads\/2024\/06\/4.png 828w, https:\/\/www.nettali.com\/wp-content\/uploads\/2024\/06\/4-300x290.png 300w, https:\/\/www.nettali.com\/wp-content\/uploads\/2024\/06\/4-768x742.png 768w\" sizes=\"(max-width: 828px) 100vw, 828px\" \/><\/a>\n\t\t\t<\/dt><\/dl><br style=\"clear: both\" \/>\n\t\t<\/div>\n\n<\/div>\n<div class='share-to-whatsapp-wrapper'><div class='share-on-whsp'>PARTAGER SUR : <\/div><a data-text='OFFICIEL - Voici l'arr\u00eat\u00e9 portant r\u00e9duction des prix' data-link='https:\/\/www.nettali.com\/2024\/06\/24\/officiel-voici-larrete-portant-reduction-des-prix\/' class='whatsapp-button whatsapp-share'>WhatsApp<\/a><div class='clear '><\/div><\/div>","protected":false},"excerpt":{"rendered":"<p>NETTALI.COM - Officiel. Le gouvernement vient de publier l\u2019arr\u00eat\u00e9 portant administration des prix plafond de certains produits. Le ministre du Commerce, Serigne Gu\u00e8ye Diop, a sign\u00e9 et publi\u00e9 l\u2019arr\u00eat\u00e9 portant administration des prix plafond de certains produits. Un acte qui devra officialiser les baisses des prix annonc\u00e9e par l\u2019Etat. Dans l\u2019arr\u00eat\u00e9, le ministre pr\u00e9cise que [&hellip;]<\/p>\n","protected":false},"author":4,"featured_media":13393,"comment_status":"open","ping_status":"open","sticky":false,"template":"","format":"standard","meta":{"_et_pb_use_builder":"","_et_pb_old_content":""},"categories":[3],"tags":[],"yoast_head":"<!-- This site is optimized with the Yoast SEO Premium plugin v17.8 (Yoast SEO v17.8) - https:\/\/yoast.com\/wordpress\/plugins\/seo\/ -->\n<title>OFFICIEL - Voici l&#039;arr\u00eat\u00e9 portant r\u00e9duction des prix | Nettali.com<\/title>\n<meta name=\"robots\" content=\"index, follow, max-snippet:-1, max-image-preview:large, max-video-preview:-1\" \/>\n<link rel=\"canonical\" href=\"https:\/\/www.nettali.com\/2024\/06\/24\/officiel-voici-larrete-portant-reduction-des-prix\/\" \/>\n<meta property=\"og:locale\" content=\"fr_FR\" \/>\n<meta property=\"og:type\" content=\"article\" \/>\n<meta property=\"og:title\" content=\"OFFICIEL - Voici l&#039;arr\u00eat\u00e9 portant r\u00e9duction des prix\" \/>\n<meta property=\"og:description\" content=\"NETTALI.COM - Officiel. Le gouvernement vient de publier l\u2019arr\u00eat\u00e9 portant administration des prix plafond de certains produits. Le ministre du Commerce, Serigne Gu\u00e8ye Diop, a sign\u00e9 et publi\u00e9 l\u2019arr\u00eat\u00e9 portant administration des prix plafond de certains produits. Un acte qui devra officialiser les baisses des prix annonc\u00e9e par l\u2019Etat. Dans l\u2019arr\u00eat\u00e9, le ministre pr\u00e9cise que [&hellip;]\" \/>\n<meta property=\"og:url\" content=\"https:\/\/www.nettali.com\/2024\/06\/24\/officiel-voici-larrete-portant-reduction-des-prix\/\" \/>\n<meta property=\"og:site_name\" content=\"Nettali.com\" \/>\n<meta property=\"article:publisher\" content=\"https:\/\/www.facebook.com\/nettalicom\" \/>\n<meta property=\"article:published_time\" content=\"2024-06-24T18:39:50+00:00\" \/>\n<meta property=\"og:image\" content=\"https:\/\/www.nettali.com\/wp-content\/uploads\/2019\/07\/le-prix-de-la-baguette-de-Pain.jpg\" \/>\n\t<meta property=\"og:image:width\" content=\"1200\" \/>\n\t<meta property=\"og:image:height\" content=\"888\" \/>\n<meta name=\"twitter:card\" content=\"summary_large_image\" \/>\n<meta name=\"twitter:label1\" content=\"\u00c9crit par\" \/>\n\t<meta name=\"twitter:data1\" content=\"Daouda\" \/>\n\t<meta name=\"twitter:label2\" content=\"Dur\u00e9e de lecture estim\u00e9e\" \/>\n\t<meta name=\"twitter:data2\" content=\"1 minute\" \/>\n<script type=\"application\/ld+json\" class=\"yoast-schema-graph\">{\"@context\":\"https:\/\/schema.org\",\"@graph\":[{\"@type\":\"WebSite\",\"@id\":\"https:\/\/www.nettali.com\/#website\",\"url\":\"https:\/\/www.nettali.com\/\",\"name\":\"Nettali.com\",\"description\":\"Le rendez-vous critique du Net\",\"potentialAction\":[{\"@type\":\"SearchAction\",\"target\":{\"@type\":\"EntryPoint\",\"urlTemplate\":\"https:\/\/www.nettali.com\/?s={search_term_string}\"},\"query-input\":\"required name=search_term_string\"}],\"inLanguage\":\"fr-FR\"},{\"@type\":\"ImageObject\",\"@id\":\"https:\/\/www.nettali.com\/2024\/06\/24\/officiel-voici-larrete-portant-reduction-des-prix\/#primaryimage\",\"inLanguage\":\"fr-FR\",\"url\":\"https:\/\/www.nettali.com\/wp-content\/uploads\/2019\/07\/le-prix-de-la-baguette-de-Pain.jpg\",\"contentUrl\":\"https:\/\/www.nettali.com\/wp-content\/uploads\/2019\/07\/le-prix-de-la-baguette-de-Pain.jpg\",\"width\":1200,\"height\":888},{\"@type\":\"WebPage\",\"@id\":\"https:\/\/www.nettali.com\/2024\/06\/24\/officiel-voici-larrete-portant-reduction-des-prix\/#webpage\",\"url\":\"https:\/\/www.nettali.com\/2024\/06\/24\/officiel-voici-larrete-portant-reduction-des-prix\/\",\"name\":\"OFFICIEL - Voici l'arr\\u00eat\\u00e9 portant r\\u00e9duction des prix | Nettali.com\",\"isPartOf\":{\"@id\":\"https:\/\/www.nettali.com\/#website\"},\"primaryImageOfPage\":{\"@id\":\"https:\/\/www.nettali.com\/2024\/06\/24\/officiel-voici-larrete-portant-reduction-des-prix\/#primaryimage\"},\"datePublished\":\"2024-06-24T18:39:50+00:00\",\"dateModified\":\"2024-06-24T18:39:50+00:00\",\"author\":{\"@id\":\"https:\/\/www.nettali.com\/#\/schema\/person\/3317e0bb3aa1da309fbf7b2780901bf4\"},\"breadcrumb\":{\"@id\":\"https:\/\/www.nettali.com\/2024\/06\/24\/officiel-voici-larrete-portant-reduction-des-prix\/#breadcrumb\"},\"inLanguage\":\"fr-FR\",\"potentialAction\":[{\"@type\":\"ReadAction\",\"target\":[\"https:\/\/www.nettali.com\/2024\/06\/24\/officiel-voici-larrete-portant-reduction-des-prix\/\"]}]},{\"@type\":\"BreadcrumbList\",\"@id\":\"https:\/\/www.nettali.com\/2024\/06\/24\/officiel-voici-larrete-portant-reduction-des-prix\/#breadcrumb\",\"itemListElement\":[{\"@type\":\"ListItem\",\"position\":1,\"name\":\"Accueil\",\"item\":\"https:\/\/www.nettali.com\/\"},{\"@type\":\"ListItem\",\"position\":2,\"name\":\"OFFICIEL - Voici l'arr\\u00eat\\u00e9 portant r\\u00e9duction des prix\"}]},{\"@type\":\"Person\",\"@id\":\"https:\/\/www.nettali.com\/#\/schema\/person\/3317e0bb3aa1da309fbf7b2780901bf4\",\"name\":\"Daouda\",\"image\":{\"@type\":\"ImageObject\",\"@id\":\"https:\/\/www.nettali.com\/#personlogo\",\"inLanguage\":\"fr-FR\",\"url\":\"https:\/\/secure.gravatar.com\/avatar\/8d143b5a49345098ddcfee1c49c2f47c?s=96&d=mm&r=g\",\"contentUrl\":\"https:\/\/secure.gravatar.com\/avatar\/8d143b5a49345098ddcfee1c49c2f47c?s=96&d=mm&r=g\",\"caption\":\"Daouda\"},\"sameAs\":[\"https:\/\/www.nettali.com\"]}]}<\/script>\n<!-- \/ Yoast SEO Premium plugin. -->","yoast_head_json":{"title":"OFFICIEL - Voici l'arr\u00eat\u00e9 portant r\u00e9duction des prix | Nettali.com","robots":{"index":"index","follow":"follow","max-snippet":"max-snippet:-1","max-image-preview":"max-image-preview:large","max-video-preview":"max-video-preview:-1"},"canonical":"https:\/\/www.nettali.com\/2024\/06\/24\/officiel-voici-larrete-portant-reduction-des-prix\/","og_locale":"fr_FR","og_type":"article","og_title":"OFFICIEL - Voici l'arr\u00eat\u00e9 portant r\u00e9duction des prix","og_description":"NETTALI.COM - Officiel. Le gouvernement vient de publier l\u2019arr\u00eat\u00e9 portant administration des prix plafond de certains produits. Le ministre du Commerce, Serigne Gu\u00e8ye Diop, a sign\u00e9 et publi\u00e9 l\u2019arr\u00eat\u00e9 portant administration des prix plafond de certains produits. Un acte qui devra officialiser les baisses des prix annonc\u00e9e par l\u2019Etat. Dans l\u2019arr\u00eat\u00e9, le ministre pr\u00e9cise que [&hellip;]","og_url":"https:\/\/www.nettali.com\/2024\/06\/24\/officiel-voici-larrete-portant-reduction-des-prix\/","og_site_name":"Nettali.com","article_publisher":"https:\/\/www.facebook.com\/nettalicom","article_published_time":"2024-06-24T18:39:50+00:00","og_image":[{"width":1200,"height":888,"url":"https:\/\/www.nettali.com\/wp-content\/uploads\/2019\/07\/le-prix-de-la-baguette-de-Pain.jpg","type":"image\/jpeg"}],"twitter_card":"summary_large_image","twitter_misc":{"\u00c9crit par":"Daouda","Dur\u00e9e de lecture estim\u00e9e":"1 minute"},"schema":{"@context":"https:\/\/schema.org","@graph":[{"@type":"WebSite","@id":"https:\/\/www.nettali.com\/#website","url":"https:\/\/www.nettali.com\/","name":"Nettali.com","description":"Le rendez-vous critique du Net","potentialAction":[{"@type":"SearchAction","target":{"@type":"EntryPoint","urlTemplate":"https:\/\/www.nettali.com\/?s={search_term_string}"},"query-input":"required name=search_term_string"}],"inLanguage":"fr-FR"},{"@type":"ImageObject","@id":"https:\/\/www.nettali.com\/2024\/06\/24\/officiel-voici-larrete-portant-reduction-des-prix\/#primaryimage","inLanguage":"fr-FR","url":"https:\/\/www.nettali.com\/wp-content\/uploads\/2019\/07\/le-prix-de-la-baguette-de-Pain.jpg","contentUrl":"https:\/\/www.nettali.com\/wp-content\/uploads\/2019\/07\/le-prix-de-la-baguette-de-Pain.jpg","width":1200,"height":888},{"@type":"WebPage","@id":"https:\/\/www.nettali.com\/2024\/06\/24\/officiel-voici-larrete-portant-reduction-des-prix\/#webpage","url":"https:\/\/www.nettali.com\/2024\/06\/24\/officiel-voici-larrete-portant-reduction-des-prix\/","name":"OFFICIEL - Voici l'arr\u00eat\u00e9 portant r\u00e9duction des prix | Nettali.com","isPartOf":{"@id":"https:\/\/www.nettali.com\/#website"},"primaryImageOfPage":{"@id":"https:\/\/www.nettali.com\/2024\/06\/24\/officiel-voici-larrete-portant-reduction-des-prix\/#primaryimage"},"datePublished":"2024-06-24T18:39:50+00:00","dateModified":"2024-06-24T18:39:50+00:00","author":{"@id":"https:\/\/www.nettali.com\/#\/schema\/person\/3317e0bb3aa1da309fbf7b2780901bf4"},"breadcrumb":{"@id":"https:\/\/www.nettali.com\/2024\/06\/24\/officiel-voici-larrete-portant-reduction-des-prix\/#breadcrumb"},"inLanguage":"fr-FR","potentialAction":[{"@type":"ReadAction","target":["https:\/\/www.nettali.com\/2024\/06\/24\/officiel-voici-larrete-portant-reduction-des-prix\/"]}]},{"@type":"BreadcrumbList","@id":"https:\/\/www.nettali.com\/2024\/06\/24\/officiel-voici-larrete-portant-reduction-des-prix\/#breadcrumb","itemListElement":[{"@type":"ListItem","position":1,"name":"Accueil","item":"https:\/\/www.nettali.com\/"},{"@type":"ListItem","position":2,"name":"OFFICIEL - Voici l'arr\u00eat\u00e9 portant r\u00e9duction des prix"}]},{"@type":"Person","@id":"https:\/\/www.nettali.com\/#\/schema\/person\/3317e0bb3aa1da309fbf7b2780901bf4","name":"Daouda","image":{"@type":"ImageObject","@id":"https:\/\/www.nettali.com\/#personlogo","inLanguage":"fr-FR","url":"https:\/\/secure.gravatar.com\/avatar\/8d143b5a49345098ddcfee1c49c2f47c?s=96&d=mm&r=g","contentUrl":"https:\/\/secure.gravatar.com\/avatar\/8d143b5a49345098ddcfee1c49c2f47c?s=96&d=mm&r=g","caption":"Daouda"},"sameAs":["https:\/\/www.nettali.com"]}]}},"_links":{"self":[{"href":"https:\/\/www.nettali.com\/rest\/wp\/v2\/posts\/135679"}],"collection":[{"href":"https:\/\/www.nettali.com\/rest\/wp\/v2\/posts"}],"about":[{"href":"https:\/\/www.nettali.com\/rest\/wp\/v2\/types\/post"}],"author":[{"embeddable":true,"href":"https:\/\/www.nettali.com\/rest\/wp\/v2\/users\/4"}],"replies":[{"embeddable":true,"href":"https:\/\/www.nettali.com\/rest\/wp\/v2\/comments?post=135679"}],"version-history":[{"count":1,"href":"https:\/\/www.nettali.com\/rest\/wp\/v2\/posts\/135679\/revisions"}],"predecessor-version":[{"id":135684,"href":"https:\/\/www.nettali.com\/rest\/wp\/v2\/posts\/135679\/revisions\/135684"}],"wp:featuredmedia":[{"embeddable":true,"href":"https:\/\/www.nettali.com\/rest\/wp\/v2\/media\/13393"}],"wp:attachment":[{"href":"https:\/\/www.nettali.com\/rest\/wp\/v2\/media?parent=135679"}],"wp:term":[{"taxonomy":"category","embeddable":true,"href":"https:\/\/www.nettali.com\/rest\/wp\/v2\/categories?post=135679"},{"taxonomy":"post_tag","embeddable":true,"href":"https:\/\/www.nettali.com\/rest\/wp\/v2\/tags?post=135679"}],"curies":[{"name":"wp","href":"https:\/\/api.w.org\/{rel}","templated":true}]}}