{"id":135391,"date":"2024-06-19T09:11:34","date_gmt":"2024-06-19T09:11:34","guid":{"rendered":"https:\/\/www.nettali.com\/?p=135391"},"modified":"2024-06-19T09:11:39","modified_gmt":"2024-06-19T09:11:39","slug":"madina-gounass-le-general-jean-baptiste-tine-en-sapeur-pompiers-apres-les-affrontements","status":"publish","type":"post","link":"https:\/\/www.nettali.com\/2024\/06\/19\/madina-gounass-le-general-jean-baptiste-tine-en-sapeur-pompiers-apres-les-affrontements\/","title":{"rendered":"MADINA GOUNASS - Le g\u00e9n\u00e9ral Jean Baptiste Tine en sapeur pompiers apr\u00e8s les affrontements"},"content":{"rendered":"<p><strong>NETTALI.COM - Le ministre de l\u2019Int\u00e9rieur et de la S\u00e9curit\u00e9 publique, g\u00e9n\u00e9ral Jean Baptiste Tine, a plaid\u00e9 mardi aupr\u00e8s du khalife g\u00e9n\u00e9ral de Madina Gounass, pour un apaisement apr\u00e8s les affrontements ayant oppos\u00e9 lundi deux communaut\u00e9s religieuses apr\u00e8s la pri\u00e8re marquant la c\u00e9l\u00e9bration de la Tabaski.<\/strong><\/p>\n<p><em>\"Nous sommes venus ici aujourd\u2019hui pour renforcer les liens et r\u00e9it\u00e9rer ma demande faite hier [lundi] au Khalife pour apaiser les esprits et baisser la tension, et il a accept\u00e9. C\u2019est pourquoi j\u2019ai effectu\u00e9 le d\u00e9placement pour consolider les acquis et encore demander le retour au calme\u2019\u2019<\/em>, a d\u00e9clar\u00e9 le g\u00e9n\u00e9ral Tine.<\/p>\n<p>Arriv\u00e9 \u00e0 Madina Gounass mardi en fin de matin\u00e9e, le ministre de l\u2019Int\u00e9rieur a insist\u00e9 pour un retour au calme et \u00e0 la s\u00e9r\u00e9nit\u00e9 dans la cit\u00e9 religieuse, o\u00f9 la pri\u00e8re de l\u2019Aid-el-K\u00e9bir a \u00e9t\u00e9 \u00e9maill\u00e9e de violences.<\/p>\n<p>Le ministre de l\u2019Int\u00e9rieur, qui a rencontr\u00e9 le khalife g\u00e9n\u00e9ral de Madina Gounass, Thierno Amadou Tidiane Ba, sera aussi re\u00e7u par le Khalife g\u00e9n\u00e9ral du Fouladou, Thierno Mounirou Bald\u00e9.<\/p>\n<p>Lundi, des affrontements ont oppos\u00e9 les disciples des deux communaut\u00e9s, faisant un mort, des bless\u00e9s, des d\u00e9g\u00e2ts mat\u00e9riels et des arrestations.<\/p>\n<p>Les affrontements ont d\u00e9marr\u00e9 \u00e0 la fin de la pri\u00e8re de Tabaski, alors que le Khalife de Madina Gounass, Thierno Amadou Tidiane Ba, regagnait son domicile en compagnie de ses disciples.<\/p>\n<p>La procession aurait \u00e9t\u00e9 attaqu\u00e9e par des membres d\u2019une autre communaut\u00e9 religieuse, provocant des affrontements.<\/p>\n<p>Des maisons ont \u00e9t\u00e9 attaqu\u00e9es, des lieux de commerce vandalis\u00e9s, des v\u00e9hicules caillass\u00e9s, selon des t\u00e9moins.<\/p>\n<p>La personne qui a \u00e9t\u00e9 tu\u00e9e revenait d\u2019un champ, a confi\u00e9 une source administrative, soulignant qu\u2019elle a \u00e9t\u00e9 prise \u00e0 partie par un groupe d\u2019individus.<\/p>\n<p>La gendarmerie est intervenue et a proc\u00e9d\u00e9 \u00e0 des arrestations. Elle a renforc\u00e9 son dispositif \u00e0 Madina Gounass o\u00f9 se sont rendus le gouverneur de la r\u00e9gion de Kolda, Saer Ndaw, et le pr\u00e9fet de V\u00e9lingara.<\/p>\n<p>Lundi, le khalife de Madina Gounass, par la voix de son porte-parole, a appel\u00e9 au calme.<\/p>\n<div class='share-to-whatsapp-wrapper'><div class='share-on-whsp'>PARTAGER SUR : <\/div><a data-text='MADINA GOUNASS - Le g\u00e9n\u00e9ral Jean Baptiste Tine en sapeur pompiers apr\u00e8s les affrontements' data-link='https:\/\/www.nettali.com\/2024\/06\/19\/madina-gounass-le-general-jean-baptiste-tine-en-sapeur-pompiers-apres-les-affrontements\/' class='whatsapp-button whatsapp-share'>WhatsApp<\/a><div class='clear '><\/div><\/div>","protected":false},"excerpt":{"rendered":"<p>NETTALI.COM - Le ministre de l\u2019Int\u00e9rieur et de la S\u00e9curit\u00e9 publique, g\u00e9n\u00e9ral Jean Baptiste Tine, a plaid\u00e9 mardi aupr\u00e8s du khalife g\u00e9n\u00e9ral de Madina Gounass, pour un apaisement apr\u00e8s les affrontements ayant oppos\u00e9 lundi deux communaut\u00e9s religieuses apr\u00e8s la pri\u00e8re marquant la c\u00e9l\u00e9bration de la Tabaski. \"Nous sommes venus ici aujourd\u2019hui pour renforcer les liens [&hellip;]<\/p>\n","protected":false},"author":4,"featured_media":135348,"comment_status":"open","ping_status":"open","sticky":false,"template":"","format":"standard","meta":{"_et_pb_use_builder":"","_et_pb_old_content":""},"categories":[3],"tags":[],"yoast_head":"<!-- This site is optimized with the Yoast SEO Premium plugin v17.8 (Yoast SEO v17.8) - https:\/\/yoast.com\/wordpress\/plugins\/seo\/ -->\n<title>MADINA GOUNASS - Le g\u00e9n\u00e9ral Jean Baptiste Tine en sapeur pompiers apr\u00e8s les affrontements | Nettali.com<\/title>\n<meta name=\"robots\" content=\"index, follow, max-snippet:-1, max-image-preview:large, max-video-preview:-1\" \/>\n<link rel=\"canonical\" href=\"https:\/\/www.nettali.com\/2024\/06\/19\/madina-gounass-le-general-jean-baptiste-tine-en-sapeur-pompiers-apres-les-affrontements\/\" \/>\n<meta property=\"og:locale\" content=\"fr_FR\" \/>\n<meta property=\"og:type\" content=\"article\" \/>\n<meta property=\"og:title\" content=\"MADINA GOUNASS - Le g\u00e9n\u00e9ral Jean Baptiste Tine en sapeur pompiers apr\u00e8s les affrontements\" \/>\n<meta property=\"og:description\" content=\"NETTALI.COM - Le ministre de l\u2019Int\u00e9rieur et de la S\u00e9curit\u00e9 publique, g\u00e9n\u00e9ral Jean Baptiste Tine, a plaid\u00e9 mardi aupr\u00e8s du khalife g\u00e9n\u00e9ral de Madina Gounass, pour un apaisement apr\u00e8s les affrontements ayant oppos\u00e9 lundi deux communaut\u00e9s religieuses apr\u00e8s la pri\u00e8re marquant la c\u00e9l\u00e9bration de la Tabaski. &quot;Nous sommes venus ici aujourd\u2019hui pour renforcer les liens [&hellip;]\" \/>\n<meta property=\"og:url\" content=\"https:\/\/www.nettali.com\/2024\/06\/19\/madina-gounass-le-general-jean-baptiste-tine-en-sapeur-pompiers-apres-les-affrontements\/\" \/>\n<meta property=\"og:site_name\" content=\"Nettali.com\" \/>\n<meta property=\"article:publisher\" content=\"https:\/\/www.facebook.com\/nettalicom\" \/>\n<meta property=\"article:published_time\" content=\"2024-06-19T09:11:34+00:00\" \/>\n<meta property=\"article:modified_time\" content=\"2024-06-19T09:11:39+00:00\" \/>\n<meta property=\"og:image\" content=\"https:\/\/www.nettali.com\/wp-content\/uploads\/2024\/06\/telechargement.jpeg\" \/>\n\t<meta property=\"og:image:width\" content=\"322\" \/>\n\t<meta property=\"og:image:height\" content=\"157\" \/>\n<meta name=\"twitter:card\" content=\"summary_large_image\" \/>\n<meta name=\"twitter:label1\" content=\"\u00c9crit par\" \/>\n\t<meta name=\"twitter:data1\" content=\"Daouda\" \/>\n\t<meta name=\"twitter:label2\" content=\"Dur\u00e9e de lecture estim\u00e9e\" \/>\n\t<meta name=\"twitter:data2\" content=\"2 minutes\" \/>\n<script type=\"application\/ld+json\" class=\"yoast-schema-graph\">{\"@context\":\"https:\/\/schema.org\",\"@graph\":[{\"@type\":\"WebSite\",\"@id\":\"https:\/\/www.nettali.com\/#website\",\"url\":\"https:\/\/www.nettali.com\/\",\"name\":\"Nettali.com\",\"description\":\"Le rendez-vous critique du Net\",\"potentialAction\":[{\"@type\":\"SearchAction\",\"target\":{\"@type\":\"EntryPoint\",\"urlTemplate\":\"https:\/\/www.nettali.com\/?s={search_term_string}\"},\"query-input\":\"required name=search_term_string\"}],\"inLanguage\":\"fr-FR\"},{\"@type\":\"ImageObject\",\"@id\":\"https:\/\/www.nettali.com\/2024\/06\/19\/madina-gounass-le-general-jean-baptiste-tine-en-sapeur-pompiers-apres-les-affrontements\/#primaryimage\",\"inLanguage\":\"fr-FR\",\"url\":\"https:\/\/www.nettali.com\/wp-content\/uploads\/2024\/06\/telechargement.jpeg\",\"contentUrl\":\"https:\/\/www.nettali.com\/wp-content\/uploads\/2024\/06\/telechargement.jpeg\",\"width\":322,\"height\":157},{\"@type\":\"WebPage\",\"@id\":\"https:\/\/www.nettali.com\/2024\/06\/19\/madina-gounass-le-general-jean-baptiste-tine-en-sapeur-pompiers-apres-les-affrontements\/#webpage\",\"url\":\"https:\/\/www.nettali.com\/2024\/06\/19\/madina-gounass-le-general-jean-baptiste-tine-en-sapeur-pompiers-apres-les-affrontements\/\",\"name\":\"MADINA GOUNASS - Le g\\u00e9n\\u00e9ral Jean Baptiste Tine en sapeur pompiers apr\\u00e8s les affrontements | Nettali.com\",\"isPartOf\":{\"@id\":\"https:\/\/www.nettali.com\/#website\"},\"primaryImageOfPage\":{\"@id\":\"https:\/\/www.nettali.com\/2024\/06\/19\/madina-gounass-le-general-jean-baptiste-tine-en-sapeur-pompiers-apres-les-affrontements\/#primaryimage\"},\"datePublished\":\"2024-06-19T09:11:34+00:00\",\"dateModified\":\"2024-06-19T09:11:39+00:00\",\"author\":{\"@id\":\"https:\/\/www.nettali.com\/#\/schema\/person\/3317e0bb3aa1da309fbf7b2780901bf4\"},\"breadcrumb\":{\"@id\":\"https:\/\/www.nettali.com\/2024\/06\/19\/madina-gounass-le-general-jean-baptiste-tine-en-sapeur-pompiers-apres-les-affrontements\/#breadcrumb\"},\"inLanguage\":\"fr-FR\",\"potentialAction\":[{\"@type\":\"ReadAction\",\"target\":[\"https:\/\/www.nettali.com\/2024\/06\/19\/madina-gounass-le-general-jean-baptiste-tine-en-sapeur-pompiers-apres-les-affrontements\/\"]}]},{\"@type\":\"BreadcrumbList\",\"@id\":\"https:\/\/www.nettali.com\/2024\/06\/19\/madina-gounass-le-general-jean-baptiste-tine-en-sapeur-pompiers-apres-les-affrontements\/#breadcrumb\",\"itemListElement\":[{\"@type\":\"ListItem\",\"position\":1,\"name\":\"Accueil\",\"item\":\"https:\/\/www.nettali.com\/\"},{\"@type\":\"ListItem\",\"position\":2,\"name\":\"MADINA GOUNASS - Le g\\u00e9n\\u00e9ral Jean Baptiste Tine en sapeur pompiers apr\\u00e8s les affrontements\"}]},{\"@type\":\"Person\",\"@id\":\"https:\/\/www.nettali.com\/#\/schema\/person\/3317e0bb3aa1da309fbf7b2780901bf4\",\"name\":\"Daouda\",\"image\":{\"@type\":\"ImageObject\",\"@id\":\"https:\/\/www.nettali.com\/#personlogo\",\"inLanguage\":\"fr-FR\",\"url\":\"https:\/\/secure.gravatar.com\/avatar\/8d143b5a49345098ddcfee1c49c2f47c?s=96&d=mm&r=g\",\"contentUrl\":\"https:\/\/secure.gravatar.com\/avatar\/8d143b5a49345098ddcfee1c49c2f47c?s=96&d=mm&r=g\",\"caption\":\"Daouda\"},\"sameAs\":[\"https:\/\/www.nettali.com\"]}]}<\/script>\n<!-- \/ Yoast SEO Premium plugin. -->","yoast_head_json":{"title":"MADINA GOUNASS - Le g\u00e9n\u00e9ral Jean Baptiste Tine en sapeur pompiers apr\u00e8s les affrontements | Nettali.com","robots":{"index":"index","follow":"follow","max-snippet":"max-snippet:-1","max-image-preview":"max-image-preview:large","max-video-preview":"max-video-preview:-1"},"canonical":"https:\/\/www.nettali.com\/2024\/06\/19\/madina-gounass-le-general-jean-baptiste-tine-en-sapeur-pompiers-apres-les-affrontements\/","og_locale":"fr_FR","og_type":"article","og_title":"MADINA GOUNASS - Le g\u00e9n\u00e9ral Jean Baptiste Tine en sapeur pompiers apr\u00e8s les affrontements","og_description":"NETTALI.COM - Le ministre de l\u2019Int\u00e9rieur et de la S\u00e9curit\u00e9 publique, g\u00e9n\u00e9ral Jean Baptiste Tine, a plaid\u00e9 mardi aupr\u00e8s du khalife g\u00e9n\u00e9ral de Madina Gounass, pour un apaisement apr\u00e8s les affrontements ayant oppos\u00e9 lundi deux communaut\u00e9s religieuses apr\u00e8s la pri\u00e8re marquant la c\u00e9l\u00e9bration de la Tabaski. \"Nous sommes venus ici aujourd\u2019hui pour renforcer les liens [&hellip;]","og_url":"https:\/\/www.nettali.com\/2024\/06\/19\/madina-gounass-le-general-jean-baptiste-tine-en-sapeur-pompiers-apres-les-affrontements\/","og_site_name":"Nettali.com","article_publisher":"https:\/\/www.facebook.com\/nettalicom","article_published_time":"2024-06-19T09:11:34+00:00","article_modified_time":"2024-06-19T09:11:39+00:00","og_image":[{"width":322,"height":157,"url":"https:\/\/www.nettali.com\/wp-content\/uploads\/2024\/06\/telechargement.jpeg","type":"image\/jpeg"}],"twitter_card":"summary_large_image","twitter_misc":{"\u00c9crit par":"Daouda","Dur\u00e9e de lecture estim\u00e9e":"2 minutes"},"schema":{"@context":"https:\/\/schema.org","@graph":[{"@type":"WebSite","@id":"https:\/\/www.nettali.com\/#website","url":"https:\/\/www.nettali.com\/","name":"Nettali.com","description":"Le rendez-vous critique du Net","potentialAction":[{"@type":"SearchAction","target":{"@type":"EntryPoint","urlTemplate":"https:\/\/www.nettali.com\/?s={search_term_string}"},"query-input":"required name=search_term_string"}],"inLanguage":"fr-FR"},{"@type":"ImageObject","@id":"https:\/\/www.nettali.com\/2024\/06\/19\/madina-gounass-le-general-jean-baptiste-tine-en-sapeur-pompiers-apres-les-affrontements\/#primaryimage","inLanguage":"fr-FR","url":"https:\/\/www.nettali.com\/wp-content\/uploads\/2024\/06\/telechargement.jpeg","contentUrl":"https:\/\/www.nettali.com\/wp-content\/uploads\/2024\/06\/telechargement.jpeg","width":322,"height":157},{"@type":"WebPage","@id":"https:\/\/www.nettali.com\/2024\/06\/19\/madina-gounass-le-general-jean-baptiste-tine-en-sapeur-pompiers-apres-les-affrontements\/#webpage","url":"https:\/\/www.nettali.com\/2024\/06\/19\/madina-gounass-le-general-jean-baptiste-tine-en-sapeur-pompiers-apres-les-affrontements\/","name":"MADINA GOUNASS - Le g\u00e9n\u00e9ral Jean Baptiste Tine en sapeur pompiers apr\u00e8s les affrontements | Nettali.com","isPartOf":{"@id":"https:\/\/www.nettali.com\/#website"},"primaryImageOfPage":{"@id":"https:\/\/www.nettali.com\/2024\/06\/19\/madina-gounass-le-general-jean-baptiste-tine-en-sapeur-pompiers-apres-les-affrontements\/#primaryimage"},"datePublished":"2024-06-19T09:11:34+00:00","dateModified":"2024-06-19T09:11:39+00:00","author":{"@id":"https:\/\/www.nettali.com\/#\/schema\/person\/3317e0bb3aa1da309fbf7b2780901bf4"},"breadcrumb":{"@id":"https:\/\/www.nettali.com\/2024\/06\/19\/madina-gounass-le-general-jean-baptiste-tine-en-sapeur-pompiers-apres-les-affrontements\/#breadcrumb"},"inLanguage":"fr-FR","potentialAction":[{"@type":"ReadAction","target":["https:\/\/www.nettali.com\/2024\/06\/19\/madina-gounass-le-general-jean-baptiste-tine-en-sapeur-pompiers-apres-les-affrontements\/"]}]},{"@type":"BreadcrumbList","@id":"https:\/\/www.nettali.com\/2024\/06\/19\/madina-gounass-le-general-jean-baptiste-tine-en-sapeur-pompiers-apres-les-affrontements\/#breadcrumb","itemListElement":[{"@type":"ListItem","position":1,"name":"Accueil","item":"https:\/\/www.nettali.com\/"},{"@type":"ListItem","position":2,"name":"MADINA GOUNASS - Le g\u00e9n\u00e9ral Jean Baptiste Tine en sapeur pompiers apr\u00e8s les affrontements"}]},{"@type":"Person","@id":"https:\/\/www.nettali.com\/#\/schema\/person\/3317e0bb3aa1da309fbf7b2780901bf4","name":"Daouda","image":{"@type":"ImageObject","@id":"https:\/\/www.nettali.com\/#personlogo","inLanguage":"fr-FR","url":"https:\/\/secure.gravatar.com\/avatar\/8d143b5a49345098ddcfee1c49c2f47c?s=96&d=mm&r=g","contentUrl":"https:\/\/secure.gravatar.com\/avatar\/8d143b5a49345098ddcfee1c49c2f47c?s=96&d=mm&r=g","caption":"Daouda"},"sameAs":["https:\/\/www.nettali.com"]}]}},"_links":{"self":[{"href":"https:\/\/www.nettali.com\/rest\/wp\/v2\/posts\/135391"}],"collection":[{"href":"https:\/\/www.nettali.com\/rest\/wp\/v2\/posts"}],"about":[{"href":"https:\/\/www.nettali.com\/rest\/wp\/v2\/types\/post"}],"author":[{"embeddable":true,"href":"https:\/\/www.nettali.com\/rest\/wp\/v2\/users\/4"}],"replies":[{"embeddable":true,"href":"https:\/\/www.nettali.com\/rest\/wp\/v2\/comments?post=135391"}],"version-history":[{"count":1,"href":"https:\/\/www.nettali.com\/rest\/wp\/v2\/posts\/135391\/revisions"}],"predecessor-version":[{"id":135392,"href":"https:\/\/www.nettali.com\/rest\/wp\/v2\/posts\/135391\/revisions\/135392"}],"wp:featuredmedia":[{"embeddable":true,"href":"https:\/\/www.nettali.com\/rest\/wp\/v2\/media\/135348"}],"wp:attachment":[{"href":"https:\/\/www.nettali.com\/rest\/wp\/v2\/media?parent=135391"}],"wp:term":[{"taxonomy":"category","embeddable":true,"href":"https:\/\/www.nettali.com\/rest\/wp\/v2\/categories?post=135391"},{"taxonomy":"post_tag","embeddable":true,"href":"https:\/\/www.nettali.com\/rest\/wp\/v2\/tags?post=135391"}],"curies":[{"name":"wp","href":"https:\/\/api.w.org\/{rel}","templated":true}]}}