{"id":135389,"date":"2024-06-19T09:07:02","date_gmt":"2024-06-19T09:07:02","guid":{"rendered":"https:\/\/www.nettali.com\/?p=135389"},"modified":"2024-06-19T11:51:14","modified_gmt":"2024-06-19T11:51:14","slug":"voyage-a-paris-le-discours-que-diomaye-compte-tenir","status":"publish","type":"post","link":"https:\/\/www.nettali.com\/2024\/06\/19\/voyage-a-paris-le-discours-que-diomaye-compte-tenir\/","title":{"rendered":"VOYAGE A PARIS - Le discours que Diomaye compte tenir"},"content":{"rendered":"<p><strong>NETTALI.COM - Le pr\u00e9sident de la R\u00e9publique, Bassirou Diomaye Faye, mettra \u00e0 profit le Forum mondial pour la souverainet\u00e9 et l\u2019innovation vaccinales, pr\u00e9vu jeudi, \u00e0 Paris, pour plaider pour la production de vaccins en Afrique, en particulier au S\u00e9n\u00e9gal et en Afrique du Sud, a d\u00e9clar\u00e9 le ministre de la Sant\u00e9 et de l\u2019Action sociale, Dr Ibrahima Sy.<\/strong><\/p>\n<p><em>\u201cLe pr\u00e9sident Bassirou Diomaye Diakhar Faye est appel\u00e9 \u00e0 \u00eatre un champion pour assurer un plaidoyer par rapport \u00e0 la production de vaccins, surtout dans un pays comme le S\u00e9n\u00e9gal ou l\u2019Afrique du Sud, qui vont se charger apr\u00e8s d\u2019alimenter tous les autres pays africains\u201d<\/em>, a-t-il dit dans un entretien accord\u00e9 mardi \u00e0 l\u2019APS.<\/p>\n<p><em>\u201cLe monde a eu \u00e0 faire face \u00e0 diff\u00e9rentes \u00e9pid\u00e9mies comme l\u2019Afrique avec Ebola et r\u00e9cemment la Covid-19, et le probl\u00e8me majeur, c\u2019\u00e9tait la vaccination, l\u2019acc\u00e8s au vaccin, surtout pour les pays africains\u201d<\/em>, a-t-il rappel\u00e9.\u00a0Selon lui, <em>\u201cil a fallu assurer la couverture des pays europ\u00e9ens, am\u00e9ricains avant qu\u2019on ne commence \u00e0 approvisionner les pays africains\u201d.<\/em><\/p>\n<p>Pour inverser cette situation, dit-il, \u00a0il est n\u00e9cessaire de changer de paradigme, \u00e0 travers une relance de la production de vaccins sur le continent. <em>\u201cOn s\u2019est dit qu\u2019il fallait un changement de paradigme qui passerait par la relance de la vaccination, de la production de vaccins au niveau des pays africains\u201d,<\/em> a-t-il pr\u00e9cis\u00e9.<\/p>\n<p>Selon le ministre, <em>\"c\u2019est cet objectif qui est \u00e0 la base de la rencontre qui va se tenir le 20 juin \u00e0 Paris, sous la houlette du gouvernement fran\u00e7ais, de l\u2019organisme GAVI qui s\u2019occupe des vaccins, de l\u2019Union africaine (UA), des partenaires techniques et financiers\u201d.<\/em><\/p>\n<p>Le Forum de Paris est co-organis\u00e9 par\u00a0Emmanuel Macron,\u00a0pr\u00e9sident de la R\u00e9publique fran\u00e7aise, et Mohamed Ould Cheikh Ghazouani,\u00a0pr\u00e9sident de la R\u00e9publique islamique de Mauritanie et pr\u00e9sident de l\u2019Union africaine.<\/p>\n<p>Le Forum sera l\u2019occasion du lancement de l\u2019Opportunit\u00e9 d\u2019investissement de Gavi pour la p\u00e9riode 2026\u20132030, en soutien \u00e0 la prochaine campagne de reconstitution des ressources. L\u2019Opportunit\u00e9 d\u2019investissement de Gavi est une lev\u00e9e de fonds destin\u00e9s \u00e0 la vaccination dans les pays \u00e0 faible revenu durant la sixi\u00e8me p\u00e9riode strat\u00e9gique de Gavi (Gavi 6.0).<\/p>\n<p>Le Forum marquera aussi le lancement de\u00a0l\u2019Acc\u00e9l\u00e9rateur de la production des vaccins en Afrique (AVMA, pour\u00a0<em>African Vaccine Manufacturing Accelerator<\/em>), un m\u00e9canisme financier innovant con\u00e7u par Gavi en \u00e9troite collaboration avec les Centres africains de contr\u00f4le et de pr\u00e9vention des maladies (CDC Afrique).<\/p>\n<p><em>\"L\u2019AVMA contribuera de mani\u00e8re significative \u00e0 l\u2019ambition port\u00e9e par les Partenariats pour la production des vaccins en Afrique (PAVM, pour Partnership for African Vaccine Manufacturing) de l\u2019Union africaine, qui pr\u00e9voient de fabriquer localement, d\u2019ici 2040, au moins 60 % des doses de vaccins n\u00e9cessaires au continent.\u2019\u2019<\/em><\/p>\n<p>A Paris, le chef de l\u2019Etat s\u00e9n\u00e9galais effectuera sa premi\u00e8re visite officielle en dehors du continent africain.<\/p>\n<div class='share-to-whatsapp-wrapper'><div class='share-on-whsp'>PARTAGER SUR : <\/div><a data-text='VOYAGE A PARIS - Le discours que Diomaye compte tenir' data-link='https:\/\/www.nettali.com\/2024\/06\/19\/voyage-a-paris-le-discours-que-diomaye-compte-tenir\/' class='whatsapp-button whatsapp-share'>WhatsApp<\/a><div class='clear '><\/div><\/div>","protected":false},"excerpt":{"rendered":"<p>NETTALI.COM - Le pr\u00e9sident de la R\u00e9publique, Bassirou Diomaye Faye, mettra \u00e0 profit le Forum mondial pour la souverainet\u00e9 et l\u2019innovation vaccinales, pr\u00e9vu jeudi, \u00e0 Paris, pour plaider pour la production de vaccins en Afrique, en particulier au S\u00e9n\u00e9gal et en Afrique du Sud, a d\u00e9clar\u00e9 le ministre de la Sant\u00e9 et de l\u2019Action sociale, [&hellip;]<\/p>\n","protected":false},"author":4,"featured_media":130656,"comment_status":"open","ping_status":"open","sticky":false,"template":"","format":"standard","meta":{"_et_pb_use_builder":"","_et_pb_old_content":""},"categories":[2],"tags":[],"yoast_head":"<!-- This site is optimized with the Yoast SEO Premium plugin v17.8 (Yoast SEO v17.8) - https:\/\/yoast.com\/wordpress\/plugins\/seo\/ -->\n<title>VOYAGE A PARIS - Le discours que Diomaye compte tenir | Nettali.com<\/title>\n<meta name=\"robots\" content=\"index, follow, max-snippet:-1, max-image-preview:large, max-video-preview:-1\" \/>\n<link rel=\"canonical\" href=\"https:\/\/www.nettali.com\/2024\/06\/19\/voyage-a-paris-le-discours-que-diomaye-compte-tenir\/\" \/>\n<meta property=\"og:locale\" content=\"fr_FR\" \/>\n<meta property=\"og:type\" content=\"article\" \/>\n<meta property=\"og:title\" content=\"VOYAGE A PARIS - Le discours que Diomaye compte tenir\" \/>\n<meta property=\"og:description\" content=\"NETTALI.COM - Le pr\u00e9sident de la R\u00e9publique, Bassirou Diomaye Faye, mettra \u00e0 profit le Forum mondial pour la souverainet\u00e9 et l\u2019innovation vaccinales, pr\u00e9vu jeudi, \u00e0 Paris, pour plaider pour la production de vaccins en Afrique, en particulier au S\u00e9n\u00e9gal et en Afrique du Sud, a d\u00e9clar\u00e9 le ministre de la Sant\u00e9 et de l\u2019Action sociale, [&hellip;]\" \/>\n<meta property=\"og:url\" content=\"https:\/\/www.nettali.com\/2024\/06\/19\/voyage-a-paris-le-discours-que-diomaye-compte-tenir\/\" \/>\n<meta property=\"og:site_name\" content=\"Nettali.com\" \/>\n<meta property=\"article:publisher\" content=\"https:\/\/www.facebook.com\/nettalicom\" \/>\n<meta property=\"article:published_time\" content=\"2024-06-19T09:07:02+00:00\" \/>\n<meta property=\"article:modified_time\" content=\"2024-06-19T11:51:14+00:00\" \/>\n<meta property=\"og:image\" content=\"https:\/\/www.nettali.com\/wp-content\/uploads\/2024\/03\/Bassirou-Diomaye-Faye.jpeg\" \/>\n\t<meta property=\"og:image:width\" content=\"524\" \/>\n\t<meta property=\"og:image:height\" content=\"454\" \/>\n<meta name=\"twitter:card\" content=\"summary_large_image\" \/>\n<meta name=\"twitter:label1\" content=\"\u00c9crit par\" \/>\n\t<meta name=\"twitter:data1\" content=\"Daouda\" \/>\n\t<meta name=\"twitter:label2\" content=\"Dur\u00e9e de lecture estim\u00e9e\" \/>\n\t<meta name=\"twitter:data2\" content=\"3 minutes\" \/>\n<script type=\"application\/ld+json\" class=\"yoast-schema-graph\">{\"@context\":\"https:\/\/schema.org\",\"@graph\":[{\"@type\":\"WebSite\",\"@id\":\"https:\/\/www.nettali.com\/#website\",\"url\":\"https:\/\/www.nettali.com\/\",\"name\":\"Nettali.com\",\"description\":\"Le rendez-vous critique du Net\",\"potentialAction\":[{\"@type\":\"SearchAction\",\"target\":{\"@type\":\"EntryPoint\",\"urlTemplate\":\"https:\/\/www.nettali.com\/?s={search_term_string}\"},\"query-input\":\"required name=search_term_string\"}],\"inLanguage\":\"fr-FR\"},{\"@type\":\"ImageObject\",\"@id\":\"https:\/\/www.nettali.com\/2024\/06\/19\/voyage-a-paris-le-discours-que-diomaye-compte-tenir\/#primaryimage\",\"inLanguage\":\"fr-FR\",\"url\":\"https:\/\/www.nettali.com\/wp-content\/uploads\/2024\/03\/Bassirou-Diomaye-Faye.jpeg\",\"contentUrl\":\"https:\/\/www.nettali.com\/wp-content\/uploads\/2024\/03\/Bassirou-Diomaye-Faye.jpeg\",\"width\":524,\"height\":454},{\"@type\":\"WebPage\",\"@id\":\"https:\/\/www.nettali.com\/2024\/06\/19\/voyage-a-paris-le-discours-que-diomaye-compte-tenir\/#webpage\",\"url\":\"https:\/\/www.nettali.com\/2024\/06\/19\/voyage-a-paris-le-discours-que-diomaye-compte-tenir\/\",\"name\":\"VOYAGE A PARIS - Le discours que Diomaye compte tenir | Nettali.com\",\"isPartOf\":{\"@id\":\"https:\/\/www.nettali.com\/#website\"},\"primaryImageOfPage\":{\"@id\":\"https:\/\/www.nettali.com\/2024\/06\/19\/voyage-a-paris-le-discours-que-diomaye-compte-tenir\/#primaryimage\"},\"datePublished\":\"2024-06-19T09:07:02+00:00\",\"dateModified\":\"2024-06-19T11:51:14+00:00\",\"author\":{\"@id\":\"https:\/\/www.nettali.com\/#\/schema\/person\/3317e0bb3aa1da309fbf7b2780901bf4\"},\"breadcrumb\":{\"@id\":\"https:\/\/www.nettali.com\/2024\/06\/19\/voyage-a-paris-le-discours-que-diomaye-compte-tenir\/#breadcrumb\"},\"inLanguage\":\"fr-FR\",\"potentialAction\":[{\"@type\":\"ReadAction\",\"target\":[\"https:\/\/www.nettali.com\/2024\/06\/19\/voyage-a-paris-le-discours-que-diomaye-compte-tenir\/\"]}]},{\"@type\":\"BreadcrumbList\",\"@id\":\"https:\/\/www.nettali.com\/2024\/06\/19\/voyage-a-paris-le-discours-que-diomaye-compte-tenir\/#breadcrumb\",\"itemListElement\":[{\"@type\":\"ListItem\",\"position\":1,\"name\":\"Accueil\",\"item\":\"https:\/\/www.nettali.com\/\"},{\"@type\":\"ListItem\",\"position\":2,\"name\":\"VOYAGE A PARIS - Le discours que Diomaye compte tenir\"}]},{\"@type\":\"Person\",\"@id\":\"https:\/\/www.nettali.com\/#\/schema\/person\/3317e0bb3aa1da309fbf7b2780901bf4\",\"name\":\"Daouda\",\"image\":{\"@type\":\"ImageObject\",\"@id\":\"https:\/\/www.nettali.com\/#personlogo\",\"inLanguage\":\"fr-FR\",\"url\":\"https:\/\/secure.gravatar.com\/avatar\/8d143b5a49345098ddcfee1c49c2f47c?s=96&d=mm&r=g\",\"contentUrl\":\"https:\/\/secure.gravatar.com\/avatar\/8d143b5a49345098ddcfee1c49c2f47c?s=96&d=mm&r=g\",\"caption\":\"Daouda\"},\"sameAs\":[\"https:\/\/www.nettali.com\"]}]}<\/script>\n<!-- \/ Yoast SEO Premium plugin. -->","yoast_head_json":{"title":"VOYAGE A PARIS - Le discours que Diomaye compte tenir | Nettali.com","robots":{"index":"index","follow":"follow","max-snippet":"max-snippet:-1","max-image-preview":"max-image-preview:large","max-video-preview":"max-video-preview:-1"},"canonical":"https:\/\/www.nettali.com\/2024\/06\/19\/voyage-a-paris-le-discours-que-diomaye-compte-tenir\/","og_locale":"fr_FR","og_type":"article","og_title":"VOYAGE A PARIS - Le discours que Diomaye compte tenir","og_description":"NETTALI.COM - Le pr\u00e9sident de la R\u00e9publique, Bassirou Diomaye Faye, mettra \u00e0 profit le Forum mondial pour la souverainet\u00e9 et l\u2019innovation vaccinales, pr\u00e9vu jeudi, \u00e0 Paris, pour plaider pour la production de vaccins en Afrique, en particulier au S\u00e9n\u00e9gal et en Afrique du Sud, a d\u00e9clar\u00e9 le ministre de la Sant\u00e9 et de l\u2019Action sociale, [&hellip;]","og_url":"https:\/\/www.nettali.com\/2024\/06\/19\/voyage-a-paris-le-discours-que-diomaye-compte-tenir\/","og_site_name":"Nettali.com","article_publisher":"https:\/\/www.facebook.com\/nettalicom","article_published_time":"2024-06-19T09:07:02+00:00","article_modified_time":"2024-06-19T11:51:14+00:00","og_image":[{"width":524,"height":454,"url":"https:\/\/www.nettali.com\/wp-content\/uploads\/2024\/03\/Bassirou-Diomaye-Faye.jpeg","type":"image\/jpeg"}],"twitter_card":"summary_large_image","twitter_misc":{"\u00c9crit par":"Daouda","Dur\u00e9e de lecture estim\u00e9e":"3 minutes"},"schema":{"@context":"https:\/\/schema.org","@graph":[{"@type":"WebSite","@id":"https:\/\/www.nettali.com\/#website","url":"https:\/\/www.nettali.com\/","name":"Nettali.com","description":"Le rendez-vous critique du Net","potentialAction":[{"@type":"SearchAction","target":{"@type":"EntryPoint","urlTemplate":"https:\/\/www.nettali.com\/?s={search_term_string}"},"query-input":"required name=search_term_string"}],"inLanguage":"fr-FR"},{"@type":"ImageObject","@id":"https:\/\/www.nettali.com\/2024\/06\/19\/voyage-a-paris-le-discours-que-diomaye-compte-tenir\/#primaryimage","inLanguage":"fr-FR","url":"https:\/\/www.nettali.com\/wp-content\/uploads\/2024\/03\/Bassirou-Diomaye-Faye.jpeg","contentUrl":"https:\/\/www.nettali.com\/wp-content\/uploads\/2024\/03\/Bassirou-Diomaye-Faye.jpeg","width":524,"height":454},{"@type":"WebPage","@id":"https:\/\/www.nettali.com\/2024\/06\/19\/voyage-a-paris-le-discours-que-diomaye-compte-tenir\/#webpage","url":"https:\/\/www.nettali.com\/2024\/06\/19\/voyage-a-paris-le-discours-que-diomaye-compte-tenir\/","name":"VOYAGE A PARIS - Le discours que Diomaye compte tenir | Nettali.com","isPartOf":{"@id":"https:\/\/www.nettali.com\/#website"},"primaryImageOfPage":{"@id":"https:\/\/www.nettali.com\/2024\/06\/19\/voyage-a-paris-le-discours-que-diomaye-compte-tenir\/#primaryimage"},"datePublished":"2024-06-19T09:07:02+00:00","dateModified":"2024-06-19T11:51:14+00:00","author":{"@id":"https:\/\/www.nettali.com\/#\/schema\/person\/3317e0bb3aa1da309fbf7b2780901bf4"},"breadcrumb":{"@id":"https:\/\/www.nettali.com\/2024\/06\/19\/voyage-a-paris-le-discours-que-diomaye-compte-tenir\/#breadcrumb"},"inLanguage":"fr-FR","potentialAction":[{"@type":"ReadAction","target":["https:\/\/www.nettali.com\/2024\/06\/19\/voyage-a-paris-le-discours-que-diomaye-compte-tenir\/"]}]},{"@type":"BreadcrumbList","@id":"https:\/\/www.nettali.com\/2024\/06\/19\/voyage-a-paris-le-discours-que-diomaye-compte-tenir\/#breadcrumb","itemListElement":[{"@type":"ListItem","position":1,"name":"Accueil","item":"https:\/\/www.nettali.com\/"},{"@type":"ListItem","position":2,"name":"VOYAGE A PARIS - Le discours que Diomaye compte tenir"}]},{"@type":"Person","@id":"https:\/\/www.nettali.com\/#\/schema\/person\/3317e0bb3aa1da309fbf7b2780901bf4","name":"Daouda","image":{"@type":"ImageObject","@id":"https:\/\/www.nettali.com\/#personlogo","inLanguage":"fr-FR","url":"https:\/\/secure.gravatar.com\/avatar\/8d143b5a49345098ddcfee1c49c2f47c?s=96&d=mm&r=g","contentUrl":"https:\/\/secure.gravatar.com\/avatar\/8d143b5a49345098ddcfee1c49c2f47c?s=96&d=mm&r=g","caption":"Daouda"},"sameAs":["https:\/\/www.nettali.com"]}]}},"_links":{"self":[{"href":"https:\/\/www.nettali.com\/rest\/wp\/v2\/posts\/135389"}],"collection":[{"href":"https:\/\/www.nettali.com\/rest\/wp\/v2\/posts"}],"about":[{"href":"https:\/\/www.nettali.com\/rest\/wp\/v2\/types\/post"}],"author":[{"embeddable":true,"href":"https:\/\/www.nettali.com\/rest\/wp\/v2\/users\/4"}],"replies":[{"embeddable":true,"href":"https:\/\/www.nettali.com\/rest\/wp\/v2\/comments?post=135389"}],"version-history":[{"count":1,"href":"https:\/\/www.nettali.com\/rest\/wp\/v2\/posts\/135389\/revisions"}],"predecessor-version":[{"id":135390,"href":"https:\/\/www.nettali.com\/rest\/wp\/v2\/posts\/135389\/revisions\/135390"}],"wp:featuredmedia":[{"embeddable":true,"href":"https:\/\/www.nettali.com\/rest\/wp\/v2\/media\/130656"}],"wp:attachment":[{"href":"https:\/\/www.nettali.com\/rest\/wp\/v2\/media?parent=135389"}],"wp:term":[{"taxonomy":"category","embeddable":true,"href":"https:\/\/www.nettali.com\/rest\/wp\/v2\/categories?post=135389"},{"taxonomy":"post_tag","embeddable":true,"href":"https:\/\/www.nettali.com\/rest\/wp\/v2\/tags?post=135389"}],"curies":[{"name":"wp","href":"https:\/\/api.w.org\/{rel}","templated":true}]}}