{"id":135332,"date":"2024-06-17T11:17:46","date_gmt":"2024-06-17T11:17:46","guid":{"rendered":"https:\/\/www.nettali.com\/?p=135332"},"modified":"2024-06-17T11:28:33","modified_gmt":"2024-06-17T11:28:33","slug":"peleringa-2024-la-delegation-senegalaise-enregistre-3-deces","status":"publish","type":"post","link":"https:\/\/www.nettali.com\/2024\/06\/17\/peleringa-2024-la-delegation-senegalaise-enregistre-3-deces\/","title":{"rendered":"PELERINAGE 2024 - La d\u00e9l\u00e9gation s\u00e9n\u00e9galaise enregistre 3 d\u00e9c\u00e8s"},"content":{"rendered":"<p><strong>NETTALI.COM - Trois p\u00e8lerins s\u00e9n\u00e9galais ont perdu la vie en Arabie Saoudite. Le minist\u00e8re des Affaires \u00e9trangers pr\u00e9cisent que les personnes d\u00e9cid\u00e9es font partis de la d\u00e9l\u00e9gation conduite par des voyagistes priv\u00e9s.\u00a0<\/strong><\/p>\n<p>Ils \u00e9taient partis accomplir le p\u00e8lerinage \u00e0 La Macque, mais ils ne reverront pas leurs familles. Eux, ce sont trois S\u00e9n\u00e9galais d\u00e9c\u00e9d\u00e9s en Arabie Saoudite. Selon le minist\u00e8re de l'Int\u00e9gration africaine et des Affaires \u00e9trang\u00e8res, ils \u00e9taient conduits par des voyagistes priv\u00e9s. \"<em>Le Consul g\u00e9n\u00e9ral du S\u00e9n\u00e9gal \u00e0 Djeddah a \u00e9t\u00e9 imm\u00e9diatement instruit, en rapport avec la D\u00e9l\u00e9gation g\u00e9n\u00e9rale au P\u00e8lerinage aux Lieux Saints de l'Islam, et les autorit\u00e9s saoudiennes comp\u00e9tentes, de prendre toutes les dispositions n\u00e9cessaires en vue de l'inhumation, sur place des personnes d\u00e9c\u00e9d\u00e9es, conform\u00e9ment \u00e0 la tradition musulmane<\/em>\", souligne le communiqu\u00e9 du minist\u00e8re dirig\u00e9 par Yassine Fall.<\/p>\n<p>\"<em>En cette douleureuse circonstance, son excellence Madame Yassine Fall, ministre de l'Int\u00e9gration africaine et des Affaires \u00e9trang\u00e8res, pr\u00e9sente ses condol\u00e9ances aux familles \u00e9plor\u00e9es et les asssure de sa profonde sympathie<\/em>\", ajoute la m\u00eame source. Qui souhaite qu'Allah accueille les d\u00e9funtes au Paradis.<\/p>\n<div class='share-to-whatsapp-wrapper'><div class='share-on-whsp'>PARTAGER SUR : <\/div><a data-text='PELERINAGE 2024 - La d\u00e9l\u00e9gation s\u00e9n\u00e9galaise enregistre 3 d\u00e9c\u00e8s' data-link='https:\/\/www.nettali.com\/2024\/06\/17\/peleringa-2024-la-delegation-senegalaise-enregistre-3-deces\/' class='whatsapp-button whatsapp-share'>WhatsApp<\/a><div class='clear '><\/div><\/div>","protected":false},"excerpt":{"rendered":"<p>NETTALI.COM - Trois p\u00e8lerins s\u00e9n\u00e9galais ont perdu la vie en Arabie Saoudite. Le minist\u00e8re des Affaires \u00e9trangers pr\u00e9cisent que les personnes d\u00e9cid\u00e9es font partis de la d\u00e9l\u00e9gation conduite par des voyagistes priv\u00e9s.\u00a0 Ils \u00e9taient partis accomplir le p\u00e8lerinage \u00e0 La Macque, mais ils ne reverront pas leurs familles. Eux, ce sont trois S\u00e9n\u00e9galais d\u00e9c\u00e9d\u00e9s en [&hellip;]<\/p>\n","protected":false},"author":3,"featured_media":135333,"comment_status":"open","ping_status":"open","sticky":false,"template":"","format":"standard","meta":{"_et_pb_use_builder":"","_et_pb_old_content":""},"categories":[3],"tags":[],"yoast_head":"<!-- This site is optimized with the Yoast SEO Premium plugin v17.8 (Yoast SEO v17.8) - https:\/\/yoast.com\/wordpress\/plugins\/seo\/ -->\n<title>PELERINAGE 2024 - La d\u00e9l\u00e9gation s\u00e9n\u00e9galaise enregistre 3 d\u00e9c\u00e8s | Nettali.com<\/title>\n<meta name=\"robots\" content=\"index, follow, max-snippet:-1, max-image-preview:large, max-video-preview:-1\" \/>\n<link rel=\"canonical\" href=\"https:\/\/www.nettali.com\/2024\/06\/17\/peleringa-2024-la-delegation-senegalaise-enregistre-3-deces\/\" \/>\n<meta property=\"og:locale\" content=\"fr_FR\" \/>\n<meta property=\"og:type\" content=\"article\" \/>\n<meta property=\"og:title\" content=\"PELERINAGE 2024 - La d\u00e9l\u00e9gation s\u00e9n\u00e9galaise enregistre 3 d\u00e9c\u00e8s\" \/>\n<meta property=\"og:description\" content=\"NETTALI.COM - Trois p\u00e8lerins s\u00e9n\u00e9galais ont perdu la vie en Arabie Saoudite. Le minist\u00e8re des Affaires \u00e9trangers pr\u00e9cisent que les personnes d\u00e9cid\u00e9es font partis de la d\u00e9l\u00e9gation conduite par des voyagistes priv\u00e9s.\u00a0 Ils \u00e9taient partis accomplir le p\u00e8lerinage \u00e0 La Macque, mais ils ne reverront pas leurs familles. Eux, ce sont trois S\u00e9n\u00e9galais d\u00e9c\u00e9d\u00e9s en [&hellip;]\" \/>\n<meta property=\"og:url\" content=\"https:\/\/www.nettali.com\/2024\/06\/17\/peleringa-2024-la-delegation-senegalaise-enregistre-3-deces\/\" \/>\n<meta property=\"og:site_name\" content=\"Nettali.com\" \/>\n<meta property=\"article:publisher\" content=\"https:\/\/www.facebook.com\/nettalicom\" \/>\n<meta property=\"article:published_time\" content=\"2024-06-17T11:17:46+00:00\" \/>\n<meta property=\"article:modified_time\" content=\"2024-06-17T11:28:33+00:00\" \/>\n<meta property=\"og:image\" content=\"https:\/\/www.nettali.com\/wp-content\/uploads\/2024\/06\/Mecque.jpg\" \/>\n\t<meta property=\"og:image:width\" content=\"600\" \/>\n\t<meta property=\"og:image:height\" content=\"355\" \/>\n<meta name=\"twitter:card\" content=\"summary_large_image\" \/>\n<meta name=\"twitter:label1\" content=\"\u00c9crit par\" \/>\n\t<meta name=\"twitter:data1\" content=\"Moustapha\" \/>\n\t<meta name=\"twitter:label2\" content=\"Dur\u00e9e de lecture estim\u00e9e\" \/>\n\t<meta name=\"twitter:data2\" content=\"1 minute\" \/>\n<script type=\"application\/ld+json\" class=\"yoast-schema-graph\">{\"@context\":\"https:\/\/schema.org\",\"@graph\":[{\"@type\":\"WebSite\",\"@id\":\"https:\/\/www.nettali.com\/#website\",\"url\":\"https:\/\/www.nettali.com\/\",\"name\":\"Nettali.com\",\"description\":\"Le rendez-vous critique du Net\",\"potentialAction\":[{\"@type\":\"SearchAction\",\"target\":{\"@type\":\"EntryPoint\",\"urlTemplate\":\"https:\/\/www.nettali.com\/?s={search_term_string}\"},\"query-input\":\"required name=search_term_string\"}],\"inLanguage\":\"fr-FR\"},{\"@type\":\"ImageObject\",\"@id\":\"https:\/\/www.nettali.com\/2024\/06\/17\/peleringa-2024-la-delegation-senegalaise-enregistre-3-deces\/#primaryimage\",\"inLanguage\":\"fr-FR\",\"url\":\"https:\/\/www.nettali.com\/wp-content\/uploads\/2024\/06\/Mecque.jpg\",\"contentUrl\":\"https:\/\/www.nettali.com\/wp-content\/uploads\/2024\/06\/Mecque.jpg\",\"width\":600,\"height\":355},{\"@type\":\"WebPage\",\"@id\":\"https:\/\/www.nettali.com\/2024\/06\/17\/peleringa-2024-la-delegation-senegalaise-enregistre-3-deces\/#webpage\",\"url\":\"https:\/\/www.nettali.com\/2024\/06\/17\/peleringa-2024-la-delegation-senegalaise-enregistre-3-deces\/\",\"name\":\"PELERINAGE 2024 - La d\\u00e9l\\u00e9gation s\\u00e9n\\u00e9galaise enregistre 3 d\\u00e9c\\u00e8s | Nettali.com\",\"isPartOf\":{\"@id\":\"https:\/\/www.nettali.com\/#website\"},\"primaryImageOfPage\":{\"@id\":\"https:\/\/www.nettali.com\/2024\/06\/17\/peleringa-2024-la-delegation-senegalaise-enregistre-3-deces\/#primaryimage\"},\"datePublished\":\"2024-06-17T11:17:46+00:00\",\"dateModified\":\"2024-06-17T11:28:33+00:00\",\"author\":{\"@id\":\"https:\/\/www.nettali.com\/#\/schema\/person\/7962a12a6e0267f88f0ffa544c36469a\"},\"breadcrumb\":{\"@id\":\"https:\/\/www.nettali.com\/2024\/06\/17\/peleringa-2024-la-delegation-senegalaise-enregistre-3-deces\/#breadcrumb\"},\"inLanguage\":\"fr-FR\",\"potentialAction\":[{\"@type\":\"ReadAction\",\"target\":[\"https:\/\/www.nettali.com\/2024\/06\/17\/peleringa-2024-la-delegation-senegalaise-enregistre-3-deces\/\"]}]},{\"@type\":\"BreadcrumbList\",\"@id\":\"https:\/\/www.nettali.com\/2024\/06\/17\/peleringa-2024-la-delegation-senegalaise-enregistre-3-deces\/#breadcrumb\",\"itemListElement\":[{\"@type\":\"ListItem\",\"position\":1,\"name\":\"Accueil\",\"item\":\"https:\/\/www.nettali.com\/\"},{\"@type\":\"ListItem\",\"position\":2,\"name\":\"PELERINAGE 2024 - La d\\u00e9l\\u00e9gation s\\u00e9n\\u00e9galaise enregistre 3 d\\u00e9c\\u00e8s\"}]},{\"@type\":\"Person\",\"@id\":\"https:\/\/www.nettali.com\/#\/schema\/person\/7962a12a6e0267f88f0ffa544c36469a\",\"name\":\"Moustapha\",\"image\":{\"@type\":\"ImageObject\",\"@id\":\"https:\/\/www.nettali.com\/#personlogo\",\"inLanguage\":\"fr-FR\",\"url\":\"https:\/\/secure.gravatar.com\/avatar\/10fdf6a071cccdcf374e3dbe45159590?s=96&d=mm&r=g\",\"contentUrl\":\"https:\/\/secure.gravatar.com\/avatar\/10fdf6a071cccdcf374e3dbe45159590?s=96&d=mm&r=g\",\"caption\":\"Moustapha\"},\"sameAs\":[\"https:\/\/www.nettali.com\"]}]}<\/script>\n<!-- \/ Yoast SEO Premium plugin. -->","yoast_head_json":{"title":"PELERINAGE 2024 - La d\u00e9l\u00e9gation s\u00e9n\u00e9galaise enregistre 3 d\u00e9c\u00e8s | Nettali.com","robots":{"index":"index","follow":"follow","max-snippet":"max-snippet:-1","max-image-preview":"max-image-preview:large","max-video-preview":"max-video-preview:-1"},"canonical":"https:\/\/www.nettali.com\/2024\/06\/17\/peleringa-2024-la-delegation-senegalaise-enregistre-3-deces\/","og_locale":"fr_FR","og_type":"article","og_title":"PELERINAGE 2024 - La d\u00e9l\u00e9gation s\u00e9n\u00e9galaise enregistre 3 d\u00e9c\u00e8s","og_description":"NETTALI.COM - Trois p\u00e8lerins s\u00e9n\u00e9galais ont perdu la vie en Arabie Saoudite. Le minist\u00e8re des Affaires \u00e9trangers pr\u00e9cisent que les personnes d\u00e9cid\u00e9es font partis de la d\u00e9l\u00e9gation conduite par des voyagistes priv\u00e9s.\u00a0 Ils \u00e9taient partis accomplir le p\u00e8lerinage \u00e0 La Macque, mais ils ne reverront pas leurs familles. Eux, ce sont trois S\u00e9n\u00e9galais d\u00e9c\u00e9d\u00e9s en [&hellip;]","og_url":"https:\/\/www.nettali.com\/2024\/06\/17\/peleringa-2024-la-delegation-senegalaise-enregistre-3-deces\/","og_site_name":"Nettali.com","article_publisher":"https:\/\/www.facebook.com\/nettalicom","article_published_time":"2024-06-17T11:17:46+00:00","article_modified_time":"2024-06-17T11:28:33+00:00","og_image":[{"width":600,"height":355,"url":"https:\/\/www.nettali.com\/wp-content\/uploads\/2024\/06\/Mecque.jpg","type":"image\/jpeg"}],"twitter_card":"summary_large_image","twitter_misc":{"\u00c9crit par":"Moustapha","Dur\u00e9e de lecture estim\u00e9e":"1 minute"},"schema":{"@context":"https:\/\/schema.org","@graph":[{"@type":"WebSite","@id":"https:\/\/www.nettali.com\/#website","url":"https:\/\/www.nettali.com\/","name":"Nettali.com","description":"Le rendez-vous critique du Net","potentialAction":[{"@type":"SearchAction","target":{"@type":"EntryPoint","urlTemplate":"https:\/\/www.nettali.com\/?s={search_term_string}"},"query-input":"required name=search_term_string"}],"inLanguage":"fr-FR"},{"@type":"ImageObject","@id":"https:\/\/www.nettali.com\/2024\/06\/17\/peleringa-2024-la-delegation-senegalaise-enregistre-3-deces\/#primaryimage","inLanguage":"fr-FR","url":"https:\/\/www.nettali.com\/wp-content\/uploads\/2024\/06\/Mecque.jpg","contentUrl":"https:\/\/www.nettali.com\/wp-content\/uploads\/2024\/06\/Mecque.jpg","width":600,"height":355},{"@type":"WebPage","@id":"https:\/\/www.nettali.com\/2024\/06\/17\/peleringa-2024-la-delegation-senegalaise-enregistre-3-deces\/#webpage","url":"https:\/\/www.nettali.com\/2024\/06\/17\/peleringa-2024-la-delegation-senegalaise-enregistre-3-deces\/","name":"PELERINAGE 2024 - La d\u00e9l\u00e9gation s\u00e9n\u00e9galaise enregistre 3 d\u00e9c\u00e8s | Nettali.com","isPartOf":{"@id":"https:\/\/www.nettali.com\/#website"},"primaryImageOfPage":{"@id":"https:\/\/www.nettali.com\/2024\/06\/17\/peleringa-2024-la-delegation-senegalaise-enregistre-3-deces\/#primaryimage"},"datePublished":"2024-06-17T11:17:46+00:00","dateModified":"2024-06-17T11:28:33+00:00","author":{"@id":"https:\/\/www.nettali.com\/#\/schema\/person\/7962a12a6e0267f88f0ffa544c36469a"},"breadcrumb":{"@id":"https:\/\/www.nettali.com\/2024\/06\/17\/peleringa-2024-la-delegation-senegalaise-enregistre-3-deces\/#breadcrumb"},"inLanguage":"fr-FR","potentialAction":[{"@type":"ReadAction","target":["https:\/\/www.nettali.com\/2024\/06\/17\/peleringa-2024-la-delegation-senegalaise-enregistre-3-deces\/"]}]},{"@type":"BreadcrumbList","@id":"https:\/\/www.nettali.com\/2024\/06\/17\/peleringa-2024-la-delegation-senegalaise-enregistre-3-deces\/#breadcrumb","itemListElement":[{"@type":"ListItem","position":1,"name":"Accueil","item":"https:\/\/www.nettali.com\/"},{"@type":"ListItem","position":2,"name":"PELERINAGE 2024 - La d\u00e9l\u00e9gation s\u00e9n\u00e9galaise enregistre 3 d\u00e9c\u00e8s"}]},{"@type":"Person","@id":"https:\/\/www.nettali.com\/#\/schema\/person\/7962a12a6e0267f88f0ffa544c36469a","name":"Moustapha","image":{"@type":"ImageObject","@id":"https:\/\/www.nettali.com\/#personlogo","inLanguage":"fr-FR","url":"https:\/\/secure.gravatar.com\/avatar\/10fdf6a071cccdcf374e3dbe45159590?s=96&d=mm&r=g","contentUrl":"https:\/\/secure.gravatar.com\/avatar\/10fdf6a071cccdcf374e3dbe45159590?s=96&d=mm&r=g","caption":"Moustapha"},"sameAs":["https:\/\/www.nettali.com"]}]}},"_links":{"self":[{"href":"https:\/\/www.nettali.com\/rest\/wp\/v2\/posts\/135332"}],"collection":[{"href":"https:\/\/www.nettali.com\/rest\/wp\/v2\/posts"}],"about":[{"href":"https:\/\/www.nettali.com\/rest\/wp\/v2\/types\/post"}],"author":[{"embeddable":true,"href":"https:\/\/www.nettali.com\/rest\/wp\/v2\/users\/3"}],"replies":[{"embeddable":true,"href":"https:\/\/www.nettali.com\/rest\/wp\/v2\/comments?post=135332"}],"version-history":[{"count":2,"href":"https:\/\/www.nettali.com\/rest\/wp\/v2\/posts\/135332\/revisions"}],"predecessor-version":[{"id":135337,"href":"https:\/\/www.nettali.com\/rest\/wp\/v2\/posts\/135332\/revisions\/135337"}],"wp:featuredmedia":[{"embeddable":true,"href":"https:\/\/www.nettali.com\/rest\/wp\/v2\/media\/135333"}],"wp:attachment":[{"href":"https:\/\/www.nettali.com\/rest\/wp\/v2\/media?parent=135332"}],"wp:term":[{"taxonomy":"category","embeddable":true,"href":"https:\/\/www.nettali.com\/rest\/wp\/v2\/categories?post=135332"},{"taxonomy":"post_tag","embeddable":true,"href":"https:\/\/www.nettali.com\/rest\/wp\/v2\/tags?post=135332"}],"curies":[{"name":"wp","href":"https:\/\/api.w.org\/{rel}","templated":true}]}}