{"id":135254,"date":"2024-06-15T00:08:06","date_gmt":"2024-06-15T00:08:06","guid":{"rendered":"https:\/\/www.nettali.com\/?p=135254"},"modified":"2024-06-15T00:08:06","modified_gmt":"2024-06-15T00:08:06","slug":"nigeria-george-finidi-cest-deja-fini","status":"publish","type":"post","link":"https:\/\/www.nettali.com\/2024\/06\/15\/nigeria-george-finidi-cest-deja-fini\/","title":{"rendered":"NIG\u00c9RIA - George Finidi, c\u2019est d\u00e9j\u00e0 fini\u00a0!"},"content":{"rendered":"<p><b>NETTALI.COM - C'est fin entre George Finidi et l'\u00e9quipe nationale nig\u00e9riane. En effet, la F\u00e9d\u00e9ration nig\u00e9riane de football (NFF) a d\u00e9mis le champion d'Afrique 94 de ses fonctions de s\u00e9lectionneur des Super Eagles apr\u00e8s seulement un mois et demi \u00e0 la t\u00eate de l\u2019\u00e9quipe.<\/b><\/p>\n<p>Un mois et 15 jours. C\u2019est le temps que Finidi George sera rest\u00e9 sur le banc des vice-champions d\u2019Afrique. Intronis\u00e9 le 29 avril dernier \u00e0 la suite de Jos\u00e9 Peseiro, l\u2019ex-international nig\u00e9rian (45 capes, 8 buts) a \u00e9t\u00e9 limog\u00e9 jeudi par la NFF. La d\u00e9cision a \u00e9t\u00e9 prise mercredi, lors de la r\u00e9union du Comit\u00e9 ex\u00e9cutif.<\/p>\n<p>\"<em>Le Comit\u00e9 Ex\u00e9cutif a d\u00e9cid\u00e9 d\u2019embaucher un entra\u00eeneur expatri\u00e9 pour les Super Eagles dans les semaines \u00e0 venir. Ceci, avant les \u00e9liminatoires de la CAN et les autres matches de qualification pour la Coupe du monde de la FIFA<\/em>\", peut-on lire dans un communiqu\u00e9 publi\u00e9 sur le site de l\u2019instance.<\/p>\n<p>Finidi George paie directement ses contre-performances contre l\u2019Afrique du Sud (1-1) et le B\u00e9nin (d\u00e9faite 2-1), comptant respectivement pour les troisi\u00e8me et quatri\u00e8me journ\u00e9es des \u00e9liminatoires de la Coupe du monde 2026 les 7 et 10 juin pass\u00e9s. Avant cela, il avait obtenu avant son intronisation officielle des r\u00e9sultats mitig\u00e9s lors des amicaux de mars, battant le Ghana (2-1) pour une premi\u00e8re fois depuis plusieurs ann\u00e9es avant de s\u2019incliner devant le Mali (2-0), une premi\u00e8re l\u00e0 aussi depuis plusieurs confrontations.<\/p>\n<p><strong>La F\u00e9d\u00e9 reprend la main<\/strong><\/p>\n<p>Cette d\u00e9cision traduit\u00a0\"<em>avec effet imm\u00e9diat<\/em>\"\u00a0la mise en place de mesures n\u00e9cessaires\u00a0\"<em>pour assurer une meilleure pr\u00e9paration de l'\u00e9quipe avant les \u00e9liminatoires de la CAN 2025 en septembre (\u2026) et la reprise des \u00e9liminatoires de la Coupe du monde en mars 2025<\/em>\", indique la NFF.<\/p>\n<p>Par le choix d\u2019un entraineur expatri\u00e9, l\u2019instance dirig\u00e9e par Ibrahim Musa Gusau reprend la main au minist\u00e8re des Sports qui lui avait impos\u00e9 un technicien local avec l\u2019appui de plusieurs ex-internationaux.\u00a0Un coup de force qui ressemble \u00e0 celui op\u00e9r\u00e9 au Cameroun \u00e0 la F\u00e9d\u00e9ration (Fecafoot) et son pr\u00e9sident Samuel Eto\u2019o.<\/p>\n<div class='share-to-whatsapp-wrapper'><div class='share-on-whsp'>PARTAGER SUR : <\/div><a data-text='NIG\u00c9RIA - George Finidi, c\u2019est d\u00e9j\u00e0 fini\u00a0!' data-link='https:\/\/www.nettali.com\/2024\/06\/15\/nigeria-george-finidi-cest-deja-fini\/' class='whatsapp-button whatsapp-share'>WhatsApp<\/a><div class='clear '><\/div><\/div>","protected":false},"excerpt":{"rendered":"<p>NETTALI.COM - C'est fin entre George Finidi et l'\u00e9quipe nationale nig\u00e9riane. En effet, la F\u00e9d\u00e9ration nig\u00e9riane de football (NFF) a d\u00e9mis le champion d'Afrique 94 de ses fonctions de s\u00e9lectionneur des Super Eagles apr\u00e8s seulement un mois et demi \u00e0 la t\u00eate de l\u2019\u00e9quipe. Un mois et 15 jours. C\u2019est le temps que Finidi George [&hellip;]<\/p>\n","protected":false},"author":5,"featured_media":135255,"comment_status":"open","ping_status":"open","sticky":false,"template":"","format":"standard","meta":{"_et_pb_use_builder":"","_et_pb_old_content":""},"categories":[6],"tags":[],"yoast_head":"<!-- This site is optimized with the Yoast SEO Premium plugin v17.8 (Yoast SEO v17.8) - https:\/\/yoast.com\/wordpress\/plugins\/seo\/ -->\n<title>NIG\u00c9RIA - George Finidi, c\u2019est d\u00e9j\u00e0 fini\u00a0! | Nettali.com<\/title>\n<meta name=\"robots\" content=\"index, follow, max-snippet:-1, max-image-preview:large, max-video-preview:-1\" \/>\n<link rel=\"canonical\" href=\"https:\/\/www.nettali.com\/2024\/06\/15\/nigeria-george-finidi-cest-deja-fini\/\" \/>\n<meta property=\"og:locale\" content=\"fr_FR\" \/>\n<meta property=\"og:type\" content=\"article\" \/>\n<meta property=\"og:title\" content=\"NIG\u00c9RIA - George Finidi, c\u2019est d\u00e9j\u00e0 fini\u00a0!\" \/>\n<meta property=\"og:description\" content=\"NETTALI.COM - C&#039;est fin entre George Finidi et l&#039;\u00e9quipe nationale nig\u00e9riane. En effet, la F\u00e9d\u00e9ration nig\u00e9riane de football (NFF) a d\u00e9mis le champion d&#039;Afrique 94 de ses fonctions de s\u00e9lectionneur des Super Eagles apr\u00e8s seulement un mois et demi \u00e0 la t\u00eate de l\u2019\u00e9quipe. Un mois et 15 jours. C\u2019est le temps que Finidi George [&hellip;]\" \/>\n<meta property=\"og:url\" content=\"https:\/\/www.nettali.com\/2024\/06\/15\/nigeria-george-finidi-cest-deja-fini\/\" \/>\n<meta property=\"og:site_name\" content=\"Nettali.com\" \/>\n<meta property=\"article:publisher\" content=\"https:\/\/www.facebook.com\/nettalicom\" \/>\n<meta property=\"article:published_time\" content=\"2024-06-15T00:08:06+00:00\" \/>\n<meta property=\"og:image\" content=\"https:\/\/www.nettali.com\/wp-content\/uploads\/2024\/06\/images-2024-03-27T123118.129.jpeg\" \/>\n\t<meta property=\"og:image:width\" content=\"723\" \/>\n\t<meta property=\"og:image:height\" content=\"424\" \/>\n<meta name=\"twitter:card\" content=\"summary_large_image\" \/>\n<meta name=\"twitter:label1\" content=\"\u00c9crit par\" \/>\n\t<meta name=\"twitter:data1\" content=\"Ibrahima\" \/>\n\t<meta name=\"twitter:label2\" content=\"Dur\u00e9e de lecture estim\u00e9e\" \/>\n\t<meta name=\"twitter:data2\" content=\"2 minutes\" \/>\n<script type=\"application\/ld+json\" class=\"yoast-schema-graph\">{\"@context\":\"https:\/\/schema.org\",\"@graph\":[{\"@type\":\"WebSite\",\"@id\":\"https:\/\/www.nettali.com\/#website\",\"url\":\"https:\/\/www.nettali.com\/\",\"name\":\"Nettali.com\",\"description\":\"Le rendez-vous critique du Net\",\"potentialAction\":[{\"@type\":\"SearchAction\",\"target\":{\"@type\":\"EntryPoint\",\"urlTemplate\":\"https:\/\/www.nettali.com\/?s={search_term_string}\"},\"query-input\":\"required name=search_term_string\"}],\"inLanguage\":\"fr-FR\"},{\"@type\":\"ImageObject\",\"@id\":\"https:\/\/www.nettali.com\/2024\/06\/15\/nigeria-george-finidi-cest-deja-fini\/#primaryimage\",\"inLanguage\":\"fr-FR\",\"url\":\"https:\/\/www.nettali.com\/wp-content\/uploads\/2024\/06\/images-2024-03-27T123118.129.jpeg\",\"contentUrl\":\"https:\/\/www.nettali.com\/wp-content\/uploads\/2024\/06\/images-2024-03-27T123118.129.jpeg\",\"width\":723,\"height\":424},{\"@type\":\"WebPage\",\"@id\":\"https:\/\/www.nettali.com\/2024\/06\/15\/nigeria-george-finidi-cest-deja-fini\/#webpage\",\"url\":\"https:\/\/www.nettali.com\/2024\/06\/15\/nigeria-george-finidi-cest-deja-fini\/\",\"name\":\"NIG\\u00c9RIA - George Finidi, c\\u2019est d\\u00e9j\\u00e0 fini\\u00a0! | Nettali.com\",\"isPartOf\":{\"@id\":\"https:\/\/www.nettali.com\/#website\"},\"primaryImageOfPage\":{\"@id\":\"https:\/\/www.nettali.com\/2024\/06\/15\/nigeria-george-finidi-cest-deja-fini\/#primaryimage\"},\"datePublished\":\"2024-06-15T00:08:06+00:00\",\"dateModified\":\"2024-06-15T00:08:06+00:00\",\"author\":{\"@id\":\"https:\/\/www.nettali.com\/#\/schema\/person\/bb147657c2986240405a608162b9bb23\"},\"breadcrumb\":{\"@id\":\"https:\/\/www.nettali.com\/2024\/06\/15\/nigeria-george-finidi-cest-deja-fini\/#breadcrumb\"},\"inLanguage\":\"fr-FR\",\"potentialAction\":[{\"@type\":\"ReadAction\",\"target\":[\"https:\/\/www.nettali.com\/2024\/06\/15\/nigeria-george-finidi-cest-deja-fini\/\"]}]},{\"@type\":\"BreadcrumbList\",\"@id\":\"https:\/\/www.nettali.com\/2024\/06\/15\/nigeria-george-finidi-cest-deja-fini\/#breadcrumb\",\"itemListElement\":[{\"@type\":\"ListItem\",\"position\":1,\"name\":\"Accueil\",\"item\":\"https:\/\/www.nettali.com\/\"},{\"@type\":\"ListItem\",\"position\":2,\"name\":\"NIG\\u00c9RIA - George Finidi, c\\u2019est d\\u00e9j\\u00e0 fini\\u00a0!\"}]},{\"@type\":\"Person\",\"@id\":\"https:\/\/www.nettali.com\/#\/schema\/person\/bb147657c2986240405a608162b9bb23\",\"name\":\"Ibrahima\",\"image\":{\"@type\":\"ImageObject\",\"@id\":\"https:\/\/www.nettali.com\/#personlogo\",\"inLanguage\":\"fr-FR\",\"url\":\"https:\/\/secure.gravatar.com\/avatar\/26a8a81f09f0dd7624c9d5c36c9ba3a2?s=96&d=mm&r=g\",\"contentUrl\":\"https:\/\/secure.gravatar.com\/avatar\/26a8a81f09f0dd7624c9d5c36c9ba3a2?s=96&d=mm&r=g\",\"caption\":\"Ibrahima\"},\"sameAs\":[\"https:\/\/www.nettali.com\"]}]}<\/script>\n<!-- \/ Yoast SEO Premium plugin. -->","yoast_head_json":{"title":"NIG\u00c9RIA - George Finidi, c\u2019est d\u00e9j\u00e0 fini\u00a0! | Nettali.com","robots":{"index":"index","follow":"follow","max-snippet":"max-snippet:-1","max-image-preview":"max-image-preview:large","max-video-preview":"max-video-preview:-1"},"canonical":"https:\/\/www.nettali.com\/2024\/06\/15\/nigeria-george-finidi-cest-deja-fini\/","og_locale":"fr_FR","og_type":"article","og_title":"NIG\u00c9RIA - George Finidi, c\u2019est d\u00e9j\u00e0 fini\u00a0!","og_description":"NETTALI.COM - C'est fin entre George Finidi et l'\u00e9quipe nationale nig\u00e9riane. En effet, la F\u00e9d\u00e9ration nig\u00e9riane de football (NFF) a d\u00e9mis le champion d'Afrique 94 de ses fonctions de s\u00e9lectionneur des Super Eagles apr\u00e8s seulement un mois et demi \u00e0 la t\u00eate de l\u2019\u00e9quipe. Un mois et 15 jours. C\u2019est le temps que Finidi George [&hellip;]","og_url":"https:\/\/www.nettali.com\/2024\/06\/15\/nigeria-george-finidi-cest-deja-fini\/","og_site_name":"Nettali.com","article_publisher":"https:\/\/www.facebook.com\/nettalicom","article_published_time":"2024-06-15T00:08:06+00:00","og_image":[{"width":723,"height":424,"url":"https:\/\/www.nettali.com\/wp-content\/uploads\/2024\/06\/images-2024-03-27T123118.129.jpeg","type":"image\/jpeg"}],"twitter_card":"summary_large_image","twitter_misc":{"\u00c9crit par":"Ibrahima","Dur\u00e9e de lecture estim\u00e9e":"2 minutes"},"schema":{"@context":"https:\/\/schema.org","@graph":[{"@type":"WebSite","@id":"https:\/\/www.nettali.com\/#website","url":"https:\/\/www.nettali.com\/","name":"Nettali.com","description":"Le rendez-vous critique du Net","potentialAction":[{"@type":"SearchAction","target":{"@type":"EntryPoint","urlTemplate":"https:\/\/www.nettali.com\/?s={search_term_string}"},"query-input":"required name=search_term_string"}],"inLanguage":"fr-FR"},{"@type":"ImageObject","@id":"https:\/\/www.nettali.com\/2024\/06\/15\/nigeria-george-finidi-cest-deja-fini\/#primaryimage","inLanguage":"fr-FR","url":"https:\/\/www.nettali.com\/wp-content\/uploads\/2024\/06\/images-2024-03-27T123118.129.jpeg","contentUrl":"https:\/\/www.nettali.com\/wp-content\/uploads\/2024\/06\/images-2024-03-27T123118.129.jpeg","width":723,"height":424},{"@type":"WebPage","@id":"https:\/\/www.nettali.com\/2024\/06\/15\/nigeria-george-finidi-cest-deja-fini\/#webpage","url":"https:\/\/www.nettali.com\/2024\/06\/15\/nigeria-george-finidi-cest-deja-fini\/","name":"NIG\u00c9RIA - George Finidi, c\u2019est d\u00e9j\u00e0 fini\u00a0! | Nettali.com","isPartOf":{"@id":"https:\/\/www.nettali.com\/#website"},"primaryImageOfPage":{"@id":"https:\/\/www.nettali.com\/2024\/06\/15\/nigeria-george-finidi-cest-deja-fini\/#primaryimage"},"datePublished":"2024-06-15T00:08:06+00:00","dateModified":"2024-06-15T00:08:06+00:00","author":{"@id":"https:\/\/www.nettali.com\/#\/schema\/person\/bb147657c2986240405a608162b9bb23"},"breadcrumb":{"@id":"https:\/\/www.nettali.com\/2024\/06\/15\/nigeria-george-finidi-cest-deja-fini\/#breadcrumb"},"inLanguage":"fr-FR","potentialAction":[{"@type":"ReadAction","target":["https:\/\/www.nettali.com\/2024\/06\/15\/nigeria-george-finidi-cest-deja-fini\/"]}]},{"@type":"BreadcrumbList","@id":"https:\/\/www.nettali.com\/2024\/06\/15\/nigeria-george-finidi-cest-deja-fini\/#breadcrumb","itemListElement":[{"@type":"ListItem","position":1,"name":"Accueil","item":"https:\/\/www.nettali.com\/"},{"@type":"ListItem","position":2,"name":"NIG\u00c9RIA - George Finidi, c\u2019est d\u00e9j\u00e0 fini\u00a0!"}]},{"@type":"Person","@id":"https:\/\/www.nettali.com\/#\/schema\/person\/bb147657c2986240405a608162b9bb23","name":"Ibrahima","image":{"@type":"ImageObject","@id":"https:\/\/www.nettali.com\/#personlogo","inLanguage":"fr-FR","url":"https:\/\/secure.gravatar.com\/avatar\/26a8a81f09f0dd7624c9d5c36c9ba3a2?s=96&d=mm&r=g","contentUrl":"https:\/\/secure.gravatar.com\/avatar\/26a8a81f09f0dd7624c9d5c36c9ba3a2?s=96&d=mm&r=g","caption":"Ibrahima"},"sameAs":["https:\/\/www.nettali.com"]}]}},"_links":{"self":[{"href":"https:\/\/www.nettali.com\/rest\/wp\/v2\/posts\/135254"}],"collection":[{"href":"https:\/\/www.nettali.com\/rest\/wp\/v2\/posts"}],"about":[{"href":"https:\/\/www.nettali.com\/rest\/wp\/v2\/types\/post"}],"author":[{"embeddable":true,"href":"https:\/\/www.nettali.com\/rest\/wp\/v2\/users\/5"}],"replies":[{"embeddable":true,"href":"https:\/\/www.nettali.com\/rest\/wp\/v2\/comments?post=135254"}],"version-history":[{"count":1,"href":"https:\/\/www.nettali.com\/rest\/wp\/v2\/posts\/135254\/revisions"}],"predecessor-version":[{"id":135256,"href":"https:\/\/www.nettali.com\/rest\/wp\/v2\/posts\/135254\/revisions\/135256"}],"wp:featuredmedia":[{"embeddable":true,"href":"https:\/\/www.nettali.com\/rest\/wp\/v2\/media\/135255"}],"wp:attachment":[{"href":"https:\/\/www.nettali.com\/rest\/wp\/v2\/media?parent=135254"}],"wp:term":[{"taxonomy":"category","embeddable":true,"href":"https:\/\/www.nettali.com\/rest\/wp\/v2\/categories?post=135254"},{"taxonomy":"post_tag","embeddable":true,"href":"https:\/\/www.nettali.com\/rest\/wp\/v2\/tags?post=135254"}],"curies":[{"name":"wp","href":"https:\/\/api.w.org\/{rel}","templated":true}]}}