{"id":135199,"date":"2024-06-14T07:42:57","date_gmt":"2024-06-14T07:42:57","guid":{"rendered":"https:\/\/www.nettali.com\/?p=135199"},"modified":"2024-06-14T07:42:57","modified_gmt":"2024-06-14T07:42:57","slug":"mali-le-selectionneur-eric-chelle-limoge","status":"publish","type":"post","link":"https:\/\/www.nettali.com\/2024\/06\/14\/mali-le-selectionneur-eric-chelle-limoge\/","title":{"rendered":"MALI - Le s\u00e9lectionneur Eric Chelle limog\u00e9 !"},"content":{"rendered":"<p><strong>NETTALI.COM - La F\u00e9d\u00e9ration malienne de football (Femafoot) n'aura pas perdu de temps\u2026 A peine 48 heures au sortir d'un dernier rassemblement rat\u00e9, l'instance a annonc\u00e9 dans la soir\u00e9e du jeudi 13 juin, le limogeage de son s\u00e9lectionneur Eric Chelle.<\/strong><\/p>\n<p>\"<em>Le comit\u00e9 ex\u00e9cutif de la f\u00e9d\u00e9ration malienne de football, r\u00e9uni en session extraordinaire ce jour, a d\u00e9cid\u00e9 \u00e0 l'unanimit\u00e9, avec l'accord de l'autorit\u00e9 de tutelle, de mettre fin \u00e0 la collaboration entre l'entraineur de l'Equipe Nationale Senior, Monsieur Eric S\u00e9kou Chelle et la Femafoot<\/em>\", a indiqu\u00e9 l'instance.<\/p>\n<p>\"<em>Le Comit\u00e9 Ex\u00e9cutif remercie l'int\u00e9ress\u00e9 pour les efforts consentis \u00e0 la t\u00e8te des Aigles. De plus, la FEMAFOOT adresse ses remerciements aux plus hautes autorit\u00e9s, notamment le D\u00e9partement en charge des Sports pour leurs accompagnements constants en faveur des Equipes Nationales<\/em>.\"<\/p>\n<p>Il s'agit clairement d'une d\u00e9cision tr\u00e8s brutale, m\u00eame si le vent avait commenc\u00e9 \u00e0 tourner ces derniers jours apr\u00e8s une d\u00e9faite contre le Ghana, qui a renvers\u00e9 les Aigles \u00e0 domicile durant le temps additionnel (1-2), suivie d'un match nul d\u00e9cevant contre Madagascar (0-0) malgr\u00e9 les 75 minutes pass\u00e9es en sup\u00e9riorit\u00e9 num\u00e9rique. Ces deux r\u00e9sultats ont plac\u00e9 le\u00a0Mali\u00a0\u00e0 4 points des Comores et du Ghana, tous deux en t\u00eate du groupe\u00a0\u00e9liminatoire \u00e0 la Coupe du monde 2026, l'\u00e9loignant d'une premi\u00e8re participation au Mondial.<\/p>\n<p><strong>Un bilan tr\u00e8s positif<\/strong><\/p>\n<p>Nomm\u00e9 en mai 2022, l'ex-international malien \u00e9tait pourtant consid\u00e9r\u00e9 jusqu'\u00e0 r\u00e9cemment comme un exemple des techniciens nationaux \u00e0 succ\u00e8s, avec un bilan de 13 victoires en 21 matchs pour 5 nuls et seulement 3 d\u00e9faites. En d\u00e9but d'ann\u00e9e en C\u00f4te d'Ivoire, Chelle \u00e9tait m\u00eame devenu le premier s\u00e9lectionneur \u00e0 mener les Aigles jusqu'en quarts de finale de la CAN depuis 11 ans, mais l'\u00e9limination face au pays-h\u00f4te sur le fil et apr\u00e8s un sc\u00e9nario renversant (1-2), avait d\u00e9j\u00e0 g\u00e9n\u00e9r\u00e9 des critiques.<\/p>\n<p>La semaine derni\u00e8re en conf\u00e9rence de presse, des journalistes avaient\u00a0demand\u00e9 la d\u00e9mission\u00a0du technicien de 46 ans. Leur v\u0153u aura donc \u00e9t\u00e9 exauc\u00e9. Chelle ne devrait toutefois pas avoir de mal \u00e0 rebondir. R\u00e9cemment, son nom circulait au FC Metz, rel\u00e9gu\u00e9 en Ligue 2, parmi les pistes \u00e0 la succession de L\u00e1szl\u00f3 B\u00f6l\u00f6ni.<\/p>\n<div class='share-to-whatsapp-wrapper'><div class='share-on-whsp'>PARTAGER SUR : <\/div><a data-text='MALI - Le s\u00e9lectionneur Eric Chelle limog\u00e9 !' data-link='https:\/\/www.nettali.com\/2024\/06\/14\/mali-le-selectionneur-eric-chelle-limoge\/' class='whatsapp-button whatsapp-share'>WhatsApp<\/a><div class='clear '><\/div><\/div>","protected":false},"excerpt":{"rendered":"<p>NETTALI.COM - La F\u00e9d\u00e9ration malienne de football (Femafoot) n'aura pas perdu de temps\u2026 A peine 48 heures au sortir d'un dernier rassemblement rat\u00e9, l'instance a annonc\u00e9 dans la soir\u00e9e du jeudi 13 juin, le limogeage de son s\u00e9lectionneur Eric Chelle. \"Le comit\u00e9 ex\u00e9cutif de la f\u00e9d\u00e9ration malienne de football, r\u00e9uni en session extraordinaire ce jour, [&hellip;]<\/p>\n","protected":false},"author":5,"featured_media":135197,"comment_status":"open","ping_status":"open","sticky":false,"template":"","format":"standard","meta":{"_et_pb_use_builder":"","_et_pb_old_content":""},"categories":[6],"tags":[],"yoast_head":"<!-- This site is optimized with the Yoast SEO Premium plugin v17.8 (Yoast SEO v17.8) - https:\/\/yoast.com\/wordpress\/plugins\/seo\/ -->\n<title>MALI - Le s\u00e9lectionneur Eric Chelle limog\u00e9 ! | Nettali.com<\/title>\n<meta name=\"robots\" content=\"index, follow, max-snippet:-1, max-image-preview:large, max-video-preview:-1\" \/>\n<link rel=\"canonical\" href=\"https:\/\/www.nettali.com\/2024\/06\/14\/mali-le-selectionneur-eric-chelle-limoge\/\" \/>\n<meta property=\"og:locale\" content=\"fr_FR\" \/>\n<meta property=\"og:type\" content=\"article\" \/>\n<meta property=\"og:title\" content=\"MALI - Le s\u00e9lectionneur Eric Chelle limog\u00e9 !\" \/>\n<meta property=\"og:description\" content=\"NETTALI.COM - La F\u00e9d\u00e9ration malienne de football (Femafoot) n&#039;aura pas perdu de temps\u2026 A peine 48 heures au sortir d&#039;un dernier rassemblement rat\u00e9, l&#039;instance a annonc\u00e9 dans la soir\u00e9e du jeudi 13 juin, le limogeage de son s\u00e9lectionneur Eric Chelle. &quot;Le comit\u00e9 ex\u00e9cutif de la f\u00e9d\u00e9ration malienne de football, r\u00e9uni en session extraordinaire ce jour, [&hellip;]\" \/>\n<meta property=\"og:url\" content=\"https:\/\/www.nettali.com\/2024\/06\/14\/mali-le-selectionneur-eric-chelle-limoge\/\" \/>\n<meta property=\"og:site_name\" content=\"Nettali.com\" \/>\n<meta property=\"article:publisher\" content=\"https:\/\/www.facebook.com\/nettalicom\" \/>\n<meta property=\"article:published_time\" content=\"2024-06-14T07:42:57+00:00\" \/>\n<meta property=\"og:image\" content=\"https:\/\/www.nettali.com\/wp-content\/uploads\/2024\/06\/Eric-Chelle.jpg\" \/>\n\t<meta property=\"og:image:width\" content=\"2001\" \/>\n\t<meta property=\"og:image:height\" content=\"1334\" \/>\n<meta name=\"twitter:card\" content=\"summary_large_image\" \/>\n<meta name=\"twitter:label1\" content=\"\u00c9crit par\" \/>\n\t<meta name=\"twitter:data1\" content=\"Ibrahima\" \/>\n\t<meta name=\"twitter:label2\" content=\"Dur\u00e9e de lecture estim\u00e9e\" \/>\n\t<meta name=\"twitter:data2\" content=\"2 minutes\" \/>\n<script type=\"application\/ld+json\" class=\"yoast-schema-graph\">{\"@context\":\"https:\/\/schema.org\",\"@graph\":[{\"@type\":\"WebSite\",\"@id\":\"https:\/\/www.nettali.com\/#website\",\"url\":\"https:\/\/www.nettali.com\/\",\"name\":\"Nettali.com\",\"description\":\"Le rendez-vous critique du Net\",\"potentialAction\":[{\"@type\":\"SearchAction\",\"target\":{\"@type\":\"EntryPoint\",\"urlTemplate\":\"https:\/\/www.nettali.com\/?s={search_term_string}\"},\"query-input\":\"required name=search_term_string\"}],\"inLanguage\":\"fr-FR\"},{\"@type\":\"ImageObject\",\"@id\":\"https:\/\/www.nettali.com\/2024\/06\/14\/mali-le-selectionneur-eric-chelle-limoge\/#primaryimage\",\"inLanguage\":\"fr-FR\",\"url\":\"https:\/\/www.nettali.com\/wp-content\/uploads\/2024\/06\/Eric-Chelle.jpg\",\"contentUrl\":\"https:\/\/www.nettali.com\/wp-content\/uploads\/2024\/06\/Eric-Chelle.jpg\",\"width\":2001,\"height\":1334,\"caption\":\"Eric CHELLE of Mali during the Africa Nations Cup match between Namibia and Mali on January 24, 2024 at Laurent Pokou stadium in San Pedro, Ivory Coast. (Photo by GPG \/ Icon Sport)\"},{\"@type\":\"WebPage\",\"@id\":\"https:\/\/www.nettali.com\/2024\/06\/14\/mali-le-selectionneur-eric-chelle-limoge\/#webpage\",\"url\":\"https:\/\/www.nettali.com\/2024\/06\/14\/mali-le-selectionneur-eric-chelle-limoge\/\",\"name\":\"MALI - Le s\\u00e9lectionneur Eric Chelle limog\\u00e9 ! | Nettali.com\",\"isPartOf\":{\"@id\":\"https:\/\/www.nettali.com\/#website\"},\"primaryImageOfPage\":{\"@id\":\"https:\/\/www.nettali.com\/2024\/06\/14\/mali-le-selectionneur-eric-chelle-limoge\/#primaryimage\"},\"datePublished\":\"2024-06-14T07:42:57+00:00\",\"dateModified\":\"2024-06-14T07:42:57+00:00\",\"author\":{\"@id\":\"https:\/\/www.nettali.com\/#\/schema\/person\/bb147657c2986240405a608162b9bb23\"},\"breadcrumb\":{\"@id\":\"https:\/\/www.nettali.com\/2024\/06\/14\/mali-le-selectionneur-eric-chelle-limoge\/#breadcrumb\"},\"inLanguage\":\"fr-FR\",\"potentialAction\":[{\"@type\":\"ReadAction\",\"target\":[\"https:\/\/www.nettali.com\/2024\/06\/14\/mali-le-selectionneur-eric-chelle-limoge\/\"]}]},{\"@type\":\"BreadcrumbList\",\"@id\":\"https:\/\/www.nettali.com\/2024\/06\/14\/mali-le-selectionneur-eric-chelle-limoge\/#breadcrumb\",\"itemListElement\":[{\"@type\":\"ListItem\",\"position\":1,\"name\":\"Accueil\",\"item\":\"https:\/\/www.nettali.com\/\"},{\"@type\":\"ListItem\",\"position\":2,\"name\":\"MALI - Le s\\u00e9lectionneur Eric Chelle limog\\u00e9 !\"}]},{\"@type\":\"Person\",\"@id\":\"https:\/\/www.nettali.com\/#\/schema\/person\/bb147657c2986240405a608162b9bb23\",\"name\":\"Ibrahima\",\"image\":{\"@type\":\"ImageObject\",\"@id\":\"https:\/\/www.nettali.com\/#personlogo\",\"inLanguage\":\"fr-FR\",\"url\":\"https:\/\/secure.gravatar.com\/avatar\/26a8a81f09f0dd7624c9d5c36c9ba3a2?s=96&d=mm&r=g\",\"contentUrl\":\"https:\/\/secure.gravatar.com\/avatar\/26a8a81f09f0dd7624c9d5c36c9ba3a2?s=96&d=mm&r=g\",\"caption\":\"Ibrahima\"},\"sameAs\":[\"https:\/\/www.nettali.com\"]}]}<\/script>\n<!-- \/ Yoast SEO Premium plugin. -->","yoast_head_json":{"title":"MALI - Le s\u00e9lectionneur Eric Chelle limog\u00e9 ! | Nettali.com","robots":{"index":"index","follow":"follow","max-snippet":"max-snippet:-1","max-image-preview":"max-image-preview:large","max-video-preview":"max-video-preview:-1"},"canonical":"https:\/\/www.nettali.com\/2024\/06\/14\/mali-le-selectionneur-eric-chelle-limoge\/","og_locale":"fr_FR","og_type":"article","og_title":"MALI - Le s\u00e9lectionneur Eric Chelle limog\u00e9 !","og_description":"NETTALI.COM - La F\u00e9d\u00e9ration malienne de football (Femafoot) n'aura pas perdu de temps\u2026 A peine 48 heures au sortir d'un dernier rassemblement rat\u00e9, l'instance a annonc\u00e9 dans la soir\u00e9e du jeudi 13 juin, le limogeage de son s\u00e9lectionneur Eric Chelle. \"Le comit\u00e9 ex\u00e9cutif de la f\u00e9d\u00e9ration malienne de football, r\u00e9uni en session extraordinaire ce jour, [&hellip;]","og_url":"https:\/\/www.nettali.com\/2024\/06\/14\/mali-le-selectionneur-eric-chelle-limoge\/","og_site_name":"Nettali.com","article_publisher":"https:\/\/www.facebook.com\/nettalicom","article_published_time":"2024-06-14T07:42:57+00:00","og_image":[{"width":2001,"height":1334,"url":"https:\/\/www.nettali.com\/wp-content\/uploads\/2024\/06\/Eric-Chelle.jpg","type":"image\/jpeg"}],"twitter_card":"summary_large_image","twitter_misc":{"\u00c9crit par":"Ibrahima","Dur\u00e9e de lecture estim\u00e9e":"2 minutes"},"schema":{"@context":"https:\/\/schema.org","@graph":[{"@type":"WebSite","@id":"https:\/\/www.nettali.com\/#website","url":"https:\/\/www.nettali.com\/","name":"Nettali.com","description":"Le rendez-vous critique du Net","potentialAction":[{"@type":"SearchAction","target":{"@type":"EntryPoint","urlTemplate":"https:\/\/www.nettali.com\/?s={search_term_string}"},"query-input":"required name=search_term_string"}],"inLanguage":"fr-FR"},{"@type":"ImageObject","@id":"https:\/\/www.nettali.com\/2024\/06\/14\/mali-le-selectionneur-eric-chelle-limoge\/#primaryimage","inLanguage":"fr-FR","url":"https:\/\/www.nettali.com\/wp-content\/uploads\/2024\/06\/Eric-Chelle.jpg","contentUrl":"https:\/\/www.nettali.com\/wp-content\/uploads\/2024\/06\/Eric-Chelle.jpg","width":2001,"height":1334,"caption":"Eric CHELLE of Mali during the Africa Nations Cup match between Namibia and Mali on January 24, 2024 at Laurent Pokou stadium in San Pedro, Ivory Coast. (Photo by GPG \/ Icon Sport)"},{"@type":"WebPage","@id":"https:\/\/www.nettali.com\/2024\/06\/14\/mali-le-selectionneur-eric-chelle-limoge\/#webpage","url":"https:\/\/www.nettali.com\/2024\/06\/14\/mali-le-selectionneur-eric-chelle-limoge\/","name":"MALI - Le s\u00e9lectionneur Eric Chelle limog\u00e9 ! | Nettali.com","isPartOf":{"@id":"https:\/\/www.nettali.com\/#website"},"primaryImageOfPage":{"@id":"https:\/\/www.nettali.com\/2024\/06\/14\/mali-le-selectionneur-eric-chelle-limoge\/#primaryimage"},"datePublished":"2024-06-14T07:42:57+00:00","dateModified":"2024-06-14T07:42:57+00:00","author":{"@id":"https:\/\/www.nettali.com\/#\/schema\/person\/bb147657c2986240405a608162b9bb23"},"breadcrumb":{"@id":"https:\/\/www.nettali.com\/2024\/06\/14\/mali-le-selectionneur-eric-chelle-limoge\/#breadcrumb"},"inLanguage":"fr-FR","potentialAction":[{"@type":"ReadAction","target":["https:\/\/www.nettali.com\/2024\/06\/14\/mali-le-selectionneur-eric-chelle-limoge\/"]}]},{"@type":"BreadcrumbList","@id":"https:\/\/www.nettali.com\/2024\/06\/14\/mali-le-selectionneur-eric-chelle-limoge\/#breadcrumb","itemListElement":[{"@type":"ListItem","position":1,"name":"Accueil","item":"https:\/\/www.nettali.com\/"},{"@type":"ListItem","position":2,"name":"MALI - Le s\u00e9lectionneur Eric Chelle limog\u00e9 !"}]},{"@type":"Person","@id":"https:\/\/www.nettali.com\/#\/schema\/person\/bb147657c2986240405a608162b9bb23","name":"Ibrahima","image":{"@type":"ImageObject","@id":"https:\/\/www.nettali.com\/#personlogo","inLanguage":"fr-FR","url":"https:\/\/secure.gravatar.com\/avatar\/26a8a81f09f0dd7624c9d5c36c9ba3a2?s=96&d=mm&r=g","contentUrl":"https:\/\/secure.gravatar.com\/avatar\/26a8a81f09f0dd7624c9d5c36c9ba3a2?s=96&d=mm&r=g","caption":"Ibrahima"},"sameAs":["https:\/\/www.nettali.com"]}]}},"_links":{"self":[{"href":"https:\/\/www.nettali.com\/rest\/wp\/v2\/posts\/135199"}],"collection":[{"href":"https:\/\/www.nettali.com\/rest\/wp\/v2\/posts"}],"about":[{"href":"https:\/\/www.nettali.com\/rest\/wp\/v2\/types\/post"}],"author":[{"embeddable":true,"href":"https:\/\/www.nettali.com\/rest\/wp\/v2\/users\/5"}],"replies":[{"embeddable":true,"href":"https:\/\/www.nettali.com\/rest\/wp\/v2\/comments?post=135199"}],"version-history":[{"count":3,"href":"https:\/\/www.nettali.com\/rest\/wp\/v2\/posts\/135199\/revisions"}],"predecessor-version":[{"id":135205,"href":"https:\/\/www.nettali.com\/rest\/wp\/v2\/posts\/135199\/revisions\/135205"}],"wp:featuredmedia":[{"embeddable":true,"href":"https:\/\/www.nettali.com\/rest\/wp\/v2\/media\/135197"}],"wp:attachment":[{"href":"https:\/\/www.nettali.com\/rest\/wp\/v2\/media?parent=135199"}],"wp:term":[{"taxonomy":"category","embeddable":true,"href":"https:\/\/www.nettali.com\/rest\/wp\/v2\/categories?post=135199"},{"taxonomy":"post_tag","embeddable":true,"href":"https:\/\/www.nettali.com\/rest\/wp\/v2\/tags?post=135199"}],"curies":[{"name":"wp","href":"https:\/\/api.w.org\/{rel}","templated":true}]}}