{"id":135192,"date":"2024-06-14T07:40:22","date_gmt":"2024-06-14T07:40:22","guid":{"rendered":"https:\/\/www.nettali.com\/?p=135192"},"modified":"2024-06-14T09:09:33","modified_gmt":"2024-06-14T09:09:33","slug":"baisse-du-prix-du-pain-les-boulangers-se-ruent-dans-les-brancards","status":"publish","type":"post","link":"https:\/\/www.nettali.com\/2024\/06\/14\/baisse-du-prix-du-pain-les-boulangers-se-ruent-dans-les-brancards\/","title":{"rendered":"BAISSE DU PRIX DU PAIN - Les boulangers se ruent dans les brancards"},"content":{"rendered":"<p style=\"text-align: left;\"><strong>NETTALI.COM - Dans sa logique d\u2019apaiser le co\u00fbt de la vie pour soulager les m\u00e9nages comme promis lors de la campagne et dans plusieurs de leur discours, le gouvernement a r\u00e9v\u00e9l\u00e9 ce jeudi 13 les prix de certains produits qui ont \u00e9t\u00e9 revus \u00e0 la baisse, notamment les prix du riz, du sucre, de l'huile, du pain\u2026 Toutefois les boulangers qui ont eu vent de la baisse du prix du pain, de 15 francs portant ainsi le pain \u00e0 160 au lieu de 175 FCFA n\u2019ont pas tard\u00e9 \u00e0 r\u00e9pliquer.<\/strong><\/p>\n<p>La f\u00e9d\u00e9ration nationale des boulangers du S\u00e9n\u00e9gal dit constater avec stup\u00e9faction les nouvelles mesures prises sur des prix des produits de grande consommation. Joint par la Rfm apr\u00e8s l\u2019annonce du prix de la baguette de pain qui co\u00fbtera d\u00e9sormais \u00e0 160 Fcfa apr\u00e8s la Tabaski, Amadou Gaye n'a pas cach\u00e9 sa d\u00e9ception.<\/p>\n<p>\"<em>Nous disons no comment ! on est dans un r\u00e9gime d\u2019homologation. Si on entend des prix annonc\u00e9s sans en fixer avec la f\u00e9d\u00e9ration, on observe le no comment<\/em>\", a-t-il fustig\u00e9.<\/p>\n<p>Toutefois, il reconna\u00eet avoir \u00e9t\u00e9 consult\u00e9 par la primature pour \u00e9changer et discuter sur les prix de grande consommation.<br \/>\n\"<em>On a \u00e9t\u00e9 consult\u00e9 une seule fois \u00e0 la primature. Nous leur avons donn\u00e9 nos propositions. Et pour l\u2019homologation, on n\u2019a pas \u00e9t\u00e9 consult\u00e9. Nous allons laisser la situation pourrir jusqu\u2019\u00e0 la fermeture de toutes les boulangeries et d\u00e9poser notre bilan<\/em>\" laisse-t-il entendre.<\/p>\n<p>Malgr\u00e9 cette d\u00e9ception, il fait savoir qu\u2019ils n\u2019iront pas en gr\u00e8ve encore moins faire des mouvements. La f\u00e9d\u00e9ration va rester dans son coin.<br \/>\n\"<em>On n\u2019ira pas en gr\u00e8ve pour \u00e7a. C\u2019est comme si le S\u00e9n\u00e9gal s\u2019arr\u00eatait \u00e0 Dakar. Le prix est diff\u00e9rent dans les r\u00e9gions. A Saint-Louis, le pain est vendu \u00e0 200f comme \u00e0 Ziguinchor. Chaque r\u00e9gion devrait convoquer un conseil r\u00e9gional de la consommation mais ce n\u2019est pas fait pour fixer les prix<\/em>\", regrette M. Gaye.<\/p>\n<div class='share-to-whatsapp-wrapper'><div class='share-on-whsp'>PARTAGER SUR : <\/div><a data-text='BAISSE DU PRIX DU PAIN - Les boulangers se ruent dans les brancards' data-link='https:\/\/www.nettali.com\/2024\/06\/14\/baisse-du-prix-du-pain-les-boulangers-se-ruent-dans-les-brancards\/' class='whatsapp-button whatsapp-share'>WhatsApp<\/a><div class='clear '><\/div><\/div>","protected":false},"excerpt":{"rendered":"<p>NETTALI.COM - Dans sa logique d\u2019apaiser le co\u00fbt de la vie pour soulager les m\u00e9nages comme promis lors de la campagne et dans plusieurs de leur discours, le gouvernement a r\u00e9v\u00e9l\u00e9 ce jeudi 13 les prix de certains produits qui ont \u00e9t\u00e9 revus \u00e0 la baisse, notamment les prix du riz, du sucre, de l'huile, [&hellip;]<\/p>\n","protected":false},"author":5,"featured_media":135193,"comment_status":"open","ping_status":"open","sticky":false,"template":"","format":"standard","meta":{"_et_pb_use_builder":"","_et_pb_old_content":""},"categories":[3],"tags":[],"yoast_head":"<!-- This site is optimized with the Yoast SEO Premium plugin v17.8 (Yoast SEO v17.8) - https:\/\/yoast.com\/wordpress\/plugins\/seo\/ -->\n<title>BAISSE DU PRIX DU PAIN - Les boulangers se ruent dans les brancards | Nettali.com<\/title>\n<meta name=\"robots\" content=\"index, follow, max-snippet:-1, max-image-preview:large, max-video-preview:-1\" \/>\n<link rel=\"canonical\" href=\"https:\/\/www.nettali.com\/2024\/06\/14\/baisse-du-prix-du-pain-les-boulangers-se-ruent-dans-les-brancards\/\" \/>\n<meta property=\"og:locale\" content=\"fr_FR\" \/>\n<meta property=\"og:type\" content=\"article\" \/>\n<meta property=\"og:title\" content=\"BAISSE DU PRIX DU PAIN - Les boulangers se ruent dans les brancards\" \/>\n<meta property=\"og:description\" content=\"NETTALI.COM - Dans sa logique d\u2019apaiser le co\u00fbt de la vie pour soulager les m\u00e9nages comme promis lors de la campagne et dans plusieurs de leur discours, le gouvernement a r\u00e9v\u00e9l\u00e9 ce jeudi 13 les prix de certains produits qui ont \u00e9t\u00e9 revus \u00e0 la baisse, notamment les prix du riz, du sucre, de l&#039;huile, [&hellip;]\" \/>\n<meta property=\"og:url\" content=\"https:\/\/www.nettali.com\/2024\/06\/14\/baisse-du-prix-du-pain-les-boulangers-se-ruent-dans-les-brancards\/\" \/>\n<meta property=\"og:site_name\" content=\"Nettali.com\" \/>\n<meta property=\"article:publisher\" content=\"https:\/\/www.facebook.com\/nettalicom\" \/>\n<meta property=\"article:published_time\" content=\"2024-06-14T07:40:22+00:00\" \/>\n<meta property=\"article:modified_time\" content=\"2024-06-14T09:09:33+00:00\" \/>\n<meta property=\"og:image\" content=\"https:\/\/www.nettali.com\/wp-content\/uploads\/2024\/06\/77538450-56348733.jpg\" \/>\n\t<meta property=\"og:image:width\" content=\"543\" \/>\n\t<meta property=\"og:image:height\" content=\"278\" \/>\n<meta name=\"twitter:card\" content=\"summary_large_image\" \/>\n<meta name=\"twitter:label1\" content=\"\u00c9crit par\" \/>\n\t<meta name=\"twitter:data1\" content=\"Ibrahima\" \/>\n\t<meta name=\"twitter:label2\" content=\"Dur\u00e9e de lecture estim\u00e9e\" \/>\n\t<meta name=\"twitter:data2\" content=\"2 minutes\" \/>\n<script type=\"application\/ld+json\" class=\"yoast-schema-graph\">{\"@context\":\"https:\/\/schema.org\",\"@graph\":[{\"@type\":\"WebSite\",\"@id\":\"https:\/\/www.nettali.com\/#website\",\"url\":\"https:\/\/www.nettali.com\/\",\"name\":\"Nettali.com\",\"description\":\"Le rendez-vous critique du Net\",\"potentialAction\":[{\"@type\":\"SearchAction\",\"target\":{\"@type\":\"EntryPoint\",\"urlTemplate\":\"https:\/\/www.nettali.com\/?s={search_term_string}\"},\"query-input\":\"required name=search_term_string\"}],\"inLanguage\":\"fr-FR\"},{\"@type\":\"ImageObject\",\"@id\":\"https:\/\/www.nettali.com\/2024\/06\/14\/baisse-du-prix-du-pain-les-boulangers-se-ruent-dans-les-brancards\/#primaryimage\",\"inLanguage\":\"fr-FR\",\"url\":\"https:\/\/www.nettali.com\/wp-content\/uploads\/2024\/06\/77538450-56348733.jpg\",\"contentUrl\":\"https:\/\/www.nettali.com\/wp-content\/uploads\/2024\/06\/77538450-56348733.jpg\",\"width\":543,\"height\":278},{\"@type\":\"WebPage\",\"@id\":\"https:\/\/www.nettali.com\/2024\/06\/14\/baisse-du-prix-du-pain-les-boulangers-se-ruent-dans-les-brancards\/#webpage\",\"url\":\"https:\/\/www.nettali.com\/2024\/06\/14\/baisse-du-prix-du-pain-les-boulangers-se-ruent-dans-les-brancards\/\",\"name\":\"BAISSE DU PRIX DU PAIN - Les boulangers se ruent dans les brancards | Nettali.com\",\"isPartOf\":{\"@id\":\"https:\/\/www.nettali.com\/#website\"},\"primaryImageOfPage\":{\"@id\":\"https:\/\/www.nettali.com\/2024\/06\/14\/baisse-du-prix-du-pain-les-boulangers-se-ruent-dans-les-brancards\/#primaryimage\"},\"datePublished\":\"2024-06-14T07:40:22+00:00\",\"dateModified\":\"2024-06-14T09:09:33+00:00\",\"author\":{\"@id\":\"https:\/\/www.nettali.com\/#\/schema\/person\/bb147657c2986240405a608162b9bb23\"},\"breadcrumb\":{\"@id\":\"https:\/\/www.nettali.com\/2024\/06\/14\/baisse-du-prix-du-pain-les-boulangers-se-ruent-dans-les-brancards\/#breadcrumb\"},\"inLanguage\":\"fr-FR\",\"potentialAction\":[{\"@type\":\"ReadAction\",\"target\":[\"https:\/\/www.nettali.com\/2024\/06\/14\/baisse-du-prix-du-pain-les-boulangers-se-ruent-dans-les-brancards\/\"]}]},{\"@type\":\"BreadcrumbList\",\"@id\":\"https:\/\/www.nettali.com\/2024\/06\/14\/baisse-du-prix-du-pain-les-boulangers-se-ruent-dans-les-brancards\/#breadcrumb\",\"itemListElement\":[{\"@type\":\"ListItem\",\"position\":1,\"name\":\"Accueil\",\"item\":\"https:\/\/www.nettali.com\/\"},{\"@type\":\"ListItem\",\"position\":2,\"name\":\"BAISSE DU PRIX DU PAIN - Les boulangers se ruent dans les brancards\"}]},{\"@type\":\"Person\",\"@id\":\"https:\/\/www.nettali.com\/#\/schema\/person\/bb147657c2986240405a608162b9bb23\",\"name\":\"Ibrahima\",\"image\":{\"@type\":\"ImageObject\",\"@id\":\"https:\/\/www.nettali.com\/#personlogo\",\"inLanguage\":\"fr-FR\",\"url\":\"https:\/\/secure.gravatar.com\/avatar\/26a8a81f09f0dd7624c9d5c36c9ba3a2?s=96&d=mm&r=g\",\"contentUrl\":\"https:\/\/secure.gravatar.com\/avatar\/26a8a81f09f0dd7624c9d5c36c9ba3a2?s=96&d=mm&r=g\",\"caption\":\"Ibrahima\"},\"sameAs\":[\"https:\/\/www.nettali.com\"]}]}<\/script>\n<!-- \/ Yoast SEO Premium plugin. -->","yoast_head_json":{"title":"BAISSE DU PRIX DU PAIN - Les boulangers se ruent dans les brancards | Nettali.com","robots":{"index":"index","follow":"follow","max-snippet":"max-snippet:-1","max-image-preview":"max-image-preview:large","max-video-preview":"max-video-preview:-1"},"canonical":"https:\/\/www.nettali.com\/2024\/06\/14\/baisse-du-prix-du-pain-les-boulangers-se-ruent-dans-les-brancards\/","og_locale":"fr_FR","og_type":"article","og_title":"BAISSE DU PRIX DU PAIN - Les boulangers se ruent dans les brancards","og_description":"NETTALI.COM - Dans sa logique d\u2019apaiser le co\u00fbt de la vie pour soulager les m\u00e9nages comme promis lors de la campagne et dans plusieurs de leur discours, le gouvernement a r\u00e9v\u00e9l\u00e9 ce jeudi 13 les prix de certains produits qui ont \u00e9t\u00e9 revus \u00e0 la baisse, notamment les prix du riz, du sucre, de l'huile, [&hellip;]","og_url":"https:\/\/www.nettali.com\/2024\/06\/14\/baisse-du-prix-du-pain-les-boulangers-se-ruent-dans-les-brancards\/","og_site_name":"Nettali.com","article_publisher":"https:\/\/www.facebook.com\/nettalicom","article_published_time":"2024-06-14T07:40:22+00:00","article_modified_time":"2024-06-14T09:09:33+00:00","og_image":[{"width":543,"height":278,"url":"https:\/\/www.nettali.com\/wp-content\/uploads\/2024\/06\/77538450-56348733.jpg","type":"image\/jpeg"}],"twitter_card":"summary_large_image","twitter_misc":{"\u00c9crit par":"Ibrahima","Dur\u00e9e de lecture estim\u00e9e":"2 minutes"},"schema":{"@context":"https:\/\/schema.org","@graph":[{"@type":"WebSite","@id":"https:\/\/www.nettali.com\/#website","url":"https:\/\/www.nettali.com\/","name":"Nettali.com","description":"Le rendez-vous critique du Net","potentialAction":[{"@type":"SearchAction","target":{"@type":"EntryPoint","urlTemplate":"https:\/\/www.nettali.com\/?s={search_term_string}"},"query-input":"required name=search_term_string"}],"inLanguage":"fr-FR"},{"@type":"ImageObject","@id":"https:\/\/www.nettali.com\/2024\/06\/14\/baisse-du-prix-du-pain-les-boulangers-se-ruent-dans-les-brancards\/#primaryimage","inLanguage":"fr-FR","url":"https:\/\/www.nettali.com\/wp-content\/uploads\/2024\/06\/77538450-56348733.jpg","contentUrl":"https:\/\/www.nettali.com\/wp-content\/uploads\/2024\/06\/77538450-56348733.jpg","width":543,"height":278},{"@type":"WebPage","@id":"https:\/\/www.nettali.com\/2024\/06\/14\/baisse-du-prix-du-pain-les-boulangers-se-ruent-dans-les-brancards\/#webpage","url":"https:\/\/www.nettali.com\/2024\/06\/14\/baisse-du-prix-du-pain-les-boulangers-se-ruent-dans-les-brancards\/","name":"BAISSE DU PRIX DU PAIN - Les boulangers se ruent dans les brancards | Nettali.com","isPartOf":{"@id":"https:\/\/www.nettali.com\/#website"},"primaryImageOfPage":{"@id":"https:\/\/www.nettali.com\/2024\/06\/14\/baisse-du-prix-du-pain-les-boulangers-se-ruent-dans-les-brancards\/#primaryimage"},"datePublished":"2024-06-14T07:40:22+00:00","dateModified":"2024-06-14T09:09:33+00:00","author":{"@id":"https:\/\/www.nettali.com\/#\/schema\/person\/bb147657c2986240405a608162b9bb23"},"breadcrumb":{"@id":"https:\/\/www.nettali.com\/2024\/06\/14\/baisse-du-prix-du-pain-les-boulangers-se-ruent-dans-les-brancards\/#breadcrumb"},"inLanguage":"fr-FR","potentialAction":[{"@type":"ReadAction","target":["https:\/\/www.nettali.com\/2024\/06\/14\/baisse-du-prix-du-pain-les-boulangers-se-ruent-dans-les-brancards\/"]}]},{"@type":"BreadcrumbList","@id":"https:\/\/www.nettali.com\/2024\/06\/14\/baisse-du-prix-du-pain-les-boulangers-se-ruent-dans-les-brancards\/#breadcrumb","itemListElement":[{"@type":"ListItem","position":1,"name":"Accueil","item":"https:\/\/www.nettali.com\/"},{"@type":"ListItem","position":2,"name":"BAISSE DU PRIX DU PAIN - Les boulangers se ruent dans les brancards"}]},{"@type":"Person","@id":"https:\/\/www.nettali.com\/#\/schema\/person\/bb147657c2986240405a608162b9bb23","name":"Ibrahima","image":{"@type":"ImageObject","@id":"https:\/\/www.nettali.com\/#personlogo","inLanguage":"fr-FR","url":"https:\/\/secure.gravatar.com\/avatar\/26a8a81f09f0dd7624c9d5c36c9ba3a2?s=96&d=mm&r=g","contentUrl":"https:\/\/secure.gravatar.com\/avatar\/26a8a81f09f0dd7624c9d5c36c9ba3a2?s=96&d=mm&r=g","caption":"Ibrahima"},"sameAs":["https:\/\/www.nettali.com"]}]}},"_links":{"self":[{"href":"https:\/\/www.nettali.com\/rest\/wp\/v2\/posts\/135192"}],"collection":[{"href":"https:\/\/www.nettali.com\/rest\/wp\/v2\/posts"}],"about":[{"href":"https:\/\/www.nettali.com\/rest\/wp\/v2\/types\/post"}],"author":[{"embeddable":true,"href":"https:\/\/www.nettali.com\/rest\/wp\/v2\/users\/5"}],"replies":[{"embeddable":true,"href":"https:\/\/www.nettali.com\/rest\/wp\/v2\/comments?post=135192"}],"version-history":[{"count":5,"href":"https:\/\/www.nettali.com\/rest\/wp\/v2\/posts\/135192\/revisions"}],"predecessor-version":[{"id":135233,"href":"https:\/\/www.nettali.com\/rest\/wp\/v2\/posts\/135192\/revisions\/135233"}],"wp:featuredmedia":[{"embeddable":true,"href":"https:\/\/www.nettali.com\/rest\/wp\/v2\/media\/135193"}],"wp:attachment":[{"href":"https:\/\/www.nettali.com\/rest\/wp\/v2\/media?parent=135192"}],"wp:term":[{"taxonomy":"category","embeddable":true,"href":"https:\/\/www.nettali.com\/rest\/wp\/v2\/categories?post=135192"},{"taxonomy":"post_tag","embeddable":true,"href":"https:\/\/www.nettali.com\/rest\/wp\/v2\/tags?post=135192"}],"curies":[{"name":"wp","href":"https:\/\/api.w.org\/{rel}","templated":true}]}}