{"id":135150,"date":"2024-06-13T11:47:36","date_gmt":"2024-06-13T11:47:36","guid":{"rendered":"https:\/\/www.nettali.com\/?p=135150"},"modified":"2024-06-13T10:50:50","modified_gmt":"2024-06-13T10:50:50","slug":"en-coulisses-gabrielle-kane-sous-le-coup-dun-mandat-darret","status":"publish","type":"post","link":"https:\/\/www.nettali.com\/2024\/06\/13\/en-coulisses-gabrielle-kane-sous-le-coup-dun-mandat-darret\/","title":{"rendered":"EN COULISSES - Gabrielle Kane sous le coup d\u2019un mandat d\u2019arr\u00eat"},"content":{"rendered":"<p>NETTALI.COM - La f\u00e9ministe et pr\u00e9sidente de l\u2019Association d\u2019appui et de protection des femmes victimes de violation de leurs droits (APROFEV), est sous le coup d\u2019un mandat d\u2019arr\u00eat.<\/p>\n<p>C'est \u00e0 travers ses r\u00e9seaux sociaux que l\u2019ancienne protectrice de Adji Sarr a confirm\u00e9 l'information.<\/p>\n<p>\"<em>A tous, l\u2019information sur le mandat d\u2019arr\u00eat me concernant et qui circule est vrai (...) Si la prison est la r\u00e9compense de mes combats de femme, de m\u00e8re, j\u2019irai avec une immense fiert\u00e9 pour ce que j\u2019ai fait. <\/em><em>Je ne regrette rien et mille fois, je recommencerai ! (...) En attendant que cela soit clair, aujourd\u2019hui plus que jamais : je ne c\u00e9derai pas, je ne me soumettrai pas et je n\u2019abdiquerai pas<\/em>\", a \u00e9crit Gabrielle Kane sur sa page Tiktok.<\/p>\n<p>La jeune dame ferait objet de plusieurs plaintes.<\/p>\n<div class='share-to-whatsapp-wrapper'><div class='share-on-whsp'>PARTAGER SUR : <\/div><a data-text='EN COULISSES - Gabrielle Kane sous le coup d\u2019un mandat d\u2019arr\u00eat' data-link='https:\/\/www.nettali.com\/2024\/06\/13\/en-coulisses-gabrielle-kane-sous-le-coup-dun-mandat-darret\/' class='whatsapp-button whatsapp-share'>WhatsApp<\/a><div class='clear '><\/div><\/div>","protected":false},"excerpt":{"rendered":"<p>NETTALI.COM - La f\u00e9ministe et pr\u00e9sidente de l\u2019Association d\u2019appui et de protection des femmes victimes de violation de leurs droits (APROFEV), est sous le coup d\u2019un mandat d\u2019arr\u00eat. C'est \u00e0 travers ses r\u00e9seaux sociaux que l\u2019ancienne protectrice de Adji Sarr a confirm\u00e9 l'information. \"A tous, l\u2019information sur le mandat d\u2019arr\u00eat me concernant et qui circule [&hellip;]<\/p>\n","protected":false},"author":5,"featured_media":135151,"comment_status":"open","ping_status":"open","sticky":false,"template":"","format":"standard","meta":{"_et_pb_use_builder":"","_et_pb_old_content":""},"categories":[34945],"tags":[],"yoast_head":"<!-- This site is optimized with the Yoast SEO Premium plugin v17.8 (Yoast SEO v17.8) - https:\/\/yoast.com\/wordpress\/plugins\/seo\/ -->\n<title>EN COULISSES - Gabrielle Kane sous le coup d\u2019un mandat d\u2019arr\u00eat | Nettali.com<\/title>\n<meta name=\"robots\" content=\"index, follow, max-snippet:-1, max-image-preview:large, max-video-preview:-1\" \/>\n<link rel=\"canonical\" href=\"https:\/\/www.nettali.com\/2024\/06\/13\/en-coulisses-gabrielle-kane-sous-le-coup-dun-mandat-darret\/\" \/>\n<meta property=\"og:locale\" content=\"fr_FR\" \/>\n<meta property=\"og:type\" content=\"article\" \/>\n<meta property=\"og:title\" content=\"EN COULISSES - Gabrielle Kane sous le coup d\u2019un mandat d\u2019arr\u00eat\" \/>\n<meta property=\"og:description\" content=\"NETTALI.COM - La f\u00e9ministe et pr\u00e9sidente de l\u2019Association d\u2019appui et de protection des femmes victimes de violation de leurs droits (APROFEV), est sous le coup d\u2019un mandat d\u2019arr\u00eat. C&#039;est \u00e0 travers ses r\u00e9seaux sociaux que l\u2019ancienne protectrice de Adji Sarr a confirm\u00e9 l&#039;information. &quot;A tous, l\u2019information sur le mandat d\u2019arr\u00eat me concernant et qui circule [&hellip;]\" \/>\n<meta property=\"og:url\" content=\"https:\/\/www.nettali.com\/2024\/06\/13\/en-coulisses-gabrielle-kane-sous-le-coup-dun-mandat-darret\/\" \/>\n<meta property=\"og:site_name\" content=\"Nettali.com\" \/>\n<meta property=\"article:publisher\" content=\"https:\/\/www.facebook.com\/nettalicom\" \/>\n<meta property=\"article:published_time\" content=\"2024-06-13T11:47:36+00:00\" \/>\n<meta property=\"article:modified_time\" content=\"2024-06-13T10:50:50+00:00\" \/>\n<meta property=\"og:image\" content=\"https:\/\/www.nettali.com\/wp-content\/uploads\/2024\/06\/Screenshot_20240613-093411_1.jpg\" \/>\n\t<meta property=\"og:image:width\" content=\"1080\" \/>\n\t<meta property=\"og:image:height\" content=\"653\" \/>\n<meta name=\"twitter:card\" content=\"summary_large_image\" \/>\n<meta name=\"twitter:label1\" content=\"\u00c9crit par\" \/>\n\t<meta name=\"twitter:data1\" content=\"Ibrahima\" \/>\n\t<meta name=\"twitter:label2\" content=\"Dur\u00e9e de lecture estim\u00e9e\" \/>\n\t<meta name=\"twitter:data2\" content=\"1 minute\" \/>\n<script type=\"application\/ld+json\" class=\"yoast-schema-graph\">{\"@context\":\"https:\/\/schema.org\",\"@graph\":[{\"@type\":\"WebSite\",\"@id\":\"https:\/\/www.nettali.com\/#website\",\"url\":\"https:\/\/www.nettali.com\/\",\"name\":\"Nettali.com\",\"description\":\"Le rendez-vous critique du Net\",\"potentialAction\":[{\"@type\":\"SearchAction\",\"target\":{\"@type\":\"EntryPoint\",\"urlTemplate\":\"https:\/\/www.nettali.com\/?s={search_term_string}\"},\"query-input\":\"required name=search_term_string\"}],\"inLanguage\":\"fr-FR\"},{\"@type\":\"ImageObject\",\"@id\":\"https:\/\/www.nettali.com\/2024\/06\/13\/en-coulisses-gabrielle-kane-sous-le-coup-dun-mandat-darret\/#primaryimage\",\"inLanguage\":\"fr-FR\",\"url\":\"https:\/\/www.nettali.com\/wp-content\/uploads\/2024\/06\/Screenshot_20240613-093411_1.jpg\",\"contentUrl\":\"https:\/\/www.nettali.com\/wp-content\/uploads\/2024\/06\/Screenshot_20240613-093411_1.jpg\",\"width\":1080,\"height\":653},{\"@type\":\"WebPage\",\"@id\":\"https:\/\/www.nettali.com\/2024\/06\/13\/en-coulisses-gabrielle-kane-sous-le-coup-dun-mandat-darret\/#webpage\",\"url\":\"https:\/\/www.nettali.com\/2024\/06\/13\/en-coulisses-gabrielle-kane-sous-le-coup-dun-mandat-darret\/\",\"name\":\"EN COULISSES - Gabrielle Kane sous le coup d\\u2019un mandat d\\u2019arr\\u00eat | Nettali.com\",\"isPartOf\":{\"@id\":\"https:\/\/www.nettali.com\/#website\"},\"primaryImageOfPage\":{\"@id\":\"https:\/\/www.nettali.com\/2024\/06\/13\/en-coulisses-gabrielle-kane-sous-le-coup-dun-mandat-darret\/#primaryimage\"},\"datePublished\":\"2024-06-13T11:47:36+00:00\",\"dateModified\":\"2024-06-13T10:50:50+00:00\",\"author\":{\"@id\":\"https:\/\/www.nettali.com\/#\/schema\/person\/bb147657c2986240405a608162b9bb23\"},\"breadcrumb\":{\"@id\":\"https:\/\/www.nettali.com\/2024\/06\/13\/en-coulisses-gabrielle-kane-sous-le-coup-dun-mandat-darret\/#breadcrumb\"},\"inLanguage\":\"fr-FR\",\"potentialAction\":[{\"@type\":\"ReadAction\",\"target\":[\"https:\/\/www.nettali.com\/2024\/06\/13\/en-coulisses-gabrielle-kane-sous-le-coup-dun-mandat-darret\/\"]}]},{\"@type\":\"BreadcrumbList\",\"@id\":\"https:\/\/www.nettali.com\/2024\/06\/13\/en-coulisses-gabrielle-kane-sous-le-coup-dun-mandat-darret\/#breadcrumb\",\"itemListElement\":[{\"@type\":\"ListItem\",\"position\":1,\"name\":\"Accueil\",\"item\":\"https:\/\/www.nettali.com\/\"},{\"@type\":\"ListItem\",\"position\":2,\"name\":\"EN COULISSES - Gabrielle Kane sous le coup d\\u2019un mandat d\\u2019arr\\u00eat\"}]},{\"@type\":\"Person\",\"@id\":\"https:\/\/www.nettali.com\/#\/schema\/person\/bb147657c2986240405a608162b9bb23\",\"name\":\"Ibrahima\",\"image\":{\"@type\":\"ImageObject\",\"@id\":\"https:\/\/www.nettali.com\/#personlogo\",\"inLanguage\":\"fr-FR\",\"url\":\"https:\/\/secure.gravatar.com\/avatar\/26a8a81f09f0dd7624c9d5c36c9ba3a2?s=96&d=mm&r=g\",\"contentUrl\":\"https:\/\/secure.gravatar.com\/avatar\/26a8a81f09f0dd7624c9d5c36c9ba3a2?s=96&d=mm&r=g\",\"caption\":\"Ibrahima\"},\"sameAs\":[\"https:\/\/www.nettali.com\"]}]}<\/script>\n<!-- \/ Yoast SEO Premium plugin. -->","yoast_head_json":{"title":"EN COULISSES - Gabrielle Kane sous le coup d\u2019un mandat d\u2019arr\u00eat | Nettali.com","robots":{"index":"index","follow":"follow","max-snippet":"max-snippet:-1","max-image-preview":"max-image-preview:large","max-video-preview":"max-video-preview:-1"},"canonical":"https:\/\/www.nettali.com\/2024\/06\/13\/en-coulisses-gabrielle-kane-sous-le-coup-dun-mandat-darret\/","og_locale":"fr_FR","og_type":"article","og_title":"EN COULISSES - Gabrielle Kane sous le coup d\u2019un mandat d\u2019arr\u00eat","og_description":"NETTALI.COM - La f\u00e9ministe et pr\u00e9sidente de l\u2019Association d\u2019appui et de protection des femmes victimes de violation de leurs droits (APROFEV), est sous le coup d\u2019un mandat d\u2019arr\u00eat. C'est \u00e0 travers ses r\u00e9seaux sociaux que l\u2019ancienne protectrice de Adji Sarr a confirm\u00e9 l'information. \"A tous, l\u2019information sur le mandat d\u2019arr\u00eat me concernant et qui circule [&hellip;]","og_url":"https:\/\/www.nettali.com\/2024\/06\/13\/en-coulisses-gabrielle-kane-sous-le-coup-dun-mandat-darret\/","og_site_name":"Nettali.com","article_publisher":"https:\/\/www.facebook.com\/nettalicom","article_published_time":"2024-06-13T11:47:36+00:00","article_modified_time":"2024-06-13T10:50:50+00:00","og_image":[{"width":1080,"height":653,"url":"https:\/\/www.nettali.com\/wp-content\/uploads\/2024\/06\/Screenshot_20240613-093411_1.jpg","type":"image\/jpeg"}],"twitter_card":"summary_large_image","twitter_misc":{"\u00c9crit par":"Ibrahima","Dur\u00e9e de lecture estim\u00e9e":"1 minute"},"schema":{"@context":"https:\/\/schema.org","@graph":[{"@type":"WebSite","@id":"https:\/\/www.nettali.com\/#website","url":"https:\/\/www.nettali.com\/","name":"Nettali.com","description":"Le rendez-vous critique du Net","potentialAction":[{"@type":"SearchAction","target":{"@type":"EntryPoint","urlTemplate":"https:\/\/www.nettali.com\/?s={search_term_string}"},"query-input":"required name=search_term_string"}],"inLanguage":"fr-FR"},{"@type":"ImageObject","@id":"https:\/\/www.nettali.com\/2024\/06\/13\/en-coulisses-gabrielle-kane-sous-le-coup-dun-mandat-darret\/#primaryimage","inLanguage":"fr-FR","url":"https:\/\/www.nettali.com\/wp-content\/uploads\/2024\/06\/Screenshot_20240613-093411_1.jpg","contentUrl":"https:\/\/www.nettali.com\/wp-content\/uploads\/2024\/06\/Screenshot_20240613-093411_1.jpg","width":1080,"height":653},{"@type":"WebPage","@id":"https:\/\/www.nettali.com\/2024\/06\/13\/en-coulisses-gabrielle-kane-sous-le-coup-dun-mandat-darret\/#webpage","url":"https:\/\/www.nettali.com\/2024\/06\/13\/en-coulisses-gabrielle-kane-sous-le-coup-dun-mandat-darret\/","name":"EN COULISSES - Gabrielle Kane sous le coup d\u2019un mandat d\u2019arr\u00eat | Nettali.com","isPartOf":{"@id":"https:\/\/www.nettali.com\/#website"},"primaryImageOfPage":{"@id":"https:\/\/www.nettali.com\/2024\/06\/13\/en-coulisses-gabrielle-kane-sous-le-coup-dun-mandat-darret\/#primaryimage"},"datePublished":"2024-06-13T11:47:36+00:00","dateModified":"2024-06-13T10:50:50+00:00","author":{"@id":"https:\/\/www.nettali.com\/#\/schema\/person\/bb147657c2986240405a608162b9bb23"},"breadcrumb":{"@id":"https:\/\/www.nettali.com\/2024\/06\/13\/en-coulisses-gabrielle-kane-sous-le-coup-dun-mandat-darret\/#breadcrumb"},"inLanguage":"fr-FR","potentialAction":[{"@type":"ReadAction","target":["https:\/\/www.nettali.com\/2024\/06\/13\/en-coulisses-gabrielle-kane-sous-le-coup-dun-mandat-darret\/"]}]},{"@type":"BreadcrumbList","@id":"https:\/\/www.nettali.com\/2024\/06\/13\/en-coulisses-gabrielle-kane-sous-le-coup-dun-mandat-darret\/#breadcrumb","itemListElement":[{"@type":"ListItem","position":1,"name":"Accueil","item":"https:\/\/www.nettali.com\/"},{"@type":"ListItem","position":2,"name":"EN COULISSES - Gabrielle Kane sous le coup d\u2019un mandat d\u2019arr\u00eat"}]},{"@type":"Person","@id":"https:\/\/www.nettali.com\/#\/schema\/person\/bb147657c2986240405a608162b9bb23","name":"Ibrahima","image":{"@type":"ImageObject","@id":"https:\/\/www.nettali.com\/#personlogo","inLanguage":"fr-FR","url":"https:\/\/secure.gravatar.com\/avatar\/26a8a81f09f0dd7624c9d5c36c9ba3a2?s=96&d=mm&r=g","contentUrl":"https:\/\/secure.gravatar.com\/avatar\/26a8a81f09f0dd7624c9d5c36c9ba3a2?s=96&d=mm&r=g","caption":"Ibrahima"},"sameAs":["https:\/\/www.nettali.com"]}]}},"_links":{"self":[{"href":"https:\/\/www.nettali.com\/rest\/wp\/v2\/posts\/135150"}],"collection":[{"href":"https:\/\/www.nettali.com\/rest\/wp\/v2\/posts"}],"about":[{"href":"https:\/\/www.nettali.com\/rest\/wp\/v2\/types\/post"}],"author":[{"embeddable":true,"href":"https:\/\/www.nettali.com\/rest\/wp\/v2\/users\/5"}],"replies":[{"embeddable":true,"href":"https:\/\/www.nettali.com\/rest\/wp\/v2\/comments?post=135150"}],"version-history":[{"count":3,"href":"https:\/\/www.nettali.com\/rest\/wp\/v2\/posts\/135150\/revisions"}],"predecessor-version":[{"id":135155,"href":"https:\/\/www.nettali.com\/rest\/wp\/v2\/posts\/135150\/revisions\/135155"}],"wp:featuredmedia":[{"embeddable":true,"href":"https:\/\/www.nettali.com\/rest\/wp\/v2\/media\/135151"}],"wp:attachment":[{"href":"https:\/\/www.nettali.com\/rest\/wp\/v2\/media?parent=135150"}],"wp:term":[{"taxonomy":"category","embeddable":true,"href":"https:\/\/www.nettali.com\/rest\/wp\/v2\/categories?post=135150"},{"taxonomy":"post_tag","embeddable":true,"href":"https:\/\/www.nettali.com\/rest\/wp\/v2\/tags?post=135150"}],"curies":[{"name":"wp","href":"https:\/\/api.w.org\/{rel}","templated":true}]}}