{"id":135122,"date":"2024-06-13T08:54:57","date_gmt":"2024-06-13T08:54:57","guid":{"rendered":"https:\/\/www.nettali.com\/?p=135122"},"modified":"2024-06-17T16:48:28","modified_gmt":"2024-06-17T16:48:28","slug":"idiovisuel-au-show-du-grand-theatre","status":"publish","type":"post","link":"https:\/\/www.nettali.com\/2024\/06\/13\/idiovisuel-au-show-du-grand-theatre\/","title":{"rendered":"IDIOVISUEL - Au show du Grand th\u00e9\u00e2tre !"},"content":{"rendered":"<p><strong>NETTALI.COM - Pour une sortie politique, celle qu\u2019a livr\u00e9 Ousmane Sonko, le patron du Pastef, dimanche, ressemblait plus \u00e0 une sorte de meeting improvis\u00e9, sans r\u00e9el fil conducteur qu\u2019\u00e0 une conf\u00e9rence. Un th\u00e9\u00e2tre \u00e0 ciel ouvert digne des lieux qui ont abrit\u00e9 son meeting. On a eu affaire \u00e0 une prestation comme il les aime, du niveau du terrain Acapes o\u00f9 il haranguait les foules, faisait le buzz et se plaisait \u00e0 prof\u00e9rer des menaces. Sans doute que ce haut lieu de la contestation qui abritait les rassemblements du Pastef, o\u00f9 se m\u00ealaient diatribes, attaques contre le r\u00e9gime et \u00a0les incessantes menaces du leader du Pastef, \u00a0lui manquait.\u00a0<\/strong><\/p>\n<p>C\u2019est \u00e0 croire m\u00eame que le Premier ministre Ousmane Sonko ne r\u00e9alise pas qu\u2019il n\u2019est plus opposant. Et l\u2019on ne peut manquer de se demander s\u2019il a vraiment pris la pleine mesure de sa nouvelle fonction ? Ibou Fall, le chroniqueur de I-Radio croit savoir que non. Il pense plut\u00f4t qu\u2019Ousmane Sonko devrait \u00eatre habit\u00e9 par la mystique de la r\u00e9publique qui consiste \u00e0 vivre ce qui fonde une nation et que tout le monde partage. Lorsqu\u2019on n\u2019est pas habit\u00e9 par cette mystique, fait remarquer Fall, tous les actes qu\u2019on va poser, ne vont pas \u00eatre en accord avec les besoins du pays. Cette mystique implique, selon lui, de la s\u00e9r\u00e9nit\u00e9 et le respect des \u00a0chartes de la r\u00e9publique. Celui-ci estime d\u2019ailleurs que ce qui est confi\u00e9 \u00e0 un gouvernement, c\u2019est la chose publique. Celui qui \u00a0ignore cela et n\u2019en fait qu\u2019\u00e0 sa t\u00eate, conduira in\u00e9luctablement le pays \u00e0 la d\u00e9rive. Selon le chroniqueur qui poursuit, Ousmane Sonko doit se rendre compte qu\u2019il parle \u00e0 18 millions de S\u00e9n\u00e9galais, aux g\u00e9n\u00e9rations futures, au nom de 64 ans de r\u00e9publique, de si\u00e8cles d\u2019histoire, de notre histoire, de notre culture et de notre identit\u00e9.<\/p>\n<p>Opposant, Ousmane Sonko l\u2019est redevenu, le temps de ce dimanche, o\u00f9 il a sembl\u00e9 avoir envie de se payer du journaliste et de l\u2019opposant. Car difficile de comprendre qu\u2019il ait pu dire que le ministre de la Justice lui a transf\u00e9r\u00e9 une vid\u00e9o dans une affaire pendante devant la justice. Une mani\u00e8re de confirmer que tout ce qu\u2019il abhorrait dans la justice, y est toujours pr\u00e9sent, dans un gouvernement qu\u2019il dirige de surcroit. Un homme d\u2019\u00e9tat ne devrait pas tout \u00e9taler sur la place publique. Sans doute a-t-il voulu \u00a0montrer qu\u2019il laissait la justice faire son travail ? Sauf qu\u2019il est pass\u00e9 \u00e0 c\u00f4t\u00e9 de son message en d\u00e9voilant ce qui ne devait pas l\u2019\u00eatre. R\u00e9sultat des courses, le militant de Pastef qui s\u2019en est pris au procureur de la r\u00e9publique, a \u00e9t\u00e9 lib\u00e9r\u00e9. La question est d\u00e8s lors de savoir quel message a \u00e9t\u00e9 d\u00e9livr\u00e9 dans l\u2019esprit de beaucoup de S\u00e9n\u00e9galais ?<\/p>\n<p>De m\u00eame l\u2019on peut se demander sur quel compte, il met ses menaces contre les opposants ? Difficile d\u2019ailleurs de savoir \u00e0 quel moment, il parle en tant que Premier ministre ou en tant que Pr\u00e9sident de parti. Le m\u00e9lange des genres est \u00e0 son comble. Comme lorsqu\u2019il fait savoir que le rapport du Prodac \u00e9pinglant le ministre Mame Mbaye Niang que l\u2019on cachait, est sur la table de son bureau et qu\u2019il promet de <em>\u00ab\u00a0transmettre le dossier \u00e0 la justice\u00a0\u00bb<\/em>. Il ne s\u2019en arr\u00eate pas l\u00e0 puisqu\u2019il pr\u00e9cise qu\u2019une <em>\u00ab\u00a0cinquantaine d\u2019audits\u00a0\u00bb<\/em> avaient \u00e9t\u00e9 lanc\u00e9s dans des secteurs aussi divers que la p\u00eache, les infrastructures et le plan national de lutte contre les inondations. Le comble, c\u2019est lorsqu\u2019il parle de balayer des magistrats suppos\u00e9ment \u00ab corrompus \u00bb, des <em>\u00ab\u00a0auteurs de malversations financi\u00e8res\u00a0\u00bb<\/em> qui <em>\u00ab\u00a0ne seront pas pardonn\u00e9s\u00a0\u00bb<\/em> et <em>\u00ab\u00a0la nouvelle opposition\u00a0\u00bb<\/em>. Est-il juge ?<\/p>\n<p>Celui-l\u00e0 qui s\u2019est toujours plaint d\u2019avoir \u00e9t\u00e9 pers\u00e9cut\u00e9, ses v\u00e9hicules cass\u00e9s, sa vie priv\u00e9e viol\u00e9e\u2026 devrait-il se comporter de cette mani\u00e8re vis-\u00e0-vis des nouveaux opposants ? Sur les r\u00e9seaux sociaux, ceux-l\u00e0 pas encore sortis de leur surprise et torpeur, sont raill\u00e9s et appel\u00e9s \u00e0 sortir de leur trou pour s\u2019opposer. Cela fait certainement partie du jeu de la politique politicienne, mais de l\u00e0 \u00e0 brandir des menaces, il y a une limite qu\u2019un Premier ministre ne devrait pas franchir.<\/p>\n<p>La presse : une cible de choix<\/p>\n<p>C\u2019est surtout avec la presse que les attaques sont plus s\u00e9v\u00e8res. Chercherait-il \u00e0 la discr\u00e9diter qu\u2019il en parle avec des propos peu am\u00e8nes ? Le chef du gouvernement qu\u2019il est doit se rendre \u00e0 l\u2019\u00e9vidence que Madiambal et Bougane Gu\u00e8ye Dany, dont les directeurs de publications respectifs de leurs journaux (Mouhamed Gu\u00e8ye et Pape Moussa Traor\u00e9) ont \u00e9t\u00e9 r\u00e9cemment convoqu\u00e9s \u00e0 la police et \u00e0 la gendarmerie, dans l\u2019affaire du g\u00e9n\u00e9ral Kand\u00e9, ne repr\u00e9sentent pas la presse qui compte en son sein des milliers de journalistes dont ceux de l\u2019audiovisuel, de la presse \u00e9crite et de la presse en ligne qu\u2019on ne voit jamais. Se lancer donc dans la g\u00e9n\u00e9ralisation en parlant de la presse ou des journalistes, n\u2019a pas beaucoup d\u2019int\u00e9r\u00eat et encore moins de sens. Il s\u2019agit tout au plus de trouver les voies et moyens de faire payer ceux qui doivent des imp\u00f4ts, mais sans tambour ni trompettes. Le bruit ne fait pas de bien, c\u2019est s\u00fbr. Les jeter en p\u00e2ture n\u2019arrange nullement la situation. \u00a0Mais une question \u00e0 se poser, c\u2019est de se demander si le paiement de cotisations sociales est r\u00e9ellement du ressort d\u2019un Premier ministre ?<\/p>\n<p>A la v\u00e9rit\u00e9, la presse n\u2019est pas la seule entit\u00e9 de l\u2019Etat \u00e0 devoir payer l\u2019imp\u00f4t. La question du paiement de l\u2019imp\u00f4t des entreprises, est en r\u00e9alit\u00e9 une probl\u00e9matique importante qui m\u00e9rite un traitement plus s\u00e9rieux gr\u00e2ce \u00e0 une approche globale. La prendre par le bout de la lorgnette, montre simplement une volont\u00e9 de la stigmatiser et de la discr\u00e9diter. L\u2019imposition est un sujet dont le traitement n\u00e9cessite \u00a0une approche plus globale qui passe par l\u2019augmentation de l\u2019assiette fiscale. Beaucoup de s\u00e9n\u00e9galais \u00e9chappent \u00e0 l\u2019imp\u00f4t parmi lesquels ceux qui peuplent le vaste secteur informel. Pourquoi donc cibler des journalistes ? Chercherait-on \u00e0 les rendre plus dociles ? La clef du probl\u00e8me pour la presse se trouverait sans doute dans un programme d\u2019aide \u00e0 payer plut\u00f4t que de chercher \u00e0 en accabler certains. Surtout que la presse assume une mission de service public qui participe \u00e0 l\u2019\u00e9veil et l\u2019\u00e9ducation des populations dans une logique d\u2019approfondissement de la d\u00e9mocratie.<\/p>\n<p>La r\u00e9cente pol\u00e9mique m\u00e9diatique sur l\u2019effacement de la dette fiscale par le pr\u00e9sident Macky Sall, a montr\u00e9 des S\u00e9n\u00e9galais divis\u00e9s sur la question, non sans une certaine hostilit\u00e9 contre la presse. Ce que beaucoup semblent ignorer, est que le gouvernement aide plusieurs autres secteurs tels que l\u2019agriculture, l\u2019\u00e9lectricit\u00e9, le transport public, etc. par le biais de la subvention ou gr\u00e2ce aux exon\u00e9rations li\u00e9es \u00e0 la cr\u00e9ation d\u2019entreprises. La suite a d\u2019ailleurs montr\u00e9 que cet effacement fiscal n\u2019est toujours pas appliqu\u00e9.<\/p>\n<p>Pourquoi devrait-on \u00eatre hostile \u00e0 un soutien de la presse dont on voit bien que le mod\u00e8le \u00e9conomique n\u2019est pas viable, dans un environnement o\u00f9 son utilit\u00e9 dans les qu\u00eates d\u00e9mocratiques est connue et reconnue. Dans quel pays au monde, un journal papier co\u00fbte-t-il encore 100 Francs ? Dans un pays o\u00f9 les journaux sont emprunt\u00e9s, les PDF partag\u00e9s sans scrupules, et la publicit\u00e9 r\u00e9serv\u00e9e aux m\u00e9dias publics, comment la presse peut-elle s\u2019en sortir ?<\/p>\n<p>Au-del\u00e0 de la question du mod\u00e8le \u00e9conomique qui n\u2019est pas viable, la question de la responsabilit\u00e9 de certains journalistes ne peut \u00eatre occult\u00e9e. Le fait pour un journaliste de reprendre un article par exemple, ne le d\u00e9douane point du recoupement de l\u2019information avant de la diffuser, car alors une fausse information le rend tout aussi coupable que l\u2019auteur de l\u2019article qui peut \u00eatre passible d\u2019une diffusion de fausses nouvelles. Le travail du journaliste se r\u00e9sume \u00e0 un triptyque : collecter, v\u00e9rifier suivant une certaine technique, et diffuser. Voil\u00e0 ce qu\u2019on attend de lui. Ce qui veut dire qu\u2019il ne doit pas tomber dans la facilit\u00e9.<\/p>\n<p>Le journaliste, de par la responsabilit\u00e9 qui lui incombe, ne doit d\u2019ailleurs pas pouvoir tout relayer. Il doit davantage s\u2019\u00e9vertuer \u00e0 recouper ses informations. Le recoupement est en effet le seul gage d\u2019un travail professionnel, sans oublier cette pr\u00e9caution \u00e0 prendre en mesurant les cons\u00e9quences de sa production. L\u2019on note de plus en plus une tendance chez certains \u00e0 ne point transpirer dans la recherche d\u2019informations et \u00e0 se s\u00e9dentariser devenant de fait, de simples caisses de r\u00e9sonance.<\/p>\n<p>Ousmane Sonko doit donc se rendre \u00e0 l\u2019\u00e9vidence qu\u2019il ne peut sortir vainqueur d\u2019une guerre contre la presse dont le travail n\u2019est ni d\u2019\u00eatre pro ou contre un homme politique. Le travail de la presse consiste \u00e0 s\u2019attacher \u00e0 la religion des faits. Il n y a gu\u00e8re longtemps il disait se suffire \u00e0 ses r\u00e9seaux sociaux. Pourquoi dans ce cas, les informations de la presse devrait-il le d\u00e9ranger\u00a0? \u00a0Difficile en effet de museler la presse \u00e0 cause du pluralisme qui rend cela impossible. Peut-on contr\u00f4ler tous les titres\u00a0? \u00a0Peut-on museler tous les journalistes\u00a0? Cela rel\u00e8ve de la mission impossible.<\/p>\n<p>Dans une VAR qui circule, c\u2019est le m\u00eame Ousmane Sonko qui disait qu\u2019il faut respecter la ligne \u00e9ditoriale des journaux et ne pas applaudir lorsqu\u2019une information est favorable et s\u2019en prendre \u00e0 un support lorsque l\u2019info devient d\u00e9favorable. Il avait m\u00eame rajout\u00e9 que si ce n\u2019\u00e9tait pas la presse, il ne serait pas l\u00e0 au point de pouvoir s\u2019adresser aux S\u00e9n\u00e9galais, rappelant qu\u2019il fut un temps, il n\u2019existait que la presse publique (RTS, radio S\u00e9n\u00e9gal, etc).<\/p>\n<p>Qu\u2019est ce qui a donc bien pu se passer entre temps pour qu\u2019il soit si hostile \u00e0 la presse ? Ousmane Sonko doit surtout se rem\u00e9morer qu\u2019il n y a gu\u00e8re longtemps, des groupes de presse, des journalistes et des chroniqueurs l\u2019ont d\u00e9fendu en foulant au pied les normes et la d\u00e9ontologie du m\u00e9tier de journaliste. Et pourtant ceux-l\u00e0 qui pr\u00e9textait de d\u00e9fendre des principes alors qu\u2019ils \u00e9taient partisans, n\u2019auraient jamais d\u00fb faire ce qu\u2019ils ont fait. Ne serait-ce que par \u00e9gard pour ceux-l\u00e0, ils ne devraient avoir cette posture-l\u00e0.<\/p>\n<p>Comment peut-il se comporter de cette mani\u00e8re-l\u00e0, apr\u00e8s avoir dit tout cela ? Comme lorsqu\u2019il fait savoir r\u00e9cemment avec ses salves contre la presse, qu\u2019il n\u2019a pas de compte \u00e0 lui rendre, estimant que les seuls qu\u2019il doit rendre des comptes, sont les citoyens. Comme si les journalistes n\u2019\u00e9taient pas des citoyens ! Ne passe-t-il\u00a0 pas par les m\u00e9dias pour donner de l\u2019information ? Pour \u00eatre plus coh\u00e9rent avec sa posture hostile contre les m\u00e9dias, il devrait se montrer cons\u00e9quent et n\u2019utiliser que les r\u00e9seaux sociaux et en plus cesser de passer sur la RTS o\u00f9 travaillent des journalistes qui lui offrent de la visibilit\u00e9 tous les jours.<\/p>\n<p>Qu\u2019Ousmane Sonko, en tant que pr\u00e9sident de parti, cherche \u00e0 rameuter et \u00e0 mobiliser ses troupes, est tout \u00e0 fait compr\u00e9hensible. Qu\u2019il le fasse de la mani\u00e8re dont il l\u2019a fait, laisse toutefois pantois.<\/p>\n<p>Alioune Tine d\u2019Africa Jom Center qu\u2019on ne peut pas soup\u00e7onner d\u2019\u00eatre hostile au Pastef, a d\u2019ailleurs r\u00e9cemment fait remarquer que, de son point de vue, <em>\u00ab\u00a0apr\u00e8s avoir assist\u00e9 \u00e0 ce qu\u2019on peut appeler un \u00c9tat agressif, nous n\u2019avons pas l\u2019impression d\u2019avoir tourn\u00e9 la page de l\u2019\u00c9tat-partisan. On a l\u2019impression qu\u2019il se met en place petit \u00e0 petit un \u00c9tat pastefien\u00a0\u00bb<\/em><em>. <\/em><\/p>\n<p>De m\u00eame, l\u2019alli\u00e9 du Pastef Guy Marius que l\u2019on pensait \u00e0 un moment pouvoir \u00eatre un plan B de Pastef, a fait savoir que le syst\u00e8me est toujours l\u00e0 malgr\u00e9 le changement de r\u00e9gime.<\/p>\n<p>M\u00eame son de cloche pour Birahim Seck du Forum civil\u00a0 qui rappelle au Premier ministre que son r\u00f4le est d'apporter des solutions durables pour fortifier la presse et la consolider, au lieu que cette derni\u00e8re se sente menac\u00e9e. Il lui a d\u2019ailleurs fait remarquer au passage qu\u2019il n\u2019est \u00ab\u00a0plus dans l'opposition mais dans la position d'apporter des r\u00e9ponses rassurantes et d\u00e9mocratiques\u00bb.<\/p>\n<p>Tout cela pour dire que dans ces critiques formul\u00e9es \u00e0 l\u2019endroit du chef du parti Pastef, tout n\u2019est pas faux, m\u00eame si op\u00e9rer un changement ne peut en aucun cas se faire aussi rapidement. Le gouvernement novice en mati\u00e8re de gestion de l\u2019Etat, aura \u00e9videmment le temps de commettre des erreurs. Il fera des castings et changera des hommes. Mais comment serait-il possible pour la presse de ne pas pr\u00e9venir certaines maladresses ou erreurs ? Les critiques constructives aident, c\u2019est s\u00fbr et ce n\u2019est gu\u00e8re le r\u00f4le de la presse que d\u2019\u00eatre dans une posture de complaisance. Emp\u00eacher une presse de critiquer, rel\u00e8ve de la chim\u00e8re, la b\u00e2illonner est mission impossible. Le pluralisme est un frein \u00e0 cela.<\/p>\n<p>Comme il semble vouloir le faire croire, personne ne demande \u00e0 Ousmane Sonko de transformer le pays en deux mois. Qui aurait cette capacit\u00e9 ? \u00a0Personne. Pourtant la Var qui circule sur les r\u00e9seaux sociaux, \u00e0 l\u2019heure du rappel des discours tenus autrefois, a montr\u00e9 un Ousmane Sonko qui, s\u2019adressant \u00e0 la jeunesse, disait lors d\u2019une de ses conf\u00e9rences publiques, pouvoir r\u00e9aliser cette prouesse en 2024. Aujourd\u2019hui, il semble penser le contraire puisqu\u2019il a affirm\u00e9 ne pas pouvoir le faire durant un mandat.<\/p>\n<p>En tant que chef d\u2019un gouvernement charg\u00e9 d\u2019ex\u00e9cuter la politique du pays, il doit se rendre \u00e0 l\u2019\u00e9vidence que ce gouvernement \u0153uvre pour tous les S\u00e9n\u00e9galais, de quelque bord que ce soit et de quelque corporation que ce soit. Vouloir donc en stigmatiser certains et en \u00e9pargner d\u2019autres, n\u2019est nullement une bonne posture.<\/p>\n<p>Mais pour qui sait bien d\u00e9crypter, ce meeting ressemblait plus \u00e0 de la diversion voire un contrefeu pour cacher la for\u00eat de promesses non encore tenues. Mais est ce \u00e0 ce point si grave qu\u2019il ne puisse pas expliquer les raisons de certaines mesures certainement pas possible au regard qui a chang\u00e9 ? Expliquer ne permet-il pas de faire comprendre ?<\/p>\n<p>L\u2019on attendait \u00e0 la v\u00e9rit\u00e9 d\u2019Ousmane Sonko qu\u2019il dissert\u00e2t sur la vision 2050 \u00e9voqu\u00e9e, au moment o\u00f9 le Programme S\u00e9n\u00e9gal Emergent dont l\u2019horizon est fix\u00e9 \u00e0 2035, ne sera plus d\u2019actualit\u00e9 \u00e0 partir d\u2019un certain moment. Mais en lieu et place, ce sont de vraies fausses questions qui ont \u00e9t\u00e9 agit\u00e9es. Ibou Fall, le chroniqueur d\u2019iradio, n\u2019y est pas all\u00e9 par quatre Chemins pour dire qu\u2019Ousmane Sonko, en tant que chef du gouvernement, ne sait pas pourquoi il a \u00e9t\u00e9 nomm\u00e9. Il pense m\u00eame qu\u2019il est en train de prendre ses marques en essayant le costume de Premier ministre, concluant au passage qu\u2019il est m\u00eame d\u00e9cousu. Pire, il pense que son temps est tellement pr\u00e9cieux qu\u2019il ne devrait \u00eatre consacr\u00e9 \u00e0 des pol\u00e9miques st\u00e9riles.<\/p>\n<div class='share-to-whatsapp-wrapper'><div class='share-on-whsp'>PARTAGER SUR : <\/div><a data-text='IDIOVISUEL - Au show du Grand th\u00e9\u00e2tre !' data-link='https:\/\/www.nettali.com\/2024\/06\/13\/idiovisuel-au-show-du-grand-theatre\/' class='whatsapp-button whatsapp-share'>WhatsApp<\/a><div class='clear '><\/div><\/div>","protected":false},"excerpt":{"rendered":"<p>NETTALI.COM - Pour une sortie politique, celle qu\u2019a livr\u00e9 Ousmane Sonko, le patron du Pastef, dimanche, ressemblait plus \u00e0 une sorte de meeting improvis\u00e9, sans r\u00e9el fil conducteur qu\u2019\u00e0 une conf\u00e9rence. Un th\u00e9\u00e2tre \u00e0 ciel ouvert digne des lieux qui ont abrit\u00e9 son meeting. On a eu affaire \u00e0 une prestation comme il les aime, [&hellip;]<\/p>\n","protected":false},"author":2,"featured_media":135111,"comment_status":"open","ping_status":"open","sticky":false,"template":"","format":"standard","meta":{"_et_pb_use_builder":"","_et_pb_old_content":""},"categories":[9],"tags":[],"yoast_head":"<!-- This site is optimized with the Yoast SEO Premium plugin v17.8 (Yoast SEO v17.8) - https:\/\/yoast.com\/wordpress\/plugins\/seo\/ -->\n<title>IDIOVISUEL - Au show du Grand th\u00e9\u00e2tre ! | Nettali.com<\/title>\n<meta name=\"robots\" content=\"index, follow, max-snippet:-1, max-image-preview:large, max-video-preview:-1\" \/>\n<link rel=\"canonical\" href=\"https:\/\/www.nettali.com\/2024\/06\/13\/idiovisuel-au-show-du-grand-theatre\/\" \/>\n<meta property=\"og:locale\" content=\"fr_FR\" \/>\n<meta property=\"og:type\" content=\"article\" \/>\n<meta property=\"og:title\" content=\"IDIOVISUEL - Au show du Grand th\u00e9\u00e2tre !\" \/>\n<meta property=\"og:description\" content=\"NETTALI.COM - Pour une sortie politique, celle qu\u2019a livr\u00e9 Ousmane Sonko, le patron du Pastef, dimanche, ressemblait plus \u00e0 une sorte de meeting improvis\u00e9, sans r\u00e9el fil conducteur qu\u2019\u00e0 une conf\u00e9rence. Un th\u00e9\u00e2tre \u00e0 ciel ouvert digne des lieux qui ont abrit\u00e9 son meeting. On a eu affaire \u00e0 une prestation comme il les aime, [&hellip;]\" \/>\n<meta property=\"og:url\" content=\"https:\/\/www.nettali.com\/2024\/06\/13\/idiovisuel-au-show-du-grand-theatre\/\" \/>\n<meta property=\"og:site_name\" content=\"Nettali.com\" \/>\n<meta property=\"article:publisher\" content=\"https:\/\/www.facebook.com\/nettalicom\" \/>\n<meta property=\"article:published_time\" content=\"2024-06-13T08:54:57+00:00\" \/>\n<meta property=\"article:modified_time\" content=\"2024-06-17T16:48:28+00:00\" \/>\n<meta property=\"og:image\" content=\"https:\/\/www.nettali.com\/wp-content\/uploads\/2024\/06\/sagna-faye-sonko-tine-seck.jpg\" \/>\n\t<meta property=\"og:image:width\" content=\"1280\" \/>\n\t<meta property=\"og:image:height\" content=\"600\" \/>\n<meta name=\"twitter:card\" content=\"summary_large_image\" \/>\n<meta name=\"twitter:label1\" content=\"\u00c9crit par\" \/>\n\t<meta name=\"twitter:data1\" content=\"CK\" \/>\n\t<meta name=\"twitter:label2\" content=\"Dur\u00e9e de lecture estim\u00e9e\" \/>\n\t<meta name=\"twitter:data2\" content=\"13 minutes\" \/>\n<script type=\"application\/ld+json\" class=\"yoast-schema-graph\">{\"@context\":\"https:\/\/schema.org\",\"@graph\":[{\"@type\":\"WebSite\",\"@id\":\"https:\/\/www.nettali.com\/#website\",\"url\":\"https:\/\/www.nettali.com\/\",\"name\":\"Nettali.com\",\"description\":\"Le rendez-vous critique du Net\",\"potentialAction\":[{\"@type\":\"SearchAction\",\"target\":{\"@type\":\"EntryPoint\",\"urlTemplate\":\"https:\/\/www.nettali.com\/?s={search_term_string}\"},\"query-input\":\"required name=search_term_string\"}],\"inLanguage\":\"fr-FR\"},{\"@type\":\"ImageObject\",\"@id\":\"https:\/\/www.nettali.com\/2024\/06\/13\/idiovisuel-au-show-du-grand-theatre\/#primaryimage\",\"inLanguage\":\"fr-FR\",\"url\":\"https:\/\/www.nettali.com\/wp-content\/uploads\/2024\/06\/sagna-faye-sonko-tine-seck.jpg\",\"contentUrl\":\"https:\/\/www.nettali.com\/wp-content\/uploads\/2024\/06\/sagna-faye-sonko-tine-seck.jpg\",\"width\":1280,\"height\":600},{\"@type\":\"WebPage\",\"@id\":\"https:\/\/www.nettali.com\/2024\/06\/13\/idiovisuel-au-show-du-grand-theatre\/#webpage\",\"url\":\"https:\/\/www.nettali.com\/2024\/06\/13\/idiovisuel-au-show-du-grand-theatre\/\",\"name\":\"IDIOVISUEL - Au show du Grand th\\u00e9\\u00e2tre ! | Nettali.com\",\"isPartOf\":{\"@id\":\"https:\/\/www.nettali.com\/#website\"},\"primaryImageOfPage\":{\"@id\":\"https:\/\/www.nettali.com\/2024\/06\/13\/idiovisuel-au-show-du-grand-theatre\/#primaryimage\"},\"datePublished\":\"2024-06-13T08:54:57+00:00\",\"dateModified\":\"2024-06-17T16:48:28+00:00\",\"author\":{\"@id\":\"https:\/\/www.nettali.com\/#\/schema\/person\/d8ac7b7e27ddad43f1c0d2ef090d7f71\"},\"breadcrumb\":{\"@id\":\"https:\/\/www.nettali.com\/2024\/06\/13\/idiovisuel-au-show-du-grand-theatre\/#breadcrumb\"},\"inLanguage\":\"fr-FR\",\"potentialAction\":[{\"@type\":\"ReadAction\",\"target\":[\"https:\/\/www.nettali.com\/2024\/06\/13\/idiovisuel-au-show-du-grand-theatre\/\"]}]},{\"@type\":\"BreadcrumbList\",\"@id\":\"https:\/\/www.nettali.com\/2024\/06\/13\/idiovisuel-au-show-du-grand-theatre\/#breadcrumb\",\"itemListElement\":[{\"@type\":\"ListItem\",\"position\":1,\"name\":\"Accueil\",\"item\":\"https:\/\/www.nettali.com\/\"},{\"@type\":\"ListItem\",\"position\":2,\"name\":\"IDIOVISUEL - Au show du Grand th\\u00e9\\u00e2tre !\"}]},{\"@type\":\"Person\",\"@id\":\"https:\/\/www.nettali.com\/#\/schema\/person\/d8ac7b7e27ddad43f1c0d2ef090d7f71\",\"name\":\"CK\",\"image\":{\"@type\":\"ImageObject\",\"@id\":\"https:\/\/www.nettali.com\/#personlogo\",\"inLanguage\":\"fr-FR\",\"url\":\"https:\/\/secure.gravatar.com\/avatar\/1d8d5118b9327d94da7cd4ce7f17fec2?s=96&d=mm&r=g\",\"contentUrl\":\"https:\/\/secure.gravatar.com\/avatar\/1d8d5118b9327d94da7cd4ce7f17fec2?s=96&d=mm&r=g\",\"caption\":\"CK\"},\"sameAs\":[\"https:\/\/www.nettali.com\"]}]}<\/script>\n<!-- \/ Yoast SEO Premium plugin. -->","yoast_head_json":{"title":"IDIOVISUEL - Au show du Grand th\u00e9\u00e2tre ! | Nettali.com","robots":{"index":"index","follow":"follow","max-snippet":"max-snippet:-1","max-image-preview":"max-image-preview:large","max-video-preview":"max-video-preview:-1"},"canonical":"https:\/\/www.nettali.com\/2024\/06\/13\/idiovisuel-au-show-du-grand-theatre\/","og_locale":"fr_FR","og_type":"article","og_title":"IDIOVISUEL - Au show du Grand th\u00e9\u00e2tre !","og_description":"NETTALI.COM - Pour une sortie politique, celle qu\u2019a livr\u00e9 Ousmane Sonko, le patron du Pastef, dimanche, ressemblait plus \u00e0 une sorte de meeting improvis\u00e9, sans r\u00e9el fil conducteur qu\u2019\u00e0 une conf\u00e9rence. Un th\u00e9\u00e2tre \u00e0 ciel ouvert digne des lieux qui ont abrit\u00e9 son meeting. On a eu affaire \u00e0 une prestation comme il les aime, [&hellip;]","og_url":"https:\/\/www.nettali.com\/2024\/06\/13\/idiovisuel-au-show-du-grand-theatre\/","og_site_name":"Nettali.com","article_publisher":"https:\/\/www.facebook.com\/nettalicom","article_published_time":"2024-06-13T08:54:57+00:00","article_modified_time":"2024-06-17T16:48:28+00:00","og_image":[{"width":1280,"height":600,"url":"https:\/\/www.nettali.com\/wp-content\/uploads\/2024\/06\/sagna-faye-sonko-tine-seck.jpg","type":"image\/jpeg"}],"twitter_card":"summary_large_image","twitter_misc":{"\u00c9crit par":"CK","Dur\u00e9e de lecture estim\u00e9e":"13 minutes"},"schema":{"@context":"https:\/\/schema.org","@graph":[{"@type":"WebSite","@id":"https:\/\/www.nettali.com\/#website","url":"https:\/\/www.nettali.com\/","name":"Nettali.com","description":"Le rendez-vous critique du Net","potentialAction":[{"@type":"SearchAction","target":{"@type":"EntryPoint","urlTemplate":"https:\/\/www.nettali.com\/?s={search_term_string}"},"query-input":"required name=search_term_string"}],"inLanguage":"fr-FR"},{"@type":"ImageObject","@id":"https:\/\/www.nettali.com\/2024\/06\/13\/idiovisuel-au-show-du-grand-theatre\/#primaryimage","inLanguage":"fr-FR","url":"https:\/\/www.nettali.com\/wp-content\/uploads\/2024\/06\/sagna-faye-sonko-tine-seck.jpg","contentUrl":"https:\/\/www.nettali.com\/wp-content\/uploads\/2024\/06\/sagna-faye-sonko-tine-seck.jpg","width":1280,"height":600},{"@type":"WebPage","@id":"https:\/\/www.nettali.com\/2024\/06\/13\/idiovisuel-au-show-du-grand-theatre\/#webpage","url":"https:\/\/www.nettali.com\/2024\/06\/13\/idiovisuel-au-show-du-grand-theatre\/","name":"IDIOVISUEL - Au show du Grand th\u00e9\u00e2tre ! | Nettali.com","isPartOf":{"@id":"https:\/\/www.nettali.com\/#website"},"primaryImageOfPage":{"@id":"https:\/\/www.nettali.com\/2024\/06\/13\/idiovisuel-au-show-du-grand-theatre\/#primaryimage"},"datePublished":"2024-06-13T08:54:57+00:00","dateModified":"2024-06-17T16:48:28+00:00","author":{"@id":"https:\/\/www.nettali.com\/#\/schema\/person\/d8ac7b7e27ddad43f1c0d2ef090d7f71"},"breadcrumb":{"@id":"https:\/\/www.nettali.com\/2024\/06\/13\/idiovisuel-au-show-du-grand-theatre\/#breadcrumb"},"inLanguage":"fr-FR","potentialAction":[{"@type":"ReadAction","target":["https:\/\/www.nettali.com\/2024\/06\/13\/idiovisuel-au-show-du-grand-theatre\/"]}]},{"@type":"BreadcrumbList","@id":"https:\/\/www.nettali.com\/2024\/06\/13\/idiovisuel-au-show-du-grand-theatre\/#breadcrumb","itemListElement":[{"@type":"ListItem","position":1,"name":"Accueil","item":"https:\/\/www.nettali.com\/"},{"@type":"ListItem","position":2,"name":"IDIOVISUEL - Au show du Grand th\u00e9\u00e2tre !"}]},{"@type":"Person","@id":"https:\/\/www.nettali.com\/#\/schema\/person\/d8ac7b7e27ddad43f1c0d2ef090d7f71","name":"CK","image":{"@type":"ImageObject","@id":"https:\/\/www.nettali.com\/#personlogo","inLanguage":"fr-FR","url":"https:\/\/secure.gravatar.com\/avatar\/1d8d5118b9327d94da7cd4ce7f17fec2?s=96&d=mm&r=g","contentUrl":"https:\/\/secure.gravatar.com\/avatar\/1d8d5118b9327d94da7cd4ce7f17fec2?s=96&d=mm&r=g","caption":"CK"},"sameAs":["https:\/\/www.nettali.com"]}]}},"_links":{"self":[{"href":"https:\/\/www.nettali.com\/rest\/wp\/v2\/posts\/135122"}],"collection":[{"href":"https:\/\/www.nettali.com\/rest\/wp\/v2\/posts"}],"about":[{"href":"https:\/\/www.nettali.com\/rest\/wp\/v2\/types\/post"}],"author":[{"embeddable":true,"href":"https:\/\/www.nettali.com\/rest\/wp\/v2\/users\/2"}],"replies":[{"embeddable":true,"href":"https:\/\/www.nettali.com\/rest\/wp\/v2\/comments?post=135122"}],"version-history":[{"count":2,"href":"https:\/\/www.nettali.com\/rest\/wp\/v2\/posts\/135122\/revisions"}],"predecessor-version":[{"id":135147,"href":"https:\/\/www.nettali.com\/rest\/wp\/v2\/posts\/135122\/revisions\/135147"}],"wp:featuredmedia":[{"embeddable":true,"href":"https:\/\/www.nettali.com\/rest\/wp\/v2\/media\/135111"}],"wp:attachment":[{"href":"https:\/\/www.nettali.com\/rest\/wp\/v2\/media?parent=135122"}],"wp:term":[{"taxonomy":"category","embeddable":true,"href":"https:\/\/www.nettali.com\/rest\/wp\/v2\/categories?post=135122"},{"taxonomy":"post_tag","embeddable":true,"href":"https:\/\/www.nettali.com\/rest\/wp\/v2\/tags?post=135122"}],"curies":[{"name":"wp","href":"https:\/\/api.w.org\/{rel}","templated":true}]}}