{"id":135115,"date":"2024-06-12T19:45:40","date_gmt":"2024-06-12T19:45:40","guid":{"rendered":"https:\/\/www.nettali.com\/?p=135115"},"modified":"2024-06-13T11:06:00","modified_gmt":"2024-06-13T11:06:00","slug":"dette-fiscale-les-agents-de-walf-prives-davance-tabaski-letat-accuse","status":"publish","type":"post","link":"https:\/\/www.nettali.com\/2024\/06\/12\/dette-fiscale-les-agents-de-walf-prives-davance-tabaski-letat-accuse\/","title":{"rendered":"DETTE FISCALE - Les agents de Walf priv\u00e9s d'avance Tabaski, l'Etat accus\u00e9"},"content":{"rendered":"<p><strong>NETTALI.COM- Les agents du groupe Walfadji ne b\u00e9n\u00e9ficieront de la traditionnelle avance de Tabaski. Le PDG, Cheikh Niass pointe du doigt l\u2019Etat qui a bloqu\u00e9 les comptes de l'entreprise \u00e0 cause d'une dette fiscale.<\/strong><\/p>\n<p>\u00ab <em>Nous sommes au regret d'informer le personnel du Groupe Walfadjri que, pour cette ann\u00e9e 2024, la direction n'est, malheureusement, pas en mesure d'allouer aux agents qui le d\u00e9sirent la traditionnelle \u00ab Avance Tabaski<\/em> \u00bb, informe la direction du groupe de presse \u00e0 travers une note qui porte le cachet du service administratif.<\/p>\n<p>Le document de poursuivre : \u00ab <em>la raison <\/em><em>\u00e9tant que, comme vous le devinez, les nouvelles autorit\u00e9s ont d\u00e9cid\u00e9 de bloquer nos comptes bancaires avec un Avis \u00e0 <\/em><em>tiers d\u00e9tenteur ATD pour des imp\u00f4ts de 2016 \u00e0 2018. Un ATD d\u00e9livr\u00e9 ce jour par la direction g\u00e9n\u00e9rale des imp\u00f4ts et <\/em><em>domaines<\/em> \u00bb.<\/p>\n<p>\u00ab C<em>'est donc la gestion de Sidy Lamine Niass qui n'est plus de ce monde pour se d\u00e9fendre que l'Etat attaque<\/em> \u00bb, conclut la note<\/p>\n<div class='share-to-whatsapp-wrapper'><div class='share-on-whsp'>PARTAGER SUR : <\/div><a data-text='DETTE FISCALE - Les agents de Walf priv\u00e9s d'avance Tabaski, l'Etat accus\u00e9' data-link='https:\/\/www.nettali.com\/2024\/06\/12\/dette-fiscale-les-agents-de-walf-prives-davance-tabaski-letat-accuse\/' class='whatsapp-button whatsapp-share'>WhatsApp<\/a><div class='clear '><\/div><\/div>","protected":false},"excerpt":{"rendered":"<p>NETTALI.COM- Les agents du groupe Walfadji ne b\u00e9n\u00e9ficieront de la traditionnelle avance de Tabaski. Le PDG, Cheikh Niass pointe du doigt l\u2019Etat qui a bloqu\u00e9 les comptes de l'entreprise \u00e0 cause d'une dette fiscale. \u00ab Nous sommes au regret d'informer le personnel du Groupe Walfadjri que, pour cette ann\u00e9e 2024, la direction n'est, malheureusement, pas [&hellip;]<\/p>\n","protected":false},"author":6,"featured_media":111829,"comment_status":"open","ping_status":"open","sticky":false,"template":"","format":"standard","meta":{"_et_pb_use_builder":"","_et_pb_old_content":""},"categories":[3],"tags":[],"yoast_head":"<!-- This site is optimized with the Yoast SEO Premium plugin v17.8 (Yoast SEO v17.8) - https:\/\/yoast.com\/wordpress\/plugins\/seo\/ -->\n<title>DETTE FISCALE - Les agents de Walf priv\u00e9s d&#039;avance Tabaski, l&#039;Etat accus\u00e9 | Nettali.com<\/title>\n<meta name=\"robots\" content=\"index, follow, max-snippet:-1, max-image-preview:large, max-video-preview:-1\" \/>\n<link rel=\"canonical\" href=\"https:\/\/www.nettali.com\/2024\/06\/12\/dette-fiscale-les-agents-de-walf-prives-davance-tabaski-letat-accuse\/\" \/>\n<meta property=\"og:locale\" content=\"fr_FR\" \/>\n<meta property=\"og:type\" content=\"article\" \/>\n<meta property=\"og:title\" content=\"DETTE FISCALE - Les agents de Walf priv\u00e9s d&#039;avance Tabaski, l&#039;Etat accus\u00e9\" \/>\n<meta property=\"og:description\" content=\"NETTALI.COM- Les agents du groupe Walfadji ne b\u00e9n\u00e9ficieront de la traditionnelle avance de Tabaski. Le PDG, Cheikh Niass pointe du doigt l\u2019Etat qui a bloqu\u00e9 les comptes de l&#039;entreprise \u00e0 cause d&#039;une dette fiscale. \u00ab Nous sommes au regret d&#039;informer le personnel du Groupe Walfadjri que, pour cette ann\u00e9e 2024, la direction n&#039;est, malheureusement, pas [&hellip;]\" \/>\n<meta property=\"og:url\" content=\"https:\/\/www.nettali.com\/2024\/06\/12\/dette-fiscale-les-agents-de-walf-prives-davance-tabaski-letat-accuse\/\" \/>\n<meta property=\"og:site_name\" content=\"Nettali.com\" \/>\n<meta property=\"article:publisher\" content=\"https:\/\/www.facebook.com\/nettalicom\" \/>\n<meta property=\"article:published_time\" content=\"2024-06-12T19:45:40+00:00\" \/>\n<meta property=\"article:modified_time\" content=\"2024-06-13T11:06:00+00:00\" \/>\n<meta property=\"og:image\" content=\"https:\/\/www.nettali.com\/wp-content\/uploads\/2023\/06\/Walfadjri.jpeg\" \/>\n\t<meta property=\"og:image:width\" content=\"800\" \/>\n\t<meta property=\"og:image:height\" content=\"450\" \/>\n<meta name=\"twitter:card\" content=\"summary_large_image\" \/>\n<meta name=\"twitter:label1\" content=\"\u00c9crit par\" \/>\n\t<meta name=\"twitter:data1\" content=\"Fatou\" \/>\n\t<meta name=\"twitter:label2\" content=\"Dur\u00e9e de lecture estim\u00e9e\" \/>\n\t<meta name=\"twitter:data2\" content=\"1 minute\" \/>\n<script type=\"application\/ld+json\" class=\"yoast-schema-graph\">{\"@context\":\"https:\/\/schema.org\",\"@graph\":[{\"@type\":\"WebSite\",\"@id\":\"https:\/\/www.nettali.com\/#website\",\"url\":\"https:\/\/www.nettali.com\/\",\"name\":\"Nettali.com\",\"description\":\"Le rendez-vous critique du Net\",\"potentialAction\":[{\"@type\":\"SearchAction\",\"target\":{\"@type\":\"EntryPoint\",\"urlTemplate\":\"https:\/\/www.nettali.com\/?s={search_term_string}\"},\"query-input\":\"required name=search_term_string\"}],\"inLanguage\":\"fr-FR\"},{\"@type\":\"ImageObject\",\"@id\":\"https:\/\/www.nettali.com\/2024\/06\/12\/dette-fiscale-les-agents-de-walf-prives-davance-tabaski-letat-accuse\/#primaryimage\",\"inLanguage\":\"fr-FR\",\"url\":\"https:\/\/www.nettali.com\/wp-content\/uploads\/2023\/06\/Walfadjri.jpeg\",\"contentUrl\":\"https:\/\/www.nettali.com\/wp-content\/uploads\/2023\/06\/Walfadjri.jpeg\",\"width\":800,\"height\":450},{\"@type\":\"WebPage\",\"@id\":\"https:\/\/www.nettali.com\/2024\/06\/12\/dette-fiscale-les-agents-de-walf-prives-davance-tabaski-letat-accuse\/#webpage\",\"url\":\"https:\/\/www.nettali.com\/2024\/06\/12\/dette-fiscale-les-agents-de-walf-prives-davance-tabaski-letat-accuse\/\",\"name\":\"DETTE FISCALE - Les agents de Walf priv\\u00e9s d'avance Tabaski, l'Etat accus\\u00e9 | Nettali.com\",\"isPartOf\":{\"@id\":\"https:\/\/www.nettali.com\/#website\"},\"primaryImageOfPage\":{\"@id\":\"https:\/\/www.nettali.com\/2024\/06\/12\/dette-fiscale-les-agents-de-walf-prives-davance-tabaski-letat-accuse\/#primaryimage\"},\"datePublished\":\"2024-06-12T19:45:40+00:00\",\"dateModified\":\"2024-06-13T11:06:00+00:00\",\"author\":{\"@id\":\"https:\/\/www.nettali.com\/#\/schema\/person\/418274a86bdf87caff7a3ef476bd0bbf\"},\"breadcrumb\":{\"@id\":\"https:\/\/www.nettali.com\/2024\/06\/12\/dette-fiscale-les-agents-de-walf-prives-davance-tabaski-letat-accuse\/#breadcrumb\"},\"inLanguage\":\"fr-FR\",\"potentialAction\":[{\"@type\":\"ReadAction\",\"target\":[\"https:\/\/www.nettali.com\/2024\/06\/12\/dette-fiscale-les-agents-de-walf-prives-davance-tabaski-letat-accuse\/\"]}]},{\"@type\":\"BreadcrumbList\",\"@id\":\"https:\/\/www.nettali.com\/2024\/06\/12\/dette-fiscale-les-agents-de-walf-prives-davance-tabaski-letat-accuse\/#breadcrumb\",\"itemListElement\":[{\"@type\":\"ListItem\",\"position\":1,\"name\":\"Accueil\",\"item\":\"https:\/\/www.nettali.com\/\"},{\"@type\":\"ListItem\",\"position\":2,\"name\":\"DETTE FISCALE - Les agents de Walf priv\\u00e9s d'avance Tabaski, l'Etat accus\\u00e9\"}]},{\"@type\":\"Person\",\"@id\":\"https:\/\/www.nettali.com\/#\/schema\/person\/418274a86bdf87caff7a3ef476bd0bbf\",\"name\":\"Fatou\",\"image\":{\"@type\":\"ImageObject\",\"@id\":\"https:\/\/www.nettali.com\/#personlogo\",\"inLanguage\":\"fr-FR\",\"url\":\"https:\/\/secure.gravatar.com\/avatar\/5a9442a2bee7b4dcf167cab035858e9a?s=96&d=mm&r=g\",\"contentUrl\":\"https:\/\/secure.gravatar.com\/avatar\/5a9442a2bee7b4dcf167cab035858e9a?s=96&d=mm&r=g\",\"caption\":\"Fatou\"},\"sameAs\":[\"https:\/\/www.nettali.com\"]}]}<\/script>\n<!-- \/ Yoast SEO Premium plugin. -->","yoast_head_json":{"title":"DETTE FISCALE - Les agents de Walf priv\u00e9s d'avance Tabaski, l'Etat accus\u00e9 | Nettali.com","robots":{"index":"index","follow":"follow","max-snippet":"max-snippet:-1","max-image-preview":"max-image-preview:large","max-video-preview":"max-video-preview:-1"},"canonical":"https:\/\/www.nettali.com\/2024\/06\/12\/dette-fiscale-les-agents-de-walf-prives-davance-tabaski-letat-accuse\/","og_locale":"fr_FR","og_type":"article","og_title":"DETTE FISCALE - Les agents de Walf priv\u00e9s d'avance Tabaski, l'Etat accus\u00e9","og_description":"NETTALI.COM- Les agents du groupe Walfadji ne b\u00e9n\u00e9ficieront de la traditionnelle avance de Tabaski. Le PDG, Cheikh Niass pointe du doigt l\u2019Etat qui a bloqu\u00e9 les comptes de l'entreprise \u00e0 cause d'une dette fiscale. \u00ab Nous sommes au regret d'informer le personnel du Groupe Walfadjri que, pour cette ann\u00e9e 2024, la direction n'est, malheureusement, pas [&hellip;]","og_url":"https:\/\/www.nettali.com\/2024\/06\/12\/dette-fiscale-les-agents-de-walf-prives-davance-tabaski-letat-accuse\/","og_site_name":"Nettali.com","article_publisher":"https:\/\/www.facebook.com\/nettalicom","article_published_time":"2024-06-12T19:45:40+00:00","article_modified_time":"2024-06-13T11:06:00+00:00","og_image":[{"width":800,"height":450,"url":"https:\/\/www.nettali.com\/wp-content\/uploads\/2023\/06\/Walfadjri.jpeg","type":"image\/jpeg"}],"twitter_card":"summary_large_image","twitter_misc":{"\u00c9crit par":"Fatou","Dur\u00e9e de lecture estim\u00e9e":"1 minute"},"schema":{"@context":"https:\/\/schema.org","@graph":[{"@type":"WebSite","@id":"https:\/\/www.nettali.com\/#website","url":"https:\/\/www.nettali.com\/","name":"Nettali.com","description":"Le rendez-vous critique du Net","potentialAction":[{"@type":"SearchAction","target":{"@type":"EntryPoint","urlTemplate":"https:\/\/www.nettali.com\/?s={search_term_string}"},"query-input":"required name=search_term_string"}],"inLanguage":"fr-FR"},{"@type":"ImageObject","@id":"https:\/\/www.nettali.com\/2024\/06\/12\/dette-fiscale-les-agents-de-walf-prives-davance-tabaski-letat-accuse\/#primaryimage","inLanguage":"fr-FR","url":"https:\/\/www.nettali.com\/wp-content\/uploads\/2023\/06\/Walfadjri.jpeg","contentUrl":"https:\/\/www.nettali.com\/wp-content\/uploads\/2023\/06\/Walfadjri.jpeg","width":800,"height":450},{"@type":"WebPage","@id":"https:\/\/www.nettali.com\/2024\/06\/12\/dette-fiscale-les-agents-de-walf-prives-davance-tabaski-letat-accuse\/#webpage","url":"https:\/\/www.nettali.com\/2024\/06\/12\/dette-fiscale-les-agents-de-walf-prives-davance-tabaski-letat-accuse\/","name":"DETTE FISCALE - Les agents de Walf priv\u00e9s d'avance Tabaski, l'Etat accus\u00e9 | Nettali.com","isPartOf":{"@id":"https:\/\/www.nettali.com\/#website"},"primaryImageOfPage":{"@id":"https:\/\/www.nettali.com\/2024\/06\/12\/dette-fiscale-les-agents-de-walf-prives-davance-tabaski-letat-accuse\/#primaryimage"},"datePublished":"2024-06-12T19:45:40+00:00","dateModified":"2024-06-13T11:06:00+00:00","author":{"@id":"https:\/\/www.nettali.com\/#\/schema\/person\/418274a86bdf87caff7a3ef476bd0bbf"},"breadcrumb":{"@id":"https:\/\/www.nettali.com\/2024\/06\/12\/dette-fiscale-les-agents-de-walf-prives-davance-tabaski-letat-accuse\/#breadcrumb"},"inLanguage":"fr-FR","potentialAction":[{"@type":"ReadAction","target":["https:\/\/www.nettali.com\/2024\/06\/12\/dette-fiscale-les-agents-de-walf-prives-davance-tabaski-letat-accuse\/"]}]},{"@type":"BreadcrumbList","@id":"https:\/\/www.nettali.com\/2024\/06\/12\/dette-fiscale-les-agents-de-walf-prives-davance-tabaski-letat-accuse\/#breadcrumb","itemListElement":[{"@type":"ListItem","position":1,"name":"Accueil","item":"https:\/\/www.nettali.com\/"},{"@type":"ListItem","position":2,"name":"DETTE FISCALE - Les agents de Walf priv\u00e9s d'avance Tabaski, l'Etat accus\u00e9"}]},{"@type":"Person","@id":"https:\/\/www.nettali.com\/#\/schema\/person\/418274a86bdf87caff7a3ef476bd0bbf","name":"Fatou","image":{"@type":"ImageObject","@id":"https:\/\/www.nettali.com\/#personlogo","inLanguage":"fr-FR","url":"https:\/\/secure.gravatar.com\/avatar\/5a9442a2bee7b4dcf167cab035858e9a?s=96&d=mm&r=g","contentUrl":"https:\/\/secure.gravatar.com\/avatar\/5a9442a2bee7b4dcf167cab035858e9a?s=96&d=mm&r=g","caption":"Fatou"},"sameAs":["https:\/\/www.nettali.com"]}]}},"_links":{"self":[{"href":"https:\/\/www.nettali.com\/rest\/wp\/v2\/posts\/135115"}],"collection":[{"href":"https:\/\/www.nettali.com\/rest\/wp\/v2\/posts"}],"about":[{"href":"https:\/\/www.nettali.com\/rest\/wp\/v2\/types\/post"}],"author":[{"embeddable":true,"href":"https:\/\/www.nettali.com\/rest\/wp\/v2\/users\/6"}],"replies":[{"embeddable":true,"href":"https:\/\/www.nettali.com\/rest\/wp\/v2\/comments?post=135115"}],"version-history":[{"count":5,"href":"https:\/\/www.nettali.com\/rest\/wp\/v2\/posts\/135115\/revisions"}],"predecessor-version":[{"id":135160,"href":"https:\/\/www.nettali.com\/rest\/wp\/v2\/posts\/135115\/revisions\/135160"}],"wp:featuredmedia":[{"embeddable":true,"href":"https:\/\/www.nettali.com\/rest\/wp\/v2\/media\/111829"}],"wp:attachment":[{"href":"https:\/\/www.nettali.com\/rest\/wp\/v2\/media?parent=135115"}],"wp:term":[{"taxonomy":"category","embeddable":true,"href":"https:\/\/www.nettali.com\/rest\/wp\/v2\/categories?post=135115"},{"taxonomy":"post_tag","embeddable":true,"href":"https:\/\/www.nettali.com\/rest\/wp\/v2\/tags?post=135115"}],"curies":[{"name":"wp","href":"https:\/\/api.w.org\/{rel}","templated":true}]}}