{"id":135104,"date":"2024-06-12T15:03:27","date_gmt":"2024-06-12T15:03:27","guid":{"rendered":"https:\/\/www.nettali.com\/?p=135104"},"modified":"2024-06-12T15:03:27","modified_gmt":"2024-06-12T15:03:27","slug":"palais-la-sous-secretaire-detat-a-la-securite-civile-recue-par-bassirou-diomaye-faye","status":"publish","type":"post","link":"https:\/\/www.nettali.com\/2024\/06\/12\/palais-la-sous-secretaire-detat-a-la-securite-civile-recue-par-bassirou-diomaye-faye\/","title":{"rendered":"PALAIS - La sous-Secr\u00e9taire d\u2019\u00c9tat \u00e0 la S\u00e9curit\u00e9 civile re\u00e7ue par Bassirou Diomaye Faye"},"content":{"rendered":"<p><strong>NETTALI.COM - Le pr\u00e9sident de la R\u00e9publique, Bassirou Diomaye Faye, a re\u00e7u en audience, hier mardi, dans la matin\u00e9e au Palais de la R\u00e9publique, Uzra Zeya, sous-Secr\u00e9taire d\u2019\u00c9tat \u00e0 la S\u00e9curit\u00e9 civile, \u00e0 la d\u00e9mocratie et aux droits de l\u2019Homme des \u00c9tats-Unis. L\u2019annonce a \u00e9t\u00e9 faite par les services de la Communication du Pr\u00e9sidence de la R\u00e9publique. <\/strong><\/p>\n<p>Selon la m\u00eame source, l\u2019officielle am\u00e9ricaine a exprim\u00e9 au chef de l\u2019\u00c9tat la volont\u00e9 des USA d\u2019approfondir la coop\u00e9ration bilat\u00e9rale avec le S\u00e9n\u00e9gal dans divers domaines. \u00c0 quelques jours de la c\u00e9l\u00e9bration de la Tabaski, le Pr\u00e9sident Bassirou Diomaye Diakhar Faye a \u00e9galement re\u00e7u les Imams et Oul\u00e9mas du S\u00e9n\u00e9gal.<\/p>\n<p>Des \u00e9changes de qualit\u00e9 hautement salu\u00e9s par les religieux ont d\u00e9coul\u00e9 de cette entrevue. La Ligue des Imams, l'Association des Oul\u00e9mas et le Rassemblement islamique s'engagent d'ailleurs \u00e0 travailler avec le chef de l'\u00c9tat pour la paix et la concorde nationale.<\/p>\n<div class='share-to-whatsapp-wrapper'><div class='share-on-whsp'>PARTAGER SUR : <\/div><a data-text='PALAIS - La sous-Secr\u00e9taire d\u2019\u00c9tat \u00e0 la S\u00e9curit\u00e9 civile re\u00e7ue par Bassirou Diomaye Faye' data-link='https:\/\/www.nettali.com\/2024\/06\/12\/palais-la-sous-secretaire-detat-a-la-securite-civile-recue-par-bassirou-diomaye-faye\/' class='whatsapp-button whatsapp-share'>WhatsApp<\/a><div class='clear '><\/div><\/div>","protected":false},"excerpt":{"rendered":"<p>NETTALI.COM - Le pr\u00e9sident de la R\u00e9publique, Bassirou Diomaye Faye, a re\u00e7u en audience, hier mardi, dans la matin\u00e9e au Palais de la R\u00e9publique, Uzra Zeya, sous-Secr\u00e9taire d\u2019\u00c9tat \u00e0 la S\u00e9curit\u00e9 civile, \u00e0 la d\u00e9mocratie et aux droits de l\u2019Homme des \u00c9tats-Unis. L\u2019annonce a \u00e9t\u00e9 faite par les services de la Communication du Pr\u00e9sidence de [&hellip;]<\/p>\n","protected":false},"author":4,"featured_media":135105,"comment_status":"open","ping_status":"open","sticky":false,"template":"","format":"standard","meta":{"_et_pb_use_builder":"","_et_pb_old_content":""},"categories":[3],"tags":[],"yoast_head":"<!-- This site is optimized with the Yoast SEO Premium plugin v17.8 (Yoast SEO v17.8) - https:\/\/yoast.com\/wordpress\/plugins\/seo\/ -->\n<title>PALAIS - La sous-Secr\u00e9taire d\u2019\u00c9tat \u00e0 la S\u00e9curit\u00e9 civile re\u00e7ue par Bassirou Diomaye Faye | Nettali.com<\/title>\n<meta name=\"robots\" content=\"index, follow, max-snippet:-1, max-image-preview:large, max-video-preview:-1\" \/>\n<link rel=\"canonical\" href=\"https:\/\/www.nettali.com\/2024\/06\/12\/palais-la-sous-secretaire-detat-a-la-securite-civile-recue-par-bassirou-diomaye-faye\/\" \/>\n<meta property=\"og:locale\" content=\"fr_FR\" \/>\n<meta property=\"og:type\" content=\"article\" \/>\n<meta property=\"og:title\" content=\"PALAIS - La sous-Secr\u00e9taire d\u2019\u00c9tat \u00e0 la S\u00e9curit\u00e9 civile re\u00e7ue par Bassirou Diomaye Faye\" \/>\n<meta property=\"og:description\" content=\"NETTALI.COM - Le pr\u00e9sident de la R\u00e9publique, Bassirou Diomaye Faye, a re\u00e7u en audience, hier mardi, dans la matin\u00e9e au Palais de la R\u00e9publique, Uzra Zeya, sous-Secr\u00e9taire d\u2019\u00c9tat \u00e0 la S\u00e9curit\u00e9 civile, \u00e0 la d\u00e9mocratie et aux droits de l\u2019Homme des \u00c9tats-Unis. L\u2019annonce a \u00e9t\u00e9 faite par les services de la Communication du Pr\u00e9sidence de [&hellip;]\" \/>\n<meta property=\"og:url\" content=\"https:\/\/www.nettali.com\/2024\/06\/12\/palais-la-sous-secretaire-detat-a-la-securite-civile-recue-par-bassirou-diomaye-faye\/\" \/>\n<meta property=\"og:site_name\" content=\"Nettali.com\" \/>\n<meta property=\"article:publisher\" content=\"https:\/\/www.facebook.com\/nettalicom\" \/>\n<meta property=\"article:published_time\" content=\"2024-06-12T15:03:27+00:00\" \/>\n<meta property=\"og:image\" content=\"https:\/\/www.nettali.com\/wp-content\/uploads\/2024\/06\/Diomaye.jpeg\" \/>\n\t<meta property=\"og:image:width\" content=\"1280\" \/>\n\t<meta property=\"og:image:height\" content=\"889\" \/>\n<meta name=\"twitter:card\" content=\"summary_large_image\" \/>\n<meta name=\"twitter:label1\" content=\"\u00c9crit par\" \/>\n\t<meta name=\"twitter:data1\" content=\"Daouda\" \/>\n\t<meta name=\"twitter:label2\" content=\"Dur\u00e9e de lecture estim\u00e9e\" \/>\n\t<meta name=\"twitter:data2\" content=\"1 minute\" \/>\n<script type=\"application\/ld+json\" class=\"yoast-schema-graph\">{\"@context\":\"https:\/\/schema.org\",\"@graph\":[{\"@type\":\"WebSite\",\"@id\":\"https:\/\/www.nettali.com\/#website\",\"url\":\"https:\/\/www.nettali.com\/\",\"name\":\"Nettali.com\",\"description\":\"Le rendez-vous critique du Net\",\"potentialAction\":[{\"@type\":\"SearchAction\",\"target\":{\"@type\":\"EntryPoint\",\"urlTemplate\":\"https:\/\/www.nettali.com\/?s={search_term_string}\"},\"query-input\":\"required name=search_term_string\"}],\"inLanguage\":\"fr-FR\"},{\"@type\":\"ImageObject\",\"@id\":\"https:\/\/www.nettali.com\/2024\/06\/12\/palais-la-sous-secretaire-detat-a-la-securite-civile-recue-par-bassirou-diomaye-faye\/#primaryimage\",\"inLanguage\":\"fr-FR\",\"url\":\"https:\/\/www.nettali.com\/wp-content\/uploads\/2024\/06\/Diomaye.jpeg\",\"contentUrl\":\"https:\/\/www.nettali.com\/wp-content\/uploads\/2024\/06\/Diomaye.jpeg\",\"width\":1280,\"height\":889},{\"@type\":\"WebPage\",\"@id\":\"https:\/\/www.nettali.com\/2024\/06\/12\/palais-la-sous-secretaire-detat-a-la-securite-civile-recue-par-bassirou-diomaye-faye\/#webpage\",\"url\":\"https:\/\/www.nettali.com\/2024\/06\/12\/palais-la-sous-secretaire-detat-a-la-securite-civile-recue-par-bassirou-diomaye-faye\/\",\"name\":\"PALAIS - La sous-Secr\\u00e9taire d\\u2019\\u00c9tat \\u00e0 la S\\u00e9curit\\u00e9 civile re\\u00e7ue par Bassirou Diomaye Faye | Nettali.com\",\"isPartOf\":{\"@id\":\"https:\/\/www.nettali.com\/#website\"},\"primaryImageOfPage\":{\"@id\":\"https:\/\/www.nettali.com\/2024\/06\/12\/palais-la-sous-secretaire-detat-a-la-securite-civile-recue-par-bassirou-diomaye-faye\/#primaryimage\"},\"datePublished\":\"2024-06-12T15:03:27+00:00\",\"dateModified\":\"2024-06-12T15:03:27+00:00\",\"author\":{\"@id\":\"https:\/\/www.nettali.com\/#\/schema\/person\/3317e0bb3aa1da309fbf7b2780901bf4\"},\"breadcrumb\":{\"@id\":\"https:\/\/www.nettali.com\/2024\/06\/12\/palais-la-sous-secretaire-detat-a-la-securite-civile-recue-par-bassirou-diomaye-faye\/#breadcrumb\"},\"inLanguage\":\"fr-FR\",\"potentialAction\":[{\"@type\":\"ReadAction\",\"target\":[\"https:\/\/www.nettali.com\/2024\/06\/12\/palais-la-sous-secretaire-detat-a-la-securite-civile-recue-par-bassirou-diomaye-faye\/\"]}]},{\"@type\":\"BreadcrumbList\",\"@id\":\"https:\/\/www.nettali.com\/2024\/06\/12\/palais-la-sous-secretaire-detat-a-la-securite-civile-recue-par-bassirou-diomaye-faye\/#breadcrumb\",\"itemListElement\":[{\"@type\":\"ListItem\",\"position\":1,\"name\":\"Accueil\",\"item\":\"https:\/\/www.nettali.com\/\"},{\"@type\":\"ListItem\",\"position\":2,\"name\":\"PALAIS - La sous-Secr\\u00e9taire d\\u2019\\u00c9tat \\u00e0 la S\\u00e9curit\\u00e9 civile re\\u00e7ue par Bassirou Diomaye Faye\"}]},{\"@type\":\"Person\",\"@id\":\"https:\/\/www.nettali.com\/#\/schema\/person\/3317e0bb3aa1da309fbf7b2780901bf4\",\"name\":\"Daouda\",\"image\":{\"@type\":\"ImageObject\",\"@id\":\"https:\/\/www.nettali.com\/#personlogo\",\"inLanguage\":\"fr-FR\",\"url\":\"https:\/\/secure.gravatar.com\/avatar\/8d143b5a49345098ddcfee1c49c2f47c?s=96&d=mm&r=g\",\"contentUrl\":\"https:\/\/secure.gravatar.com\/avatar\/8d143b5a49345098ddcfee1c49c2f47c?s=96&d=mm&r=g\",\"caption\":\"Daouda\"},\"sameAs\":[\"https:\/\/www.nettali.com\"]}]}<\/script>\n<!-- \/ Yoast SEO Premium plugin. -->","yoast_head_json":{"title":"PALAIS - La sous-Secr\u00e9taire d\u2019\u00c9tat \u00e0 la S\u00e9curit\u00e9 civile re\u00e7ue par Bassirou Diomaye Faye | Nettali.com","robots":{"index":"index","follow":"follow","max-snippet":"max-snippet:-1","max-image-preview":"max-image-preview:large","max-video-preview":"max-video-preview:-1"},"canonical":"https:\/\/www.nettali.com\/2024\/06\/12\/palais-la-sous-secretaire-detat-a-la-securite-civile-recue-par-bassirou-diomaye-faye\/","og_locale":"fr_FR","og_type":"article","og_title":"PALAIS - La sous-Secr\u00e9taire d\u2019\u00c9tat \u00e0 la S\u00e9curit\u00e9 civile re\u00e7ue par Bassirou Diomaye Faye","og_description":"NETTALI.COM - Le pr\u00e9sident de la R\u00e9publique, Bassirou Diomaye Faye, a re\u00e7u en audience, hier mardi, dans la matin\u00e9e au Palais de la R\u00e9publique, Uzra Zeya, sous-Secr\u00e9taire d\u2019\u00c9tat \u00e0 la S\u00e9curit\u00e9 civile, \u00e0 la d\u00e9mocratie et aux droits de l\u2019Homme des \u00c9tats-Unis. L\u2019annonce a \u00e9t\u00e9 faite par les services de la Communication du Pr\u00e9sidence de [&hellip;]","og_url":"https:\/\/www.nettali.com\/2024\/06\/12\/palais-la-sous-secretaire-detat-a-la-securite-civile-recue-par-bassirou-diomaye-faye\/","og_site_name":"Nettali.com","article_publisher":"https:\/\/www.facebook.com\/nettalicom","article_published_time":"2024-06-12T15:03:27+00:00","og_image":[{"width":1280,"height":889,"url":"https:\/\/www.nettali.com\/wp-content\/uploads\/2024\/06\/Diomaye.jpeg","type":"image\/jpeg"}],"twitter_card":"summary_large_image","twitter_misc":{"\u00c9crit par":"Daouda","Dur\u00e9e de lecture estim\u00e9e":"1 minute"},"schema":{"@context":"https:\/\/schema.org","@graph":[{"@type":"WebSite","@id":"https:\/\/www.nettali.com\/#website","url":"https:\/\/www.nettali.com\/","name":"Nettali.com","description":"Le rendez-vous critique du Net","potentialAction":[{"@type":"SearchAction","target":{"@type":"EntryPoint","urlTemplate":"https:\/\/www.nettali.com\/?s={search_term_string}"},"query-input":"required name=search_term_string"}],"inLanguage":"fr-FR"},{"@type":"ImageObject","@id":"https:\/\/www.nettali.com\/2024\/06\/12\/palais-la-sous-secretaire-detat-a-la-securite-civile-recue-par-bassirou-diomaye-faye\/#primaryimage","inLanguage":"fr-FR","url":"https:\/\/www.nettali.com\/wp-content\/uploads\/2024\/06\/Diomaye.jpeg","contentUrl":"https:\/\/www.nettali.com\/wp-content\/uploads\/2024\/06\/Diomaye.jpeg","width":1280,"height":889},{"@type":"WebPage","@id":"https:\/\/www.nettali.com\/2024\/06\/12\/palais-la-sous-secretaire-detat-a-la-securite-civile-recue-par-bassirou-diomaye-faye\/#webpage","url":"https:\/\/www.nettali.com\/2024\/06\/12\/palais-la-sous-secretaire-detat-a-la-securite-civile-recue-par-bassirou-diomaye-faye\/","name":"PALAIS - La sous-Secr\u00e9taire d\u2019\u00c9tat \u00e0 la S\u00e9curit\u00e9 civile re\u00e7ue par Bassirou Diomaye Faye | Nettali.com","isPartOf":{"@id":"https:\/\/www.nettali.com\/#website"},"primaryImageOfPage":{"@id":"https:\/\/www.nettali.com\/2024\/06\/12\/palais-la-sous-secretaire-detat-a-la-securite-civile-recue-par-bassirou-diomaye-faye\/#primaryimage"},"datePublished":"2024-06-12T15:03:27+00:00","dateModified":"2024-06-12T15:03:27+00:00","author":{"@id":"https:\/\/www.nettali.com\/#\/schema\/person\/3317e0bb3aa1da309fbf7b2780901bf4"},"breadcrumb":{"@id":"https:\/\/www.nettali.com\/2024\/06\/12\/palais-la-sous-secretaire-detat-a-la-securite-civile-recue-par-bassirou-diomaye-faye\/#breadcrumb"},"inLanguage":"fr-FR","potentialAction":[{"@type":"ReadAction","target":["https:\/\/www.nettali.com\/2024\/06\/12\/palais-la-sous-secretaire-detat-a-la-securite-civile-recue-par-bassirou-diomaye-faye\/"]}]},{"@type":"BreadcrumbList","@id":"https:\/\/www.nettali.com\/2024\/06\/12\/palais-la-sous-secretaire-detat-a-la-securite-civile-recue-par-bassirou-diomaye-faye\/#breadcrumb","itemListElement":[{"@type":"ListItem","position":1,"name":"Accueil","item":"https:\/\/www.nettali.com\/"},{"@type":"ListItem","position":2,"name":"PALAIS - La sous-Secr\u00e9taire d\u2019\u00c9tat \u00e0 la S\u00e9curit\u00e9 civile re\u00e7ue par Bassirou Diomaye Faye"}]},{"@type":"Person","@id":"https:\/\/www.nettali.com\/#\/schema\/person\/3317e0bb3aa1da309fbf7b2780901bf4","name":"Daouda","image":{"@type":"ImageObject","@id":"https:\/\/www.nettali.com\/#personlogo","inLanguage":"fr-FR","url":"https:\/\/secure.gravatar.com\/avatar\/8d143b5a49345098ddcfee1c49c2f47c?s=96&d=mm&r=g","contentUrl":"https:\/\/secure.gravatar.com\/avatar\/8d143b5a49345098ddcfee1c49c2f47c?s=96&d=mm&r=g","caption":"Daouda"},"sameAs":["https:\/\/www.nettali.com"]}]}},"_links":{"self":[{"href":"https:\/\/www.nettali.com\/rest\/wp\/v2\/posts\/135104"}],"collection":[{"href":"https:\/\/www.nettali.com\/rest\/wp\/v2\/posts"}],"about":[{"href":"https:\/\/www.nettali.com\/rest\/wp\/v2\/types\/post"}],"author":[{"embeddable":true,"href":"https:\/\/www.nettali.com\/rest\/wp\/v2\/users\/4"}],"replies":[{"embeddable":true,"href":"https:\/\/www.nettali.com\/rest\/wp\/v2\/comments?post=135104"}],"version-history":[{"count":1,"href":"https:\/\/www.nettali.com\/rest\/wp\/v2\/posts\/135104\/revisions"}],"predecessor-version":[{"id":135106,"href":"https:\/\/www.nettali.com\/rest\/wp\/v2\/posts\/135104\/revisions\/135106"}],"wp:featuredmedia":[{"embeddable":true,"href":"https:\/\/www.nettali.com\/rest\/wp\/v2\/media\/135105"}],"wp:attachment":[{"href":"https:\/\/www.nettali.com\/rest\/wp\/v2\/media?parent=135104"}],"wp:term":[{"taxonomy":"category","embeddable":true,"href":"https:\/\/www.nettali.com\/rest\/wp\/v2\/categories?post=135104"},{"taxonomy":"post_tag","embeddable":true,"href":"https:\/\/www.nettali.com\/rest\/wp\/v2\/tags?post=135104"}],"curies":[{"name":"wp","href":"https:\/\/api.w.org\/{rel}","templated":true}]}}