{"id":135016,"date":"2024-06-11T07:58:56","date_gmt":"2024-06-11T07:58:56","guid":{"rendered":"https:\/\/www.nettali.com\/?p=135016"},"modified":"2024-06-11T07:58:56","modified_gmt":"2024-06-11T07:58:56","slug":"mondial-2022-et-can-2023-fonds-campagne-equipe-nationale-le-depute-cheikh-thioro-mbacke-interpelle-le-ministre-des-sports","status":"publish","type":"post","link":"https:\/\/www.nettali.com\/2024\/06\/11\/mondial-2022-et-can-2023-fonds-campagne-equipe-nationale-le-depute-cheikh-thioro-mbacke-interpelle-le-ministre-des-sports\/","title":{"rendered":"MONDIAL 2022 ET CAN 2023 - FONDS CAMPAGNE \u00c9QUIPE NATIONALE - Le d\u00e9put\u00e9 Cheikh Thioro Mback\u00e9 interpelle le ministre des Sports"},"content":{"rendered":"<div class=\"page\" title=\"Page 11\">\n<div class=\"layoutArea\">\n<div class=\"column\">\n<p><strong>NETTALI.COM -<\/strong> La reddition des comptes est dans l\u2019air du temps. Le de\u0301pute\u0301 Cheikh Thioro Mbacke\u0301 a adresse\u0301 une lettre au nouveau ministre des Sports \u201c<em>pour des e\u0301claircissements sur les conditions d'utilisation des fonds lie\u0301s aux campagnes de l'e\u0301quipe nationale A pour le Mondial 2022 et la Can 2023<\/em>\u201d.<\/p>\n<p>Dans sa missive parvenu a\u0300 Nettali.com, le parlementaire a invite\u0301 la tutelle et la Fe\u0301de\u0301ration se\u0301ne\u0301galaise a\u0300 faire la lumie\u0300re sur cette gestion qui soule\u0300ve \u201c<em>de nombreuses interrogations auxquelles le peuple doit, sans de\u0301lai, obtenir des re\u0301ponses<\/em>\u201d.<\/p>\n<p>\u201c<em>Lors de la Coupe d'Afrique des nations 2023, le Se\u0301ne\u0301gal a termine\u0301 a\u0300 la neuvie\u0300me place apre\u0300s avoir e\u0301te\u0301 e\u0301limine\u0301 en huitie\u0300mes de finale. <\/em><em>A\u0300 ce jour, l'Assemble\u0301e nationale n\u2019a pas connaissance d'un bilan exhaustif de la Fe\u0301de\u0301ration de football, notamment en ce qui concerne les conditions d'utilisation des fonds publics mobilise\u0301s lors de cette compe\u0301tition<\/em>\u201d, a e\u0301crit M. Mbacke\u0301. Ainsi, il a interpelle\u0301 la nouvelle patronne des Sports sur le \u201c<em>montant des de\u0301penses pour ces deux campagnes majeures<\/em>\u201d, de me\u0302me que sur \u201c<em>le montant des primes touche\u0301es par les joueurs de l'E\u0301quipe nationale\u201d et celui \u201cdes primes touche\u0301es par le staff et les officiels<\/em>\u201d.<\/p>\n<p>\u201c<em>Existe-t-il un bilan financier disponible de la Fe\u0301de\u0301ration se\u0301ne\u0301galaise de football ?<\/em>\u201d, a-t-il interroge\u0301.<\/p>\n<p>Par ailleurs, l\u2019Honorable de\u0301pute\u0301 Cheikh Thioro Mbacke\u0301 a invite\u0301 au ministre de \u201c<em>mettre a\u0300 la disposition de l'Assemble\u0301e nationale tous les documents attestant de la bonne gestion et de la transparence de ces diffe\u0301rentes campagnes<\/em>\u201d.<\/p>\n<\/div>\n<\/div>\n<\/div>\n<div class='share-to-whatsapp-wrapper'><div class='share-on-whsp'>PARTAGER SUR : <\/div><a data-text='MONDIAL 2022 ET CAN 2023 - FONDS CAMPAGNE \u00c9QUIPE NATIONALE - Le d\u00e9put\u00e9 Cheikh Thioro Mback\u00e9 interpelle le ministre des Sports' data-link='https:\/\/www.nettali.com\/2024\/06\/11\/mondial-2022-et-can-2023-fonds-campagne-equipe-nationale-le-depute-cheikh-thioro-mbacke-interpelle-le-ministre-des-sports\/' class='whatsapp-button whatsapp-share'>WhatsApp<\/a><div class='clear '><\/div><\/div>","protected":false},"excerpt":{"rendered":"<p>NETTALI.COM - La reddition des comptes est dans l\u2019air du temps. Le de\u0301pute\u0301 Cheikh Thioro Mbacke\u0301 a adresse\u0301 une lettre au nouveau ministre des Sports \u201cpour des e\u0301claircissements sur les conditions d'utilisation des fonds lie\u0301s aux campagnes de l'e\u0301quipe nationale A pour le Mondial 2022 et la Can 2023\u201d. Dans sa missive parvenu a\u0300 Nettali.com, [&hellip;]<\/p>\n","protected":false},"author":2,"featured_media":135017,"comment_status":"open","ping_status":"open","sticky":false,"template":"","format":"standard","meta":{"_et_pb_use_builder":"","_et_pb_old_content":""},"categories":[6],"tags":[],"yoast_head":"<!-- This site is optimized with the Yoast SEO Premium plugin v17.8 (Yoast SEO v17.8) - https:\/\/yoast.com\/wordpress\/plugins\/seo\/ -->\n<title>MONDIAL 2022 ET CAN 2023 - FONDS CAMPAGNE \u00c9QUIPE NATIONALE - Le d\u00e9put\u00e9 Cheikh Thioro Mback\u00e9 interpelle le ministre des Sports | Nettali.com<\/title>\n<meta name=\"robots\" content=\"index, follow, max-snippet:-1, max-image-preview:large, max-video-preview:-1\" \/>\n<link rel=\"canonical\" href=\"https:\/\/www.nettali.com\/2024\/06\/11\/mondial-2022-et-can-2023-fonds-campagne-equipe-nationale-le-depute-cheikh-thioro-mbacke-interpelle-le-ministre-des-sports\/\" \/>\n<meta property=\"og:locale\" content=\"fr_FR\" \/>\n<meta property=\"og:type\" content=\"article\" \/>\n<meta property=\"og:title\" content=\"MONDIAL 2022 ET CAN 2023 - FONDS CAMPAGNE \u00c9QUIPE NATIONALE - Le d\u00e9put\u00e9 Cheikh Thioro Mback\u00e9 interpelle le ministre des Sports\" \/>\n<meta property=\"og:description\" content=\"NETTALI.COM - La reddition des comptes est dans l\u2019air du temps. Le de\u0301pute\u0301 Cheikh Thioro Mbacke\u0301 a adresse\u0301 une lettre au nouveau ministre des Sports \u201cpour des e\u0301claircissements sur les conditions d&#039;utilisation des fonds lie\u0301s aux campagnes de l&#039;e\u0301quipe nationale A pour le Mondial 2022 et la Can 2023\u201d. Dans sa missive parvenu a\u0300 Nettali.com, [&hellip;]\" \/>\n<meta property=\"og:url\" content=\"https:\/\/www.nettali.com\/2024\/06\/11\/mondial-2022-et-can-2023-fonds-campagne-equipe-nationale-le-depute-cheikh-thioro-mbacke-interpelle-le-ministre-des-sports\/\" \/>\n<meta property=\"og:site_name\" content=\"Nettali.com\" \/>\n<meta property=\"article:publisher\" content=\"https:\/\/www.facebook.com\/nettalicom\" \/>\n<meta property=\"article:published_time\" content=\"2024-06-11T07:58:56+00:00\" \/>\n<meta property=\"og:image\" content=\"https:\/\/www.nettali.com\/wp-content\/uploads\/2024\/06\/serigne-cheikh-thioro-mbacke.jpeg\" \/>\n\t<meta property=\"og:image:width\" content=\"1080\" \/>\n\t<meta property=\"og:image:height\" content=\"721\" \/>\n<meta name=\"twitter:card\" content=\"summary_large_image\" \/>\n<meta name=\"twitter:label1\" content=\"\u00c9crit par\" \/>\n\t<meta name=\"twitter:data1\" content=\"CK\" \/>\n\t<meta name=\"twitter:label2\" content=\"Dur\u00e9e de lecture estim\u00e9e\" \/>\n\t<meta name=\"twitter:data2\" content=\"2 minutes\" \/>\n<script type=\"application\/ld+json\" class=\"yoast-schema-graph\">{\"@context\":\"https:\/\/schema.org\",\"@graph\":[{\"@type\":\"WebSite\",\"@id\":\"https:\/\/www.nettali.com\/#website\",\"url\":\"https:\/\/www.nettali.com\/\",\"name\":\"Nettali.com\",\"description\":\"Le rendez-vous critique du Net\",\"potentialAction\":[{\"@type\":\"SearchAction\",\"target\":{\"@type\":\"EntryPoint\",\"urlTemplate\":\"https:\/\/www.nettali.com\/?s={search_term_string}\"},\"query-input\":\"required name=search_term_string\"}],\"inLanguage\":\"fr-FR\"},{\"@type\":\"ImageObject\",\"@id\":\"https:\/\/www.nettali.com\/2024\/06\/11\/mondial-2022-et-can-2023-fonds-campagne-equipe-nationale-le-depute-cheikh-thioro-mbacke-interpelle-le-ministre-des-sports\/#primaryimage\",\"inLanguage\":\"fr-FR\",\"url\":\"https:\/\/www.nettali.com\/wp-content\/uploads\/2024\/06\/serigne-cheikh-thioro-mbacke.jpeg\",\"contentUrl\":\"https:\/\/www.nettali.com\/wp-content\/uploads\/2024\/06\/serigne-cheikh-thioro-mbacke.jpeg\",\"width\":1080,\"height\":721},{\"@type\":\"WebPage\",\"@id\":\"https:\/\/www.nettali.com\/2024\/06\/11\/mondial-2022-et-can-2023-fonds-campagne-equipe-nationale-le-depute-cheikh-thioro-mbacke-interpelle-le-ministre-des-sports\/#webpage\",\"url\":\"https:\/\/www.nettali.com\/2024\/06\/11\/mondial-2022-et-can-2023-fonds-campagne-equipe-nationale-le-depute-cheikh-thioro-mbacke-interpelle-le-ministre-des-sports\/\",\"name\":\"MONDIAL 2022 ET CAN 2023 - FONDS CAMPAGNE \\u00c9QUIPE NATIONALE - Le d\\u00e9put\\u00e9 Cheikh Thioro Mback\\u00e9 interpelle le ministre des Sports | Nettali.com\",\"isPartOf\":{\"@id\":\"https:\/\/www.nettali.com\/#website\"},\"primaryImageOfPage\":{\"@id\":\"https:\/\/www.nettali.com\/2024\/06\/11\/mondial-2022-et-can-2023-fonds-campagne-equipe-nationale-le-depute-cheikh-thioro-mbacke-interpelle-le-ministre-des-sports\/#primaryimage\"},\"datePublished\":\"2024-06-11T07:58:56+00:00\",\"dateModified\":\"2024-06-11T07:58:56+00:00\",\"author\":{\"@id\":\"https:\/\/www.nettali.com\/#\/schema\/person\/d8ac7b7e27ddad43f1c0d2ef090d7f71\"},\"breadcrumb\":{\"@id\":\"https:\/\/www.nettali.com\/2024\/06\/11\/mondial-2022-et-can-2023-fonds-campagne-equipe-nationale-le-depute-cheikh-thioro-mbacke-interpelle-le-ministre-des-sports\/#breadcrumb\"},\"inLanguage\":\"fr-FR\",\"potentialAction\":[{\"@type\":\"ReadAction\",\"target\":[\"https:\/\/www.nettali.com\/2024\/06\/11\/mondial-2022-et-can-2023-fonds-campagne-equipe-nationale-le-depute-cheikh-thioro-mbacke-interpelle-le-ministre-des-sports\/\"]}]},{\"@type\":\"BreadcrumbList\",\"@id\":\"https:\/\/www.nettali.com\/2024\/06\/11\/mondial-2022-et-can-2023-fonds-campagne-equipe-nationale-le-depute-cheikh-thioro-mbacke-interpelle-le-ministre-des-sports\/#breadcrumb\",\"itemListElement\":[{\"@type\":\"ListItem\",\"position\":1,\"name\":\"Accueil\",\"item\":\"https:\/\/www.nettali.com\/\"},{\"@type\":\"ListItem\",\"position\":2,\"name\":\"MONDIAL 2022 ET CAN 2023 - FONDS CAMPAGNE \\u00c9QUIPE NATIONALE - Le d\\u00e9put\\u00e9 Cheikh Thioro Mback\\u00e9 interpelle le ministre des Sports\"}]},{\"@type\":\"Person\",\"@id\":\"https:\/\/www.nettali.com\/#\/schema\/person\/d8ac7b7e27ddad43f1c0d2ef090d7f71\",\"name\":\"CK\",\"image\":{\"@type\":\"ImageObject\",\"@id\":\"https:\/\/www.nettali.com\/#personlogo\",\"inLanguage\":\"fr-FR\",\"url\":\"https:\/\/secure.gravatar.com\/avatar\/1d8d5118b9327d94da7cd4ce7f17fec2?s=96&d=mm&r=g\",\"contentUrl\":\"https:\/\/secure.gravatar.com\/avatar\/1d8d5118b9327d94da7cd4ce7f17fec2?s=96&d=mm&r=g\",\"caption\":\"CK\"},\"sameAs\":[\"https:\/\/www.nettali.com\"]}]}<\/script>\n<!-- \/ Yoast SEO Premium plugin. -->","yoast_head_json":{"title":"MONDIAL 2022 ET CAN 2023 - FONDS CAMPAGNE \u00c9QUIPE NATIONALE - Le d\u00e9put\u00e9 Cheikh Thioro Mback\u00e9 interpelle le ministre des Sports | Nettali.com","robots":{"index":"index","follow":"follow","max-snippet":"max-snippet:-1","max-image-preview":"max-image-preview:large","max-video-preview":"max-video-preview:-1"},"canonical":"https:\/\/www.nettali.com\/2024\/06\/11\/mondial-2022-et-can-2023-fonds-campagne-equipe-nationale-le-depute-cheikh-thioro-mbacke-interpelle-le-ministre-des-sports\/","og_locale":"fr_FR","og_type":"article","og_title":"MONDIAL 2022 ET CAN 2023 - FONDS CAMPAGNE \u00c9QUIPE NATIONALE - Le d\u00e9put\u00e9 Cheikh Thioro Mback\u00e9 interpelle le ministre des Sports","og_description":"NETTALI.COM - La reddition des comptes est dans l\u2019air du temps. Le de\u0301pute\u0301 Cheikh Thioro Mbacke\u0301 a adresse\u0301 une lettre au nouveau ministre des Sports \u201cpour des e\u0301claircissements sur les conditions d'utilisation des fonds lie\u0301s aux campagnes de l'e\u0301quipe nationale A pour le Mondial 2022 et la Can 2023\u201d. Dans sa missive parvenu a\u0300 Nettali.com, [&hellip;]","og_url":"https:\/\/www.nettali.com\/2024\/06\/11\/mondial-2022-et-can-2023-fonds-campagne-equipe-nationale-le-depute-cheikh-thioro-mbacke-interpelle-le-ministre-des-sports\/","og_site_name":"Nettali.com","article_publisher":"https:\/\/www.facebook.com\/nettalicom","article_published_time":"2024-06-11T07:58:56+00:00","og_image":[{"width":1080,"height":721,"url":"https:\/\/www.nettali.com\/wp-content\/uploads\/2024\/06\/serigne-cheikh-thioro-mbacke.jpeg","type":"image\/jpeg"}],"twitter_card":"summary_large_image","twitter_misc":{"\u00c9crit par":"CK","Dur\u00e9e de lecture estim\u00e9e":"2 minutes"},"schema":{"@context":"https:\/\/schema.org","@graph":[{"@type":"WebSite","@id":"https:\/\/www.nettali.com\/#website","url":"https:\/\/www.nettali.com\/","name":"Nettali.com","description":"Le rendez-vous critique du Net","potentialAction":[{"@type":"SearchAction","target":{"@type":"EntryPoint","urlTemplate":"https:\/\/www.nettali.com\/?s={search_term_string}"},"query-input":"required name=search_term_string"}],"inLanguage":"fr-FR"},{"@type":"ImageObject","@id":"https:\/\/www.nettali.com\/2024\/06\/11\/mondial-2022-et-can-2023-fonds-campagne-equipe-nationale-le-depute-cheikh-thioro-mbacke-interpelle-le-ministre-des-sports\/#primaryimage","inLanguage":"fr-FR","url":"https:\/\/www.nettali.com\/wp-content\/uploads\/2024\/06\/serigne-cheikh-thioro-mbacke.jpeg","contentUrl":"https:\/\/www.nettali.com\/wp-content\/uploads\/2024\/06\/serigne-cheikh-thioro-mbacke.jpeg","width":1080,"height":721},{"@type":"WebPage","@id":"https:\/\/www.nettali.com\/2024\/06\/11\/mondial-2022-et-can-2023-fonds-campagne-equipe-nationale-le-depute-cheikh-thioro-mbacke-interpelle-le-ministre-des-sports\/#webpage","url":"https:\/\/www.nettali.com\/2024\/06\/11\/mondial-2022-et-can-2023-fonds-campagne-equipe-nationale-le-depute-cheikh-thioro-mbacke-interpelle-le-ministre-des-sports\/","name":"MONDIAL 2022 ET CAN 2023 - FONDS CAMPAGNE \u00c9QUIPE NATIONALE - Le d\u00e9put\u00e9 Cheikh Thioro Mback\u00e9 interpelle le ministre des Sports | Nettali.com","isPartOf":{"@id":"https:\/\/www.nettali.com\/#website"},"primaryImageOfPage":{"@id":"https:\/\/www.nettali.com\/2024\/06\/11\/mondial-2022-et-can-2023-fonds-campagne-equipe-nationale-le-depute-cheikh-thioro-mbacke-interpelle-le-ministre-des-sports\/#primaryimage"},"datePublished":"2024-06-11T07:58:56+00:00","dateModified":"2024-06-11T07:58:56+00:00","author":{"@id":"https:\/\/www.nettali.com\/#\/schema\/person\/d8ac7b7e27ddad43f1c0d2ef090d7f71"},"breadcrumb":{"@id":"https:\/\/www.nettali.com\/2024\/06\/11\/mondial-2022-et-can-2023-fonds-campagne-equipe-nationale-le-depute-cheikh-thioro-mbacke-interpelle-le-ministre-des-sports\/#breadcrumb"},"inLanguage":"fr-FR","potentialAction":[{"@type":"ReadAction","target":["https:\/\/www.nettali.com\/2024\/06\/11\/mondial-2022-et-can-2023-fonds-campagne-equipe-nationale-le-depute-cheikh-thioro-mbacke-interpelle-le-ministre-des-sports\/"]}]},{"@type":"BreadcrumbList","@id":"https:\/\/www.nettali.com\/2024\/06\/11\/mondial-2022-et-can-2023-fonds-campagne-equipe-nationale-le-depute-cheikh-thioro-mbacke-interpelle-le-ministre-des-sports\/#breadcrumb","itemListElement":[{"@type":"ListItem","position":1,"name":"Accueil","item":"https:\/\/www.nettali.com\/"},{"@type":"ListItem","position":2,"name":"MONDIAL 2022 ET CAN 2023 - FONDS CAMPAGNE \u00c9QUIPE NATIONALE - Le d\u00e9put\u00e9 Cheikh Thioro Mback\u00e9 interpelle le ministre des Sports"}]},{"@type":"Person","@id":"https:\/\/www.nettali.com\/#\/schema\/person\/d8ac7b7e27ddad43f1c0d2ef090d7f71","name":"CK","image":{"@type":"ImageObject","@id":"https:\/\/www.nettali.com\/#personlogo","inLanguage":"fr-FR","url":"https:\/\/secure.gravatar.com\/avatar\/1d8d5118b9327d94da7cd4ce7f17fec2?s=96&d=mm&r=g","contentUrl":"https:\/\/secure.gravatar.com\/avatar\/1d8d5118b9327d94da7cd4ce7f17fec2?s=96&d=mm&r=g","caption":"CK"},"sameAs":["https:\/\/www.nettali.com"]}]}},"_links":{"self":[{"href":"https:\/\/www.nettali.com\/rest\/wp\/v2\/posts\/135016"}],"collection":[{"href":"https:\/\/www.nettali.com\/rest\/wp\/v2\/posts"}],"about":[{"href":"https:\/\/www.nettali.com\/rest\/wp\/v2\/types\/post"}],"author":[{"embeddable":true,"href":"https:\/\/www.nettali.com\/rest\/wp\/v2\/users\/2"}],"replies":[{"embeddable":true,"href":"https:\/\/www.nettali.com\/rest\/wp\/v2\/comments?post=135016"}],"version-history":[{"count":1,"href":"https:\/\/www.nettali.com\/rest\/wp\/v2\/posts\/135016\/revisions"}],"predecessor-version":[{"id":135018,"href":"https:\/\/www.nettali.com\/rest\/wp\/v2\/posts\/135016\/revisions\/135018"}],"wp:featuredmedia":[{"embeddable":true,"href":"https:\/\/www.nettali.com\/rest\/wp\/v2\/media\/135017"}],"wp:attachment":[{"href":"https:\/\/www.nettali.com\/rest\/wp\/v2\/media?parent=135016"}],"wp:term":[{"taxonomy":"category","embeddable":true,"href":"https:\/\/www.nettali.com\/rest\/wp\/v2\/categories?post=135016"},{"taxonomy":"post_tag","embeddable":true,"href":"https:\/\/www.nettali.com\/rest\/wp\/v2\/tags?post=135016"}],"curies":[{"name":"wp","href":"https:\/\/api.w.org\/{rel}","templated":true}]}}