{"id":134895,"date":"2024-06-08T23:58:58","date_gmt":"2024-06-08T23:58:58","guid":{"rendered":"https:\/\/www.nettali.com\/?p=134895"},"modified":"2024-06-08T23:58:58","modified_gmt":"2024-06-08T23:58:58","slug":"aliou-cisse-nous-ne-sous-estimons-pas-la-mauritanie","status":"publish","type":"post","link":"https:\/\/www.nettali.com\/2024\/06\/08\/aliou-cisse-nous-ne-sous-estimons-pas-la-mauritanie\/","title":{"rendered":"ALIOU CISS\u00c9 -  \u201cNous ne sous estimons pas la Mauritanie\u201d"},"content":{"rendered":"<div><strong>NETTALI.COM - Le s\u00e9lectionneur national Aliou Ciss\u00e9 a soulign\u00e9, samedi en conf\u00e9rence de presse de veille de match,\u00a0 que son \u00e9quipe ne sous estimait pas la Mauritanie, qu\u2019elle affronte ce dimanche, au stade Cheikha Boidiya de Nouakchott, en perspective de la quatri\u00e8me journ\u00e9e des \u00e9liminatoires du mondial 2026.<\/strong><\/div>\n<div><\/div>\n<div><em>\u201cC\u2019est un plaisir d\u2019\u00eatre ici en Mauritanie qui est un pays fr\u00e8re. C\u2019est un match tr\u00e8s important pour nous, et on a eu le temps de bien le pr\u00e9parer. Les joueurs sont bien dans la t\u00eate. Je suis satisfait de la prestation de nos gar\u00e7ons. Il reste encore sept matchs dans ces \u00e9liminatoires. Mais, nous ne sous estimons pas la Mauritanie\u201d<\/em>, a d\u00e9clar\u00e9 le s\u00e9lectionneur des Lions.<\/div>\n<div><\/div>\n<div>Les Lions devront cependant jouer sans les attaquants Sadio Man\u00e9 et Nicolas Jackson, tous les deux forfaits. Aliou Ciss\u00e9 a admis que <em>\u201cces absences rendent les choses compliqu\u00e9es\u201d<\/em>.<\/div>\n<div><\/div>\n<div>Selon lui, <em>\u201cla Mauritanie n\u2019est plus le m\u00eame pays en terme de football. C\u2019est un pays que nous respectons. Aujourd\u2019hui, notre collectif peut nous aider \u00e0 faire un bon match et faire un r\u00e9sultat positif. On sait que \u00e7a ne sera pas facile. L\u2019environnement sera hostile, mais les joueurs ont l\u2019exp\u00e9rience\u201d.<\/em><\/div>\n<div><\/div>\n<div>Et d\u2019ajouter : <em>\u201cC\u2019est un groupe de jeunes joueurs. Ils sont talentueux et concentr\u00e9s. Ils ont sacrifi\u00e9 leurs vacances au sortir d\u2019une longue saison qui a \u00e9t\u00e9 difficile pour certains.\u201d<\/em><\/div>\n<div class='share-to-whatsapp-wrapper'><div class='share-on-whsp'>PARTAGER SUR : <\/div><a data-text='ALIOU CISS\u00c9 -  \u201cNous ne sous estimons pas la Mauritanie\u201d' data-link='https:\/\/www.nettali.com\/2024\/06\/08\/aliou-cisse-nous-ne-sous-estimons-pas-la-mauritanie\/' class='whatsapp-button whatsapp-share'>WhatsApp<\/a><div class='clear '><\/div><\/div>","protected":false},"excerpt":{"rendered":"<p>NETTALI.COM - Le s\u00e9lectionneur national Aliou Ciss\u00e9 a soulign\u00e9, samedi en conf\u00e9rence de presse de veille de match,\u00a0 que son \u00e9quipe ne sous estimait pas la Mauritanie, qu\u2019elle affronte ce dimanche, au stade Cheikha Boidiya de Nouakchott, en perspective de la quatri\u00e8me journ\u00e9e des \u00e9liminatoires du mondial 2026. \u201cC\u2019est un plaisir d\u2019\u00eatre ici en Mauritanie [&hellip;]<\/p>\n","protected":false},"author":4,"featured_media":125445,"comment_status":"open","ping_status":"open","sticky":false,"template":"","format":"standard","meta":{"_et_pb_use_builder":"","_et_pb_old_content":""},"categories":[6],"tags":[],"yoast_head":"<!-- This site is optimized with the Yoast SEO Premium plugin v17.8 (Yoast SEO v17.8) - https:\/\/yoast.com\/wordpress\/plugins\/seo\/ -->\n<title>ALIOU CISS\u00c9 - \u201cNous ne sous estimons pas la Mauritanie\u201d | Nettali.com<\/title>\n<meta name=\"robots\" content=\"index, follow, max-snippet:-1, max-image-preview:large, max-video-preview:-1\" \/>\n<link rel=\"canonical\" href=\"https:\/\/www.nettali.com\/2024\/06\/08\/aliou-cisse-nous-ne-sous-estimons-pas-la-mauritanie\/\" \/>\n<meta property=\"og:locale\" content=\"fr_FR\" \/>\n<meta property=\"og:type\" content=\"article\" \/>\n<meta property=\"og:title\" content=\"ALIOU CISS\u00c9 - \u201cNous ne sous estimons pas la Mauritanie\u201d\" \/>\n<meta property=\"og:description\" content=\"NETTALI.COM - Le s\u00e9lectionneur national Aliou Ciss\u00e9 a soulign\u00e9, samedi en conf\u00e9rence de presse de veille de match,\u00a0 que son \u00e9quipe ne sous estimait pas la Mauritanie, qu\u2019elle affronte ce dimanche, au stade Cheikha Boidiya de Nouakchott, en perspective de la quatri\u00e8me journ\u00e9e des \u00e9liminatoires du mondial 2026. \u201cC\u2019est un plaisir d\u2019\u00eatre ici en Mauritanie [&hellip;]\" \/>\n<meta property=\"og:url\" content=\"https:\/\/www.nettali.com\/2024\/06\/08\/aliou-cisse-nous-ne-sous-estimons-pas-la-mauritanie\/\" \/>\n<meta property=\"og:site_name\" content=\"Nettali.com\" \/>\n<meta property=\"article:publisher\" content=\"https:\/\/www.facebook.com\/nettalicom\" \/>\n<meta property=\"article:published_time\" content=\"2024-06-08T23:58:58+00:00\" \/>\n<meta property=\"og:image\" content=\"https:\/\/www.nettali.com\/wp-content\/uploads\/2024\/01\/aliou-cisse-696x339-1.jpg\" \/>\n\t<meta property=\"og:image:width\" content=\"696\" \/>\n\t<meta property=\"og:image:height\" content=\"339\" \/>\n<meta name=\"twitter:card\" content=\"summary_large_image\" \/>\n<meta name=\"twitter:label1\" content=\"\u00c9crit par\" \/>\n\t<meta name=\"twitter:data1\" content=\"Daouda\" \/>\n\t<meta name=\"twitter:label2\" content=\"Dur\u00e9e de lecture estim\u00e9e\" \/>\n\t<meta name=\"twitter:data2\" content=\"2 minutes\" \/>\n<script type=\"application\/ld+json\" class=\"yoast-schema-graph\">{\"@context\":\"https:\/\/schema.org\",\"@graph\":[{\"@type\":\"WebSite\",\"@id\":\"https:\/\/www.nettali.com\/#website\",\"url\":\"https:\/\/www.nettali.com\/\",\"name\":\"Nettali.com\",\"description\":\"Le rendez-vous critique du Net\",\"potentialAction\":[{\"@type\":\"SearchAction\",\"target\":{\"@type\":\"EntryPoint\",\"urlTemplate\":\"https:\/\/www.nettali.com\/?s={search_term_string}\"},\"query-input\":\"required name=search_term_string\"}],\"inLanguage\":\"fr-FR\"},{\"@type\":\"ImageObject\",\"@id\":\"https:\/\/www.nettali.com\/2024\/06\/08\/aliou-cisse-nous-ne-sous-estimons-pas-la-mauritanie\/#primaryimage\",\"inLanguage\":\"fr-FR\",\"url\":\"https:\/\/www.nettali.com\/wp-content\/uploads\/2024\/01\/aliou-cisse-696x339-1.jpg\",\"contentUrl\":\"https:\/\/www.nettali.com\/wp-content\/uploads\/2024\/01\/aliou-cisse-696x339-1.jpg\",\"width\":696,\"height\":339},{\"@type\":\"WebPage\",\"@id\":\"https:\/\/www.nettali.com\/2024\/06\/08\/aliou-cisse-nous-ne-sous-estimons-pas-la-mauritanie\/#webpage\",\"url\":\"https:\/\/www.nettali.com\/2024\/06\/08\/aliou-cisse-nous-ne-sous-estimons-pas-la-mauritanie\/\",\"name\":\"ALIOU CISS\\u00c9 - \\u201cNous ne sous estimons pas la Mauritanie\\u201d | Nettali.com\",\"isPartOf\":{\"@id\":\"https:\/\/www.nettali.com\/#website\"},\"primaryImageOfPage\":{\"@id\":\"https:\/\/www.nettali.com\/2024\/06\/08\/aliou-cisse-nous-ne-sous-estimons-pas-la-mauritanie\/#primaryimage\"},\"datePublished\":\"2024-06-08T23:58:58+00:00\",\"dateModified\":\"2024-06-08T23:58:58+00:00\",\"author\":{\"@id\":\"https:\/\/www.nettali.com\/#\/schema\/person\/3317e0bb3aa1da309fbf7b2780901bf4\"},\"breadcrumb\":{\"@id\":\"https:\/\/www.nettali.com\/2024\/06\/08\/aliou-cisse-nous-ne-sous-estimons-pas-la-mauritanie\/#breadcrumb\"},\"inLanguage\":\"fr-FR\",\"potentialAction\":[{\"@type\":\"ReadAction\",\"target\":[\"https:\/\/www.nettali.com\/2024\/06\/08\/aliou-cisse-nous-ne-sous-estimons-pas-la-mauritanie\/\"]}]},{\"@type\":\"BreadcrumbList\",\"@id\":\"https:\/\/www.nettali.com\/2024\/06\/08\/aliou-cisse-nous-ne-sous-estimons-pas-la-mauritanie\/#breadcrumb\",\"itemListElement\":[{\"@type\":\"ListItem\",\"position\":1,\"name\":\"Accueil\",\"item\":\"https:\/\/www.nettali.com\/\"},{\"@type\":\"ListItem\",\"position\":2,\"name\":\"ALIOU CISS\\u00c9 - \\u201cNous ne sous estimons pas la Mauritanie\\u201d\"}]},{\"@type\":\"Person\",\"@id\":\"https:\/\/www.nettali.com\/#\/schema\/person\/3317e0bb3aa1da309fbf7b2780901bf4\",\"name\":\"Daouda\",\"image\":{\"@type\":\"ImageObject\",\"@id\":\"https:\/\/www.nettali.com\/#personlogo\",\"inLanguage\":\"fr-FR\",\"url\":\"https:\/\/secure.gravatar.com\/avatar\/8d143b5a49345098ddcfee1c49c2f47c?s=96&d=mm&r=g\",\"contentUrl\":\"https:\/\/secure.gravatar.com\/avatar\/8d143b5a49345098ddcfee1c49c2f47c?s=96&d=mm&r=g\",\"caption\":\"Daouda\"},\"sameAs\":[\"https:\/\/www.nettali.com\"]}]}<\/script>\n<!-- \/ Yoast SEO Premium plugin. -->","yoast_head_json":{"title":"ALIOU CISS\u00c9 - \u201cNous ne sous estimons pas la Mauritanie\u201d | Nettali.com","robots":{"index":"index","follow":"follow","max-snippet":"max-snippet:-1","max-image-preview":"max-image-preview:large","max-video-preview":"max-video-preview:-1"},"canonical":"https:\/\/www.nettali.com\/2024\/06\/08\/aliou-cisse-nous-ne-sous-estimons-pas-la-mauritanie\/","og_locale":"fr_FR","og_type":"article","og_title":"ALIOU CISS\u00c9 - \u201cNous ne sous estimons pas la Mauritanie\u201d","og_description":"NETTALI.COM - Le s\u00e9lectionneur national Aliou Ciss\u00e9 a soulign\u00e9, samedi en conf\u00e9rence de presse de veille de match,\u00a0 que son \u00e9quipe ne sous estimait pas la Mauritanie, qu\u2019elle affronte ce dimanche, au stade Cheikha Boidiya de Nouakchott, en perspective de la quatri\u00e8me journ\u00e9e des \u00e9liminatoires du mondial 2026. \u201cC\u2019est un plaisir d\u2019\u00eatre ici en Mauritanie [&hellip;]","og_url":"https:\/\/www.nettali.com\/2024\/06\/08\/aliou-cisse-nous-ne-sous-estimons-pas-la-mauritanie\/","og_site_name":"Nettali.com","article_publisher":"https:\/\/www.facebook.com\/nettalicom","article_published_time":"2024-06-08T23:58:58+00:00","og_image":[{"width":696,"height":339,"url":"https:\/\/www.nettali.com\/wp-content\/uploads\/2024\/01\/aliou-cisse-696x339-1.jpg","type":"image\/jpeg"}],"twitter_card":"summary_large_image","twitter_misc":{"\u00c9crit par":"Daouda","Dur\u00e9e de lecture estim\u00e9e":"2 minutes"},"schema":{"@context":"https:\/\/schema.org","@graph":[{"@type":"WebSite","@id":"https:\/\/www.nettali.com\/#website","url":"https:\/\/www.nettali.com\/","name":"Nettali.com","description":"Le rendez-vous critique du Net","potentialAction":[{"@type":"SearchAction","target":{"@type":"EntryPoint","urlTemplate":"https:\/\/www.nettali.com\/?s={search_term_string}"},"query-input":"required name=search_term_string"}],"inLanguage":"fr-FR"},{"@type":"ImageObject","@id":"https:\/\/www.nettali.com\/2024\/06\/08\/aliou-cisse-nous-ne-sous-estimons-pas-la-mauritanie\/#primaryimage","inLanguage":"fr-FR","url":"https:\/\/www.nettali.com\/wp-content\/uploads\/2024\/01\/aliou-cisse-696x339-1.jpg","contentUrl":"https:\/\/www.nettali.com\/wp-content\/uploads\/2024\/01\/aliou-cisse-696x339-1.jpg","width":696,"height":339},{"@type":"WebPage","@id":"https:\/\/www.nettali.com\/2024\/06\/08\/aliou-cisse-nous-ne-sous-estimons-pas-la-mauritanie\/#webpage","url":"https:\/\/www.nettali.com\/2024\/06\/08\/aliou-cisse-nous-ne-sous-estimons-pas-la-mauritanie\/","name":"ALIOU CISS\u00c9 - \u201cNous ne sous estimons pas la Mauritanie\u201d | Nettali.com","isPartOf":{"@id":"https:\/\/www.nettali.com\/#website"},"primaryImageOfPage":{"@id":"https:\/\/www.nettali.com\/2024\/06\/08\/aliou-cisse-nous-ne-sous-estimons-pas-la-mauritanie\/#primaryimage"},"datePublished":"2024-06-08T23:58:58+00:00","dateModified":"2024-06-08T23:58:58+00:00","author":{"@id":"https:\/\/www.nettali.com\/#\/schema\/person\/3317e0bb3aa1da309fbf7b2780901bf4"},"breadcrumb":{"@id":"https:\/\/www.nettali.com\/2024\/06\/08\/aliou-cisse-nous-ne-sous-estimons-pas-la-mauritanie\/#breadcrumb"},"inLanguage":"fr-FR","potentialAction":[{"@type":"ReadAction","target":["https:\/\/www.nettali.com\/2024\/06\/08\/aliou-cisse-nous-ne-sous-estimons-pas-la-mauritanie\/"]}]},{"@type":"BreadcrumbList","@id":"https:\/\/www.nettali.com\/2024\/06\/08\/aliou-cisse-nous-ne-sous-estimons-pas-la-mauritanie\/#breadcrumb","itemListElement":[{"@type":"ListItem","position":1,"name":"Accueil","item":"https:\/\/www.nettali.com\/"},{"@type":"ListItem","position":2,"name":"ALIOU CISS\u00c9 - \u201cNous ne sous estimons pas la Mauritanie\u201d"}]},{"@type":"Person","@id":"https:\/\/www.nettali.com\/#\/schema\/person\/3317e0bb3aa1da309fbf7b2780901bf4","name":"Daouda","image":{"@type":"ImageObject","@id":"https:\/\/www.nettali.com\/#personlogo","inLanguage":"fr-FR","url":"https:\/\/secure.gravatar.com\/avatar\/8d143b5a49345098ddcfee1c49c2f47c?s=96&d=mm&r=g","contentUrl":"https:\/\/secure.gravatar.com\/avatar\/8d143b5a49345098ddcfee1c49c2f47c?s=96&d=mm&r=g","caption":"Daouda"},"sameAs":["https:\/\/www.nettali.com"]}]}},"_links":{"self":[{"href":"https:\/\/www.nettali.com\/rest\/wp\/v2\/posts\/134895"}],"collection":[{"href":"https:\/\/www.nettali.com\/rest\/wp\/v2\/posts"}],"about":[{"href":"https:\/\/www.nettali.com\/rest\/wp\/v2\/types\/post"}],"author":[{"embeddable":true,"href":"https:\/\/www.nettali.com\/rest\/wp\/v2\/users\/4"}],"replies":[{"embeddable":true,"href":"https:\/\/www.nettali.com\/rest\/wp\/v2\/comments?post=134895"}],"version-history":[{"count":1,"href":"https:\/\/www.nettali.com\/rest\/wp\/v2\/posts\/134895\/revisions"}],"predecessor-version":[{"id":134896,"href":"https:\/\/www.nettali.com\/rest\/wp\/v2\/posts\/134895\/revisions\/134896"}],"wp:featuredmedia":[{"embeddable":true,"href":"https:\/\/www.nettali.com\/rest\/wp\/v2\/media\/125445"}],"wp:attachment":[{"href":"https:\/\/www.nettali.com\/rest\/wp\/v2\/media?parent=134895"}],"wp:term":[{"taxonomy":"category","embeddable":true,"href":"https:\/\/www.nettali.com\/rest\/wp\/v2\/categories?post=134895"},{"taxonomy":"post_tag","embeddable":true,"href":"https:\/\/www.nettali.com\/rest\/wp\/v2\/tags?post=134895"}],"curies":[{"name":"wp","href":"https:\/\/api.w.org\/{rel}","templated":true}]}}