{"id":134824,"date":"2024-06-08T09:39:04","date_gmt":"2024-06-08T09:39:04","guid":{"rendered":"https:\/\/www.nettali.com\/?p=134824"},"modified":"2024-06-08T09:39:04","modified_gmt":"2024-06-08T09:39:04","slug":"conference-politique-sonko-rencontre-ses-jeunes","status":"publish","type":"post","link":"https:\/\/www.nettali.com\/2024\/06\/08\/conference-politique-sonko-rencontre-ses-jeunes\/","title":{"rendered":"CONF\u00c9RENCE POLITIQUE - Sonko rencontre \"ses\" jeunes"},"content":{"rendered":"<p><strong>NETTALI.COM - \u00c0 l\u2019initiative de la Jeunesse Patriotique du S\u00e9n\u00e9gal (JPS), le Pr\u00e9sident du Parti des \"Patriotes Africains du S\u00e9n\u00e9gal pour l\u2019\u00c9thique, le Travail et la Fraternit\u00e9\" (Pastef\/Les Patriotes), Ousmane Sonko, animera une grande conf\u00e9rence politique ouverte \u00e0 toute la jeunesse s\u00e9n\u00e9galaise, ax\u00e9e sur \"Le r\u00f4le de la jeunesse dans le projet de rupture syst\u00e9mique pour un S\u00e9n\u00e9gal prosp\u00e8re\", ce dimanche 9 juin \u00e0 l\u2019esplanade du Grand Th\u00e9\u00e2tre. <\/strong><\/p>\n<p>L'objectif est que les jeunes s'approprient ce projet pour jouer leur r\u00f4le dans la construction nationale. La Jeunesse Patriotique du S\u00e9n\u00e9gal (JPS), organisatrice de cet \u00e9v\u00e9nement, invite tous les jeunes s\u00e9n\u00e9galais \u00e0 participer activement \u00e0 cette conf\u00e9rence politique, anim\u00e9e par le pr\u00e9sident de \"Pastef\/Les Patriotes\", \u00e9galement Premier ministre, Ousmane Sonko. Cette rencontre offre une occasion \u00e0 cette figure politique \u00e9minente, reconnue pour son dynamisme et son engagement envers la jeunesse et les questions sociales, de communier avec les jeunes.<\/p>\n<p>Ax\u00e9e sur le th\u00e8me central du \"R\u00f4le de la jeunesse dans le projet de rupture syst\u00e9mique pour un S\u00e9n\u00e9gal juste et prosp\u00e8re\", cette rencontre sera un moment d'\u00e9changes riches et constructifs sur l'implication et l'engagement des jeunes dans le d\u00e9veloppement et l'avenir du pays. La tribune sera ainsi mise \u00e0 profit par les jeunes pour faire entendre leur voix et partager leurs id\u00e9es, contribuant ainsi \u00e0 la construction d'un avenir meilleur pour le S\u00e9n\u00e9gal.<\/p>\n<p>Pour le coordonnateur int\u00e9rimaire des Jeunes Patriotes, Me Ngagne Demba Tour\u00e9, \"la conf\u00e9rence de ce dimanche est un \u00e9v\u00e9nement politique d\u00e9cisif, repr\u00e9sentant un rendez-vous historique entre le Chef du Gouvernement et la frange majoritaire de la population que constitue la jeunesse\".<\/p>\n<div class='share-to-whatsapp-wrapper'><div class='share-on-whsp'>PARTAGER SUR : <\/div><a data-text='CONF\u00c9RENCE POLITIQUE - Sonko rencontre \"ses\" jeunes' data-link='https:\/\/www.nettali.com\/2024\/06\/08\/conference-politique-sonko-rencontre-ses-jeunes\/' class='whatsapp-button whatsapp-share'>WhatsApp<\/a><div class='clear '><\/div><\/div>","protected":false},"excerpt":{"rendered":"<p>NETTALI.COM - \u00c0 l\u2019initiative de la Jeunesse Patriotique du S\u00e9n\u00e9gal (JPS), le Pr\u00e9sident du Parti des \"Patriotes Africains du S\u00e9n\u00e9gal pour l\u2019\u00c9thique, le Travail et la Fraternit\u00e9\" (Pastef\/Les Patriotes), Ousmane Sonko, animera une grande conf\u00e9rence politique ouverte \u00e0 toute la jeunesse s\u00e9n\u00e9galaise, ax\u00e9e sur \"Le r\u00f4le de la jeunesse dans le projet de rupture syst\u00e9mique [&hellip;]<\/p>\n","protected":false},"author":4,"featured_media":133493,"comment_status":"open","ping_status":"open","sticky":false,"template":"","format":"standard","meta":{"_et_pb_use_builder":"","_et_pb_old_content":""},"categories":[2],"tags":[],"yoast_head":"<!-- This site is optimized with the Yoast SEO Premium plugin v17.8 (Yoast SEO v17.8) - https:\/\/yoast.com\/wordpress\/plugins\/seo\/ -->\n<title>CONF\u00c9RENCE POLITIQUE - Sonko rencontre &quot;ses&quot; jeunes | Nettali.com<\/title>\n<meta name=\"robots\" content=\"index, follow, max-snippet:-1, max-image-preview:large, max-video-preview:-1\" \/>\n<link rel=\"canonical\" href=\"https:\/\/www.nettali.com\/2024\/06\/08\/conference-politique-sonko-rencontre-ses-jeunes\/\" \/>\n<meta property=\"og:locale\" content=\"fr_FR\" \/>\n<meta property=\"og:type\" content=\"article\" \/>\n<meta property=\"og:title\" content=\"CONF\u00c9RENCE POLITIQUE - Sonko rencontre &quot;ses&quot; jeunes\" \/>\n<meta property=\"og:description\" content=\"NETTALI.COM - \u00c0 l\u2019initiative de la Jeunesse Patriotique du S\u00e9n\u00e9gal (JPS), le Pr\u00e9sident du Parti des &quot;Patriotes Africains du S\u00e9n\u00e9gal pour l\u2019\u00c9thique, le Travail et la Fraternit\u00e9&quot; (Pastef\/Les Patriotes), Ousmane Sonko, animera une grande conf\u00e9rence politique ouverte \u00e0 toute la jeunesse s\u00e9n\u00e9galaise, ax\u00e9e sur &quot;Le r\u00f4le de la jeunesse dans le projet de rupture syst\u00e9mique [&hellip;]\" \/>\n<meta property=\"og:url\" content=\"https:\/\/www.nettali.com\/2024\/06\/08\/conference-politique-sonko-rencontre-ses-jeunes\/\" \/>\n<meta property=\"og:site_name\" content=\"Nettali.com\" \/>\n<meta property=\"article:publisher\" content=\"https:\/\/www.facebook.com\/nettalicom\" \/>\n<meta property=\"article:published_time\" content=\"2024-06-08T09:39:04+00:00\" \/>\n<meta property=\"og:image\" content=\"https:\/\/www.nettali.com\/wp-content\/uploads\/2024\/05\/Sonko.png\" \/>\n\t<meta property=\"og:image:width\" content=\"1600\" \/>\n\t<meta property=\"og:image:height\" content=\"836\" \/>\n<meta name=\"twitter:card\" content=\"summary_large_image\" \/>\n<meta name=\"twitter:label1\" content=\"\u00c9crit par\" \/>\n\t<meta name=\"twitter:data1\" content=\"Daouda\" \/>\n\t<meta name=\"twitter:label2\" content=\"Dur\u00e9e de lecture estim\u00e9e\" \/>\n\t<meta name=\"twitter:data2\" content=\"2 minutes\" \/>\n<script type=\"application\/ld+json\" class=\"yoast-schema-graph\">{\"@context\":\"https:\/\/schema.org\",\"@graph\":[{\"@type\":\"WebSite\",\"@id\":\"https:\/\/www.nettali.com\/#website\",\"url\":\"https:\/\/www.nettali.com\/\",\"name\":\"Nettali.com\",\"description\":\"Le rendez-vous critique du Net\",\"potentialAction\":[{\"@type\":\"SearchAction\",\"target\":{\"@type\":\"EntryPoint\",\"urlTemplate\":\"https:\/\/www.nettali.com\/?s={search_term_string}\"},\"query-input\":\"required name=search_term_string\"}],\"inLanguage\":\"fr-FR\"},{\"@type\":\"ImageObject\",\"@id\":\"https:\/\/www.nettali.com\/2024\/06\/08\/conference-politique-sonko-rencontre-ses-jeunes\/#primaryimage\",\"inLanguage\":\"fr-FR\",\"url\":\"https:\/\/www.nettali.com\/wp-content\/uploads\/2024\/05\/Sonko.png\",\"contentUrl\":\"https:\/\/www.nettali.com\/wp-content\/uploads\/2024\/05\/Sonko.png\",\"width\":1600,\"height\":836},{\"@type\":\"WebPage\",\"@id\":\"https:\/\/www.nettali.com\/2024\/06\/08\/conference-politique-sonko-rencontre-ses-jeunes\/#webpage\",\"url\":\"https:\/\/www.nettali.com\/2024\/06\/08\/conference-politique-sonko-rencontre-ses-jeunes\/\",\"name\":\"CONF\\u00c9RENCE POLITIQUE - Sonko rencontre \\\"ses\\\" jeunes | Nettali.com\",\"isPartOf\":{\"@id\":\"https:\/\/www.nettali.com\/#website\"},\"primaryImageOfPage\":{\"@id\":\"https:\/\/www.nettali.com\/2024\/06\/08\/conference-politique-sonko-rencontre-ses-jeunes\/#primaryimage\"},\"datePublished\":\"2024-06-08T09:39:04+00:00\",\"dateModified\":\"2024-06-08T09:39:04+00:00\",\"author\":{\"@id\":\"https:\/\/www.nettali.com\/#\/schema\/person\/3317e0bb3aa1da309fbf7b2780901bf4\"},\"breadcrumb\":{\"@id\":\"https:\/\/www.nettali.com\/2024\/06\/08\/conference-politique-sonko-rencontre-ses-jeunes\/#breadcrumb\"},\"inLanguage\":\"fr-FR\",\"potentialAction\":[{\"@type\":\"ReadAction\",\"target\":[\"https:\/\/www.nettali.com\/2024\/06\/08\/conference-politique-sonko-rencontre-ses-jeunes\/\"]}]},{\"@type\":\"BreadcrumbList\",\"@id\":\"https:\/\/www.nettali.com\/2024\/06\/08\/conference-politique-sonko-rencontre-ses-jeunes\/#breadcrumb\",\"itemListElement\":[{\"@type\":\"ListItem\",\"position\":1,\"name\":\"Accueil\",\"item\":\"https:\/\/www.nettali.com\/\"},{\"@type\":\"ListItem\",\"position\":2,\"name\":\"CONF\\u00c9RENCE POLITIQUE - Sonko rencontre \\\"ses\\\" jeunes\"}]},{\"@type\":\"Person\",\"@id\":\"https:\/\/www.nettali.com\/#\/schema\/person\/3317e0bb3aa1da309fbf7b2780901bf4\",\"name\":\"Daouda\",\"image\":{\"@type\":\"ImageObject\",\"@id\":\"https:\/\/www.nettali.com\/#personlogo\",\"inLanguage\":\"fr-FR\",\"url\":\"https:\/\/secure.gravatar.com\/avatar\/8d143b5a49345098ddcfee1c49c2f47c?s=96&d=mm&r=g\",\"contentUrl\":\"https:\/\/secure.gravatar.com\/avatar\/8d143b5a49345098ddcfee1c49c2f47c?s=96&d=mm&r=g\",\"caption\":\"Daouda\"},\"sameAs\":[\"https:\/\/www.nettali.com\"]}]}<\/script>\n<!-- \/ Yoast SEO Premium plugin. -->","yoast_head_json":{"title":"CONF\u00c9RENCE POLITIQUE - Sonko rencontre \"ses\" jeunes | Nettali.com","robots":{"index":"index","follow":"follow","max-snippet":"max-snippet:-1","max-image-preview":"max-image-preview:large","max-video-preview":"max-video-preview:-1"},"canonical":"https:\/\/www.nettali.com\/2024\/06\/08\/conference-politique-sonko-rencontre-ses-jeunes\/","og_locale":"fr_FR","og_type":"article","og_title":"CONF\u00c9RENCE POLITIQUE - Sonko rencontre \"ses\" jeunes","og_description":"NETTALI.COM - \u00c0 l\u2019initiative de la Jeunesse Patriotique du S\u00e9n\u00e9gal (JPS), le Pr\u00e9sident du Parti des \"Patriotes Africains du S\u00e9n\u00e9gal pour l\u2019\u00c9thique, le Travail et la Fraternit\u00e9\" (Pastef\/Les Patriotes), Ousmane Sonko, animera une grande conf\u00e9rence politique ouverte \u00e0 toute la jeunesse s\u00e9n\u00e9galaise, ax\u00e9e sur \"Le r\u00f4le de la jeunesse dans le projet de rupture syst\u00e9mique [&hellip;]","og_url":"https:\/\/www.nettali.com\/2024\/06\/08\/conference-politique-sonko-rencontre-ses-jeunes\/","og_site_name":"Nettali.com","article_publisher":"https:\/\/www.facebook.com\/nettalicom","article_published_time":"2024-06-08T09:39:04+00:00","og_image":[{"width":1600,"height":836,"url":"https:\/\/www.nettali.com\/wp-content\/uploads\/2024\/05\/Sonko.png","type":"image\/png"}],"twitter_card":"summary_large_image","twitter_misc":{"\u00c9crit par":"Daouda","Dur\u00e9e de lecture estim\u00e9e":"2 minutes"},"schema":{"@context":"https:\/\/schema.org","@graph":[{"@type":"WebSite","@id":"https:\/\/www.nettali.com\/#website","url":"https:\/\/www.nettali.com\/","name":"Nettali.com","description":"Le rendez-vous critique du Net","potentialAction":[{"@type":"SearchAction","target":{"@type":"EntryPoint","urlTemplate":"https:\/\/www.nettali.com\/?s={search_term_string}"},"query-input":"required name=search_term_string"}],"inLanguage":"fr-FR"},{"@type":"ImageObject","@id":"https:\/\/www.nettali.com\/2024\/06\/08\/conference-politique-sonko-rencontre-ses-jeunes\/#primaryimage","inLanguage":"fr-FR","url":"https:\/\/www.nettali.com\/wp-content\/uploads\/2024\/05\/Sonko.png","contentUrl":"https:\/\/www.nettali.com\/wp-content\/uploads\/2024\/05\/Sonko.png","width":1600,"height":836},{"@type":"WebPage","@id":"https:\/\/www.nettali.com\/2024\/06\/08\/conference-politique-sonko-rencontre-ses-jeunes\/#webpage","url":"https:\/\/www.nettali.com\/2024\/06\/08\/conference-politique-sonko-rencontre-ses-jeunes\/","name":"CONF\u00c9RENCE POLITIQUE - Sonko rencontre \"ses\" jeunes | Nettali.com","isPartOf":{"@id":"https:\/\/www.nettali.com\/#website"},"primaryImageOfPage":{"@id":"https:\/\/www.nettali.com\/2024\/06\/08\/conference-politique-sonko-rencontre-ses-jeunes\/#primaryimage"},"datePublished":"2024-06-08T09:39:04+00:00","dateModified":"2024-06-08T09:39:04+00:00","author":{"@id":"https:\/\/www.nettali.com\/#\/schema\/person\/3317e0bb3aa1da309fbf7b2780901bf4"},"breadcrumb":{"@id":"https:\/\/www.nettali.com\/2024\/06\/08\/conference-politique-sonko-rencontre-ses-jeunes\/#breadcrumb"},"inLanguage":"fr-FR","potentialAction":[{"@type":"ReadAction","target":["https:\/\/www.nettali.com\/2024\/06\/08\/conference-politique-sonko-rencontre-ses-jeunes\/"]}]},{"@type":"BreadcrumbList","@id":"https:\/\/www.nettali.com\/2024\/06\/08\/conference-politique-sonko-rencontre-ses-jeunes\/#breadcrumb","itemListElement":[{"@type":"ListItem","position":1,"name":"Accueil","item":"https:\/\/www.nettali.com\/"},{"@type":"ListItem","position":2,"name":"CONF\u00c9RENCE POLITIQUE - Sonko rencontre \"ses\" jeunes"}]},{"@type":"Person","@id":"https:\/\/www.nettali.com\/#\/schema\/person\/3317e0bb3aa1da309fbf7b2780901bf4","name":"Daouda","image":{"@type":"ImageObject","@id":"https:\/\/www.nettali.com\/#personlogo","inLanguage":"fr-FR","url":"https:\/\/secure.gravatar.com\/avatar\/8d143b5a49345098ddcfee1c49c2f47c?s=96&d=mm&r=g","contentUrl":"https:\/\/secure.gravatar.com\/avatar\/8d143b5a49345098ddcfee1c49c2f47c?s=96&d=mm&r=g","caption":"Daouda"},"sameAs":["https:\/\/www.nettali.com"]}]}},"_links":{"self":[{"href":"https:\/\/www.nettali.com\/rest\/wp\/v2\/posts\/134824"}],"collection":[{"href":"https:\/\/www.nettali.com\/rest\/wp\/v2\/posts"}],"about":[{"href":"https:\/\/www.nettali.com\/rest\/wp\/v2\/types\/post"}],"author":[{"embeddable":true,"href":"https:\/\/www.nettali.com\/rest\/wp\/v2\/users\/4"}],"replies":[{"embeddable":true,"href":"https:\/\/www.nettali.com\/rest\/wp\/v2\/comments?post=134824"}],"version-history":[{"count":1,"href":"https:\/\/www.nettali.com\/rest\/wp\/v2\/posts\/134824\/revisions"}],"predecessor-version":[{"id":134825,"href":"https:\/\/www.nettali.com\/rest\/wp\/v2\/posts\/134824\/revisions\/134825"}],"wp:featuredmedia":[{"embeddable":true,"href":"https:\/\/www.nettali.com\/rest\/wp\/v2\/media\/133493"}],"wp:attachment":[{"href":"https:\/\/www.nettali.com\/rest\/wp\/v2\/media?parent=134824"}],"wp:term":[{"taxonomy":"category","embeddable":true,"href":"https:\/\/www.nettali.com\/rest\/wp\/v2\/categories?post=134824"},{"taxonomy":"post_tag","embeddable":true,"href":"https:\/\/www.nettali.com\/rest\/wp\/v2\/tags?post=134824"}],"curies":[{"name":"wp","href":"https:\/\/api.w.org\/{rel}","templated":true}]}}