{"id":134785,"date":"2024-06-07T13:26:29","date_gmt":"2024-06-07T13:26:29","guid":{"rendered":"https:\/\/www.nettali.com\/?p=134785"},"modified":"2024-06-07T11:29:57","modified_gmt":"2024-06-07T11:29:57","slug":"liberte-de-la-presse-le-senegal-continue-sa-descente","status":"publish","type":"post","link":"https:\/\/www.nettali.com\/2024\/06\/07\/liberte-de-la-presse-le-senegal-continue-sa-descente\/","title":{"rendered":"LIBERT\u00c9 DE LA PRESSE - Le S\u00e9n\u00e9gal continue sa descente...\u00a0"},"content":{"rendered":"<div class=\"xdj266r x11i5rnm xat24cr x1mh8g0r x1vvkbs x126k92a\">\n<div dir=\"auto\"><strong>NETTALI.COM - La libert\u00e9 de la Presse au S\u00e9n\u00e9gal pr\u00e9occupe \u2018\u2019Reporters sans fronti\u00e8res\u2019\u2019. En effet, notre pays a pass\u00e9, lors des trois derni\u00e8res ann\u00e9es de la 49\u00e8me \u00e0 la 94\u00e8me place au classement mondial de la libert\u00e9 de la Presse. Le tableau issu du monitoring entre 2021 et 2023 est d\u00e9crit comme sombre ; \u00ab une soixantaine de violation du droit des journalistes, une quinzaine d\u2019interpellations, dont certains ont \u00e9cop\u00e9 jusqu\u2019\u00e0 trois mois d\u2019emprisonnement \u00bb, a not\u00e9 le rapport.<\/strong><\/div>\n<div dir=\"auto\"><\/div>\n<\/div>\n<div class=\"x11i5rnm xat24cr x1mh8g0r x1vvkbs xtlvy1s x126k92a\">\n<div dir=\"auto\">Lors de la publication de ce rapport de Reporters sans fronti\u00e8res ce jeudi et intitul\u00e9 : \u00ab le journalisme s\u00e9n\u00e9galais \u00e0 la crois\u00e9e des chemins \u00bb, la directrice \u00e9ditoriale de <span class=\"html-span xdj266r x11i5rnm xat24cr x1mh8g0r xexx8yu x4uap5 x18d9i69 xkhd6sd x1hl2dhg x16tdsg8 x1vvkbs\"><span class=\"xt0psk2\">Reporters sans fronti\u00e8res<\/span><\/span> a confi\u00e9 que <em>\u00ab les nouvelles autorit\u00e9s qui sont l\u00e0 depuis quelques semaines ont fait des promesses sur la question de la libert\u00e9 de la Presse ; que soit sur les peines privatives de libert\u00e9, sur la protection des journalistes, sur la garantie d\u2019une presse diversifi\u00e9e et libre dans le pays\u2026<\/em> \u00bb<\/div>\n<div dir=\"auto\">Pour Anne Bocand\u00e9, il n\u2019y a pas de garantie r\u00e9elle pour que la situation v\u00e9cue par les professionnels de l\u2019information lors des derni\u00e8res ann\u00e9es <em>\u00ab ne se reproduise pas \u00bb<\/em>.<\/div>\n<div dir=\"auto\">\u00c0 cet effet, le rapport propose un sch\u00e9ma de protection des journalistes quand ces derniers couvrent des \u00e9v\u00e9nements sur le terrain tels que les manifestations. La question aussi du cyber harc\u00e8lement, de la suppression des peines privatives de libert\u00e9 pour les d\u00e9lits de presse est une pr\u00e9occupation not\u00e9e dans le rapport.<\/div>\n<\/div>\n<div class='share-to-whatsapp-wrapper'><div class='share-on-whsp'>PARTAGER SUR : <\/div><a data-text='LIBERT\u00c9 DE LA PRESSE - Le S\u00e9n\u00e9gal continue sa descente...\u00a0' data-link='https:\/\/www.nettali.com\/2024\/06\/07\/liberte-de-la-presse-le-senegal-continue-sa-descente\/' class='whatsapp-button whatsapp-share'>WhatsApp<\/a><div class='clear '><\/div><\/div>","protected":false},"excerpt":{"rendered":"<p>NETTALI.COM - La libert\u00e9 de la Presse au S\u00e9n\u00e9gal pr\u00e9occupe \u2018\u2019Reporters sans fronti\u00e8res\u2019\u2019. En effet, notre pays a pass\u00e9, lors des trois derni\u00e8res ann\u00e9es de la 49\u00e8me \u00e0 la 94\u00e8me place au classement mondial de la libert\u00e9 de la Presse. Le tableau issu du monitoring entre 2021 et 2023 est d\u00e9crit comme sombre ; \u00ab [&hellip;]<\/p>\n","protected":false},"author":4,"featured_media":127297,"comment_status":"open","ping_status":"open","sticky":false,"template":"","format":"standard","meta":{"_et_pb_use_builder":"","_et_pb_old_content":""},"categories":[3],"tags":[],"yoast_head":"<!-- This site is optimized with the Yoast SEO Premium plugin v17.8 (Yoast SEO v17.8) - https:\/\/yoast.com\/wordpress\/plugins\/seo\/ -->\n<title>LIBERT\u00c9 DE LA PRESSE - Le S\u00e9n\u00e9gal continue sa descente...\u00a0 | Nettali.com<\/title>\n<meta name=\"robots\" content=\"index, follow, max-snippet:-1, max-image-preview:large, max-video-preview:-1\" \/>\n<link rel=\"canonical\" href=\"https:\/\/www.nettali.com\/2024\/06\/07\/liberte-de-la-presse-le-senegal-continue-sa-descente\/\" \/>\n<meta property=\"og:locale\" content=\"fr_FR\" \/>\n<meta property=\"og:type\" content=\"article\" \/>\n<meta property=\"og:title\" content=\"LIBERT\u00c9 DE LA PRESSE - Le S\u00e9n\u00e9gal continue sa descente...\u00a0\" \/>\n<meta property=\"og:description\" content=\"NETTALI.COM - La libert\u00e9 de la Presse au S\u00e9n\u00e9gal pr\u00e9occupe \u2018\u2019Reporters sans fronti\u00e8res\u2019\u2019. En effet, notre pays a pass\u00e9, lors des trois derni\u00e8res ann\u00e9es de la 49\u00e8me \u00e0 la 94\u00e8me place au classement mondial de la libert\u00e9 de la Presse. Le tableau issu du monitoring entre 2021 et 2023 est d\u00e9crit comme sombre ; \u00ab [&hellip;]\" \/>\n<meta property=\"og:url\" content=\"https:\/\/www.nettali.com\/2024\/06\/07\/liberte-de-la-presse-le-senegal-continue-sa-descente\/\" \/>\n<meta property=\"og:site_name\" content=\"Nettali.com\" \/>\n<meta property=\"article:publisher\" content=\"https:\/\/www.facebook.com\/nettalicom\" \/>\n<meta property=\"article:published_time\" content=\"2024-06-07T13:26:29+00:00\" \/>\n<meta property=\"article:modified_time\" content=\"2024-06-07T11:29:57+00:00\" \/>\n<meta property=\"og:image\" content=\"https:\/\/www.nettali.com\/wp-content\/uploads\/2024\/02\/presse.jpg\" \/>\n\t<meta property=\"og:image:width\" content=\"720\" \/>\n\t<meta property=\"og:image:height\" content=\"481\" \/>\n<meta name=\"twitter:card\" content=\"summary_large_image\" \/>\n<meta name=\"twitter:label1\" content=\"\u00c9crit par\" \/>\n\t<meta name=\"twitter:data1\" content=\"Daouda\" \/>\n\t<meta name=\"twitter:label2\" content=\"Dur\u00e9e de lecture estim\u00e9e\" \/>\n\t<meta name=\"twitter:data2\" content=\"2 minutes\" \/>\n<script type=\"application\/ld+json\" class=\"yoast-schema-graph\">{\"@context\":\"https:\/\/schema.org\",\"@graph\":[{\"@type\":\"WebSite\",\"@id\":\"https:\/\/www.nettali.com\/#website\",\"url\":\"https:\/\/www.nettali.com\/\",\"name\":\"Nettali.com\",\"description\":\"Le rendez-vous critique du Net\",\"potentialAction\":[{\"@type\":\"SearchAction\",\"target\":{\"@type\":\"EntryPoint\",\"urlTemplate\":\"https:\/\/www.nettali.com\/?s={search_term_string}\"},\"query-input\":\"required name=search_term_string\"}],\"inLanguage\":\"fr-FR\"},{\"@type\":\"ImageObject\",\"@id\":\"https:\/\/www.nettali.com\/2024\/06\/07\/liberte-de-la-presse-le-senegal-continue-sa-descente\/#primaryimage\",\"inLanguage\":\"fr-FR\",\"url\":\"https:\/\/www.nettali.com\/wp-content\/uploads\/2024\/02\/presse.jpg\",\"contentUrl\":\"https:\/\/www.nettali.com\/wp-content\/uploads\/2024\/02\/presse.jpg\",\"width\":720,\"height\":481},{\"@type\":\"WebPage\",\"@id\":\"https:\/\/www.nettali.com\/2024\/06\/07\/liberte-de-la-presse-le-senegal-continue-sa-descente\/#webpage\",\"url\":\"https:\/\/www.nettali.com\/2024\/06\/07\/liberte-de-la-presse-le-senegal-continue-sa-descente\/\",\"name\":\"LIBERT\\u00c9 DE LA PRESSE - Le S\\u00e9n\\u00e9gal continue sa descente...\\u00a0 | Nettali.com\",\"isPartOf\":{\"@id\":\"https:\/\/www.nettali.com\/#website\"},\"primaryImageOfPage\":{\"@id\":\"https:\/\/www.nettali.com\/2024\/06\/07\/liberte-de-la-presse-le-senegal-continue-sa-descente\/#primaryimage\"},\"datePublished\":\"2024-06-07T13:26:29+00:00\",\"dateModified\":\"2024-06-07T11:29:57+00:00\",\"author\":{\"@id\":\"https:\/\/www.nettali.com\/#\/schema\/person\/3317e0bb3aa1da309fbf7b2780901bf4\"},\"breadcrumb\":{\"@id\":\"https:\/\/www.nettali.com\/2024\/06\/07\/liberte-de-la-presse-le-senegal-continue-sa-descente\/#breadcrumb\"},\"inLanguage\":\"fr-FR\",\"potentialAction\":[{\"@type\":\"ReadAction\",\"target\":[\"https:\/\/www.nettali.com\/2024\/06\/07\/liberte-de-la-presse-le-senegal-continue-sa-descente\/\"]}]},{\"@type\":\"BreadcrumbList\",\"@id\":\"https:\/\/www.nettali.com\/2024\/06\/07\/liberte-de-la-presse-le-senegal-continue-sa-descente\/#breadcrumb\",\"itemListElement\":[{\"@type\":\"ListItem\",\"position\":1,\"name\":\"Accueil\",\"item\":\"https:\/\/www.nettali.com\/\"},{\"@type\":\"ListItem\",\"position\":2,\"name\":\"LIBERT\\u00c9 DE LA PRESSE - Le S\\u00e9n\\u00e9gal continue sa descente...\\u00a0\"}]},{\"@type\":\"Person\",\"@id\":\"https:\/\/www.nettali.com\/#\/schema\/person\/3317e0bb3aa1da309fbf7b2780901bf4\",\"name\":\"Daouda\",\"image\":{\"@type\":\"ImageObject\",\"@id\":\"https:\/\/www.nettali.com\/#personlogo\",\"inLanguage\":\"fr-FR\",\"url\":\"https:\/\/secure.gravatar.com\/avatar\/8d143b5a49345098ddcfee1c49c2f47c?s=96&d=mm&r=g\",\"contentUrl\":\"https:\/\/secure.gravatar.com\/avatar\/8d143b5a49345098ddcfee1c49c2f47c?s=96&d=mm&r=g\",\"caption\":\"Daouda\"},\"sameAs\":[\"https:\/\/www.nettali.com\"]}]}<\/script>\n<!-- \/ Yoast SEO Premium plugin. -->","yoast_head_json":{"title":"LIBERT\u00c9 DE LA PRESSE - Le S\u00e9n\u00e9gal continue sa descente...\u00a0 | Nettali.com","robots":{"index":"index","follow":"follow","max-snippet":"max-snippet:-1","max-image-preview":"max-image-preview:large","max-video-preview":"max-video-preview:-1"},"canonical":"https:\/\/www.nettali.com\/2024\/06\/07\/liberte-de-la-presse-le-senegal-continue-sa-descente\/","og_locale":"fr_FR","og_type":"article","og_title":"LIBERT\u00c9 DE LA PRESSE - Le S\u00e9n\u00e9gal continue sa descente...\u00a0","og_description":"NETTALI.COM - La libert\u00e9 de la Presse au S\u00e9n\u00e9gal pr\u00e9occupe \u2018\u2019Reporters sans fronti\u00e8res\u2019\u2019. En effet, notre pays a pass\u00e9, lors des trois derni\u00e8res ann\u00e9es de la 49\u00e8me \u00e0 la 94\u00e8me place au classement mondial de la libert\u00e9 de la Presse. Le tableau issu du monitoring entre 2021 et 2023 est d\u00e9crit comme sombre ; \u00ab [&hellip;]","og_url":"https:\/\/www.nettali.com\/2024\/06\/07\/liberte-de-la-presse-le-senegal-continue-sa-descente\/","og_site_name":"Nettali.com","article_publisher":"https:\/\/www.facebook.com\/nettalicom","article_published_time":"2024-06-07T13:26:29+00:00","article_modified_time":"2024-06-07T11:29:57+00:00","og_image":[{"width":720,"height":481,"url":"https:\/\/www.nettali.com\/wp-content\/uploads\/2024\/02\/presse.jpg","type":"image\/jpeg"}],"twitter_card":"summary_large_image","twitter_misc":{"\u00c9crit par":"Daouda","Dur\u00e9e de lecture estim\u00e9e":"2 minutes"},"schema":{"@context":"https:\/\/schema.org","@graph":[{"@type":"WebSite","@id":"https:\/\/www.nettali.com\/#website","url":"https:\/\/www.nettali.com\/","name":"Nettali.com","description":"Le rendez-vous critique du Net","potentialAction":[{"@type":"SearchAction","target":{"@type":"EntryPoint","urlTemplate":"https:\/\/www.nettali.com\/?s={search_term_string}"},"query-input":"required name=search_term_string"}],"inLanguage":"fr-FR"},{"@type":"ImageObject","@id":"https:\/\/www.nettali.com\/2024\/06\/07\/liberte-de-la-presse-le-senegal-continue-sa-descente\/#primaryimage","inLanguage":"fr-FR","url":"https:\/\/www.nettali.com\/wp-content\/uploads\/2024\/02\/presse.jpg","contentUrl":"https:\/\/www.nettali.com\/wp-content\/uploads\/2024\/02\/presse.jpg","width":720,"height":481},{"@type":"WebPage","@id":"https:\/\/www.nettali.com\/2024\/06\/07\/liberte-de-la-presse-le-senegal-continue-sa-descente\/#webpage","url":"https:\/\/www.nettali.com\/2024\/06\/07\/liberte-de-la-presse-le-senegal-continue-sa-descente\/","name":"LIBERT\u00c9 DE LA PRESSE - Le S\u00e9n\u00e9gal continue sa descente...\u00a0 | Nettali.com","isPartOf":{"@id":"https:\/\/www.nettali.com\/#website"},"primaryImageOfPage":{"@id":"https:\/\/www.nettali.com\/2024\/06\/07\/liberte-de-la-presse-le-senegal-continue-sa-descente\/#primaryimage"},"datePublished":"2024-06-07T13:26:29+00:00","dateModified":"2024-06-07T11:29:57+00:00","author":{"@id":"https:\/\/www.nettali.com\/#\/schema\/person\/3317e0bb3aa1da309fbf7b2780901bf4"},"breadcrumb":{"@id":"https:\/\/www.nettali.com\/2024\/06\/07\/liberte-de-la-presse-le-senegal-continue-sa-descente\/#breadcrumb"},"inLanguage":"fr-FR","potentialAction":[{"@type":"ReadAction","target":["https:\/\/www.nettali.com\/2024\/06\/07\/liberte-de-la-presse-le-senegal-continue-sa-descente\/"]}]},{"@type":"BreadcrumbList","@id":"https:\/\/www.nettali.com\/2024\/06\/07\/liberte-de-la-presse-le-senegal-continue-sa-descente\/#breadcrumb","itemListElement":[{"@type":"ListItem","position":1,"name":"Accueil","item":"https:\/\/www.nettali.com\/"},{"@type":"ListItem","position":2,"name":"LIBERT\u00c9 DE LA PRESSE - Le S\u00e9n\u00e9gal continue sa descente...\u00a0"}]},{"@type":"Person","@id":"https:\/\/www.nettali.com\/#\/schema\/person\/3317e0bb3aa1da309fbf7b2780901bf4","name":"Daouda","image":{"@type":"ImageObject","@id":"https:\/\/www.nettali.com\/#personlogo","inLanguage":"fr-FR","url":"https:\/\/secure.gravatar.com\/avatar\/8d143b5a49345098ddcfee1c49c2f47c?s=96&d=mm&r=g","contentUrl":"https:\/\/secure.gravatar.com\/avatar\/8d143b5a49345098ddcfee1c49c2f47c?s=96&d=mm&r=g","caption":"Daouda"},"sameAs":["https:\/\/www.nettali.com"]}]}},"_links":{"self":[{"href":"https:\/\/www.nettali.com\/rest\/wp\/v2\/posts\/134785"}],"collection":[{"href":"https:\/\/www.nettali.com\/rest\/wp\/v2\/posts"}],"about":[{"href":"https:\/\/www.nettali.com\/rest\/wp\/v2\/types\/post"}],"author":[{"embeddable":true,"href":"https:\/\/www.nettali.com\/rest\/wp\/v2\/users\/4"}],"replies":[{"embeddable":true,"href":"https:\/\/www.nettali.com\/rest\/wp\/v2\/comments?post=134785"}],"version-history":[{"count":1,"href":"https:\/\/www.nettali.com\/rest\/wp\/v2\/posts\/134785\/revisions"}],"predecessor-version":[{"id":134786,"href":"https:\/\/www.nettali.com\/rest\/wp\/v2\/posts\/134785\/revisions\/134786"}],"wp:featuredmedia":[{"embeddable":true,"href":"https:\/\/www.nettali.com\/rest\/wp\/v2\/media\/127297"}],"wp:attachment":[{"href":"https:\/\/www.nettali.com\/rest\/wp\/v2\/media?parent=134785"}],"wp:term":[{"taxonomy":"category","embeddable":true,"href":"https:\/\/www.nettali.com\/rest\/wp\/v2\/categories?post=134785"},{"taxonomy":"post_tag","embeddable":true,"href":"https:\/\/www.nettali.com\/rest\/wp\/v2\/tags?post=134785"}],"curies":[{"name":"wp","href":"https:\/\/api.w.org\/{rel}","templated":true}]}}