{"id":134595,"date":"2024-06-05T00:43:26","date_gmt":"2024-06-05T00:43:26","guid":{"rendered":"https:\/\/www.nettali.com\/?p=134595"},"modified":"2024-06-05T00:43:26","modified_gmt":"2024-06-05T00:43:26","slug":"dakar-dem-dikk-le-nouveau-dg-tape-du-poing-sur-la-table","status":"publish","type":"post","link":"https:\/\/www.nettali.com\/2024\/06\/05\/dakar-dem-dikk-le-nouveau-dg-tape-du-poing-sur-la-table\/","title":{"rendered":"DAKAR DEM DIKK - Le nouveau DG tape du poing sur la table"},"content":{"rendered":"<p><strong>NETTALI.COM - Le nouveau Directeur g\u00e9n\u00e9ral de Dakar Dem Dikk ne badine pas avec les heures de travail.\u00a0 Alassane Mbengue a tenu \u00e0 le rappeler dans une notre de service destin\u00e9e \u00e0 ses collaborateurs.\u00a0<\/strong><\/p>\n<p>A quelques jours dans ses nouvelles fonctions. Et Alassane Mbengue fait d\u00e9j\u00e0 un contstat. \"<em>Il m'a \u00e9t\u00e9 donn\u00e9 de constater que certains collaborateurs viennent au bureau au-del\u00e0 de 8 heures<\/em>\", \u00e9crit le nouveau Directeur g\u00e9n\u00e9ral de Dakar Dem Dikk dans une note de service dont nous avons pu avoir copie. A cet effet, Alassane Mbengue rappelle que les heures de travail \u00e0 Dakar Dem Dikk sont fix\u00e9es comme suit: Du lundi au vendredi, le personnel administratif doit \u00eatre au travail de 8 heures \u00e0 17 heures avec une pause d'une heure \u00e0 partir de 13 heures. Et pour le personnel de la Direction technique, le travail commence, du lundi au jeudi, \u00e0 8 heures pour se terminer \u00e0 17 heures, avec une pause entre 13 et 14 heures. Alors que les vendredi et samedi, c'est de 8 heures \u00e0 12 heures toujours pour le personnel technique.<\/p>\n<p>En outre, Alassane Mbengue a tenu \u00e0 rappeler qu'il attend des directeurs et des responsables des structures, une \"<em>ex\u00e9cution stricte<\/em>\" de sa note de service.<\/p>\n<div class='share-to-whatsapp-wrapper'><div class='share-on-whsp'>PARTAGER SUR : <\/div><a data-text='DAKAR DEM DIKK - Le nouveau DG tape du poing sur la table' data-link='https:\/\/www.nettali.com\/2024\/06\/05\/dakar-dem-dikk-le-nouveau-dg-tape-du-poing-sur-la-table\/' class='whatsapp-button whatsapp-share'>WhatsApp<\/a><div class='clear '><\/div><\/div>","protected":false},"excerpt":{"rendered":"<p>NETTALI.COM - Le nouveau Directeur g\u00e9n\u00e9ral de Dakar Dem Dikk ne badine pas avec les heures de travail.\u00a0 Alassane Mbengue a tenu \u00e0 le rappeler dans une notre de service destin\u00e9e \u00e0 ses collaborateurs.\u00a0 A quelques jours dans ses nouvelles fonctions. Et Alassane Mbengue fait d\u00e9j\u00e0 un contstat. \"Il m'a \u00e9t\u00e9 donn\u00e9 de constater que [&hellip;]<\/p>\n","protected":false},"author":3,"featured_media":132511,"comment_status":"open","ping_status":"open","sticky":false,"template":"","format":"standard","meta":{"_et_pb_use_builder":"","_et_pb_old_content":""},"categories":[3],"tags":[],"yoast_head":"<!-- This site is optimized with the Yoast SEO Premium plugin v17.8 (Yoast SEO v17.8) - https:\/\/yoast.com\/wordpress\/plugins\/seo\/ -->\n<title>DAKAR DEM DIKK - Le nouveau DG tape du poing sur la table | Nettali.com<\/title>\n<meta name=\"robots\" content=\"index, follow, max-snippet:-1, max-image-preview:large, max-video-preview:-1\" \/>\n<link rel=\"canonical\" href=\"https:\/\/www.nettali.com\/2024\/06\/05\/dakar-dem-dikk-le-nouveau-dg-tape-du-poing-sur-la-table\/\" \/>\n<meta property=\"og:locale\" content=\"fr_FR\" \/>\n<meta property=\"og:type\" content=\"article\" \/>\n<meta property=\"og:title\" content=\"DAKAR DEM DIKK - Le nouveau DG tape du poing sur la table\" \/>\n<meta property=\"og:description\" content=\"NETTALI.COM - Le nouveau Directeur g\u00e9n\u00e9ral de Dakar Dem Dikk ne badine pas avec les heures de travail.\u00a0 Alassane Mbengue a tenu \u00e0 le rappeler dans une notre de service destin\u00e9e \u00e0 ses collaborateurs.\u00a0 A quelques jours dans ses nouvelles fonctions. Et Alassane Mbengue fait d\u00e9j\u00e0 un contstat. &quot;Il m&#039;a \u00e9t\u00e9 donn\u00e9 de constater que [&hellip;]\" \/>\n<meta property=\"og:url\" content=\"https:\/\/www.nettali.com\/2024\/06\/05\/dakar-dem-dikk-le-nouveau-dg-tape-du-poing-sur-la-table\/\" \/>\n<meta property=\"og:site_name\" content=\"Nettali.com\" \/>\n<meta property=\"article:publisher\" content=\"https:\/\/www.facebook.com\/nettalicom\" \/>\n<meta property=\"article:published_time\" content=\"2024-06-05T00:43:26+00:00\" \/>\n<meta property=\"og:image\" content=\"https:\/\/www.nettali.com\/wp-content\/uploads\/2024\/04\/Dakar-Dem-Dikk.jpg\" \/>\n\t<meta property=\"og:image:width\" content=\"512\" \/>\n\t<meta property=\"og:image:height\" content=\"419\" \/>\n<meta name=\"twitter:card\" content=\"summary_large_image\" \/>\n<meta name=\"twitter:label1\" content=\"\u00c9crit par\" \/>\n\t<meta name=\"twitter:data1\" content=\"Moustapha\" \/>\n\t<meta name=\"twitter:label2\" content=\"Dur\u00e9e de lecture estim\u00e9e\" \/>\n\t<meta name=\"twitter:data2\" content=\"2 minutes\" \/>\n<script type=\"application\/ld+json\" class=\"yoast-schema-graph\">{\"@context\":\"https:\/\/schema.org\",\"@graph\":[{\"@type\":\"WebSite\",\"@id\":\"https:\/\/www.nettali.com\/#website\",\"url\":\"https:\/\/www.nettali.com\/\",\"name\":\"Nettali.com\",\"description\":\"Le rendez-vous critique du Net\",\"potentialAction\":[{\"@type\":\"SearchAction\",\"target\":{\"@type\":\"EntryPoint\",\"urlTemplate\":\"https:\/\/www.nettali.com\/?s={search_term_string}\"},\"query-input\":\"required name=search_term_string\"}],\"inLanguage\":\"fr-FR\"},{\"@type\":\"ImageObject\",\"@id\":\"https:\/\/www.nettali.com\/2024\/06\/05\/dakar-dem-dikk-le-nouveau-dg-tape-du-poing-sur-la-table\/#primaryimage\",\"inLanguage\":\"fr-FR\",\"url\":\"https:\/\/www.nettali.com\/wp-content\/uploads\/2024\/04\/Dakar-Dem-Dikk.jpg\",\"contentUrl\":\"https:\/\/www.nettali.com\/wp-content\/uploads\/2024\/04\/Dakar-Dem-Dikk.jpg\",\"width\":512,\"height\":419},{\"@type\":\"WebPage\",\"@id\":\"https:\/\/www.nettali.com\/2024\/06\/05\/dakar-dem-dikk-le-nouveau-dg-tape-du-poing-sur-la-table\/#webpage\",\"url\":\"https:\/\/www.nettali.com\/2024\/06\/05\/dakar-dem-dikk-le-nouveau-dg-tape-du-poing-sur-la-table\/\",\"name\":\"DAKAR DEM DIKK - Le nouveau DG tape du poing sur la table | Nettali.com\",\"isPartOf\":{\"@id\":\"https:\/\/www.nettali.com\/#website\"},\"primaryImageOfPage\":{\"@id\":\"https:\/\/www.nettali.com\/2024\/06\/05\/dakar-dem-dikk-le-nouveau-dg-tape-du-poing-sur-la-table\/#primaryimage\"},\"datePublished\":\"2024-06-05T00:43:26+00:00\",\"dateModified\":\"2024-06-05T00:43:26+00:00\",\"author\":{\"@id\":\"https:\/\/www.nettali.com\/#\/schema\/person\/7962a12a6e0267f88f0ffa544c36469a\"},\"breadcrumb\":{\"@id\":\"https:\/\/www.nettali.com\/2024\/06\/05\/dakar-dem-dikk-le-nouveau-dg-tape-du-poing-sur-la-table\/#breadcrumb\"},\"inLanguage\":\"fr-FR\",\"potentialAction\":[{\"@type\":\"ReadAction\",\"target\":[\"https:\/\/www.nettali.com\/2024\/06\/05\/dakar-dem-dikk-le-nouveau-dg-tape-du-poing-sur-la-table\/\"]}]},{\"@type\":\"BreadcrumbList\",\"@id\":\"https:\/\/www.nettali.com\/2024\/06\/05\/dakar-dem-dikk-le-nouveau-dg-tape-du-poing-sur-la-table\/#breadcrumb\",\"itemListElement\":[{\"@type\":\"ListItem\",\"position\":1,\"name\":\"Accueil\",\"item\":\"https:\/\/www.nettali.com\/\"},{\"@type\":\"ListItem\",\"position\":2,\"name\":\"DAKAR DEM DIKK - Le nouveau DG tape du poing sur la table\"}]},{\"@type\":\"Person\",\"@id\":\"https:\/\/www.nettali.com\/#\/schema\/person\/7962a12a6e0267f88f0ffa544c36469a\",\"name\":\"Moustapha\",\"image\":{\"@type\":\"ImageObject\",\"@id\":\"https:\/\/www.nettali.com\/#personlogo\",\"inLanguage\":\"fr-FR\",\"url\":\"https:\/\/secure.gravatar.com\/avatar\/10fdf6a071cccdcf374e3dbe45159590?s=96&d=mm&r=g\",\"contentUrl\":\"https:\/\/secure.gravatar.com\/avatar\/10fdf6a071cccdcf374e3dbe45159590?s=96&d=mm&r=g\",\"caption\":\"Moustapha\"},\"sameAs\":[\"https:\/\/www.nettali.com\"]}]}<\/script>\n<!-- \/ Yoast SEO Premium plugin. -->","yoast_head_json":{"title":"DAKAR DEM DIKK - Le nouveau DG tape du poing sur la table | Nettali.com","robots":{"index":"index","follow":"follow","max-snippet":"max-snippet:-1","max-image-preview":"max-image-preview:large","max-video-preview":"max-video-preview:-1"},"canonical":"https:\/\/www.nettali.com\/2024\/06\/05\/dakar-dem-dikk-le-nouveau-dg-tape-du-poing-sur-la-table\/","og_locale":"fr_FR","og_type":"article","og_title":"DAKAR DEM DIKK - Le nouveau DG tape du poing sur la table","og_description":"NETTALI.COM - Le nouveau Directeur g\u00e9n\u00e9ral de Dakar Dem Dikk ne badine pas avec les heures de travail.\u00a0 Alassane Mbengue a tenu \u00e0 le rappeler dans une notre de service destin\u00e9e \u00e0 ses collaborateurs.\u00a0 A quelques jours dans ses nouvelles fonctions. Et Alassane Mbengue fait d\u00e9j\u00e0 un contstat. \"Il m'a \u00e9t\u00e9 donn\u00e9 de constater que [&hellip;]","og_url":"https:\/\/www.nettali.com\/2024\/06\/05\/dakar-dem-dikk-le-nouveau-dg-tape-du-poing-sur-la-table\/","og_site_name":"Nettali.com","article_publisher":"https:\/\/www.facebook.com\/nettalicom","article_published_time":"2024-06-05T00:43:26+00:00","og_image":[{"width":512,"height":419,"url":"https:\/\/www.nettali.com\/wp-content\/uploads\/2024\/04\/Dakar-Dem-Dikk.jpg","type":"image\/jpeg"}],"twitter_card":"summary_large_image","twitter_misc":{"\u00c9crit par":"Moustapha","Dur\u00e9e de lecture estim\u00e9e":"2 minutes"},"schema":{"@context":"https:\/\/schema.org","@graph":[{"@type":"WebSite","@id":"https:\/\/www.nettali.com\/#website","url":"https:\/\/www.nettali.com\/","name":"Nettali.com","description":"Le rendez-vous critique du Net","potentialAction":[{"@type":"SearchAction","target":{"@type":"EntryPoint","urlTemplate":"https:\/\/www.nettali.com\/?s={search_term_string}"},"query-input":"required name=search_term_string"}],"inLanguage":"fr-FR"},{"@type":"ImageObject","@id":"https:\/\/www.nettali.com\/2024\/06\/05\/dakar-dem-dikk-le-nouveau-dg-tape-du-poing-sur-la-table\/#primaryimage","inLanguage":"fr-FR","url":"https:\/\/www.nettali.com\/wp-content\/uploads\/2024\/04\/Dakar-Dem-Dikk.jpg","contentUrl":"https:\/\/www.nettali.com\/wp-content\/uploads\/2024\/04\/Dakar-Dem-Dikk.jpg","width":512,"height":419},{"@type":"WebPage","@id":"https:\/\/www.nettali.com\/2024\/06\/05\/dakar-dem-dikk-le-nouveau-dg-tape-du-poing-sur-la-table\/#webpage","url":"https:\/\/www.nettali.com\/2024\/06\/05\/dakar-dem-dikk-le-nouveau-dg-tape-du-poing-sur-la-table\/","name":"DAKAR DEM DIKK - Le nouveau DG tape du poing sur la table | Nettali.com","isPartOf":{"@id":"https:\/\/www.nettali.com\/#website"},"primaryImageOfPage":{"@id":"https:\/\/www.nettali.com\/2024\/06\/05\/dakar-dem-dikk-le-nouveau-dg-tape-du-poing-sur-la-table\/#primaryimage"},"datePublished":"2024-06-05T00:43:26+00:00","dateModified":"2024-06-05T00:43:26+00:00","author":{"@id":"https:\/\/www.nettali.com\/#\/schema\/person\/7962a12a6e0267f88f0ffa544c36469a"},"breadcrumb":{"@id":"https:\/\/www.nettali.com\/2024\/06\/05\/dakar-dem-dikk-le-nouveau-dg-tape-du-poing-sur-la-table\/#breadcrumb"},"inLanguage":"fr-FR","potentialAction":[{"@type":"ReadAction","target":["https:\/\/www.nettali.com\/2024\/06\/05\/dakar-dem-dikk-le-nouveau-dg-tape-du-poing-sur-la-table\/"]}]},{"@type":"BreadcrumbList","@id":"https:\/\/www.nettali.com\/2024\/06\/05\/dakar-dem-dikk-le-nouveau-dg-tape-du-poing-sur-la-table\/#breadcrumb","itemListElement":[{"@type":"ListItem","position":1,"name":"Accueil","item":"https:\/\/www.nettali.com\/"},{"@type":"ListItem","position":2,"name":"DAKAR DEM DIKK - Le nouveau DG tape du poing sur la table"}]},{"@type":"Person","@id":"https:\/\/www.nettali.com\/#\/schema\/person\/7962a12a6e0267f88f0ffa544c36469a","name":"Moustapha","image":{"@type":"ImageObject","@id":"https:\/\/www.nettali.com\/#personlogo","inLanguage":"fr-FR","url":"https:\/\/secure.gravatar.com\/avatar\/10fdf6a071cccdcf374e3dbe45159590?s=96&d=mm&r=g","contentUrl":"https:\/\/secure.gravatar.com\/avatar\/10fdf6a071cccdcf374e3dbe45159590?s=96&d=mm&r=g","caption":"Moustapha"},"sameAs":["https:\/\/www.nettali.com"]}]}},"_links":{"self":[{"href":"https:\/\/www.nettali.com\/rest\/wp\/v2\/posts\/134595"}],"collection":[{"href":"https:\/\/www.nettali.com\/rest\/wp\/v2\/posts"}],"about":[{"href":"https:\/\/www.nettali.com\/rest\/wp\/v2\/types\/post"}],"author":[{"embeddable":true,"href":"https:\/\/www.nettali.com\/rest\/wp\/v2\/users\/3"}],"replies":[{"embeddable":true,"href":"https:\/\/www.nettali.com\/rest\/wp\/v2\/comments?post=134595"}],"version-history":[{"count":1,"href":"https:\/\/www.nettali.com\/rest\/wp\/v2\/posts\/134595\/revisions"}],"predecessor-version":[{"id":134596,"href":"https:\/\/www.nettali.com\/rest\/wp\/v2\/posts\/134595\/revisions\/134596"}],"wp:featuredmedia":[{"embeddable":true,"href":"https:\/\/www.nettali.com\/rest\/wp\/v2\/media\/132511"}],"wp:attachment":[{"href":"https:\/\/www.nettali.com\/rest\/wp\/v2\/media?parent=134595"}],"wp:term":[{"taxonomy":"category","embeddable":true,"href":"https:\/\/www.nettali.com\/rest\/wp\/v2\/categories?post=134595"},{"taxonomy":"post_tag","embeddable":true,"href":"https:\/\/www.nettali.com\/rest\/wp\/v2\/tags?post=134595"}],"curies":[{"name":"wp","href":"https:\/\/api.w.org\/{rel}","templated":true}]}}