{"id":134424,"date":"2024-06-02T11:00:21","date_gmt":"2024-06-02T11:00:21","guid":{"rendered":"https:\/\/www.nettali.com\/?p=134424"},"modified":"2024-06-02T10:03:05","modified_gmt":"2024-06-02T10:03:05","slug":"merina-dakhar-momar-sylla-elu-maire-en-remplacement-de-aymerou-gningue","status":"publish","type":"post","link":"https:\/\/www.nettali.com\/2024\/06\/02\/merina-dakhar-momar-sylla-elu-maire-en-remplacement-de-aymerou-gningue\/","title":{"rendered":"MERINA DAKHAR - Momar Sylla \u00e9lu maire en remplacement de Aym\u00e9rou Gningue"},"content":{"rendered":"<p><strong>NETTALI.COM - L\u2019instituteur Momar Sylla a \u00e9t\u00e9 \u00e9lu maire de la commune M\u00e9rina Dakhar, un poste occup\u00e9 jusque-l\u00e0 par un int\u00e9rimaire, depuis la d\u00e9mission de l\u2019ancien maire Aym\u00e9rou Gningue.<\/strong><\/p>\n<p>Le nouveau maire de M\u00e9rina Dakhar, instituteur de classe exceptionnelle depuis 2013, avait longtemps chemin\u00e9 en politique avec Aym\u00e9rou Gningue, ancien pr\u00e9sident du groupe parlementaire Benno Bokk Yaakar, la majorit\u00e9 pr\u00e9sidentielle sortante.<\/p>\n<p>Elu premier adjoint au maire en 2014 et en 2022, il est pr\u00e9sent\u00e9 comme une \u201cpersonnalit\u00e9 tr\u00e8s cr\u00e9dible\u2019\u2019 par ses coll\u00e8gues.<\/p>\n<p>Un des plus proches collaborateurs du maire Aym\u00e9rou Gningue, il a \u00e9t\u00e9 \u00e9lu par le conseil municipal \u00e0 l\u2019issue d\u2019un vote, devant son seul challenger Ousseynou Fall, contr\u00f4leur financier \u00e0 la pr\u00e9sidence de la R\u00e9publique, avec 48 voix contre huit pour son adversaire.<\/p>\n<p>\u00c2g\u00e9 de 60 ans et originaire de Kelle, un village situ\u00e9 \u00e0 12 km de M\u00e9rina Dakhar, Momar Sylla estime qu\u2019 \u201cil n\u2019est pas facile de succ\u00e9der \u00e0 Aym\u00e9rou Gningue\u201c, dont il compte encore solliciter les conseils durant son magist\u00e8re.<\/p>\n<p>D\u00e9crit comme quelqu\u2019un de \u201ctr\u00e8s ouvert et ponctuel\u201c, le nouvel \u00e9dile de M\u00e9rina Dakhar, s\u2019est s\u2019impos\u00e9 sur le terrain politique \u201cavec intelligence et beaucoup de sacrifices, surtout dans le domaine de l\u2019\u00e9ducation des fils et filles du village de Kelle\u201c.<\/p>\n<p>Il a \u00e9t\u00e9 pendant plusieurs ann\u00e9es directeur d\u2019\u00e9cole \u00e0 Kelle, son village d\u2019origine.<\/p>\n<p>Le nouveau maire de M\u00e9rina Dakhar a promis d\u2019adopter une \u201cgestion inclusive\u201c, pour m\u00e9riter la confiance des 55 conseillers municipaux.<\/p>\n<p>Apr\u00e8s le vote, les conseillers ont, \u00e0 l\u2019unanimit\u00e9, d\u00e9sign\u00e9 Aym\u00e9rou Gningue comme maire honoraire de M\u00e9rina Dakhar, une commune situ\u00e9e dans le d\u00e9partement de Tivaouane, r\u00e9gion de Thi\u00e8s.<\/p>\n<div class='share-to-whatsapp-wrapper'><div class='share-on-whsp'>PARTAGER SUR : <\/div><a data-text='MERINA DAKHAR - Momar Sylla \u00e9lu maire en remplacement de Aym\u00e9rou Gningue' data-link='https:\/\/www.nettali.com\/2024\/06\/02\/merina-dakhar-momar-sylla-elu-maire-en-remplacement-de-aymerou-gningue\/' class='whatsapp-button whatsapp-share'>WhatsApp<\/a><div class='clear '><\/div><\/div>","protected":false},"excerpt":{"rendered":"<p>NETTALI.COM - L\u2019instituteur Momar Sylla a \u00e9t\u00e9 \u00e9lu maire de la commune M\u00e9rina Dakhar, un poste occup\u00e9 jusque-l\u00e0 par un int\u00e9rimaire, depuis la d\u00e9mission de l\u2019ancien maire Aym\u00e9rou Gningue. Le nouveau maire de M\u00e9rina Dakhar, instituteur de classe exceptionnelle depuis 2013, avait longtemps chemin\u00e9 en politique avec Aym\u00e9rou Gningue, ancien pr\u00e9sident du groupe parlementaire Benno [&hellip;]<\/p>\n","protected":false},"author":4,"featured_media":134426,"comment_status":"open","ping_status":"open","sticky":false,"template":"","format":"standard","meta":{"_et_pb_use_builder":"","_et_pb_old_content":""},"categories":[2],"tags":[],"yoast_head":"<!-- This site is optimized with the Yoast SEO Premium plugin v17.8 (Yoast SEO v17.8) - https:\/\/yoast.com\/wordpress\/plugins\/seo\/ -->\n<title>MERINA DAKHAR - Momar Sylla \u00e9lu maire en remplacement de Aym\u00e9rou Gningue | Nettali.com<\/title>\n<meta name=\"robots\" content=\"index, follow, max-snippet:-1, max-image-preview:large, max-video-preview:-1\" \/>\n<link rel=\"canonical\" href=\"https:\/\/www.nettali.com\/2024\/06\/02\/merina-dakhar-momar-sylla-elu-maire-en-remplacement-de-aymerou-gningue\/\" \/>\n<meta property=\"og:locale\" content=\"fr_FR\" \/>\n<meta property=\"og:type\" content=\"article\" \/>\n<meta property=\"og:title\" content=\"MERINA DAKHAR - Momar Sylla \u00e9lu maire en remplacement de Aym\u00e9rou Gningue\" \/>\n<meta property=\"og:description\" content=\"NETTALI.COM - L\u2019instituteur Momar Sylla a \u00e9t\u00e9 \u00e9lu maire de la commune M\u00e9rina Dakhar, un poste occup\u00e9 jusque-l\u00e0 par un int\u00e9rimaire, depuis la d\u00e9mission de l\u2019ancien maire Aym\u00e9rou Gningue. Le nouveau maire de M\u00e9rina Dakhar, instituteur de classe exceptionnelle depuis 2013, avait longtemps chemin\u00e9 en politique avec Aym\u00e9rou Gningue, ancien pr\u00e9sident du groupe parlementaire Benno [&hellip;]\" \/>\n<meta property=\"og:url\" content=\"https:\/\/www.nettali.com\/2024\/06\/02\/merina-dakhar-momar-sylla-elu-maire-en-remplacement-de-aymerou-gningue\/\" \/>\n<meta property=\"og:site_name\" content=\"Nettali.com\" \/>\n<meta property=\"article:publisher\" content=\"https:\/\/www.facebook.com\/nettalicom\" \/>\n<meta property=\"article:published_time\" content=\"2024-06-02T11:00:21+00:00\" \/>\n<meta property=\"article:modified_time\" content=\"2024-06-02T10:03:05+00:00\" \/>\n<meta property=\"og:image\" content=\"https:\/\/www.nettali.com\/wp-content\/uploads\/2024\/06\/Capture-de\u0301cran-2024-06-02-a\u0300-10.02.07-1.png\" \/>\n\t<meta property=\"og:image:width\" content=\"672\" \/>\n\t<meta property=\"og:image:height\" content=\"340\" \/>\n<meta name=\"twitter:card\" content=\"summary_large_image\" \/>\n<meta name=\"twitter:label1\" content=\"\u00c9crit par\" \/>\n\t<meta name=\"twitter:data1\" content=\"Daouda\" \/>\n\t<meta name=\"twitter:label2\" content=\"Dur\u00e9e de lecture estim\u00e9e\" \/>\n\t<meta name=\"twitter:data2\" content=\"2 minutes\" \/>\n<script type=\"application\/ld+json\" class=\"yoast-schema-graph\">{\"@context\":\"https:\/\/schema.org\",\"@graph\":[{\"@type\":\"WebSite\",\"@id\":\"https:\/\/www.nettali.com\/#website\",\"url\":\"https:\/\/www.nettali.com\/\",\"name\":\"Nettali.com\",\"description\":\"Le rendez-vous critique du Net\",\"potentialAction\":[{\"@type\":\"SearchAction\",\"target\":{\"@type\":\"EntryPoint\",\"urlTemplate\":\"https:\/\/www.nettali.com\/?s={search_term_string}\"},\"query-input\":\"required name=search_term_string\"}],\"inLanguage\":\"fr-FR\"},{\"@type\":\"ImageObject\",\"@id\":\"https:\/\/www.nettali.com\/2024\/06\/02\/merina-dakhar-momar-sylla-elu-maire-en-remplacement-de-aymerou-gningue\/#primaryimage\",\"inLanguage\":\"fr-FR\",\"url\":\"https:\/\/www.nettali.com\/wp-content\/uploads\/2024\/06\/Capture-de\\u0301cran-2024-06-02-a\\u0300-10.02.07-1.png\",\"contentUrl\":\"https:\/\/www.nettali.com\/wp-content\/uploads\/2024\/06\/Capture-de\\u0301cran-2024-06-02-a\\u0300-10.02.07-1.png\",\"width\":672,\"height\":340},{\"@type\":\"WebPage\",\"@id\":\"https:\/\/www.nettali.com\/2024\/06\/02\/merina-dakhar-momar-sylla-elu-maire-en-remplacement-de-aymerou-gningue\/#webpage\",\"url\":\"https:\/\/www.nettali.com\/2024\/06\/02\/merina-dakhar-momar-sylla-elu-maire-en-remplacement-de-aymerou-gningue\/\",\"name\":\"MERINA DAKHAR - Momar Sylla \\u00e9lu maire en remplacement de Aym\\u00e9rou Gningue | Nettali.com\",\"isPartOf\":{\"@id\":\"https:\/\/www.nettali.com\/#website\"},\"primaryImageOfPage\":{\"@id\":\"https:\/\/www.nettali.com\/2024\/06\/02\/merina-dakhar-momar-sylla-elu-maire-en-remplacement-de-aymerou-gningue\/#primaryimage\"},\"datePublished\":\"2024-06-02T11:00:21+00:00\",\"dateModified\":\"2024-06-02T10:03:05+00:00\",\"author\":{\"@id\":\"https:\/\/www.nettali.com\/#\/schema\/person\/3317e0bb3aa1da309fbf7b2780901bf4\"},\"breadcrumb\":{\"@id\":\"https:\/\/www.nettali.com\/2024\/06\/02\/merina-dakhar-momar-sylla-elu-maire-en-remplacement-de-aymerou-gningue\/#breadcrumb\"},\"inLanguage\":\"fr-FR\",\"potentialAction\":[{\"@type\":\"ReadAction\",\"target\":[\"https:\/\/www.nettali.com\/2024\/06\/02\/merina-dakhar-momar-sylla-elu-maire-en-remplacement-de-aymerou-gningue\/\"]}]},{\"@type\":\"BreadcrumbList\",\"@id\":\"https:\/\/www.nettali.com\/2024\/06\/02\/merina-dakhar-momar-sylla-elu-maire-en-remplacement-de-aymerou-gningue\/#breadcrumb\",\"itemListElement\":[{\"@type\":\"ListItem\",\"position\":1,\"name\":\"Accueil\",\"item\":\"https:\/\/www.nettali.com\/\"},{\"@type\":\"ListItem\",\"position\":2,\"name\":\"MERINA DAKHAR - Momar Sylla \\u00e9lu maire en remplacement de Aym\\u00e9rou Gningue\"}]},{\"@type\":\"Person\",\"@id\":\"https:\/\/www.nettali.com\/#\/schema\/person\/3317e0bb3aa1da309fbf7b2780901bf4\",\"name\":\"Daouda\",\"image\":{\"@type\":\"ImageObject\",\"@id\":\"https:\/\/www.nettali.com\/#personlogo\",\"inLanguage\":\"fr-FR\",\"url\":\"https:\/\/secure.gravatar.com\/avatar\/8d143b5a49345098ddcfee1c49c2f47c?s=96&d=mm&r=g\",\"contentUrl\":\"https:\/\/secure.gravatar.com\/avatar\/8d143b5a49345098ddcfee1c49c2f47c?s=96&d=mm&r=g\",\"caption\":\"Daouda\"},\"sameAs\":[\"https:\/\/www.nettali.com\"]}]}<\/script>\n<!-- \/ Yoast SEO Premium plugin. -->","yoast_head_json":{"title":"MERINA DAKHAR - Momar Sylla \u00e9lu maire en remplacement de Aym\u00e9rou Gningue | Nettali.com","robots":{"index":"index","follow":"follow","max-snippet":"max-snippet:-1","max-image-preview":"max-image-preview:large","max-video-preview":"max-video-preview:-1"},"canonical":"https:\/\/www.nettali.com\/2024\/06\/02\/merina-dakhar-momar-sylla-elu-maire-en-remplacement-de-aymerou-gningue\/","og_locale":"fr_FR","og_type":"article","og_title":"MERINA DAKHAR - Momar Sylla \u00e9lu maire en remplacement de Aym\u00e9rou Gningue","og_description":"NETTALI.COM - L\u2019instituteur Momar Sylla a \u00e9t\u00e9 \u00e9lu maire de la commune M\u00e9rina Dakhar, un poste occup\u00e9 jusque-l\u00e0 par un int\u00e9rimaire, depuis la d\u00e9mission de l\u2019ancien maire Aym\u00e9rou Gningue. Le nouveau maire de M\u00e9rina Dakhar, instituteur de classe exceptionnelle depuis 2013, avait longtemps chemin\u00e9 en politique avec Aym\u00e9rou Gningue, ancien pr\u00e9sident du groupe parlementaire Benno [&hellip;]","og_url":"https:\/\/www.nettali.com\/2024\/06\/02\/merina-dakhar-momar-sylla-elu-maire-en-remplacement-de-aymerou-gningue\/","og_site_name":"Nettali.com","article_publisher":"https:\/\/www.facebook.com\/nettalicom","article_published_time":"2024-06-02T11:00:21+00:00","article_modified_time":"2024-06-02T10:03:05+00:00","og_image":[{"width":672,"height":340,"url":"https:\/\/www.nettali.com\/wp-content\/uploads\/2024\/06\/Capture-de\u0301cran-2024-06-02-a\u0300-10.02.07-1.png","type":"image\/png"}],"twitter_card":"summary_large_image","twitter_misc":{"\u00c9crit par":"Daouda","Dur\u00e9e de lecture estim\u00e9e":"2 minutes"},"schema":{"@context":"https:\/\/schema.org","@graph":[{"@type":"WebSite","@id":"https:\/\/www.nettali.com\/#website","url":"https:\/\/www.nettali.com\/","name":"Nettali.com","description":"Le rendez-vous critique du Net","potentialAction":[{"@type":"SearchAction","target":{"@type":"EntryPoint","urlTemplate":"https:\/\/www.nettali.com\/?s={search_term_string}"},"query-input":"required name=search_term_string"}],"inLanguage":"fr-FR"},{"@type":"ImageObject","@id":"https:\/\/www.nettali.com\/2024\/06\/02\/merina-dakhar-momar-sylla-elu-maire-en-remplacement-de-aymerou-gningue\/#primaryimage","inLanguage":"fr-FR","url":"https:\/\/www.nettali.com\/wp-content\/uploads\/2024\/06\/Capture-de\u0301cran-2024-06-02-a\u0300-10.02.07-1.png","contentUrl":"https:\/\/www.nettali.com\/wp-content\/uploads\/2024\/06\/Capture-de\u0301cran-2024-06-02-a\u0300-10.02.07-1.png","width":672,"height":340},{"@type":"WebPage","@id":"https:\/\/www.nettali.com\/2024\/06\/02\/merina-dakhar-momar-sylla-elu-maire-en-remplacement-de-aymerou-gningue\/#webpage","url":"https:\/\/www.nettali.com\/2024\/06\/02\/merina-dakhar-momar-sylla-elu-maire-en-remplacement-de-aymerou-gningue\/","name":"MERINA DAKHAR - Momar Sylla \u00e9lu maire en remplacement de Aym\u00e9rou Gningue | Nettali.com","isPartOf":{"@id":"https:\/\/www.nettali.com\/#website"},"primaryImageOfPage":{"@id":"https:\/\/www.nettali.com\/2024\/06\/02\/merina-dakhar-momar-sylla-elu-maire-en-remplacement-de-aymerou-gningue\/#primaryimage"},"datePublished":"2024-06-02T11:00:21+00:00","dateModified":"2024-06-02T10:03:05+00:00","author":{"@id":"https:\/\/www.nettali.com\/#\/schema\/person\/3317e0bb3aa1da309fbf7b2780901bf4"},"breadcrumb":{"@id":"https:\/\/www.nettali.com\/2024\/06\/02\/merina-dakhar-momar-sylla-elu-maire-en-remplacement-de-aymerou-gningue\/#breadcrumb"},"inLanguage":"fr-FR","potentialAction":[{"@type":"ReadAction","target":["https:\/\/www.nettali.com\/2024\/06\/02\/merina-dakhar-momar-sylla-elu-maire-en-remplacement-de-aymerou-gningue\/"]}]},{"@type":"BreadcrumbList","@id":"https:\/\/www.nettali.com\/2024\/06\/02\/merina-dakhar-momar-sylla-elu-maire-en-remplacement-de-aymerou-gningue\/#breadcrumb","itemListElement":[{"@type":"ListItem","position":1,"name":"Accueil","item":"https:\/\/www.nettali.com\/"},{"@type":"ListItem","position":2,"name":"MERINA DAKHAR - Momar Sylla \u00e9lu maire en remplacement de Aym\u00e9rou Gningue"}]},{"@type":"Person","@id":"https:\/\/www.nettali.com\/#\/schema\/person\/3317e0bb3aa1da309fbf7b2780901bf4","name":"Daouda","image":{"@type":"ImageObject","@id":"https:\/\/www.nettali.com\/#personlogo","inLanguage":"fr-FR","url":"https:\/\/secure.gravatar.com\/avatar\/8d143b5a49345098ddcfee1c49c2f47c?s=96&d=mm&r=g","contentUrl":"https:\/\/secure.gravatar.com\/avatar\/8d143b5a49345098ddcfee1c49c2f47c?s=96&d=mm&r=g","caption":"Daouda"},"sameAs":["https:\/\/www.nettali.com"]}]}},"_links":{"self":[{"href":"https:\/\/www.nettali.com\/rest\/wp\/v2\/posts\/134424"}],"collection":[{"href":"https:\/\/www.nettali.com\/rest\/wp\/v2\/posts"}],"about":[{"href":"https:\/\/www.nettali.com\/rest\/wp\/v2\/types\/post"}],"author":[{"embeddable":true,"href":"https:\/\/www.nettali.com\/rest\/wp\/v2\/users\/4"}],"replies":[{"embeddable":true,"href":"https:\/\/www.nettali.com\/rest\/wp\/v2\/comments?post=134424"}],"version-history":[{"count":1,"href":"https:\/\/www.nettali.com\/rest\/wp\/v2\/posts\/134424\/revisions"}],"predecessor-version":[{"id":134427,"href":"https:\/\/www.nettali.com\/rest\/wp\/v2\/posts\/134424\/revisions\/134427"}],"wp:featuredmedia":[{"embeddable":true,"href":"https:\/\/www.nettali.com\/rest\/wp\/v2\/media\/134426"}],"wp:attachment":[{"href":"https:\/\/www.nettali.com\/rest\/wp\/v2\/media?parent=134424"}],"wp:term":[{"taxonomy":"category","embeddable":true,"href":"https:\/\/www.nettali.com\/rest\/wp\/v2\/categories?post=134424"},{"taxonomy":"post_tag","embeddable":true,"href":"https:\/\/www.nettali.com\/rest\/wp\/v2\/tags?post=134424"}],"curies":[{"name":"wp","href":"https:\/\/api.w.org\/{rel}","templated":true}]}}