{"id":134413,"date":"2024-06-02T09:55:10","date_gmt":"2024-06-02T09:55:10","guid":{"rendered":"https:\/\/www.nettali.com\/?p=134413"},"modified":"2024-06-02T09:55:10","modified_gmt":"2024-06-02T09:55:10","slug":"ligue-des-champions-le-real-madrid-tient-sa-15e-etoile","status":"publish","type":"post","link":"https:\/\/www.nettali.com\/2024\/06\/02\/ligue-des-champions-le-real-madrid-tient-sa-15e-etoile\/","title":{"rendered":"LIGUE DES CHAMPIONS - Le Real Madrid tient sa 15\u00e8 etoile"},"content":{"rendered":"<p><strong>NETTALI.COM - Ce Real Madrid est immortel. Gr\u00e2ce \u00e0 des r\u00e9alisations de Dani Carvajal et de Vini Junior, la Casa Blanca a puni le Borussia Dortmund ce samedi en finale de Ligue des Champions (2-0). Un joli succ\u00e8s qui permet aux Meregu\u00e9s de d\u00e9crocher la 15\u00e8me C1 de leur histoire, la 6\u00e8me sur les 10 derni\u00e8res ann\u00e9es.<\/strong><\/p>\n<p>Et \u00e0 la fin, c\u2019est le Real Madrid qui gagne. Domin\u00e9e pendant 70 minutes sur la pelouse de Wembley en finale de la Ligue des champions par le Borussia Dortmund, l\u2019\u00e9quipe de Carlo Ancelotti est tout de m\u00eame parvenue \u00e0 faire la diff\u00e9rence dans les derni\u00e8res minutes pour remporter le 15e titre en C1 de l\u2019histoire de la Maison Blanche (2-0). Dani Carvajal et, bien s\u00fbr, Vinicius Junior, sont les buteurs des Madril\u00e8nes, qui terminent la saison sur un nouveau feu d\u2019artifice.<\/p>\n<p>Toni Kroos qui jouait ce samedi son dernier match avec le Real Madrid a remport\u00e9 sa 6\u00e8me Ligue des champions personnelle. Il partage ce beau record avec quatre autres Madril\u00e8nes. Il s'agit de ses co\u00e9quipiers (Carvajal, Nacho et Modric) et de la L\u00e9gende Francisco Gento (de 1956 \u00e0 1966).<\/p>\n<div class='share-to-whatsapp-wrapper'><div class='share-on-whsp'>PARTAGER SUR : <\/div><a data-text='LIGUE DES CHAMPIONS - Le Real Madrid tient sa 15\u00e8 etoile' data-link='https:\/\/www.nettali.com\/2024\/06\/02\/ligue-des-champions-le-real-madrid-tient-sa-15e-etoile\/' class='whatsapp-button whatsapp-share'>WhatsApp<\/a><div class='clear '><\/div><\/div>","protected":false},"excerpt":{"rendered":"<p>NETTALI.COM - Ce Real Madrid est immortel. Gr\u00e2ce \u00e0 des r\u00e9alisations de Dani Carvajal et de Vini Junior, la Casa Blanca a puni le Borussia Dortmund ce samedi en finale de Ligue des Champions (2-0). Un joli succ\u00e8s qui permet aux Meregu\u00e9s de d\u00e9crocher la 15\u00e8me C1 de leur histoire, la 6\u00e8me sur les 10 [&hellip;]<\/p>\n","protected":false},"author":5,"featured_media":134415,"comment_status":"open","ping_status":"open","sticky":false,"template":"","format":"standard","meta":{"_et_pb_use_builder":"","_et_pb_old_content":""},"categories":[6],"tags":[],"yoast_head":"<!-- This site is optimized with the Yoast SEO Premium plugin v17.8 (Yoast SEO v17.8) - https:\/\/yoast.com\/wordpress\/plugins\/seo\/ -->\n<title>LIGUE DES CHAMPIONS - Le Real Madrid tient sa 15\u00e8 etoile | Nettali.com<\/title>\n<meta name=\"robots\" content=\"index, follow, max-snippet:-1, max-image-preview:large, max-video-preview:-1\" \/>\n<link rel=\"canonical\" href=\"https:\/\/www.nettali.com\/2024\/06\/02\/ligue-des-champions-le-real-madrid-tient-sa-15e-etoile\/\" \/>\n<meta property=\"og:locale\" content=\"fr_FR\" \/>\n<meta property=\"og:type\" content=\"article\" \/>\n<meta property=\"og:title\" content=\"LIGUE DES CHAMPIONS - Le Real Madrid tient sa 15\u00e8 etoile\" \/>\n<meta property=\"og:description\" content=\"NETTALI.COM - Ce Real Madrid est immortel. Gr\u00e2ce \u00e0 des r\u00e9alisations de Dani Carvajal et de Vini Junior, la Casa Blanca a puni le Borussia Dortmund ce samedi en finale de Ligue des Champions (2-0). Un joli succ\u00e8s qui permet aux Meregu\u00e9s de d\u00e9crocher la 15\u00e8me C1 de leur histoire, la 6\u00e8me sur les 10 [&hellip;]\" \/>\n<meta property=\"og:url\" content=\"https:\/\/www.nettali.com\/2024\/06\/02\/ligue-des-champions-le-real-madrid-tient-sa-15e-etoile\/\" \/>\n<meta property=\"og:site_name\" content=\"Nettali.com\" \/>\n<meta property=\"article:publisher\" content=\"https:\/\/www.facebook.com\/nettalicom\" \/>\n<meta property=\"article:published_time\" content=\"2024-06-02T09:55:10+00:00\" \/>\n<meta property=\"og:image\" content=\"https:\/\/www.nettali.com\/wp-content\/uploads\/2024\/06\/f9306.jpeg\" \/>\n\t<meta property=\"og:image:width\" content=\"1008\" \/>\n\t<meta property=\"og:image:height\" content=\"672\" \/>\n<meta name=\"twitter:card\" content=\"summary_large_image\" \/>\n<meta name=\"twitter:label1\" content=\"\u00c9crit par\" \/>\n\t<meta name=\"twitter:data1\" content=\"Ibrahima\" \/>\n\t<meta name=\"twitter:label2\" content=\"Dur\u00e9e de lecture estim\u00e9e\" \/>\n\t<meta name=\"twitter:data2\" content=\"1 minute\" \/>\n<script type=\"application\/ld+json\" class=\"yoast-schema-graph\">{\"@context\":\"https:\/\/schema.org\",\"@graph\":[{\"@type\":\"WebSite\",\"@id\":\"https:\/\/www.nettali.com\/#website\",\"url\":\"https:\/\/www.nettali.com\/\",\"name\":\"Nettali.com\",\"description\":\"Le rendez-vous critique du Net\",\"potentialAction\":[{\"@type\":\"SearchAction\",\"target\":{\"@type\":\"EntryPoint\",\"urlTemplate\":\"https:\/\/www.nettali.com\/?s={search_term_string}\"},\"query-input\":\"required name=search_term_string\"}],\"inLanguage\":\"fr-FR\"},{\"@type\":\"ImageObject\",\"@id\":\"https:\/\/www.nettali.com\/2024\/06\/02\/ligue-des-champions-le-real-madrid-tient-sa-15e-etoile\/#primaryimage\",\"inLanguage\":\"fr-FR\",\"url\":\"https:\/\/www.nettali.com\/wp-content\/uploads\/2024\/06\/f9306.jpeg\",\"contentUrl\":\"https:\/\/www.nettali.com\/wp-content\/uploads\/2024\/06\/f9306.jpeg\",\"width\":1008,\"height\":672},{\"@type\":\"WebPage\",\"@id\":\"https:\/\/www.nettali.com\/2024\/06\/02\/ligue-des-champions-le-real-madrid-tient-sa-15e-etoile\/#webpage\",\"url\":\"https:\/\/www.nettali.com\/2024\/06\/02\/ligue-des-champions-le-real-madrid-tient-sa-15e-etoile\/\",\"name\":\"LIGUE DES CHAMPIONS - Le Real Madrid tient sa 15\\u00e8 etoile | Nettali.com\",\"isPartOf\":{\"@id\":\"https:\/\/www.nettali.com\/#website\"},\"primaryImageOfPage\":{\"@id\":\"https:\/\/www.nettali.com\/2024\/06\/02\/ligue-des-champions-le-real-madrid-tient-sa-15e-etoile\/#primaryimage\"},\"datePublished\":\"2024-06-02T09:55:10+00:00\",\"dateModified\":\"2024-06-02T09:55:10+00:00\",\"author\":{\"@id\":\"https:\/\/www.nettali.com\/#\/schema\/person\/bb147657c2986240405a608162b9bb23\"},\"breadcrumb\":{\"@id\":\"https:\/\/www.nettali.com\/2024\/06\/02\/ligue-des-champions-le-real-madrid-tient-sa-15e-etoile\/#breadcrumb\"},\"inLanguage\":\"fr-FR\",\"potentialAction\":[{\"@type\":\"ReadAction\",\"target\":[\"https:\/\/www.nettali.com\/2024\/06\/02\/ligue-des-champions-le-real-madrid-tient-sa-15e-etoile\/\"]}]},{\"@type\":\"BreadcrumbList\",\"@id\":\"https:\/\/www.nettali.com\/2024\/06\/02\/ligue-des-champions-le-real-madrid-tient-sa-15e-etoile\/#breadcrumb\",\"itemListElement\":[{\"@type\":\"ListItem\",\"position\":1,\"name\":\"Accueil\",\"item\":\"https:\/\/www.nettali.com\/\"},{\"@type\":\"ListItem\",\"position\":2,\"name\":\"LIGUE DES CHAMPIONS - Le Real Madrid tient sa 15\\u00e8 etoile\"}]},{\"@type\":\"Person\",\"@id\":\"https:\/\/www.nettali.com\/#\/schema\/person\/bb147657c2986240405a608162b9bb23\",\"name\":\"Ibrahima\",\"image\":{\"@type\":\"ImageObject\",\"@id\":\"https:\/\/www.nettali.com\/#personlogo\",\"inLanguage\":\"fr-FR\",\"url\":\"https:\/\/secure.gravatar.com\/avatar\/26a8a81f09f0dd7624c9d5c36c9ba3a2?s=96&d=mm&r=g\",\"contentUrl\":\"https:\/\/secure.gravatar.com\/avatar\/26a8a81f09f0dd7624c9d5c36c9ba3a2?s=96&d=mm&r=g\",\"caption\":\"Ibrahima\"},\"sameAs\":[\"https:\/\/www.nettali.com\"]}]}<\/script>\n<!-- \/ Yoast SEO Premium plugin. -->","yoast_head_json":{"title":"LIGUE DES CHAMPIONS - Le Real Madrid tient sa 15\u00e8 etoile | Nettali.com","robots":{"index":"index","follow":"follow","max-snippet":"max-snippet:-1","max-image-preview":"max-image-preview:large","max-video-preview":"max-video-preview:-1"},"canonical":"https:\/\/www.nettali.com\/2024\/06\/02\/ligue-des-champions-le-real-madrid-tient-sa-15e-etoile\/","og_locale":"fr_FR","og_type":"article","og_title":"LIGUE DES CHAMPIONS - Le Real Madrid tient sa 15\u00e8 etoile","og_description":"NETTALI.COM - Ce Real Madrid est immortel. Gr\u00e2ce \u00e0 des r\u00e9alisations de Dani Carvajal et de Vini Junior, la Casa Blanca a puni le Borussia Dortmund ce samedi en finale de Ligue des Champions (2-0). Un joli succ\u00e8s qui permet aux Meregu\u00e9s de d\u00e9crocher la 15\u00e8me C1 de leur histoire, la 6\u00e8me sur les 10 [&hellip;]","og_url":"https:\/\/www.nettali.com\/2024\/06\/02\/ligue-des-champions-le-real-madrid-tient-sa-15e-etoile\/","og_site_name":"Nettali.com","article_publisher":"https:\/\/www.facebook.com\/nettalicom","article_published_time":"2024-06-02T09:55:10+00:00","og_image":[{"width":1008,"height":672,"url":"https:\/\/www.nettali.com\/wp-content\/uploads\/2024\/06\/f9306.jpeg","type":"image\/jpeg"}],"twitter_card":"summary_large_image","twitter_misc":{"\u00c9crit par":"Ibrahima","Dur\u00e9e de lecture estim\u00e9e":"1 minute"},"schema":{"@context":"https:\/\/schema.org","@graph":[{"@type":"WebSite","@id":"https:\/\/www.nettali.com\/#website","url":"https:\/\/www.nettali.com\/","name":"Nettali.com","description":"Le rendez-vous critique du Net","potentialAction":[{"@type":"SearchAction","target":{"@type":"EntryPoint","urlTemplate":"https:\/\/www.nettali.com\/?s={search_term_string}"},"query-input":"required name=search_term_string"}],"inLanguage":"fr-FR"},{"@type":"ImageObject","@id":"https:\/\/www.nettali.com\/2024\/06\/02\/ligue-des-champions-le-real-madrid-tient-sa-15e-etoile\/#primaryimage","inLanguage":"fr-FR","url":"https:\/\/www.nettali.com\/wp-content\/uploads\/2024\/06\/f9306.jpeg","contentUrl":"https:\/\/www.nettali.com\/wp-content\/uploads\/2024\/06\/f9306.jpeg","width":1008,"height":672},{"@type":"WebPage","@id":"https:\/\/www.nettali.com\/2024\/06\/02\/ligue-des-champions-le-real-madrid-tient-sa-15e-etoile\/#webpage","url":"https:\/\/www.nettali.com\/2024\/06\/02\/ligue-des-champions-le-real-madrid-tient-sa-15e-etoile\/","name":"LIGUE DES CHAMPIONS - Le Real Madrid tient sa 15\u00e8 etoile | Nettali.com","isPartOf":{"@id":"https:\/\/www.nettali.com\/#website"},"primaryImageOfPage":{"@id":"https:\/\/www.nettali.com\/2024\/06\/02\/ligue-des-champions-le-real-madrid-tient-sa-15e-etoile\/#primaryimage"},"datePublished":"2024-06-02T09:55:10+00:00","dateModified":"2024-06-02T09:55:10+00:00","author":{"@id":"https:\/\/www.nettali.com\/#\/schema\/person\/bb147657c2986240405a608162b9bb23"},"breadcrumb":{"@id":"https:\/\/www.nettali.com\/2024\/06\/02\/ligue-des-champions-le-real-madrid-tient-sa-15e-etoile\/#breadcrumb"},"inLanguage":"fr-FR","potentialAction":[{"@type":"ReadAction","target":["https:\/\/www.nettali.com\/2024\/06\/02\/ligue-des-champions-le-real-madrid-tient-sa-15e-etoile\/"]}]},{"@type":"BreadcrumbList","@id":"https:\/\/www.nettali.com\/2024\/06\/02\/ligue-des-champions-le-real-madrid-tient-sa-15e-etoile\/#breadcrumb","itemListElement":[{"@type":"ListItem","position":1,"name":"Accueil","item":"https:\/\/www.nettali.com\/"},{"@type":"ListItem","position":2,"name":"LIGUE DES CHAMPIONS - Le Real Madrid tient sa 15\u00e8 etoile"}]},{"@type":"Person","@id":"https:\/\/www.nettali.com\/#\/schema\/person\/bb147657c2986240405a608162b9bb23","name":"Ibrahima","image":{"@type":"ImageObject","@id":"https:\/\/www.nettali.com\/#personlogo","inLanguage":"fr-FR","url":"https:\/\/secure.gravatar.com\/avatar\/26a8a81f09f0dd7624c9d5c36c9ba3a2?s=96&d=mm&r=g","contentUrl":"https:\/\/secure.gravatar.com\/avatar\/26a8a81f09f0dd7624c9d5c36c9ba3a2?s=96&d=mm&r=g","caption":"Ibrahima"},"sameAs":["https:\/\/www.nettali.com"]}]}},"_links":{"self":[{"href":"https:\/\/www.nettali.com\/rest\/wp\/v2\/posts\/134413"}],"collection":[{"href":"https:\/\/www.nettali.com\/rest\/wp\/v2\/posts"}],"about":[{"href":"https:\/\/www.nettali.com\/rest\/wp\/v2\/types\/post"}],"author":[{"embeddable":true,"href":"https:\/\/www.nettali.com\/rest\/wp\/v2\/users\/5"}],"replies":[{"embeddable":true,"href":"https:\/\/www.nettali.com\/rest\/wp\/v2\/comments?post=134413"}],"version-history":[{"count":1,"href":"https:\/\/www.nettali.com\/rest\/wp\/v2\/posts\/134413\/revisions"}],"predecessor-version":[{"id":134416,"href":"https:\/\/www.nettali.com\/rest\/wp\/v2\/posts\/134413\/revisions\/134416"}],"wp:featuredmedia":[{"embeddable":true,"href":"https:\/\/www.nettali.com\/rest\/wp\/v2\/media\/134415"}],"wp:attachment":[{"href":"https:\/\/www.nettali.com\/rest\/wp\/v2\/media?parent=134413"}],"wp:term":[{"taxonomy":"category","embeddable":true,"href":"https:\/\/www.nettali.com\/rest\/wp\/v2\/categories?post=134413"},{"taxonomy":"post_tag","embeddable":true,"href":"https:\/\/www.nettali.com\/rest\/wp\/v2\/tags?post=134413"}],"curies":[{"name":"wp","href":"https:\/\/api.w.org\/{rel}","templated":true}]}}