{"id":134410,"date":"2024-06-01T19:28:11","date_gmt":"2024-06-01T19:28:11","guid":{"rendered":"https:\/\/www.nettali.com\/?p=134410"},"modified":"2024-06-01T18:33:14","modified_gmt":"2024-06-01T18:33:14","slug":"couacs-dans-lorganisation-du-pelerinage-le-desarroi-des-280-pelerins-dair-senegal","status":"publish","type":"post","link":"https:\/\/www.nettali.com\/2024\/06\/01\/couacs-dans-lorganisation-du-pelerinage-le-desarroi-des-280-pelerins-dair-senegal\/","title":{"rendered":"COUACS DANS L\u2019ORGANISATION DU PELERINAGE - Le d\u00e9sarroi des 280 p\u00e8lerins\u00a0 d'Air S\u00e9n\u00e9gal\u00a0"},"content":{"rendered":"<p><strong>NETTALI.COM - L\u2019\u00e9dition 2024 du p\u00e8lerinage aux Lieux Saints de l\u2019Islam a enregistr\u00e9 ses premiers couacs avec Air S\u00e9n\u00e9gal. La compagnie a\u00e9rienne nationale n\u2019a pas respect\u00e9 son engagement de convoyer son 2<sup>e<\/sup> vol, pr\u00e9vu hier, vendredi 31 mai 2024, vers 10 heures. Ce qui a install\u00e9 l\u2019inqui\u00e9tude chez les 280 p\u00e8lerins qui devaient prendre ce vol, mais qui, finalement, ont \u00e9t\u00e9 log\u00e9s dans deux h\u00f4tels dakarois, en attendant une solution \u00e0 leur probl\u00e8me.<\/strong><\/p>\n<p>Le mot d\u2019ordre \u00e9tait pourtant bien d\u00e9fini\u00a0: un p\u00e8lerinage aux Lieux Saints de l\u2019Islam avec z\u00e9ro couac, pour l\u2019\u00e9dition 2024. Le souhait a \u00e9t\u00e9 fortement exprim\u00e9 par les autorit\u00e9s \u00e9tatiques, lors du Conseil interminist\u00e9riel sur le p\u00e8lerinage tenu il y a quelques jours sous la pr\u00e9sidence du Premier ministre, Ousmane Sonko. Ce dernier avait donn\u00e9 des injonctions fortes aux parties prenantes en insistant sur la n\u00e9cessit\u00e9 d\u2019assurer une bonne organisation du Hajj 2024 pour les p\u00e8lerins s\u00e9n\u00e9galais. Le chef du gouvernement avait m\u00eame menac\u00e9 de faire tomber des t\u00eates en cas de d\u00e9faillances dans l\u2019organisation du Hajj. Ministre les infrastructures, des transports terrestres et a\u00e9riens, El Malick Ndiaye, en visite \u00e0 l\u2019a\u00e9roport international Blaise Diagne, rappelait\u00a0: \u00ab(\u2026) Le Premier ministre a \u00e9t\u00e9 clair\u00a0: s\u2019il y a des couacs, des t\u00eates vont tomber, \u00e0 commencer par le ministre. \u00c7a veut dire que nous n\u2019avons pas droit \u00e0 l\u2019erreur. A partir de ce moment, nous allons suivre et surveiller pour nous assurer du bon d\u00e9roulement du Hajj, du d\u00e9but \u00e0 la fin\u00bb. Finalement, les probl\u00e8mes ont d\u00e9marr\u00e9 et ont touch\u00e9 le volet le plus sensible\u00a0: le transport a\u00e9rien. Pour les voyagistes priv\u00e9s qui ont convoy\u00e9 leurs p\u00e8lerins avec la compagnie saoudienne Flynas, le probl\u00e8me ne s\u2019est pas pos\u00e9. Les recommandations du gouvernement sont jusque-l\u00e0 respect\u00e9es. Mais, c\u2019est avec Air S\u00e9n\u00e9gal que le premier ratage a \u00e9t\u00e9 not\u00e9. Ce qui n\u2019est pas une surprise car beaucoup d\u2019acteurs \u00e9taient sceptiques quant \u00e0 la capacit\u00e9 de la compagnie a\u00e9rienne nationale de respecter ses engagements de convoyer presque la moiti\u00e9 des 12 000 p\u00e8lerins s\u00e9n\u00e9galais. Les premi\u00e8res victimes sont des p\u00e8lerins de la D\u00e9l\u00e9gation g\u00e9n\u00e9rale qui a fait confiance \u00e0 Air S\u00e9n\u00e9gal qui devait lui transporter 4 000 p\u00e8lerins.<\/p>\n<p>D\u2019apr\u00e8s des informations de L\u2019Observateur Air S\u00e9n\u00e9gal avait, dans son planning, d\u00e9cid\u00e9 de d\u00e9marrer ses vols pour la Mecque hier, vendredi 31 mai 2024, avec deux d\u00e9parts pour cette premi\u00e8re journ\u00e9e. Le 1<sup>er<\/sup> vol \u00e9tait pr\u00e9vu le 31 mai 2024 \u00e0 4 h, alors que le d\u00e9part du 2<sup>e<\/sup> vol \u00e9tait programm\u00e9, le m\u00eame jour, \u00e0 10 h 40. Si pour son 1<sup>er<\/sup> vol, Air S\u00e9n\u00e9gal a respect\u00e9 les d\u00e9lais en quittant l\u2019a\u00e9roport international Blaise Diagne, sans probl\u00e8me, avec \u00e0 son bord, 280 p\u00e8lerins qui sont partis \u00e0 l\u2019heure, tel n\u2019est pas le cas pour le deuxi\u00e8me vol. Son d\u00e9part pr\u00e9vu le m\u00eame jour, c\u2019est-\u00e0-dire hier vendredi 31 mai 2024, \u00e0 10h 40, le 2<sup>e<\/sup> vol d\u2019Air S\u00e9n\u00e9gal, qui devait aussi convoyer 280 p\u00e8lerins, n\u2019a pas quitt\u00e9, hier, le sol s\u00e9n\u00e9galais. Des couacs et changements de programme sans explications. La compagnie nationale qui s\u2019est engag\u00e9 \u00e0 mettre un deuxi\u00e8me appareil \u00e0 la disposition des p\u00e8lerins de la D\u00e9l\u00e9gation, a failli \u00e0 sa mission. Pis, aucune information n\u2019a \u00e9t\u00e9 donn\u00e9e par la Direction de Air S\u00e9n\u00e9gal. Alors que le Directeur g\u00e9n\u00e9ral, Alioune Badara Fall, avait annonc\u00e9 que 3 appareils pris en location sont d\u00e9j\u00e0 disponible pour assurer le transport des p\u00e8lerins. A l\u2019arriv\u00e9e, rien. Cette situation a install\u00e9 une col\u00e8re noire chez les p\u00e8lerins de ce deuxi\u00e8me vol qui ont attendu, toute la matin\u00e9e, en vain, leur d\u00e9part. Apr\u00e8s des heures d\u2019attente, La D\u00e9l\u00e9gation g\u00e9n\u00e9rale au p\u00e8lerinage dirig\u00e9e par Dr Aboubakry Sarr \u00e9tait oblig\u00e9e de prendre en charge les p\u00e8lerins dans deux h\u00f4tels dakarois, en attendant qu\u2019une solution soit trouv\u00e9e \u00e0 leur probl\u00e8me.<\/p>\n<p>Face \u00e0 ce calvaire dans lequel Air S\u00e9n\u00e9gal a mis ces p\u00e8lerins, les autorit\u00e9s \u00e9tatiques sont intervenues. Elles ont tenu des r\u00e9unions avec les parties prenantes pour essayer de trouver une solution.<\/p>\n<p><strong>La compagnie saoudienne Flynas saisie pour secourir Air S\u00e9n\u00e9gal<\/strong><\/p>\n<p>Il y a eu des discussions, hier, jusque tard dans la soir\u00e9e pour voir comment g\u00e9rer cette probl\u00e9matique. C\u2019\u00e9tait une r\u00e9union de crise entre le minist\u00e8re des Transports a\u00e9riens, le Directeur g\u00e9n\u00e9ral de\u00a0 Air S\u00e9n\u00e9gal Alioune Badara Fall, le Directeur g\u00e9n\u00e9ral de l\u2019Aibd Cheikh Bamba Di\u00e8ye, le D\u00e9l\u00e9gu\u00e9 g\u00e9n\u00e9ral au p\u00e8lerinage Dr Aboubakry Sarr, l\u2019ambassadeur Cheikh badou Ndiaye en sa qualit\u00e9 de de Secr\u00e9taire permanent de la D\u00e9l\u00e9gation g\u00e9n\u00e9rale au P\u00e8lerinage aux Lieux Saints de l'Islam entre autres personnalit\u00e9s. D\u2019apr\u00e8s nos informations, les 280 laiss\u00e9s en rade par Air p\u00e8lerins vont devoir encore patienter avant d\u2019esp\u00e9rer rallier la ville Sainte de M\u00e9dinatoul Mounawara, car le probl\u00e8me ne pourrait \u00eatre r\u00e9gl\u00e9 que demain, dimanche 2 juin 2024. A la suite de longues discussions, deux voies de sortie de crise ont \u00e9t\u00e9 trac\u00e9es. La premi\u00e8re \u00e9tait de mettre les 280 p\u00e8lerins dans le prochain vol et diff\u00e9rer les autres. La deuxi\u00e8me option, c\u2019\u00e9tait de continuer le programme de vol en suivant le planning d\u00e9j\u00e0 \u00e9tabli par Air S\u00e9n\u00e9gal. Finalement, aucune de ces deux options n\u2019a \u00e9t\u00e9 retenue \u00e0 l\u2019issue de la r\u00e9union tenue, hier, entre les parties prenantes. L\u2019option retenue, c\u2019est de faire appel \u00e0 la compagnie saoudienne Flynas qui convoie le quota de p\u00e8lerins du priv\u00e9. L\u2019on confie que le gouvernement a d\u00e9cid\u00e9 de prendre le probl\u00e8me en demandant \u00e0 la compagnie Flynas de transporter les p\u00e8lerins s\u00e9n\u00e9galais que la compagnie a\u00e9rienne nationale, Air S\u00e9n\u00e9gal, ne pourrait pas convoyer. La compagnie saoudienne a d\u00e9j\u00e0 fait sa proposition qui serait en train d\u2019\u00eatre \u00e9tudi\u00e9e par les autorit\u00e9s \u00e9tatiques.<\/p>\n<p>Pour apaiser et rassurer les p\u00e8lerins, le D\u00e9l\u00e9gu\u00e9 g\u00e9n\u00e9ral et le Secr\u00e9taire permanent ont fait le tour des h\u00f4tels pour leur parler. Mais, du c\u00f4t\u00e9 des autorit\u00e9s, l\u2019on se pose des questions sur ce probl\u00e8me. Car, l\u2019on rappelle que Air S\u00e9n\u00e9gal avait annonc\u00e9, dans son cahier de charge, un s\u00e9jour trois semaines de s\u00e9jour pour les p\u00e8lerins. Ce qui est totalement diff\u00e9rent de la derni\u00e8re programmation qu\u2019elle a donn\u00e9e et qui fixe le s\u00e9jour des p\u00e8lerins \u00e0 un mois. <em>\u00abIls ont chang\u00e9 de programme plusieurs fois. Ils ont aussi dit, lors du Conseil interminist\u00e9riel, en pr\u00e9sence du Premier ministre, qu\u2019ils avaient quatre avions, mais en r\u00e9alit\u00e9, si nous avons ces soucis-l\u00e0, c\u2019est parce qu\u2019ils ont un probl\u00e8me d\u2019avion\u00bb<\/em>, regrette-t-on.<\/p>\n<p>Mais, Air S\u00e9n\u00e9gal va payer pour ces d\u00e9sagr\u00e9ments caus\u00e9s \u00e0 ces p\u00e8lerins. Car, d\u2019apr\u00e8s nos informations, la D\u00e9l\u00e9gation g\u00e9n\u00e9rale au p\u00e8lerinage a d\u00e9fendu la n\u00e9cessit\u00e9 de pr\u00e9voir une grosse indemnisation pour les 280 p\u00e8lerins laiss\u00e9s en rade, pour le moment. En attendant que la liste s\u2019allonge.<\/p>\n<div class='share-to-whatsapp-wrapper'><div class='share-on-whsp'>PARTAGER SUR : <\/div><a data-text='COUACS DANS L\u2019ORGANISATION DU PELERINAGE - Le d\u00e9sarroi des 280 p\u00e8lerins\u00a0 d'Air S\u00e9n\u00e9gal\u00a0' data-link='https:\/\/www.nettali.com\/2024\/06\/01\/couacs-dans-lorganisation-du-pelerinage-le-desarroi-des-280-pelerins-dair-senegal\/' class='whatsapp-button whatsapp-share'>WhatsApp<\/a><div class='clear '><\/div><\/div>","protected":false},"excerpt":{"rendered":"<p>NETTALI.COM - L\u2019\u00e9dition 2024 du p\u00e8lerinage aux Lieux Saints de l\u2019Islam a enregistr\u00e9 ses premiers couacs avec Air S\u00e9n\u00e9gal. La compagnie a\u00e9rienne nationale n\u2019a pas respect\u00e9 son engagement de convoyer son 2e vol, pr\u00e9vu hier, vendredi 31 mai 2024, vers 10 heures. Ce qui a install\u00e9 l\u2019inqui\u00e9tude chez les 280 p\u00e8lerins qui devaient prendre ce [&hellip;]<\/p>\n","protected":false},"author":4,"featured_media":14001,"comment_status":"open","ping_status":"open","sticky":false,"template":"","format":"standard","meta":{"_et_pb_use_builder":"","_et_pb_old_content":""},"categories":[3],"tags":[],"yoast_head":"<!-- This site is optimized with the Yoast SEO Premium plugin v17.8 (Yoast SEO v17.8) - https:\/\/yoast.com\/wordpress\/plugins\/seo\/ -->\n<title>COUACS DANS L\u2019ORGANISATION DU PELERINAGE - Le d\u00e9sarroi des 280 p\u00e8lerins\u00a0 d&#039;Air S\u00e9n\u00e9gal\u00a0 | Nettali.com<\/title>\n<meta name=\"robots\" content=\"index, follow, max-snippet:-1, max-image-preview:large, max-video-preview:-1\" \/>\n<link rel=\"canonical\" href=\"https:\/\/www.nettali.com\/2024\/06\/01\/couacs-dans-lorganisation-du-pelerinage-le-desarroi-des-280-pelerins-dair-senegal\/\" \/>\n<meta property=\"og:locale\" content=\"fr_FR\" \/>\n<meta property=\"og:type\" content=\"article\" \/>\n<meta property=\"og:title\" content=\"COUACS DANS L\u2019ORGANISATION DU PELERINAGE - Le d\u00e9sarroi des 280 p\u00e8lerins\u00a0 d&#039;Air S\u00e9n\u00e9gal\u00a0\" \/>\n<meta property=\"og:description\" content=\"NETTALI.COM - L\u2019\u00e9dition 2024 du p\u00e8lerinage aux Lieux Saints de l\u2019Islam a enregistr\u00e9 ses premiers couacs avec Air S\u00e9n\u00e9gal. La compagnie a\u00e9rienne nationale n\u2019a pas respect\u00e9 son engagement de convoyer son 2e vol, pr\u00e9vu hier, vendredi 31 mai 2024, vers 10 heures. Ce qui a install\u00e9 l\u2019inqui\u00e9tude chez les 280 p\u00e8lerins qui devaient prendre ce [&hellip;]\" \/>\n<meta property=\"og:url\" content=\"https:\/\/www.nettali.com\/2024\/06\/01\/couacs-dans-lorganisation-du-pelerinage-le-desarroi-des-280-pelerins-dair-senegal\/\" \/>\n<meta property=\"og:site_name\" content=\"Nettali.com\" \/>\n<meta property=\"article:publisher\" content=\"https:\/\/www.facebook.com\/nettalicom\" \/>\n<meta property=\"article:published_time\" content=\"2024-06-01T19:28:11+00:00\" \/>\n<meta property=\"article:modified_time\" content=\"2024-06-01T18:33:14+00:00\" \/>\n<meta property=\"og:image\" content=\"https:\/\/www.nettali.com\/wp-content\/uploads\/2019\/07\/Pelerinage-a-la-Mecque-1.jpg\" \/>\n\t<meta property=\"og:image:width\" content=\"680\" \/>\n\t<meta property=\"og:image:height\" content=\"430\" \/>\n<meta name=\"twitter:card\" content=\"summary_large_image\" \/>\n<meta name=\"twitter:label1\" content=\"\u00c9crit par\" \/>\n\t<meta name=\"twitter:data1\" content=\"Daouda\" \/>\n\t<meta name=\"twitter:label2\" content=\"Dur\u00e9e de lecture estim\u00e9e\" \/>\n\t<meta name=\"twitter:data2\" content=\"6 minutes\" \/>\n<script type=\"application\/ld+json\" class=\"yoast-schema-graph\">{\"@context\":\"https:\/\/schema.org\",\"@graph\":[{\"@type\":\"WebSite\",\"@id\":\"https:\/\/www.nettali.com\/#website\",\"url\":\"https:\/\/www.nettali.com\/\",\"name\":\"Nettali.com\",\"description\":\"Le rendez-vous critique du Net\",\"potentialAction\":[{\"@type\":\"SearchAction\",\"target\":{\"@type\":\"EntryPoint\",\"urlTemplate\":\"https:\/\/www.nettali.com\/?s={search_term_string}\"},\"query-input\":\"required name=search_term_string\"}],\"inLanguage\":\"fr-FR\"},{\"@type\":\"ImageObject\",\"@id\":\"https:\/\/www.nettali.com\/2024\/06\/01\/couacs-dans-lorganisation-du-pelerinage-le-desarroi-des-280-pelerins-dair-senegal\/#primaryimage\",\"inLanguage\":\"fr-FR\",\"url\":\"https:\/\/www.nettali.com\/wp-content\/uploads\/2019\/07\/Pelerinage-a-la-Mecque-1.jpg\",\"contentUrl\":\"https:\/\/www.nettali.com\/wp-content\/uploads\/2019\/07\/Pelerinage-a-la-Mecque-1.jpg\",\"width\":680,\"height\":430},{\"@type\":\"WebPage\",\"@id\":\"https:\/\/www.nettali.com\/2024\/06\/01\/couacs-dans-lorganisation-du-pelerinage-le-desarroi-des-280-pelerins-dair-senegal\/#webpage\",\"url\":\"https:\/\/www.nettali.com\/2024\/06\/01\/couacs-dans-lorganisation-du-pelerinage-le-desarroi-des-280-pelerins-dair-senegal\/\",\"name\":\"COUACS DANS L\\u2019ORGANISATION DU PELERINAGE - Le d\\u00e9sarroi des 280 p\\u00e8lerins\\u00a0 d'Air S\\u00e9n\\u00e9gal\\u00a0 | Nettali.com\",\"isPartOf\":{\"@id\":\"https:\/\/www.nettali.com\/#website\"},\"primaryImageOfPage\":{\"@id\":\"https:\/\/www.nettali.com\/2024\/06\/01\/couacs-dans-lorganisation-du-pelerinage-le-desarroi-des-280-pelerins-dair-senegal\/#primaryimage\"},\"datePublished\":\"2024-06-01T19:28:11+00:00\",\"dateModified\":\"2024-06-01T18:33:14+00:00\",\"author\":{\"@id\":\"https:\/\/www.nettali.com\/#\/schema\/person\/3317e0bb3aa1da309fbf7b2780901bf4\"},\"breadcrumb\":{\"@id\":\"https:\/\/www.nettali.com\/2024\/06\/01\/couacs-dans-lorganisation-du-pelerinage-le-desarroi-des-280-pelerins-dair-senegal\/#breadcrumb\"},\"inLanguage\":\"fr-FR\",\"potentialAction\":[{\"@type\":\"ReadAction\",\"target\":[\"https:\/\/www.nettali.com\/2024\/06\/01\/couacs-dans-lorganisation-du-pelerinage-le-desarroi-des-280-pelerins-dair-senegal\/\"]}]},{\"@type\":\"BreadcrumbList\",\"@id\":\"https:\/\/www.nettali.com\/2024\/06\/01\/couacs-dans-lorganisation-du-pelerinage-le-desarroi-des-280-pelerins-dair-senegal\/#breadcrumb\",\"itemListElement\":[{\"@type\":\"ListItem\",\"position\":1,\"name\":\"Accueil\",\"item\":\"https:\/\/www.nettali.com\/\"},{\"@type\":\"ListItem\",\"position\":2,\"name\":\"COUACS DANS L\\u2019ORGANISATION DU PELERINAGE - Le d\\u00e9sarroi des 280 p\\u00e8lerins\\u00a0 d'Air S\\u00e9n\\u00e9gal\\u00a0\"}]},{\"@type\":\"Person\",\"@id\":\"https:\/\/www.nettali.com\/#\/schema\/person\/3317e0bb3aa1da309fbf7b2780901bf4\",\"name\":\"Daouda\",\"image\":{\"@type\":\"ImageObject\",\"@id\":\"https:\/\/www.nettali.com\/#personlogo\",\"inLanguage\":\"fr-FR\",\"url\":\"https:\/\/secure.gravatar.com\/avatar\/8d143b5a49345098ddcfee1c49c2f47c?s=96&d=mm&r=g\",\"contentUrl\":\"https:\/\/secure.gravatar.com\/avatar\/8d143b5a49345098ddcfee1c49c2f47c?s=96&d=mm&r=g\",\"caption\":\"Daouda\"},\"sameAs\":[\"https:\/\/www.nettali.com\"]}]}<\/script>\n<!-- \/ Yoast SEO Premium plugin. -->","yoast_head_json":{"title":"COUACS DANS L\u2019ORGANISATION DU PELERINAGE - Le d\u00e9sarroi des 280 p\u00e8lerins\u00a0 d'Air S\u00e9n\u00e9gal\u00a0 | Nettali.com","robots":{"index":"index","follow":"follow","max-snippet":"max-snippet:-1","max-image-preview":"max-image-preview:large","max-video-preview":"max-video-preview:-1"},"canonical":"https:\/\/www.nettali.com\/2024\/06\/01\/couacs-dans-lorganisation-du-pelerinage-le-desarroi-des-280-pelerins-dair-senegal\/","og_locale":"fr_FR","og_type":"article","og_title":"COUACS DANS L\u2019ORGANISATION DU PELERINAGE - Le d\u00e9sarroi des 280 p\u00e8lerins\u00a0 d'Air S\u00e9n\u00e9gal\u00a0","og_description":"NETTALI.COM - L\u2019\u00e9dition 2024 du p\u00e8lerinage aux Lieux Saints de l\u2019Islam a enregistr\u00e9 ses premiers couacs avec Air S\u00e9n\u00e9gal. La compagnie a\u00e9rienne nationale n\u2019a pas respect\u00e9 son engagement de convoyer son 2e vol, pr\u00e9vu hier, vendredi 31 mai 2024, vers 10 heures. Ce qui a install\u00e9 l\u2019inqui\u00e9tude chez les 280 p\u00e8lerins qui devaient prendre ce [&hellip;]","og_url":"https:\/\/www.nettali.com\/2024\/06\/01\/couacs-dans-lorganisation-du-pelerinage-le-desarroi-des-280-pelerins-dair-senegal\/","og_site_name":"Nettali.com","article_publisher":"https:\/\/www.facebook.com\/nettalicom","article_published_time":"2024-06-01T19:28:11+00:00","article_modified_time":"2024-06-01T18:33:14+00:00","og_image":[{"width":680,"height":430,"url":"https:\/\/www.nettali.com\/wp-content\/uploads\/2019\/07\/Pelerinage-a-la-Mecque-1.jpg","type":"image\/jpeg"}],"twitter_card":"summary_large_image","twitter_misc":{"\u00c9crit par":"Daouda","Dur\u00e9e de lecture estim\u00e9e":"6 minutes"},"schema":{"@context":"https:\/\/schema.org","@graph":[{"@type":"WebSite","@id":"https:\/\/www.nettali.com\/#website","url":"https:\/\/www.nettali.com\/","name":"Nettali.com","description":"Le rendez-vous critique du Net","potentialAction":[{"@type":"SearchAction","target":{"@type":"EntryPoint","urlTemplate":"https:\/\/www.nettali.com\/?s={search_term_string}"},"query-input":"required name=search_term_string"}],"inLanguage":"fr-FR"},{"@type":"ImageObject","@id":"https:\/\/www.nettali.com\/2024\/06\/01\/couacs-dans-lorganisation-du-pelerinage-le-desarroi-des-280-pelerins-dair-senegal\/#primaryimage","inLanguage":"fr-FR","url":"https:\/\/www.nettali.com\/wp-content\/uploads\/2019\/07\/Pelerinage-a-la-Mecque-1.jpg","contentUrl":"https:\/\/www.nettali.com\/wp-content\/uploads\/2019\/07\/Pelerinage-a-la-Mecque-1.jpg","width":680,"height":430},{"@type":"WebPage","@id":"https:\/\/www.nettali.com\/2024\/06\/01\/couacs-dans-lorganisation-du-pelerinage-le-desarroi-des-280-pelerins-dair-senegal\/#webpage","url":"https:\/\/www.nettali.com\/2024\/06\/01\/couacs-dans-lorganisation-du-pelerinage-le-desarroi-des-280-pelerins-dair-senegal\/","name":"COUACS DANS L\u2019ORGANISATION DU PELERINAGE - Le d\u00e9sarroi des 280 p\u00e8lerins\u00a0 d'Air S\u00e9n\u00e9gal\u00a0 | Nettali.com","isPartOf":{"@id":"https:\/\/www.nettali.com\/#website"},"primaryImageOfPage":{"@id":"https:\/\/www.nettali.com\/2024\/06\/01\/couacs-dans-lorganisation-du-pelerinage-le-desarroi-des-280-pelerins-dair-senegal\/#primaryimage"},"datePublished":"2024-06-01T19:28:11+00:00","dateModified":"2024-06-01T18:33:14+00:00","author":{"@id":"https:\/\/www.nettali.com\/#\/schema\/person\/3317e0bb3aa1da309fbf7b2780901bf4"},"breadcrumb":{"@id":"https:\/\/www.nettali.com\/2024\/06\/01\/couacs-dans-lorganisation-du-pelerinage-le-desarroi-des-280-pelerins-dair-senegal\/#breadcrumb"},"inLanguage":"fr-FR","potentialAction":[{"@type":"ReadAction","target":["https:\/\/www.nettali.com\/2024\/06\/01\/couacs-dans-lorganisation-du-pelerinage-le-desarroi-des-280-pelerins-dair-senegal\/"]}]},{"@type":"BreadcrumbList","@id":"https:\/\/www.nettali.com\/2024\/06\/01\/couacs-dans-lorganisation-du-pelerinage-le-desarroi-des-280-pelerins-dair-senegal\/#breadcrumb","itemListElement":[{"@type":"ListItem","position":1,"name":"Accueil","item":"https:\/\/www.nettali.com\/"},{"@type":"ListItem","position":2,"name":"COUACS DANS L\u2019ORGANISATION DU PELERINAGE - Le d\u00e9sarroi des 280 p\u00e8lerins\u00a0 d'Air S\u00e9n\u00e9gal\u00a0"}]},{"@type":"Person","@id":"https:\/\/www.nettali.com\/#\/schema\/person\/3317e0bb3aa1da309fbf7b2780901bf4","name":"Daouda","image":{"@type":"ImageObject","@id":"https:\/\/www.nettali.com\/#personlogo","inLanguage":"fr-FR","url":"https:\/\/secure.gravatar.com\/avatar\/8d143b5a49345098ddcfee1c49c2f47c?s=96&d=mm&r=g","contentUrl":"https:\/\/secure.gravatar.com\/avatar\/8d143b5a49345098ddcfee1c49c2f47c?s=96&d=mm&r=g","caption":"Daouda"},"sameAs":["https:\/\/www.nettali.com"]}]}},"_links":{"self":[{"href":"https:\/\/www.nettali.com\/rest\/wp\/v2\/posts\/134410"}],"collection":[{"href":"https:\/\/www.nettali.com\/rest\/wp\/v2\/posts"}],"about":[{"href":"https:\/\/www.nettali.com\/rest\/wp\/v2\/types\/post"}],"author":[{"embeddable":true,"href":"https:\/\/www.nettali.com\/rest\/wp\/v2\/users\/4"}],"replies":[{"embeddable":true,"href":"https:\/\/www.nettali.com\/rest\/wp\/v2\/comments?post=134410"}],"version-history":[{"count":1,"href":"https:\/\/www.nettali.com\/rest\/wp\/v2\/posts\/134410\/revisions"}],"predecessor-version":[{"id":134411,"href":"https:\/\/www.nettali.com\/rest\/wp\/v2\/posts\/134410\/revisions\/134411"}],"wp:featuredmedia":[{"embeddable":true,"href":"https:\/\/www.nettali.com\/rest\/wp\/v2\/media\/14001"}],"wp:attachment":[{"href":"https:\/\/www.nettali.com\/rest\/wp\/v2\/media?parent=134410"}],"wp:term":[{"taxonomy":"category","embeddable":true,"href":"https:\/\/www.nettali.com\/rest\/wp\/v2\/categories?post=134410"},{"taxonomy":"post_tag","embeddable":true,"href":"https:\/\/www.nettali.com\/rest\/wp\/v2\/tags?post=134410"}],"curies":[{"name":"wp","href":"https:\/\/api.w.org\/{rel}","templated":true}]}}