{"id":134344,"date":"2024-05-31T14:00:41","date_gmt":"2024-05-31T14:00:41","guid":{"rendered":"https:\/\/www.nettali.com\/?p=134344"},"modified":"2024-05-31T13:04:52","modified_gmt":"2024-05-31T13:04:52","slug":"sonko-rend-hommage-a-son-pool-davocats","status":"publish","type":"post","link":"https:\/\/www.nettali.com\/2024\/05\/31\/sonko-rend-hommage-a-son-pool-davocats\/","title":{"rendered":"Sonko rend hommage \u00e0 son pool d'avocats"},"content":{"rendered":"<div class=\"texte\">\n<div class=\"access firstletter\">NETTALI.COM - Le Premier ministre, Ousmane Sonko, a re\u00e7u ce jeudi son pool d\u2019avocats qui le soutenaient lors de ses probl\u00e8mes judiciaires avec l\u2019ancien r\u00e9gime. Une occasion pour le chef du gouvernement de r\u00e9it\u00e9rer sa reconnaissance \u00e0 Me Bamba Ciss\u00e9 et Cie.<\/div>\n<div class=\"access firstletter\"><em>\u00ab C\u2019est avec beaucoup de plaisir et d\u2019\u00e9motion que j\u2019ai retrouv\u00e9, aujourd'hui, mon p\u00f4le d\u2019avocats. Ces dames et ces hommes sont des acteurs Alpha du projet. Ils en ont pay\u00e9 le prix fort : proc\u00e9dures disciplinaires, suspensions, menaces, arrestations\u2026Mais ils sont rest\u00e9s dignes \u00e0 nos c\u00f4t\u00e9s, r\u00e9siliants et d\u00e9sint\u00e9ress\u00e9s. Mes pens\u00e9es \u00e0 ceux qui n\u2019ont pu \u00eatre pr\u00e9sents aujourd\u2019hui \u00bb<\/em>, \u00e9crit Ousmane Sonko sur sa page Facebook.<\/div>\n<\/div>\n<div class=\"hide_module_inside\">\n<div id=\"mod_4047092\" class=\"mod_4047092 wm-module fullbackground module-article_connexe\">\n<div class=\"entete\"><\/div>\n<\/div>\n<\/div>\n<div class='share-to-whatsapp-wrapper'><div class='share-on-whsp'>PARTAGER SUR : <\/div><a data-text='Sonko rend hommage \u00e0 son pool d'avocats' data-link='https:\/\/www.nettali.com\/2024\/05\/31\/sonko-rend-hommage-a-son-pool-davocats\/' class='whatsapp-button whatsapp-share'>WhatsApp<\/a><div class='clear '><\/div><\/div>","protected":false},"excerpt":{"rendered":"<p>NETTALI.COM - Le Premier ministre, Ousmane Sonko, a re\u00e7u ce jeudi son pool d\u2019avocats qui le soutenaient lors de ses probl\u00e8mes judiciaires avec l\u2019ancien r\u00e9gime. Une occasion pour le chef du gouvernement de r\u00e9it\u00e9rer sa reconnaissance \u00e0 Me Bamba Ciss\u00e9 et Cie. \u00ab C\u2019est avec beaucoup de plaisir et d\u2019\u00e9motion que j\u2019ai retrouv\u00e9, aujourd'hui, mon [&hellip;]<\/p>\n","protected":false},"author":4,"featured_media":134345,"comment_status":"open","ping_status":"open","sticky":false,"template":"","format":"standard","meta":{"_et_pb_use_builder":"","_et_pb_old_content":""},"categories":[3],"tags":[],"yoast_head":"<!-- This site is optimized with the Yoast SEO Premium plugin v17.8 (Yoast SEO v17.8) - https:\/\/yoast.com\/wordpress\/plugins\/seo\/ -->\n<title>Sonko rend hommage \u00e0 son pool d&#039;avocats | Nettali.com<\/title>\n<meta name=\"robots\" content=\"index, follow, max-snippet:-1, max-image-preview:large, max-video-preview:-1\" \/>\n<link rel=\"canonical\" href=\"https:\/\/www.nettali.com\/2024\/05\/31\/sonko-rend-hommage-a-son-pool-davocats\/\" \/>\n<meta property=\"og:locale\" content=\"fr_FR\" \/>\n<meta property=\"og:type\" content=\"article\" \/>\n<meta property=\"og:title\" content=\"Sonko rend hommage \u00e0 son pool d&#039;avocats\" \/>\n<meta property=\"og:description\" content=\"NETTALI.COM - Le Premier ministre, Ousmane Sonko, a re\u00e7u ce jeudi son pool d\u2019avocats qui le soutenaient lors de ses probl\u00e8mes judiciaires avec l\u2019ancien r\u00e9gime. Une occasion pour le chef du gouvernement de r\u00e9it\u00e9rer sa reconnaissance \u00e0 Me Bamba Ciss\u00e9 et Cie. \u00ab C\u2019est avec beaucoup de plaisir et d\u2019\u00e9motion que j\u2019ai retrouv\u00e9, aujourd&#039;hui, mon [&hellip;]\" \/>\n<meta property=\"og:url\" content=\"https:\/\/www.nettali.com\/2024\/05\/31\/sonko-rend-hommage-a-son-pool-davocats\/\" \/>\n<meta property=\"og:site_name\" content=\"Nettali.com\" \/>\n<meta property=\"article:publisher\" content=\"https:\/\/www.facebook.com\/nettalicom\" \/>\n<meta property=\"article:published_time\" content=\"2024-05-31T14:00:41+00:00\" \/>\n<meta property=\"article:modified_time\" content=\"2024-05-31T13:04:52+00:00\" \/>\n<meta property=\"og:image\" content=\"https:\/\/www.nettali.com\/wp-content\/uploads\/2024\/05\/Capture-de\u0301cran-2024-05-31-a\u0300-13.00.24.png\" \/>\n\t<meta property=\"og:image:width\" content=\"1082\" \/>\n\t<meta property=\"og:image:height\" content=\"554\" \/>\n<meta name=\"twitter:card\" content=\"summary_large_image\" \/>\n<meta name=\"twitter:label1\" content=\"\u00c9crit par\" \/>\n\t<meta name=\"twitter:data1\" content=\"Daouda\" \/>\n\t<meta name=\"twitter:label2\" content=\"Dur\u00e9e de lecture estim\u00e9e\" \/>\n\t<meta name=\"twitter:data2\" content=\"1 minute\" \/>\n<script type=\"application\/ld+json\" class=\"yoast-schema-graph\">{\"@context\":\"https:\/\/schema.org\",\"@graph\":[{\"@type\":\"WebSite\",\"@id\":\"https:\/\/www.nettali.com\/#website\",\"url\":\"https:\/\/www.nettali.com\/\",\"name\":\"Nettali.com\",\"description\":\"Le rendez-vous critique du Net\",\"potentialAction\":[{\"@type\":\"SearchAction\",\"target\":{\"@type\":\"EntryPoint\",\"urlTemplate\":\"https:\/\/www.nettali.com\/?s={search_term_string}\"},\"query-input\":\"required name=search_term_string\"}],\"inLanguage\":\"fr-FR\"},{\"@type\":\"ImageObject\",\"@id\":\"https:\/\/www.nettali.com\/2024\/05\/31\/sonko-rend-hommage-a-son-pool-davocats\/#primaryimage\",\"inLanguage\":\"fr-FR\",\"url\":\"https:\/\/www.nettali.com\/wp-content\/uploads\/2024\/05\/Capture-de\\u0301cran-2024-05-31-a\\u0300-13.00.24.png\",\"contentUrl\":\"https:\/\/www.nettali.com\/wp-content\/uploads\/2024\/05\/Capture-de\\u0301cran-2024-05-31-a\\u0300-13.00.24.png\",\"width\":1082,\"height\":554},{\"@type\":\"WebPage\",\"@id\":\"https:\/\/www.nettali.com\/2024\/05\/31\/sonko-rend-hommage-a-son-pool-davocats\/#webpage\",\"url\":\"https:\/\/www.nettali.com\/2024\/05\/31\/sonko-rend-hommage-a-son-pool-davocats\/\",\"name\":\"Sonko rend hommage \\u00e0 son pool d'avocats | Nettali.com\",\"isPartOf\":{\"@id\":\"https:\/\/www.nettali.com\/#website\"},\"primaryImageOfPage\":{\"@id\":\"https:\/\/www.nettali.com\/2024\/05\/31\/sonko-rend-hommage-a-son-pool-davocats\/#primaryimage\"},\"datePublished\":\"2024-05-31T14:00:41+00:00\",\"dateModified\":\"2024-05-31T13:04:52+00:00\",\"author\":{\"@id\":\"https:\/\/www.nettali.com\/#\/schema\/person\/3317e0bb3aa1da309fbf7b2780901bf4\"},\"breadcrumb\":{\"@id\":\"https:\/\/www.nettali.com\/2024\/05\/31\/sonko-rend-hommage-a-son-pool-davocats\/#breadcrumb\"},\"inLanguage\":\"fr-FR\",\"potentialAction\":[{\"@type\":\"ReadAction\",\"target\":[\"https:\/\/www.nettali.com\/2024\/05\/31\/sonko-rend-hommage-a-son-pool-davocats\/\"]}]},{\"@type\":\"BreadcrumbList\",\"@id\":\"https:\/\/www.nettali.com\/2024\/05\/31\/sonko-rend-hommage-a-son-pool-davocats\/#breadcrumb\",\"itemListElement\":[{\"@type\":\"ListItem\",\"position\":1,\"name\":\"Accueil\",\"item\":\"https:\/\/www.nettali.com\/\"},{\"@type\":\"ListItem\",\"position\":2,\"name\":\"Sonko rend hommage \\u00e0 son pool d'avocats\"}]},{\"@type\":\"Person\",\"@id\":\"https:\/\/www.nettali.com\/#\/schema\/person\/3317e0bb3aa1da309fbf7b2780901bf4\",\"name\":\"Daouda\",\"image\":{\"@type\":\"ImageObject\",\"@id\":\"https:\/\/www.nettali.com\/#personlogo\",\"inLanguage\":\"fr-FR\",\"url\":\"https:\/\/secure.gravatar.com\/avatar\/8d143b5a49345098ddcfee1c49c2f47c?s=96&d=mm&r=g\",\"contentUrl\":\"https:\/\/secure.gravatar.com\/avatar\/8d143b5a49345098ddcfee1c49c2f47c?s=96&d=mm&r=g\",\"caption\":\"Daouda\"},\"sameAs\":[\"https:\/\/www.nettali.com\"]}]}<\/script>\n<!-- \/ Yoast SEO Premium plugin. -->","yoast_head_json":{"title":"Sonko rend hommage \u00e0 son pool d'avocats | Nettali.com","robots":{"index":"index","follow":"follow","max-snippet":"max-snippet:-1","max-image-preview":"max-image-preview:large","max-video-preview":"max-video-preview:-1"},"canonical":"https:\/\/www.nettali.com\/2024\/05\/31\/sonko-rend-hommage-a-son-pool-davocats\/","og_locale":"fr_FR","og_type":"article","og_title":"Sonko rend hommage \u00e0 son pool d'avocats","og_description":"NETTALI.COM - Le Premier ministre, Ousmane Sonko, a re\u00e7u ce jeudi son pool d\u2019avocats qui le soutenaient lors de ses probl\u00e8mes judiciaires avec l\u2019ancien r\u00e9gime. Une occasion pour le chef du gouvernement de r\u00e9it\u00e9rer sa reconnaissance \u00e0 Me Bamba Ciss\u00e9 et Cie. \u00ab C\u2019est avec beaucoup de plaisir et d\u2019\u00e9motion que j\u2019ai retrouv\u00e9, aujourd'hui, mon [&hellip;]","og_url":"https:\/\/www.nettali.com\/2024\/05\/31\/sonko-rend-hommage-a-son-pool-davocats\/","og_site_name":"Nettali.com","article_publisher":"https:\/\/www.facebook.com\/nettalicom","article_published_time":"2024-05-31T14:00:41+00:00","article_modified_time":"2024-05-31T13:04:52+00:00","og_image":[{"width":1082,"height":554,"url":"https:\/\/www.nettali.com\/wp-content\/uploads\/2024\/05\/Capture-de\u0301cran-2024-05-31-a\u0300-13.00.24.png","type":"image\/png"}],"twitter_card":"summary_large_image","twitter_misc":{"\u00c9crit par":"Daouda","Dur\u00e9e de lecture estim\u00e9e":"1 minute"},"schema":{"@context":"https:\/\/schema.org","@graph":[{"@type":"WebSite","@id":"https:\/\/www.nettali.com\/#website","url":"https:\/\/www.nettali.com\/","name":"Nettali.com","description":"Le rendez-vous critique du Net","potentialAction":[{"@type":"SearchAction","target":{"@type":"EntryPoint","urlTemplate":"https:\/\/www.nettali.com\/?s={search_term_string}"},"query-input":"required name=search_term_string"}],"inLanguage":"fr-FR"},{"@type":"ImageObject","@id":"https:\/\/www.nettali.com\/2024\/05\/31\/sonko-rend-hommage-a-son-pool-davocats\/#primaryimage","inLanguage":"fr-FR","url":"https:\/\/www.nettali.com\/wp-content\/uploads\/2024\/05\/Capture-de\u0301cran-2024-05-31-a\u0300-13.00.24.png","contentUrl":"https:\/\/www.nettali.com\/wp-content\/uploads\/2024\/05\/Capture-de\u0301cran-2024-05-31-a\u0300-13.00.24.png","width":1082,"height":554},{"@type":"WebPage","@id":"https:\/\/www.nettali.com\/2024\/05\/31\/sonko-rend-hommage-a-son-pool-davocats\/#webpage","url":"https:\/\/www.nettali.com\/2024\/05\/31\/sonko-rend-hommage-a-son-pool-davocats\/","name":"Sonko rend hommage \u00e0 son pool d'avocats | Nettali.com","isPartOf":{"@id":"https:\/\/www.nettali.com\/#website"},"primaryImageOfPage":{"@id":"https:\/\/www.nettali.com\/2024\/05\/31\/sonko-rend-hommage-a-son-pool-davocats\/#primaryimage"},"datePublished":"2024-05-31T14:00:41+00:00","dateModified":"2024-05-31T13:04:52+00:00","author":{"@id":"https:\/\/www.nettali.com\/#\/schema\/person\/3317e0bb3aa1da309fbf7b2780901bf4"},"breadcrumb":{"@id":"https:\/\/www.nettali.com\/2024\/05\/31\/sonko-rend-hommage-a-son-pool-davocats\/#breadcrumb"},"inLanguage":"fr-FR","potentialAction":[{"@type":"ReadAction","target":["https:\/\/www.nettali.com\/2024\/05\/31\/sonko-rend-hommage-a-son-pool-davocats\/"]}]},{"@type":"BreadcrumbList","@id":"https:\/\/www.nettali.com\/2024\/05\/31\/sonko-rend-hommage-a-son-pool-davocats\/#breadcrumb","itemListElement":[{"@type":"ListItem","position":1,"name":"Accueil","item":"https:\/\/www.nettali.com\/"},{"@type":"ListItem","position":2,"name":"Sonko rend hommage \u00e0 son pool d'avocats"}]},{"@type":"Person","@id":"https:\/\/www.nettali.com\/#\/schema\/person\/3317e0bb3aa1da309fbf7b2780901bf4","name":"Daouda","image":{"@type":"ImageObject","@id":"https:\/\/www.nettali.com\/#personlogo","inLanguage":"fr-FR","url":"https:\/\/secure.gravatar.com\/avatar\/8d143b5a49345098ddcfee1c49c2f47c?s=96&d=mm&r=g","contentUrl":"https:\/\/secure.gravatar.com\/avatar\/8d143b5a49345098ddcfee1c49c2f47c?s=96&d=mm&r=g","caption":"Daouda"},"sameAs":["https:\/\/www.nettali.com"]}]}},"_links":{"self":[{"href":"https:\/\/www.nettali.com\/rest\/wp\/v2\/posts\/134344"}],"collection":[{"href":"https:\/\/www.nettali.com\/rest\/wp\/v2\/posts"}],"about":[{"href":"https:\/\/www.nettali.com\/rest\/wp\/v2\/types\/post"}],"author":[{"embeddable":true,"href":"https:\/\/www.nettali.com\/rest\/wp\/v2\/users\/4"}],"replies":[{"embeddable":true,"href":"https:\/\/www.nettali.com\/rest\/wp\/v2\/comments?post=134344"}],"version-history":[{"count":2,"href":"https:\/\/www.nettali.com\/rest\/wp\/v2\/posts\/134344\/revisions"}],"predecessor-version":[{"id":134347,"href":"https:\/\/www.nettali.com\/rest\/wp\/v2\/posts\/134344\/revisions\/134347"}],"wp:featuredmedia":[{"embeddable":true,"href":"https:\/\/www.nettali.com\/rest\/wp\/v2\/media\/134345"}],"wp:attachment":[{"href":"https:\/\/www.nettali.com\/rest\/wp\/v2\/media?parent=134344"}],"wp:term":[{"taxonomy":"category","embeddable":true,"href":"https:\/\/www.nettali.com\/rest\/wp\/v2\/categories?post=134344"},{"taxonomy":"post_tag","embeddable":true,"href":"https:\/\/www.nettali.com\/rest\/wp\/v2\/tags?post=134344"}],"curies":[{"name":"wp","href":"https:\/\/api.w.org\/{rel}","templated":true}]}}