{"id":134279,"date":"2024-05-30T21:14:24","date_gmt":"2024-05-30T21:14:24","guid":{"rendered":"https:\/\/www.nettali.com\/?p=134279"},"modified":"2024-05-31T12:10:33","modified_gmt":"2024-05-31T12:10:33","slug":"affaire-du-general-kande-le-dirpub-de-la-tribune-place-en-garde-a-vue-mouhamed-gueye-du-quotidien-convoque-demain","status":"publish","type":"post","link":"https:\/\/www.nettali.com\/2024\/05\/30\/affaire-du-general-kande-le-dirpub-de-la-tribune-place-en-garde-a-vue-mouhamed-gueye-du-quotidien-convoque-demain\/","title":{"rendered":"AFFAIRE DU G\u00c9N\u00c9RAL KAND\u00c9 - Le Dirpub de \"La Tribune\" et Mouhamed Gu\u00e8ye du \"Quotidien\" convoqu\u00e9s"},"content":{"rendered":"<p><strong>NETTALI.COM - Le directeur de publication du Journal Le Quotidien, Mohamed Gu\u00e8ye, a \u00e9t\u00e9 convoqu\u00e9 par la Section de recherches de la gendarmerie, suite \u00e0 son article publi\u00e9 ce jeudi sur la mutation du g\u00e9n\u00e9ral Kand\u00e9 en Inde comme attach\u00e9 militaire.<\/strong><\/p>\n<p>Mohamed Gu\u00e8ye, le Directeur de Publication du Journal \u00abLe Quotidien\u00bb a \u00e9t\u00e9 convoqu\u00e9 par la section de recherches de la gendarmerie nationale. Il devra se rendre demain matin \u00e0 la caserne Samba Di\u00e9ry Diallo. Une convocation qui fait suite \u00e0 l\u2019article publi\u00e9 par le journal sur l\u2019affectation du g\u00e9n\u00e9ral Suleymane Kand\u00e9 en Inde et les informations publi\u00e9es par nos confr\u00e8res.<\/p>\n<p>Depuis l'\u00e9tranger o\u00f9 il se trouve, Madiambal Diagne a r\u00e9agi. \u00abJ'apporte mon soutien \u00e0 Mohamed Gu\u00e8ye et \u00e0 toute la r\u00e9daction du Quotidien. \u00a0Je renouvelle ma confiance \u00e0 mon Dirpub. Je vais regagner Dakar, toutes affaires cessantes. Sans doute qu'on aurait pas besoin de choper M. Gu\u00e8ye seul\u00bb, a indiqu\u00e9 le patron du Groupe de presse avenir Communication, propri\u00e9taire du Journal \u00abLe Quotidien\u00bb.<\/p>\n<p>Sur cette m\u00eame affaire, Pape moussa Traor\u00e9, le Directeur de publication du Journal La Tribune a aussi \u00e9t\u00e9 convoqu\u00e9.<\/p>\n<p>&nbsp;<\/p>\n<div class='share-to-whatsapp-wrapper'><div class='share-on-whsp'>PARTAGER SUR : <\/div><a data-text='AFFAIRE DU G\u00c9N\u00c9RAL KAND\u00c9 - Le Dirpub de \"La Tribune\" et Mouhamed Gu\u00e8ye du \"Quotidien\" convoqu\u00e9s' data-link='https:\/\/www.nettali.com\/2024\/05\/30\/affaire-du-general-kande-le-dirpub-de-la-tribune-place-en-garde-a-vue-mouhamed-gueye-du-quotidien-convoque-demain\/' class='whatsapp-button whatsapp-share'>WhatsApp<\/a><div class='clear '><\/div><\/div>","protected":false},"excerpt":{"rendered":"<p>NETTALI.COM - Le directeur de publication du Journal Le Quotidien, Mohamed Gu\u00e8ye, a \u00e9t\u00e9 convoqu\u00e9 par la Section de recherches de la gendarmerie, suite \u00e0 son article publi\u00e9 ce jeudi sur la mutation du g\u00e9n\u00e9ral Kand\u00e9 en Inde comme attach\u00e9 militaire. Mohamed Gu\u00e8ye, le Directeur de Publication du Journal \u00abLe Quotidien\u00bb a \u00e9t\u00e9 convoqu\u00e9 par [&hellip;]<\/p>\n","protected":false},"author":4,"featured_media":134280,"comment_status":"open","ping_status":"open","sticky":false,"template":"","format":"standard","meta":{"_et_pb_use_builder":"","_et_pb_old_content":""},"categories":[3],"tags":[],"yoast_head":"<!-- This site is optimized with the Yoast SEO Premium plugin v17.8 (Yoast SEO v17.8) - https:\/\/yoast.com\/wordpress\/plugins\/seo\/ -->\n<title>AFFAIRE DU G\u00c9N\u00c9RAL KAND\u00c9 - Le Dirpub de &quot;La Tribune&quot; et Mouhamed Gu\u00e8ye du &quot;Quotidien&quot; convoqu\u00e9s | Nettali.com<\/title>\n<meta name=\"robots\" content=\"index, follow, max-snippet:-1, max-image-preview:large, max-video-preview:-1\" \/>\n<link rel=\"canonical\" href=\"https:\/\/www.nettali.com\/2024\/05\/30\/affaire-du-general-kande-le-dirpub-de-la-tribune-place-en-garde-a-vue-mouhamed-gueye-du-quotidien-convoque-demain\/\" \/>\n<meta property=\"og:locale\" content=\"fr_FR\" \/>\n<meta property=\"og:type\" content=\"article\" \/>\n<meta property=\"og:title\" content=\"AFFAIRE DU G\u00c9N\u00c9RAL KAND\u00c9 - Le Dirpub de &quot;La Tribune&quot; et Mouhamed Gu\u00e8ye du &quot;Quotidien&quot; convoqu\u00e9s\" \/>\n<meta property=\"og:description\" content=\"NETTALI.COM - Le directeur de publication du Journal Le Quotidien, Mohamed Gu\u00e8ye, a \u00e9t\u00e9 convoqu\u00e9 par la Section de recherches de la gendarmerie, suite \u00e0 son article publi\u00e9 ce jeudi sur la mutation du g\u00e9n\u00e9ral Kand\u00e9 en Inde comme attach\u00e9 militaire. Mohamed Gu\u00e8ye, le Directeur de Publication du Journal \u00abLe Quotidien\u00bb a \u00e9t\u00e9 convoqu\u00e9 par [&hellip;]\" \/>\n<meta property=\"og:url\" content=\"https:\/\/www.nettali.com\/2024\/05\/30\/affaire-du-general-kande-le-dirpub-de-la-tribune-place-en-garde-a-vue-mouhamed-gueye-du-quotidien-convoque-demain\/\" \/>\n<meta property=\"og:site_name\" content=\"Nettali.com\" \/>\n<meta property=\"article:publisher\" content=\"https:\/\/www.facebook.com\/nettalicom\" \/>\n<meta property=\"article:published_time\" content=\"2024-05-30T21:14:24+00:00\" \/>\n<meta property=\"article:modified_time\" content=\"2024-05-31T12:10:33+00:00\" \/>\n<meta property=\"og:image\" content=\"https:\/\/www.nettali.com\/wp-content\/uploads\/2024\/05\/Ge\u0301ne\u0301ral-Kande\u0301.png\" \/>\n\t<meta property=\"og:image:width\" content=\"1600\" \/>\n\t<meta property=\"og:image:height\" content=\"900\" \/>\n<meta name=\"twitter:card\" content=\"summary_large_image\" \/>\n<meta name=\"twitter:label1\" content=\"\u00c9crit par\" \/>\n\t<meta name=\"twitter:data1\" content=\"Daouda\" \/>\n\t<meta name=\"twitter:label2\" content=\"Dur\u00e9e de lecture estim\u00e9e\" \/>\n\t<meta name=\"twitter:data2\" content=\"2 minutes\" \/>\n<script type=\"application\/ld+json\" class=\"yoast-schema-graph\">{\"@context\":\"https:\/\/schema.org\",\"@graph\":[{\"@type\":\"WebSite\",\"@id\":\"https:\/\/www.nettali.com\/#website\",\"url\":\"https:\/\/www.nettali.com\/\",\"name\":\"Nettali.com\",\"description\":\"Le rendez-vous critique du Net\",\"potentialAction\":[{\"@type\":\"SearchAction\",\"target\":{\"@type\":\"EntryPoint\",\"urlTemplate\":\"https:\/\/www.nettali.com\/?s={search_term_string}\"},\"query-input\":\"required name=search_term_string\"}],\"inLanguage\":\"fr-FR\"},{\"@type\":\"ImageObject\",\"@id\":\"https:\/\/www.nettali.com\/2024\/05\/30\/affaire-du-general-kande-le-dirpub-de-la-tribune-place-en-garde-a-vue-mouhamed-gueye-du-quotidien-convoque-demain\/#primaryimage\",\"inLanguage\":\"fr-FR\",\"url\":\"https:\/\/www.nettali.com\/wp-content\/uploads\/2024\/05\/Ge\\u0301ne\\u0301ral-Kande\\u0301.png\",\"contentUrl\":\"https:\/\/www.nettali.com\/wp-content\/uploads\/2024\/05\/Ge\\u0301ne\\u0301ral-Kande\\u0301.png\",\"width\":1600,\"height\":900},{\"@type\":\"WebPage\",\"@id\":\"https:\/\/www.nettali.com\/2024\/05\/30\/affaire-du-general-kande-le-dirpub-de-la-tribune-place-en-garde-a-vue-mouhamed-gueye-du-quotidien-convoque-demain\/#webpage\",\"url\":\"https:\/\/www.nettali.com\/2024\/05\/30\/affaire-du-general-kande-le-dirpub-de-la-tribune-place-en-garde-a-vue-mouhamed-gueye-du-quotidien-convoque-demain\/\",\"name\":\"AFFAIRE DU G\\u00c9N\\u00c9RAL KAND\\u00c9 - Le Dirpub de \\\"La Tribune\\\" et Mouhamed Gu\\u00e8ye du \\\"Quotidien\\\" convoqu\\u00e9s | Nettali.com\",\"isPartOf\":{\"@id\":\"https:\/\/www.nettali.com\/#website\"},\"primaryImageOfPage\":{\"@id\":\"https:\/\/www.nettali.com\/2024\/05\/30\/affaire-du-general-kande-le-dirpub-de-la-tribune-place-en-garde-a-vue-mouhamed-gueye-du-quotidien-convoque-demain\/#primaryimage\"},\"datePublished\":\"2024-05-30T21:14:24+00:00\",\"dateModified\":\"2024-05-31T12:10:33+00:00\",\"author\":{\"@id\":\"https:\/\/www.nettali.com\/#\/schema\/person\/3317e0bb3aa1da309fbf7b2780901bf4\"},\"breadcrumb\":{\"@id\":\"https:\/\/www.nettali.com\/2024\/05\/30\/affaire-du-general-kande-le-dirpub-de-la-tribune-place-en-garde-a-vue-mouhamed-gueye-du-quotidien-convoque-demain\/#breadcrumb\"},\"inLanguage\":\"fr-FR\",\"potentialAction\":[{\"@type\":\"ReadAction\",\"target\":[\"https:\/\/www.nettali.com\/2024\/05\/30\/affaire-du-general-kande-le-dirpub-de-la-tribune-place-en-garde-a-vue-mouhamed-gueye-du-quotidien-convoque-demain\/\"]}]},{\"@type\":\"BreadcrumbList\",\"@id\":\"https:\/\/www.nettali.com\/2024\/05\/30\/affaire-du-general-kande-le-dirpub-de-la-tribune-place-en-garde-a-vue-mouhamed-gueye-du-quotidien-convoque-demain\/#breadcrumb\",\"itemListElement\":[{\"@type\":\"ListItem\",\"position\":1,\"name\":\"Accueil\",\"item\":\"https:\/\/www.nettali.com\/\"},{\"@type\":\"ListItem\",\"position\":2,\"name\":\"AFFAIRE GENERAL KANDE - Le Dirpub de \\\"La Tribune\\\" lib\\u00e9r\\u00e9 et convoqu\\u00e9, Mouhamed Gu\\u00e8ye du \\\"Quotidien\\\" egalement convoqu\\u00e9\"}]},{\"@type\":\"Person\",\"@id\":\"https:\/\/www.nettali.com\/#\/schema\/person\/3317e0bb3aa1da309fbf7b2780901bf4\",\"name\":\"Daouda\",\"image\":{\"@type\":\"ImageObject\",\"@id\":\"https:\/\/www.nettali.com\/#personlogo\",\"inLanguage\":\"fr-FR\",\"url\":\"https:\/\/secure.gravatar.com\/avatar\/8d143b5a49345098ddcfee1c49c2f47c?s=96&d=mm&r=g\",\"contentUrl\":\"https:\/\/secure.gravatar.com\/avatar\/8d143b5a49345098ddcfee1c49c2f47c?s=96&d=mm&r=g\",\"caption\":\"Daouda\"},\"sameAs\":[\"https:\/\/www.nettali.com\"]}]}<\/script>\n<!-- \/ Yoast SEO Premium plugin. -->","yoast_head_json":{"title":"AFFAIRE DU G\u00c9N\u00c9RAL KAND\u00c9 - Le Dirpub de \"La Tribune\" et Mouhamed Gu\u00e8ye du \"Quotidien\" convoqu\u00e9s | Nettali.com","robots":{"index":"index","follow":"follow","max-snippet":"max-snippet:-1","max-image-preview":"max-image-preview:large","max-video-preview":"max-video-preview:-1"},"canonical":"https:\/\/www.nettali.com\/2024\/05\/30\/affaire-du-general-kande-le-dirpub-de-la-tribune-place-en-garde-a-vue-mouhamed-gueye-du-quotidien-convoque-demain\/","og_locale":"fr_FR","og_type":"article","og_title":"AFFAIRE DU G\u00c9N\u00c9RAL KAND\u00c9 - Le Dirpub de \"La Tribune\" et Mouhamed Gu\u00e8ye du \"Quotidien\" convoqu\u00e9s","og_description":"NETTALI.COM - Le directeur de publication du Journal Le Quotidien, Mohamed Gu\u00e8ye, a \u00e9t\u00e9 convoqu\u00e9 par la Section de recherches de la gendarmerie, suite \u00e0 son article publi\u00e9 ce jeudi sur la mutation du g\u00e9n\u00e9ral Kand\u00e9 en Inde comme attach\u00e9 militaire. Mohamed Gu\u00e8ye, le Directeur de Publication du Journal \u00abLe Quotidien\u00bb a \u00e9t\u00e9 convoqu\u00e9 par [&hellip;]","og_url":"https:\/\/www.nettali.com\/2024\/05\/30\/affaire-du-general-kande-le-dirpub-de-la-tribune-place-en-garde-a-vue-mouhamed-gueye-du-quotidien-convoque-demain\/","og_site_name":"Nettali.com","article_publisher":"https:\/\/www.facebook.com\/nettalicom","article_published_time":"2024-05-30T21:14:24+00:00","article_modified_time":"2024-05-31T12:10:33+00:00","og_image":[{"width":1600,"height":900,"url":"https:\/\/www.nettali.com\/wp-content\/uploads\/2024\/05\/Ge\u0301ne\u0301ral-Kande\u0301.png","type":"image\/png"}],"twitter_card":"summary_large_image","twitter_misc":{"\u00c9crit par":"Daouda","Dur\u00e9e de lecture estim\u00e9e":"2 minutes"},"schema":{"@context":"https:\/\/schema.org","@graph":[{"@type":"WebSite","@id":"https:\/\/www.nettali.com\/#website","url":"https:\/\/www.nettali.com\/","name":"Nettali.com","description":"Le rendez-vous critique du Net","potentialAction":[{"@type":"SearchAction","target":{"@type":"EntryPoint","urlTemplate":"https:\/\/www.nettali.com\/?s={search_term_string}"},"query-input":"required name=search_term_string"}],"inLanguage":"fr-FR"},{"@type":"ImageObject","@id":"https:\/\/www.nettali.com\/2024\/05\/30\/affaire-du-general-kande-le-dirpub-de-la-tribune-place-en-garde-a-vue-mouhamed-gueye-du-quotidien-convoque-demain\/#primaryimage","inLanguage":"fr-FR","url":"https:\/\/www.nettali.com\/wp-content\/uploads\/2024\/05\/Ge\u0301ne\u0301ral-Kande\u0301.png","contentUrl":"https:\/\/www.nettali.com\/wp-content\/uploads\/2024\/05\/Ge\u0301ne\u0301ral-Kande\u0301.png","width":1600,"height":900},{"@type":"WebPage","@id":"https:\/\/www.nettali.com\/2024\/05\/30\/affaire-du-general-kande-le-dirpub-de-la-tribune-place-en-garde-a-vue-mouhamed-gueye-du-quotidien-convoque-demain\/#webpage","url":"https:\/\/www.nettali.com\/2024\/05\/30\/affaire-du-general-kande-le-dirpub-de-la-tribune-place-en-garde-a-vue-mouhamed-gueye-du-quotidien-convoque-demain\/","name":"AFFAIRE DU G\u00c9N\u00c9RAL KAND\u00c9 - Le Dirpub de \"La Tribune\" et Mouhamed Gu\u00e8ye du \"Quotidien\" convoqu\u00e9s | Nettali.com","isPartOf":{"@id":"https:\/\/www.nettali.com\/#website"},"primaryImageOfPage":{"@id":"https:\/\/www.nettali.com\/2024\/05\/30\/affaire-du-general-kande-le-dirpub-de-la-tribune-place-en-garde-a-vue-mouhamed-gueye-du-quotidien-convoque-demain\/#primaryimage"},"datePublished":"2024-05-30T21:14:24+00:00","dateModified":"2024-05-31T12:10:33+00:00","author":{"@id":"https:\/\/www.nettali.com\/#\/schema\/person\/3317e0bb3aa1da309fbf7b2780901bf4"},"breadcrumb":{"@id":"https:\/\/www.nettali.com\/2024\/05\/30\/affaire-du-general-kande-le-dirpub-de-la-tribune-place-en-garde-a-vue-mouhamed-gueye-du-quotidien-convoque-demain\/#breadcrumb"},"inLanguage":"fr-FR","potentialAction":[{"@type":"ReadAction","target":["https:\/\/www.nettali.com\/2024\/05\/30\/affaire-du-general-kande-le-dirpub-de-la-tribune-place-en-garde-a-vue-mouhamed-gueye-du-quotidien-convoque-demain\/"]}]},{"@type":"BreadcrumbList","@id":"https:\/\/www.nettali.com\/2024\/05\/30\/affaire-du-general-kande-le-dirpub-de-la-tribune-place-en-garde-a-vue-mouhamed-gueye-du-quotidien-convoque-demain\/#breadcrumb","itemListElement":[{"@type":"ListItem","position":1,"name":"Accueil","item":"https:\/\/www.nettali.com\/"},{"@type":"ListItem","position":2,"name":"AFFAIRE GENERAL KANDE - Le Dirpub de \"La Tribune\" lib\u00e9r\u00e9 et convoqu\u00e9, Mouhamed Gu\u00e8ye du \"Quotidien\" egalement convoqu\u00e9"}]},{"@type":"Person","@id":"https:\/\/www.nettali.com\/#\/schema\/person\/3317e0bb3aa1da309fbf7b2780901bf4","name":"Daouda","image":{"@type":"ImageObject","@id":"https:\/\/www.nettali.com\/#personlogo","inLanguage":"fr-FR","url":"https:\/\/secure.gravatar.com\/avatar\/8d143b5a49345098ddcfee1c49c2f47c?s=96&d=mm&r=g","contentUrl":"https:\/\/secure.gravatar.com\/avatar\/8d143b5a49345098ddcfee1c49c2f47c?s=96&d=mm&r=g","caption":"Daouda"},"sameAs":["https:\/\/www.nettali.com"]}]}},"_links":{"self":[{"href":"https:\/\/www.nettali.com\/rest\/wp\/v2\/posts\/134279"}],"collection":[{"href":"https:\/\/www.nettali.com\/rest\/wp\/v2\/posts"}],"about":[{"href":"https:\/\/www.nettali.com\/rest\/wp\/v2\/types\/post"}],"author":[{"embeddable":true,"href":"https:\/\/www.nettali.com\/rest\/wp\/v2\/users\/4"}],"replies":[{"embeddable":true,"href":"https:\/\/www.nettali.com\/rest\/wp\/v2\/comments?post=134279"}],"version-history":[{"count":8,"href":"https:\/\/www.nettali.com\/rest\/wp\/v2\/posts\/134279\/revisions"}],"predecessor-version":[{"id":134338,"href":"https:\/\/www.nettali.com\/rest\/wp\/v2\/posts\/134279\/revisions\/134338"}],"wp:featuredmedia":[{"embeddable":true,"href":"https:\/\/www.nettali.com\/rest\/wp\/v2\/media\/134280"}],"wp:attachment":[{"href":"https:\/\/www.nettali.com\/rest\/wp\/v2\/media?parent=134279"}],"wp:term":[{"taxonomy":"category","embeddable":true,"href":"https:\/\/www.nettali.com\/rest\/wp\/v2\/categories?post=134279"},{"taxonomy":"post_tag","embeddable":true,"href":"https:\/\/www.nettali.com\/rest\/wp\/v2\/tags?post=134279"}],"curies":[{"name":"wp","href":"https:\/\/api.w.org\/{rel}","templated":true}]}}