{"id":134085,"date":"2024-05-28T01:22:18","date_gmt":"2024-05-28T01:22:18","guid":{"rendered":"https:\/\/www.nettali.com\/?p=134085"},"modified":"2024-05-28T11:52:50","modified_gmt":"2024-05-28T11:52:50","slug":"134085","status":"publish","type":"post","link":"https:\/\/www.nettali.com\/2024\/05\/28\/134085\/","title":{"rendered":"R\u00c9V\u00c9LATIONS DE MADIAMBAL DIAGNE - Ousmane Sonko, Mme Fages, l'audience et la mise au point..."},"content":{"rendered":"<div class=\"page\" title=\"Page 2\">\n<div class=\"layoutArea\">\n<div class=\"column\">\n<p><strong>NETTALI.COM -<\/strong> Le journaliste Madiambal Diagne re\u0301ve\u0300le que l\u2019audience que le Premier ministre Ousmane Sonko a accorde\u0301e a\u0300 Madame l\u2019Ambassadrice de France au Se\u0301ne\u0301gal, Mme Fages, a e\u0301te\u0301 une se\u0301ance de mise au point de la part de la repre\u0301sentante diplomatique de la France au Se\u0301ne\u0301gal.<\/p>\n<p>\u00ab<em>L\u2019audience que le PM Sonko a accorde\u0301e a\u0300 Mme Fages a e\u0301te\u0301 une se\u0301ance de mise au point. L\u2019ambassadrice de France n\u2019a pas voulu laisser s\u2019installer l\u2019ide\u0301e que les entreprises franc\u0327aises ne paieraient pas d\u2019impo\u0302t au Se\u0301ne\u0301gal. Elles paient plus de 20 % des recettes fiscales du pays<\/em> \u00bb.<\/p>\n<p>Le PM l\u2019a admis et a indique\u0301 que l\u2019information n\u2019aurait pas de prise sur l\u2019opinion publique\u00bb, a e\u0301crit le journaliste sur sa page X.<\/p>\n<p>Selon lui, e\u0301galement, la se\u0301rie de contacts du PM Sonko avec les ambassadeurs accre\u0301dite\u0301s au Se\u0301ne\u0301gal, suscite des de\u0301bats. Il soutient que les ambassadeurs de grandes nations comme les USA, la France, la Grande-Bretagne et autres avaient demande\u0301 une audience au pre\u0301sident Bassirou Diomaye Faye et a\u0300 son PM. \u00ab<em>Seul Ousmane Sonko a re\u0301pondu pour le moment<\/em> \u00bb, informe Madiambal Diagne.<\/p>\n<\/div>\n<\/div>\n<\/div>\n<div class='share-to-whatsapp-wrapper'><div class='share-on-whsp'>PARTAGER SUR : <\/div><a data-text='R\u00c9V\u00c9LATIONS DE MADIAMBAL DIAGNE - Ousmane Sonko, Mme Fages, l'audience et la mise au point...' data-link='https:\/\/www.nettali.com\/2024\/05\/28\/134085\/' class='whatsapp-button whatsapp-share'>WhatsApp<\/a><div class='clear '><\/div><\/div>","protected":false},"excerpt":{"rendered":"<p>NETTALI.COM - Le journaliste Madiambal Diagne re\u0301ve\u0300le que l\u2019audience que le Premier ministre Ousmane Sonko a accorde\u0301e a\u0300 Madame l\u2019Ambassadrice de France au Se\u0301ne\u0301gal, Mme Fages, a e\u0301te\u0301 une se\u0301ance de mise au point de la part de la repre\u0301sentante diplomatique de la France au Se\u0301ne\u0301gal. \u00abL\u2019audience que le PM Sonko a accorde\u0301e a\u0300 Mme [&hellip;]<\/p>\n","protected":false},"author":2,"featured_media":134086,"comment_status":"open","ping_status":"open","sticky":false,"template":"","format":"standard","meta":{"_et_pb_use_builder":"","_et_pb_old_content":""},"categories":[34945],"tags":[],"yoast_head":"<!-- This site is optimized with the Yoast SEO Premium plugin v17.8 (Yoast SEO v17.8) - https:\/\/yoast.com\/wordpress\/plugins\/seo\/ -->\n<title>R\u00c9V\u00c9LATIONS DE MADIAMBAL DIAGNE - Ousmane Sonko, Mme Fages, l&#039;audience et la mise au point... | Nettali.com<\/title>\n<meta name=\"robots\" content=\"index, follow, max-snippet:-1, max-image-preview:large, max-video-preview:-1\" \/>\n<link rel=\"canonical\" href=\"https:\/\/www.nettali.com\/2024\/05\/28\/134085\/\" \/>\n<meta property=\"og:locale\" content=\"fr_FR\" \/>\n<meta property=\"og:type\" content=\"article\" \/>\n<meta property=\"og:title\" content=\"R\u00c9V\u00c9LATIONS DE MADIAMBAL DIAGNE - Ousmane Sonko, Mme Fages, l&#039;audience et la mise au point...\" \/>\n<meta property=\"og:description\" content=\"NETTALI.COM - Le journaliste Madiambal Diagne re\u0301ve\u0300le que l\u2019audience que le Premier ministre Ousmane Sonko a accorde\u0301e a\u0300 Madame l\u2019Ambassadrice de France au Se\u0301ne\u0301gal, Mme Fages, a e\u0301te\u0301 une se\u0301ance de mise au point de la part de la repre\u0301sentante diplomatique de la France au Se\u0301ne\u0301gal. \u00abL\u2019audience que le PM Sonko a accorde\u0301e a\u0300 Mme [&hellip;]\" \/>\n<meta property=\"og:url\" content=\"https:\/\/www.nettali.com\/2024\/05\/28\/134085\/\" \/>\n<meta property=\"og:site_name\" content=\"Nettali.com\" \/>\n<meta property=\"article:publisher\" content=\"https:\/\/www.facebook.com\/nettalicom\" \/>\n<meta property=\"article:published_time\" content=\"2024-05-28T01:22:18+00:00\" \/>\n<meta property=\"article:modified_time\" content=\"2024-05-28T11:52:50+00:00\" \/>\n<meta property=\"og:image\" content=\"https:\/\/www.nettali.com\/wp-content\/uploads\/2024\/05\/madiambal-diagne.jpg\" \/>\n\t<meta property=\"og:image:width\" content=\"1200\" \/>\n\t<meta property=\"og:image:height\" content=\"900\" \/>\n<meta name=\"twitter:card\" content=\"summary_large_image\" \/>\n<meta name=\"twitter:label1\" content=\"\u00c9crit par\" \/>\n\t<meta name=\"twitter:data1\" content=\"CK\" \/>\n\t<meta name=\"twitter:label2\" content=\"Dur\u00e9e de lecture estim\u00e9e\" \/>\n\t<meta name=\"twitter:data2\" content=\"1 minute\" \/>\n<script type=\"application\/ld+json\" class=\"yoast-schema-graph\">{\"@context\":\"https:\/\/schema.org\",\"@graph\":[{\"@type\":\"WebSite\",\"@id\":\"https:\/\/www.nettali.com\/#website\",\"url\":\"https:\/\/www.nettali.com\/\",\"name\":\"Nettali.com\",\"description\":\"Le rendez-vous critique du Net\",\"potentialAction\":[{\"@type\":\"SearchAction\",\"target\":{\"@type\":\"EntryPoint\",\"urlTemplate\":\"https:\/\/www.nettali.com\/?s={search_term_string}\"},\"query-input\":\"required name=search_term_string\"}],\"inLanguage\":\"fr-FR\"},{\"@type\":\"ImageObject\",\"@id\":\"https:\/\/www.nettali.com\/2024\/05\/28\/134085\/#primaryimage\",\"inLanguage\":\"fr-FR\",\"url\":\"https:\/\/www.nettali.com\/wp-content\/uploads\/2024\/05\/madiambal-diagne.jpg\",\"contentUrl\":\"https:\/\/www.nettali.com\/wp-content\/uploads\/2024\/05\/madiambal-diagne.jpg\",\"width\":1200,\"height\":900},{\"@type\":\"WebPage\",\"@id\":\"https:\/\/www.nettali.com\/2024\/05\/28\/134085\/#webpage\",\"url\":\"https:\/\/www.nettali.com\/2024\/05\/28\/134085\/\",\"name\":\"R\\u00c9V\\u00c9LATIONS DE MADIAMBAL DIAGNE - Ousmane Sonko, Mme Fages, l'audience et la mise au point... | Nettali.com\",\"isPartOf\":{\"@id\":\"https:\/\/www.nettali.com\/#website\"},\"primaryImageOfPage\":{\"@id\":\"https:\/\/www.nettali.com\/2024\/05\/28\/134085\/#primaryimage\"},\"datePublished\":\"2024-05-28T01:22:18+00:00\",\"dateModified\":\"2024-05-28T11:52:50+00:00\",\"author\":{\"@id\":\"https:\/\/www.nettali.com\/#\/schema\/person\/d8ac7b7e27ddad43f1c0d2ef090d7f71\"},\"breadcrumb\":{\"@id\":\"https:\/\/www.nettali.com\/2024\/05\/28\/134085\/#breadcrumb\"},\"inLanguage\":\"fr-FR\",\"potentialAction\":[{\"@type\":\"ReadAction\",\"target\":[\"https:\/\/www.nettali.com\/2024\/05\/28\/134085\/\"]}]},{\"@type\":\"BreadcrumbList\",\"@id\":\"https:\/\/www.nettali.com\/2024\/05\/28\/134085\/#breadcrumb\",\"itemListElement\":[{\"@type\":\"ListItem\",\"position\":1,\"name\":\"Accueil\",\"item\":\"https:\/\/www.nettali.com\/\"},{\"@type\":\"ListItem\",\"position\":2,\"name\":\"R\\u00c9V\\u00c9LATIONS DE MADIAMBAL DIAGNE - Ousmane Sonko, Mme Fages, l'audience et la mise au point...\"}]},{\"@type\":\"Person\",\"@id\":\"https:\/\/www.nettali.com\/#\/schema\/person\/d8ac7b7e27ddad43f1c0d2ef090d7f71\",\"name\":\"CK\",\"image\":{\"@type\":\"ImageObject\",\"@id\":\"https:\/\/www.nettali.com\/#personlogo\",\"inLanguage\":\"fr-FR\",\"url\":\"https:\/\/secure.gravatar.com\/avatar\/1d8d5118b9327d94da7cd4ce7f17fec2?s=96&d=mm&r=g\",\"contentUrl\":\"https:\/\/secure.gravatar.com\/avatar\/1d8d5118b9327d94da7cd4ce7f17fec2?s=96&d=mm&r=g\",\"caption\":\"CK\"},\"sameAs\":[\"https:\/\/www.nettali.com\"]}]}<\/script>\n<!-- \/ Yoast SEO Premium plugin. -->","yoast_head_json":{"title":"R\u00c9V\u00c9LATIONS DE MADIAMBAL DIAGNE - Ousmane Sonko, Mme Fages, l'audience et la mise au point... | Nettali.com","robots":{"index":"index","follow":"follow","max-snippet":"max-snippet:-1","max-image-preview":"max-image-preview:large","max-video-preview":"max-video-preview:-1"},"canonical":"https:\/\/www.nettali.com\/2024\/05\/28\/134085\/","og_locale":"fr_FR","og_type":"article","og_title":"R\u00c9V\u00c9LATIONS DE MADIAMBAL DIAGNE - Ousmane Sonko, Mme Fages, l'audience et la mise au point...","og_description":"NETTALI.COM - Le journaliste Madiambal Diagne re\u0301ve\u0300le que l\u2019audience que le Premier ministre Ousmane Sonko a accorde\u0301e a\u0300 Madame l\u2019Ambassadrice de France au Se\u0301ne\u0301gal, Mme Fages, a e\u0301te\u0301 une se\u0301ance de mise au point de la part de la repre\u0301sentante diplomatique de la France au Se\u0301ne\u0301gal. \u00abL\u2019audience que le PM Sonko a accorde\u0301e a\u0300 Mme [&hellip;]","og_url":"https:\/\/www.nettali.com\/2024\/05\/28\/134085\/","og_site_name":"Nettali.com","article_publisher":"https:\/\/www.facebook.com\/nettalicom","article_published_time":"2024-05-28T01:22:18+00:00","article_modified_time":"2024-05-28T11:52:50+00:00","og_image":[{"width":1200,"height":900,"url":"https:\/\/www.nettali.com\/wp-content\/uploads\/2024\/05\/madiambal-diagne.jpg","type":"image\/jpeg"}],"twitter_card":"summary_large_image","twitter_misc":{"\u00c9crit par":"CK","Dur\u00e9e de lecture estim\u00e9e":"1 minute"},"schema":{"@context":"https:\/\/schema.org","@graph":[{"@type":"WebSite","@id":"https:\/\/www.nettali.com\/#website","url":"https:\/\/www.nettali.com\/","name":"Nettali.com","description":"Le rendez-vous critique du Net","potentialAction":[{"@type":"SearchAction","target":{"@type":"EntryPoint","urlTemplate":"https:\/\/www.nettali.com\/?s={search_term_string}"},"query-input":"required name=search_term_string"}],"inLanguage":"fr-FR"},{"@type":"ImageObject","@id":"https:\/\/www.nettali.com\/2024\/05\/28\/134085\/#primaryimage","inLanguage":"fr-FR","url":"https:\/\/www.nettali.com\/wp-content\/uploads\/2024\/05\/madiambal-diagne.jpg","contentUrl":"https:\/\/www.nettali.com\/wp-content\/uploads\/2024\/05\/madiambal-diagne.jpg","width":1200,"height":900},{"@type":"WebPage","@id":"https:\/\/www.nettali.com\/2024\/05\/28\/134085\/#webpage","url":"https:\/\/www.nettali.com\/2024\/05\/28\/134085\/","name":"R\u00c9V\u00c9LATIONS DE MADIAMBAL DIAGNE - Ousmane Sonko, Mme Fages, l'audience et la mise au point... | Nettali.com","isPartOf":{"@id":"https:\/\/www.nettali.com\/#website"},"primaryImageOfPage":{"@id":"https:\/\/www.nettali.com\/2024\/05\/28\/134085\/#primaryimage"},"datePublished":"2024-05-28T01:22:18+00:00","dateModified":"2024-05-28T11:52:50+00:00","author":{"@id":"https:\/\/www.nettali.com\/#\/schema\/person\/d8ac7b7e27ddad43f1c0d2ef090d7f71"},"breadcrumb":{"@id":"https:\/\/www.nettali.com\/2024\/05\/28\/134085\/#breadcrumb"},"inLanguage":"fr-FR","potentialAction":[{"@type":"ReadAction","target":["https:\/\/www.nettali.com\/2024\/05\/28\/134085\/"]}]},{"@type":"BreadcrumbList","@id":"https:\/\/www.nettali.com\/2024\/05\/28\/134085\/#breadcrumb","itemListElement":[{"@type":"ListItem","position":1,"name":"Accueil","item":"https:\/\/www.nettali.com\/"},{"@type":"ListItem","position":2,"name":"R\u00c9V\u00c9LATIONS DE MADIAMBAL DIAGNE - Ousmane Sonko, Mme Fages, l'audience et la mise au point..."}]},{"@type":"Person","@id":"https:\/\/www.nettali.com\/#\/schema\/person\/d8ac7b7e27ddad43f1c0d2ef090d7f71","name":"CK","image":{"@type":"ImageObject","@id":"https:\/\/www.nettali.com\/#personlogo","inLanguage":"fr-FR","url":"https:\/\/secure.gravatar.com\/avatar\/1d8d5118b9327d94da7cd4ce7f17fec2?s=96&d=mm&r=g","contentUrl":"https:\/\/secure.gravatar.com\/avatar\/1d8d5118b9327d94da7cd4ce7f17fec2?s=96&d=mm&r=g","caption":"CK"},"sameAs":["https:\/\/www.nettali.com"]}]}},"_links":{"self":[{"href":"https:\/\/www.nettali.com\/rest\/wp\/v2\/posts\/134085"}],"collection":[{"href":"https:\/\/www.nettali.com\/rest\/wp\/v2\/posts"}],"about":[{"href":"https:\/\/www.nettali.com\/rest\/wp\/v2\/types\/post"}],"author":[{"embeddable":true,"href":"https:\/\/www.nettali.com\/rest\/wp\/v2\/users\/2"}],"replies":[{"embeddable":true,"href":"https:\/\/www.nettali.com\/rest\/wp\/v2\/comments?post=134085"}],"version-history":[{"count":4,"href":"https:\/\/www.nettali.com\/rest\/wp\/v2\/posts\/134085\/revisions"}],"predecessor-version":[{"id":134111,"href":"https:\/\/www.nettali.com\/rest\/wp\/v2\/posts\/134085\/revisions\/134111"}],"wp:featuredmedia":[{"embeddable":true,"href":"https:\/\/www.nettali.com\/rest\/wp\/v2\/media\/134086"}],"wp:attachment":[{"href":"https:\/\/www.nettali.com\/rest\/wp\/v2\/media?parent=134085"}],"wp:term":[{"taxonomy":"category","embeddable":true,"href":"https:\/\/www.nettali.com\/rest\/wp\/v2\/categories?post=134085"},{"taxonomy":"post_tag","embeddable":true,"href":"https:\/\/www.nettali.com\/rest\/wp\/v2\/tags?post=134085"}],"curies":[{"name":"wp","href":"https:\/\/api.w.org\/{rel}","templated":true}]}}