{"id":134022,"date":"2024-05-27T09:40:15","date_gmt":"2024-05-27T09:40:15","guid":{"rendered":"https:\/\/www.nettali.com\/?p=134022"},"modified":"2024-05-27T09:40:15","modified_gmt":"2024-05-27T09:40:15","slug":"mali-et-burkina-faso-les-putschistes-consolident-leur-pouvoir-jusquen-2029","status":"publish","type":"post","link":"https:\/\/www.nettali.com\/2024\/05\/27\/mali-et-burkina-faso-les-putschistes-consolident-leur-pouvoir-jusquen-2029\/","title":{"rendered":"MALI ET BURKINA FASO - Les putschistes consolident leur pouvoir jusqu\u2019en 2029"},"content":{"rendered":"<div class=\"page\" title=\"Page 6\">\n<div class=\"layoutArea\">\n<div class=\"column\">\n<div class=\"page\" title=\"Page 6\">\n<div class=\"layoutArea\">\n<div class=\"column\">\n<p><strong>NETTALI.COM - Les dirigeants militaires du Mali et du Burkina Faso prolongent leur pouvoir, repoussant les e\u0301lections de\u0301mocratiques et suscitant des inquie\u0301tudes quant a\u0300 l'avenir de la de\u0301mocratie dans ces pays d'Afrique de l'Ouest. Au Mali, le pre\u0301sident de la transition Assimi Goita pourrait rester en poste jusqu'en 2027, tandis qu'au Burkina Faso, le capitaine Ibrahim Traore\u0301 a annonce\u0301 une extension de cinq ans de la pe\u0301riode de transition, avec la possibilite\u0301 de se pre\u0301senter a\u0300 la prochaine e\u0301lection pre\u0301sidentielle. Ces de\u0301cisions, issues de consultations nationales controverse\u0301es, soule\u0300vent des questions sur la stabilite\u0301 politique et la se\u0301curite\u0301 re\u0301gionale.<\/strong><\/p>\n<\/div>\n<\/div>\n<\/div>\n<p>Les dirigeants maliens ont propose\u0301 de reporter les e\u0301lections de\u0301mocratiques de trois ans et de prolonger le mandat du chef militaire Assimi Goita. Cette mesure lui permettrait de rester au pouvoir et de se pre\u0301senter e\u0301ventuellement aux prochaines e\u0301lections. A\u0300 l'issue d'une consultation nationale de trois mois, les dirigeants de la socie\u0301te\u0301 civile, des organisations religieuses, des institutions e\u0301ducatives et des agences gouvernementales du Mali ont recommande\u0301 d'e\u0301tendre la pe\u0301riode de transition a\u0300 cinq ans. Initialement fixe\u0301e a\u0300 deux ans, cette prolongation repousserait les e\u0301lections pre\u0301vues cette anne\u0301e a\u0300 2027.<\/p>\n<p>La junte a d'abord propose\u0301 une transition de 18 mois, qui a ensuite e\u0301te\u0301 prolonge\u0301e de deux ans apre\u0300s avoir manque\u0301 la date limite pour la tenue d'e\u0301lections. Le dialogue proposait d'entamer des discussions avec les groupes arme\u0301s et d'incorporer les milices dans l'arme\u0301e. Si au Mali, on est encore au stade de la proposition, au Burkina Faso, les autorite\u0301s militaires ont annonce\u0301 qu'elles prolongeraient le re\u0301gime de la junte pour cinq anne\u0301es supple\u0301mentaires. Le chef du pays, le capitaine Ibrahima Traore\u0301, pourra e\u0301galement se pre\u0301senter a\u0300 la prochaine e\u0301lection pre\u0301sidentielle, selon la radiote\u0301le\u0301vision d'E\u0301tat.<\/p>\n<\/div>\n<div class=\"column\">\n<p>Cette de\u0301cision a e\u0301te\u0301 annonce\u0301e samedi 25 mai, a\u0300 l'issue d'une re\u0301union de consultation nationale organise\u0301e dans la capitale de ce pays d'Afrique de l'Ouest, Ouagadougou. Une charte amende\u0301e, signe\u0301e par le capitaine Traore\u0301, stipule que la nouvelle pe\u0301riode de transition de 60 mois prendra effet a\u0300 partir du 2 juillet de cette anne\u0301e. \u201c<em>Les e\u0301lections marquant la fin de la transition pourront e\u0302tre organise\u0301es avant cette date si les conditions de se\u0301curite\u0301 le permettent<\/em>.\u201d<\/p>\n<\/div>\n<div class=\"column\">\n<p>Selon la nouvelle charte, les quotas ne seront plus utilise\u0301s pour attribuer les sie\u0300ges de l'assemble\u0301e aux membres des partis traditionnels, a rapporte\u0301 l'agence de presse AFP. Douze postes sur 71 restent alloue\u0301s aux partis politiques, mais sans attribution spe\u0301cifique a\u0300 une formation en particulier. Le patriotisme est e\u0301rige\u0301 comme crite\u0300re pour sie\u0301ger a\u0300 cette assemble\u0301e ou au gouvernement.<\/p>\n<p>Les de\u0301cisions prises lors de la consultation nationale de samedi ont e\u0301te\u0301 prises rapidement. Les me\u0301dias locaux ont indique\u0301 que les partis poli- tiques e\u0301taient absents au de\u0301but de la re\u0301union. En septembre 2022, le capitaine Traore\u0301 a renverse\u0301 le colonel Damiba, arguant qu'un second coup d'E\u0301tat e\u0301tait ne\u0301cessaire parce que le colonel Damiba e\u0301tait lui-me\u0302me incapable de lutter contre l'insurrection. Le capitaine Traore\u0301 a promis d'ame\u0301liorer la situation se\u0301curitaire de\u0301sastreuse du pays dans un de\u0301lai de \u201c<em>deux a\u0300 trois mois<\/em>\u201d et de re\u0301tablir un re\u0301gime civil dans un de\u0301lai de 21 mois. Mais depuis qu'il a fait cette promesse, le capitaine Traore\u0301 a pre\u0301- venu que les e\u0301lections n'e\u0301taient pas \u201cune priorite\u0301\u201d tant que le territoire n'aurait pas e\u0301te\u0301 repris aux forces djihadistes et que tous les citoyens du pays n'auraient pas pu voter.<\/p>\n<p><strong>Dialassagou : 18 civils tue\u0301s par des hommes arme\u0301s<\/strong><\/p>\n<p>Au Mali, face a\u0300 ces nouvelles mesures, la classe politique a hausse\u0301 le ton et a fait fi de ses diffe\u0301rends. A\u0300 travers un communique\u0301 conjoint, une vingtaine de partis et organisations ont de\u0301nonce\u0301 une \u201cmascarade\u201d.<\/p>\n<\/div>\n<div class=\"column\">\n<p>\u201c<em>Les recommandations du dialogue inter-malien ont e\u0301te\u0301 pre\u0301fabrique\u0301es et dicte\u0301es par le sommet de l\u2019E\u0301tat. Il devait s\u2019agir d\u2019un dialogue sur la paix, la se\u0301curite\u0301 et la re\u0301conciliation. On re\u0301alise de\u0301sormais qu\u2019il ne s\u2019agis- sait que d\u2019une excuse pour le\u0301gitimer une prolongation de la transition<\/em>\u201d, peste un cadre de l\u2019Alliance pour la de\u0301mocratie au Mali-Parti africain pour la solidarite\u0301 et la justice (Adema-PASJ), signataire du document, selon Jeune Afrique.<\/p>\n<p>Dans la foule\u0301e, au moins dix-huit civils ont e\u0301te\u0301 tue\u0301s samedi par des hommes arme\u0301s dans une localite\u0301 du centre du Mali, ont affirme\u0301 ce dimanche des habitants, une source policie\u0300re, un e\u0301lu et un responsable administratif locaux. Des djihadistes ont tire\u0301 sur les villageois a\u0300 trois km de Diallassagou.<\/p>\n<p>Au Burkina Faso, les organisations de la socie\u0301te\u0301 civile accusent e\u0301galement les autorite\u0301s de re\u0301duire leurs opposants au silence. Ces derniers mois, plusieurs personnalite\u0301s ont e\u0301te\u0301 arre\u0302te\u0301es, kidnappe\u0301es ou envoye\u0301es au front pour combattre les djihadistes. Ces attaques qui frappent le pays depuis pre\u0300s de dix ans et qui sont attribue\u0301es a\u0300 des mouvements arme\u0301s affilie\u0301s a\u0300 Al-Qai\u0308da et a\u0300 l\u2019E\u0301tat islamique ont fait plus de 20 000 morts et deux millions de de\u0301place\u0301s.<\/p>\n<p>Malgre\u0301 la rhe\u0301torique de stabilisation, les transitions militaires ne garantissent pas ne\u0301cessairement une ame\u0301lioration de la se\u0301curite\u0301. Au Mali et au Burkina Faso, les groupes djihadistes et autres milices continuent de poser une menace se\u0301rieuse. La persistance de l'instabilite\u0301 politique peut de\u0301tourner l'attention et les ressources ne\u0301cessaires pour lutter efficacement contre ces groupes arme\u0301s. De plus, la le\u0301gitimite\u0301 des gouvernements militaires est souvent conteste\u0301e, ce qui peut limiter leur capacite\u0301 a\u0300 mobiliser le soutien international ne\u0301cessaire pour des ope\u0301rations de se\u0301curite\u0301 complexes.<\/p>\n<p>Cette situation rend complexes les de\u0301fis se\u0301curitaires, analyse ce directeur de publication d\u2019un quotidien malien. \"<em>Le maintien prolonge\u0301 au pouvoir de dirigeants militaires peut exacerber l'instabilite\u0301 politique. Les transitions militaires sont souvent cense\u0301es e\u0302tre temporaires, visant a\u0300 re\u0301tablir l'ordre et a\u0300 pre\u0301parer la voie a\u0300 des e\u0301lections de\u0301mocratiques. Toutefois, lorsqu'elles s'e\u0301ternisent, <\/em><em>cela peut engendrer des tensions entre le gouvernement et la socie\u0301te\u0301 civile, ainsi qu'avec les forces poli- tiques oppose\u0301es. L'absence de perspectives claires pour un retour a\u0300 un gouvernement civil peut alimenter des frustrations et des manifestations<\/em>.\", souligne-t-il.<\/p>\n<\/div>\n<\/div>\n<\/div>\n<div class='share-to-whatsapp-wrapper'><div class='share-on-whsp'>PARTAGER SUR : <\/div><a data-text='MALI ET BURKINA FASO - Les putschistes consolident leur pouvoir jusqu\u2019en 2029' data-link='https:\/\/www.nettali.com\/2024\/05\/27\/mali-et-burkina-faso-les-putschistes-consolident-leur-pouvoir-jusquen-2029\/' class='whatsapp-button whatsapp-share'>WhatsApp<\/a><div class='clear '><\/div><\/div>","protected":false},"excerpt":{"rendered":"<p>NETTALI.COM - Les dirigeants militaires du Mali et du Burkina Faso prolongent leur pouvoir, repoussant les e\u0301lections de\u0301mocratiques et suscitant des inquie\u0301tudes quant a\u0300 l'avenir de la de\u0301mocratie dans ces pays d'Afrique de l'Ouest. Au Mali, le pre\u0301sident de la transition Assimi Goita pourrait rester en poste jusqu'en 2027, tandis qu'au Burkina Faso, le capitaine [&hellip;]<\/p>\n","protected":false},"author":2,"featured_media":134023,"comment_status":"open","ping_status":"open","sticky":false,"template":"","format":"standard","meta":{"_et_pb_use_builder":"","_et_pb_old_content":""},"categories":[8],"tags":[],"yoast_head":"<!-- This site is optimized with the Yoast SEO Premium plugin v17.8 (Yoast SEO v17.8) - https:\/\/yoast.com\/wordpress\/plugins\/seo\/ -->\n<title>MALI ET BURKINA FASO - Les putschistes consolident leur pouvoir jusqu\u2019en 2029 | Nettali.com<\/title>\n<meta name=\"robots\" content=\"index, follow, max-snippet:-1, max-image-preview:large, max-video-preview:-1\" \/>\n<link rel=\"canonical\" href=\"https:\/\/www.nettali.com\/2024\/05\/27\/mali-et-burkina-faso-les-putschistes-consolident-leur-pouvoir-jusquen-2029\/\" \/>\n<meta property=\"og:locale\" content=\"fr_FR\" \/>\n<meta property=\"og:type\" content=\"article\" \/>\n<meta property=\"og:title\" content=\"MALI ET BURKINA FASO - Les putschistes consolident leur pouvoir jusqu\u2019en 2029\" \/>\n<meta property=\"og:description\" content=\"NETTALI.COM - Les dirigeants militaires du Mali et du Burkina Faso prolongent leur pouvoir, repoussant les e\u0301lections de\u0301mocratiques et suscitant des inquie\u0301tudes quant a\u0300 l&#039;avenir de la de\u0301mocratie dans ces pays d&#039;Afrique de l&#039;Ouest. Au Mali, le pre\u0301sident de la transition Assimi Goita pourrait rester en poste jusqu&#039;en 2027, tandis qu&#039;au Burkina Faso, le capitaine [&hellip;]\" \/>\n<meta property=\"og:url\" content=\"https:\/\/www.nettali.com\/2024\/05\/27\/mali-et-burkina-faso-les-putschistes-consolident-leur-pouvoir-jusquen-2029\/\" \/>\n<meta property=\"og:site_name\" content=\"Nettali.com\" \/>\n<meta property=\"article:publisher\" content=\"https:\/\/www.facebook.com\/nettalicom\" \/>\n<meta property=\"article:published_time\" content=\"2024-05-27T09:40:15+00:00\" \/>\n<meta property=\"og:image\" content=\"https:\/\/www.nettali.com\/wp-content\/uploads\/2024\/05\/Burkina-Mali-1-1080x900-1.png\" \/>\n\t<meta property=\"og:image:width\" content=\"1080\" \/>\n\t<meta property=\"og:image:height\" content=\"900\" \/>\n<meta name=\"twitter:card\" content=\"summary_large_image\" \/>\n<meta name=\"twitter:label1\" content=\"\u00c9crit par\" \/>\n\t<meta name=\"twitter:data1\" content=\"CK\" \/>\n\t<meta name=\"twitter:label2\" content=\"Dur\u00e9e de lecture estim\u00e9e\" \/>\n\t<meta name=\"twitter:data2\" content=\"6 minutes\" \/>\n<script type=\"application\/ld+json\" class=\"yoast-schema-graph\">{\"@context\":\"https:\/\/schema.org\",\"@graph\":[{\"@type\":\"WebSite\",\"@id\":\"https:\/\/www.nettali.com\/#website\",\"url\":\"https:\/\/www.nettali.com\/\",\"name\":\"Nettali.com\",\"description\":\"Le rendez-vous critique du Net\",\"potentialAction\":[{\"@type\":\"SearchAction\",\"target\":{\"@type\":\"EntryPoint\",\"urlTemplate\":\"https:\/\/www.nettali.com\/?s={search_term_string}\"},\"query-input\":\"required name=search_term_string\"}],\"inLanguage\":\"fr-FR\"},{\"@type\":\"ImageObject\",\"@id\":\"https:\/\/www.nettali.com\/2024\/05\/27\/mali-et-burkina-faso-les-putschistes-consolident-leur-pouvoir-jusquen-2029\/#primaryimage\",\"inLanguage\":\"fr-FR\",\"url\":\"https:\/\/www.nettali.com\/wp-content\/uploads\/2024\/05\/Burkina-Mali-1-1080x900-1.png\",\"contentUrl\":\"https:\/\/www.nettali.com\/wp-content\/uploads\/2024\/05\/Burkina-Mali-1-1080x900-1.png\",\"width\":1080,\"height\":900},{\"@type\":\"WebPage\",\"@id\":\"https:\/\/www.nettali.com\/2024\/05\/27\/mali-et-burkina-faso-les-putschistes-consolident-leur-pouvoir-jusquen-2029\/#webpage\",\"url\":\"https:\/\/www.nettali.com\/2024\/05\/27\/mali-et-burkina-faso-les-putschistes-consolident-leur-pouvoir-jusquen-2029\/\",\"name\":\"MALI ET BURKINA FASO - Les putschistes consolident leur pouvoir jusqu\\u2019en 2029 | Nettali.com\",\"isPartOf\":{\"@id\":\"https:\/\/www.nettali.com\/#website\"},\"primaryImageOfPage\":{\"@id\":\"https:\/\/www.nettali.com\/2024\/05\/27\/mali-et-burkina-faso-les-putschistes-consolident-leur-pouvoir-jusquen-2029\/#primaryimage\"},\"datePublished\":\"2024-05-27T09:40:15+00:00\",\"dateModified\":\"2024-05-27T09:40:15+00:00\",\"author\":{\"@id\":\"https:\/\/www.nettali.com\/#\/schema\/person\/d8ac7b7e27ddad43f1c0d2ef090d7f71\"},\"breadcrumb\":{\"@id\":\"https:\/\/www.nettali.com\/2024\/05\/27\/mali-et-burkina-faso-les-putschistes-consolident-leur-pouvoir-jusquen-2029\/#breadcrumb\"},\"inLanguage\":\"fr-FR\",\"potentialAction\":[{\"@type\":\"ReadAction\",\"target\":[\"https:\/\/www.nettali.com\/2024\/05\/27\/mali-et-burkina-faso-les-putschistes-consolident-leur-pouvoir-jusquen-2029\/\"]}]},{\"@type\":\"BreadcrumbList\",\"@id\":\"https:\/\/www.nettali.com\/2024\/05\/27\/mali-et-burkina-faso-les-putschistes-consolident-leur-pouvoir-jusquen-2029\/#breadcrumb\",\"itemListElement\":[{\"@type\":\"ListItem\",\"position\":1,\"name\":\"Accueil\",\"item\":\"https:\/\/www.nettali.com\/\"},{\"@type\":\"ListItem\",\"position\":2,\"name\":\"MALI ET BURKINA FASO - Les putschistes consolident leur pouvoir jusqu\\u2019en 2029\"}]},{\"@type\":\"Person\",\"@id\":\"https:\/\/www.nettali.com\/#\/schema\/person\/d8ac7b7e27ddad43f1c0d2ef090d7f71\",\"name\":\"CK\",\"image\":{\"@type\":\"ImageObject\",\"@id\":\"https:\/\/www.nettali.com\/#personlogo\",\"inLanguage\":\"fr-FR\",\"url\":\"https:\/\/secure.gravatar.com\/avatar\/1d8d5118b9327d94da7cd4ce7f17fec2?s=96&d=mm&r=g\",\"contentUrl\":\"https:\/\/secure.gravatar.com\/avatar\/1d8d5118b9327d94da7cd4ce7f17fec2?s=96&d=mm&r=g\",\"caption\":\"CK\"},\"sameAs\":[\"https:\/\/www.nettali.com\"]}]}<\/script>\n<!-- \/ Yoast SEO Premium plugin. -->","yoast_head_json":{"title":"MALI ET BURKINA FASO - Les putschistes consolident leur pouvoir jusqu\u2019en 2029 | Nettali.com","robots":{"index":"index","follow":"follow","max-snippet":"max-snippet:-1","max-image-preview":"max-image-preview:large","max-video-preview":"max-video-preview:-1"},"canonical":"https:\/\/www.nettali.com\/2024\/05\/27\/mali-et-burkina-faso-les-putschistes-consolident-leur-pouvoir-jusquen-2029\/","og_locale":"fr_FR","og_type":"article","og_title":"MALI ET BURKINA FASO - Les putschistes consolident leur pouvoir jusqu\u2019en 2029","og_description":"NETTALI.COM - Les dirigeants militaires du Mali et du Burkina Faso prolongent leur pouvoir, repoussant les e\u0301lections de\u0301mocratiques et suscitant des inquie\u0301tudes quant a\u0300 l'avenir de la de\u0301mocratie dans ces pays d'Afrique de l'Ouest. Au Mali, le pre\u0301sident de la transition Assimi Goita pourrait rester en poste jusqu'en 2027, tandis qu'au Burkina Faso, le capitaine [&hellip;]","og_url":"https:\/\/www.nettali.com\/2024\/05\/27\/mali-et-burkina-faso-les-putschistes-consolident-leur-pouvoir-jusquen-2029\/","og_site_name":"Nettali.com","article_publisher":"https:\/\/www.facebook.com\/nettalicom","article_published_time":"2024-05-27T09:40:15+00:00","og_image":[{"width":1080,"height":900,"url":"https:\/\/www.nettali.com\/wp-content\/uploads\/2024\/05\/Burkina-Mali-1-1080x900-1.png","type":"image\/png"}],"twitter_card":"summary_large_image","twitter_misc":{"\u00c9crit par":"CK","Dur\u00e9e de lecture estim\u00e9e":"6 minutes"},"schema":{"@context":"https:\/\/schema.org","@graph":[{"@type":"WebSite","@id":"https:\/\/www.nettali.com\/#website","url":"https:\/\/www.nettali.com\/","name":"Nettali.com","description":"Le rendez-vous critique du Net","potentialAction":[{"@type":"SearchAction","target":{"@type":"EntryPoint","urlTemplate":"https:\/\/www.nettali.com\/?s={search_term_string}"},"query-input":"required name=search_term_string"}],"inLanguage":"fr-FR"},{"@type":"ImageObject","@id":"https:\/\/www.nettali.com\/2024\/05\/27\/mali-et-burkina-faso-les-putschistes-consolident-leur-pouvoir-jusquen-2029\/#primaryimage","inLanguage":"fr-FR","url":"https:\/\/www.nettali.com\/wp-content\/uploads\/2024\/05\/Burkina-Mali-1-1080x900-1.png","contentUrl":"https:\/\/www.nettali.com\/wp-content\/uploads\/2024\/05\/Burkina-Mali-1-1080x900-1.png","width":1080,"height":900},{"@type":"WebPage","@id":"https:\/\/www.nettali.com\/2024\/05\/27\/mali-et-burkina-faso-les-putschistes-consolident-leur-pouvoir-jusquen-2029\/#webpage","url":"https:\/\/www.nettali.com\/2024\/05\/27\/mali-et-burkina-faso-les-putschistes-consolident-leur-pouvoir-jusquen-2029\/","name":"MALI ET BURKINA FASO - Les putschistes consolident leur pouvoir jusqu\u2019en 2029 | Nettali.com","isPartOf":{"@id":"https:\/\/www.nettali.com\/#website"},"primaryImageOfPage":{"@id":"https:\/\/www.nettali.com\/2024\/05\/27\/mali-et-burkina-faso-les-putschistes-consolident-leur-pouvoir-jusquen-2029\/#primaryimage"},"datePublished":"2024-05-27T09:40:15+00:00","dateModified":"2024-05-27T09:40:15+00:00","author":{"@id":"https:\/\/www.nettali.com\/#\/schema\/person\/d8ac7b7e27ddad43f1c0d2ef090d7f71"},"breadcrumb":{"@id":"https:\/\/www.nettali.com\/2024\/05\/27\/mali-et-burkina-faso-les-putschistes-consolident-leur-pouvoir-jusquen-2029\/#breadcrumb"},"inLanguage":"fr-FR","potentialAction":[{"@type":"ReadAction","target":["https:\/\/www.nettali.com\/2024\/05\/27\/mali-et-burkina-faso-les-putschistes-consolident-leur-pouvoir-jusquen-2029\/"]}]},{"@type":"BreadcrumbList","@id":"https:\/\/www.nettali.com\/2024\/05\/27\/mali-et-burkina-faso-les-putschistes-consolident-leur-pouvoir-jusquen-2029\/#breadcrumb","itemListElement":[{"@type":"ListItem","position":1,"name":"Accueil","item":"https:\/\/www.nettali.com\/"},{"@type":"ListItem","position":2,"name":"MALI ET BURKINA FASO - Les putschistes consolident leur pouvoir jusqu\u2019en 2029"}]},{"@type":"Person","@id":"https:\/\/www.nettali.com\/#\/schema\/person\/d8ac7b7e27ddad43f1c0d2ef090d7f71","name":"CK","image":{"@type":"ImageObject","@id":"https:\/\/www.nettali.com\/#personlogo","inLanguage":"fr-FR","url":"https:\/\/secure.gravatar.com\/avatar\/1d8d5118b9327d94da7cd4ce7f17fec2?s=96&d=mm&r=g","contentUrl":"https:\/\/secure.gravatar.com\/avatar\/1d8d5118b9327d94da7cd4ce7f17fec2?s=96&d=mm&r=g","caption":"CK"},"sameAs":["https:\/\/www.nettali.com"]}]}},"_links":{"self":[{"href":"https:\/\/www.nettali.com\/rest\/wp\/v2\/posts\/134022"}],"collection":[{"href":"https:\/\/www.nettali.com\/rest\/wp\/v2\/posts"}],"about":[{"href":"https:\/\/www.nettali.com\/rest\/wp\/v2\/types\/post"}],"author":[{"embeddable":true,"href":"https:\/\/www.nettali.com\/rest\/wp\/v2\/users\/2"}],"replies":[{"embeddable":true,"href":"https:\/\/www.nettali.com\/rest\/wp\/v2\/comments?post=134022"}],"version-history":[{"count":1,"href":"https:\/\/www.nettali.com\/rest\/wp\/v2\/posts\/134022\/revisions"}],"predecessor-version":[{"id":134024,"href":"https:\/\/www.nettali.com\/rest\/wp\/v2\/posts\/134022\/revisions\/134024"}],"wp:featuredmedia":[{"embeddable":true,"href":"https:\/\/www.nettali.com\/rest\/wp\/v2\/media\/134023"}],"wp:attachment":[{"href":"https:\/\/www.nettali.com\/rest\/wp\/v2\/media?parent=134022"}],"wp:term":[{"taxonomy":"category","embeddable":true,"href":"https:\/\/www.nettali.com\/rest\/wp\/v2\/categories?post=134022"},{"taxonomy":"post_tag","embeddable":true,"href":"https:\/\/www.nettali.com\/rest\/wp\/v2\/tags?post=134022"}],"curies":[{"name":"wp","href":"https:\/\/api.w.org\/{rel}","templated":true}]}}