{"id":133950,"date":"2024-05-25T15:59:13","date_gmt":"2024-05-25T15:59:13","guid":{"rendered":"https:\/\/www.nettali.com\/?p=133950"},"modified":"2024-05-25T15:02:07","modified_gmt":"2024-05-25T15:02:07","slug":"justice-le-professeur-babacar-gueye-nomme-facilitateur-des-assises-de-la-justice","status":"publish","type":"post","link":"https:\/\/www.nettali.com\/2024\/05\/25\/justice-le-professeur-babacar-gueye-nomme-facilitateur-des-assises-de-la-justice\/","title":{"rendered":"JUSTICE - Le professeur Babacar Gu\u00e8ye nomm\u00e9 facilitateur des Assises de la justice"},"content":{"rendered":"<p><strong>NETTALI.COM - Le pr\u00e9sident de la R\u00e9publique, Bassirou Diomaye Diakhar Faye, a nomm\u00e9 le professeur de droit Babacar Gu\u00e8ye, facilitateur des Assises de la justice qui s'ouvrent mardi \u00e0 Diamniadio.<\/strong><\/p>\n<p><em>\"Le pr\u00e9sident de la R\u00e9publique a d\u00e9sign\u00e9 le Professeur Babacar Gu\u00e8ye comme facilitateur des Assises de la Justice dans le cadre de la Journ\u00e9e du dialogue national\u2019\u2019<\/em>, lit-on dans une note.<\/p>\n<p>Commentant cette d\u00e9cision, M. Gu\u00e8ye a d\u00e9clar\u00e9 l\u2019accueillir \"avec humilit\u00e9\u2019\u2019.<\/p>\n<p><em>\u00a0\"Je consid\u00e8re que c\u2019est un honneur qui m\u2019a \u00e9t\u00e9 fait que de me confier cette mission \u00f4 combien importante de facilitation des Assises de la justice et je voudrai d\u00e8s \u00e0 pr\u00e9sent remercier le pr\u00e9sident de la R\u00e9publique pour la confiance plac\u00e9e en ma personne\u2019\u2019<\/em>, a d\u00e9clar\u00e9 le professeur de droit constitutionnel \u00e0 l\u2019universit\u00e9 Cheikh-Anta-Diop de Dakar.<\/p>\n<p>Les Assises de la justice, qui s\u2019ouvrent mardi au Centre international de conf\u00e9rence Abdou Diouf (CICAD) de Diamniadio, se tiennent dans le cadre de la quatri\u00e8me \u00e9dition du dialogue national.<\/p>\n<p>Elles sont cens\u00e9es recueillir les contributions des citoyens concernant le syst\u00e8me judiciaire s\u00e9n\u00e9galais. Il s\u2019agit d\u2019un chantier prioritaire du nouveau pr\u00e9sident Bassirou Diomaye Faye, arriv\u00e9 au pouvoir le 24 mars dernier, qui entend \u2018\u2019r\u00e9former et moderniser la justice\u2019\u2019.<\/p>\n<p>Les Assises de la justice prendront fin le 4 juin prochain.<\/p>\n<div class='share-to-whatsapp-wrapper'><div class='share-on-whsp'>PARTAGER SUR : <\/div><a data-text='JUSTICE - Le professeur Babacar Gu\u00e8ye nomm\u00e9 facilitateur des Assises de la justice' data-link='https:\/\/www.nettali.com\/2024\/05\/25\/justice-le-professeur-babacar-gueye-nomme-facilitateur-des-assises-de-la-justice\/' class='whatsapp-button whatsapp-share'>WhatsApp<\/a><div class='clear '><\/div><\/div>","protected":false},"excerpt":{"rendered":"<p>NETTALI.COM - Le pr\u00e9sident de la R\u00e9publique, Bassirou Diomaye Diakhar Faye, a nomm\u00e9 le professeur de droit Babacar Gu\u00e8ye, facilitateur des Assises de la justice qui s'ouvrent mardi \u00e0 Diamniadio. \"Le pr\u00e9sident de la R\u00e9publique a d\u00e9sign\u00e9 le Professeur Babacar Gu\u00e8ye comme facilitateur des Assises de la Justice dans le cadre de la Journ\u00e9e du [&hellip;]<\/p>\n","protected":false},"author":4,"featured_media":125828,"comment_status":"open","ping_status":"open","sticky":false,"template":"","format":"standard","meta":{"_et_pb_use_builder":"","_et_pb_old_content":""},"categories":[2],"tags":[],"yoast_head":"<!-- This site is optimized with the Yoast SEO Premium plugin v17.8 (Yoast SEO v17.8) - https:\/\/yoast.com\/wordpress\/plugins\/seo\/ -->\n<title>JUSTICE - Le professeur Babacar Gu\u00e8ye nomm\u00e9 facilitateur des Assises de la justice | Nettali.com<\/title>\n<meta name=\"robots\" content=\"index, follow, max-snippet:-1, max-image-preview:large, max-video-preview:-1\" \/>\n<link rel=\"canonical\" href=\"https:\/\/www.nettali.com\/2024\/05\/25\/justice-le-professeur-babacar-gueye-nomme-facilitateur-des-assises-de-la-justice\/\" \/>\n<meta property=\"og:locale\" content=\"fr_FR\" \/>\n<meta property=\"og:type\" content=\"article\" \/>\n<meta property=\"og:title\" content=\"JUSTICE - Le professeur Babacar Gu\u00e8ye nomm\u00e9 facilitateur des Assises de la justice\" \/>\n<meta property=\"og:description\" content=\"NETTALI.COM - Le pr\u00e9sident de la R\u00e9publique, Bassirou Diomaye Diakhar Faye, a nomm\u00e9 le professeur de droit Babacar Gu\u00e8ye, facilitateur des Assises de la justice qui s&#039;ouvrent mardi \u00e0 Diamniadio. &quot;Le pr\u00e9sident de la R\u00e9publique a d\u00e9sign\u00e9 le Professeur Babacar Gu\u00e8ye comme facilitateur des Assises de la Justice dans le cadre de la Journ\u00e9e du [&hellip;]\" \/>\n<meta property=\"og:url\" content=\"https:\/\/www.nettali.com\/2024\/05\/25\/justice-le-professeur-babacar-gueye-nomme-facilitateur-des-assises-de-la-justice\/\" \/>\n<meta property=\"og:site_name\" content=\"Nettali.com\" \/>\n<meta property=\"article:publisher\" content=\"https:\/\/www.facebook.com\/nettalicom\" \/>\n<meta property=\"article:published_time\" content=\"2024-05-25T15:59:13+00:00\" \/>\n<meta property=\"article:modified_time\" content=\"2024-05-25T15:02:07+00:00\" \/>\n<meta property=\"og:image\" content=\"https:\/\/www.nettali.com\/wp-content\/uploads\/2024\/01\/Pr-Babacar-Gueye.jpg\" \/>\n\t<meta property=\"og:image:width\" content=\"500\" \/>\n\t<meta property=\"og:image:height\" content=\"494\" \/>\n<meta name=\"twitter:card\" content=\"summary_large_image\" \/>\n<meta name=\"twitter:label1\" content=\"\u00c9crit par\" \/>\n\t<meta name=\"twitter:data1\" content=\"Daouda\" \/>\n\t<meta name=\"twitter:label2\" content=\"Dur\u00e9e de lecture estim\u00e9e\" \/>\n\t<meta name=\"twitter:data2\" content=\"2 minutes\" \/>\n<script type=\"application\/ld+json\" class=\"yoast-schema-graph\">{\"@context\":\"https:\/\/schema.org\",\"@graph\":[{\"@type\":\"WebSite\",\"@id\":\"https:\/\/www.nettali.com\/#website\",\"url\":\"https:\/\/www.nettali.com\/\",\"name\":\"Nettali.com\",\"description\":\"Le rendez-vous critique du Net\",\"potentialAction\":[{\"@type\":\"SearchAction\",\"target\":{\"@type\":\"EntryPoint\",\"urlTemplate\":\"https:\/\/www.nettali.com\/?s={search_term_string}\"},\"query-input\":\"required name=search_term_string\"}],\"inLanguage\":\"fr-FR\"},{\"@type\":\"ImageObject\",\"@id\":\"https:\/\/www.nettali.com\/2024\/05\/25\/justice-le-professeur-babacar-gueye-nomme-facilitateur-des-assises-de-la-justice\/#primaryimage\",\"inLanguage\":\"fr-FR\",\"url\":\"https:\/\/www.nettali.com\/wp-content\/uploads\/2024\/01\/Pr-Babacar-Gueye.jpg\",\"contentUrl\":\"https:\/\/www.nettali.com\/wp-content\/uploads\/2024\/01\/Pr-Babacar-Gueye.jpg\",\"width\":500,\"height\":494},{\"@type\":\"WebPage\",\"@id\":\"https:\/\/www.nettali.com\/2024\/05\/25\/justice-le-professeur-babacar-gueye-nomme-facilitateur-des-assises-de-la-justice\/#webpage\",\"url\":\"https:\/\/www.nettali.com\/2024\/05\/25\/justice-le-professeur-babacar-gueye-nomme-facilitateur-des-assises-de-la-justice\/\",\"name\":\"JUSTICE - Le professeur Babacar Gu\\u00e8ye nomm\\u00e9 facilitateur des Assises de la justice | Nettali.com\",\"isPartOf\":{\"@id\":\"https:\/\/www.nettali.com\/#website\"},\"primaryImageOfPage\":{\"@id\":\"https:\/\/www.nettali.com\/2024\/05\/25\/justice-le-professeur-babacar-gueye-nomme-facilitateur-des-assises-de-la-justice\/#primaryimage\"},\"datePublished\":\"2024-05-25T15:59:13+00:00\",\"dateModified\":\"2024-05-25T15:02:07+00:00\",\"author\":{\"@id\":\"https:\/\/www.nettali.com\/#\/schema\/person\/3317e0bb3aa1da309fbf7b2780901bf4\"},\"breadcrumb\":{\"@id\":\"https:\/\/www.nettali.com\/2024\/05\/25\/justice-le-professeur-babacar-gueye-nomme-facilitateur-des-assises-de-la-justice\/#breadcrumb\"},\"inLanguage\":\"fr-FR\",\"potentialAction\":[{\"@type\":\"ReadAction\",\"target\":[\"https:\/\/www.nettali.com\/2024\/05\/25\/justice-le-professeur-babacar-gueye-nomme-facilitateur-des-assises-de-la-justice\/\"]}]},{\"@type\":\"BreadcrumbList\",\"@id\":\"https:\/\/www.nettali.com\/2024\/05\/25\/justice-le-professeur-babacar-gueye-nomme-facilitateur-des-assises-de-la-justice\/#breadcrumb\",\"itemListElement\":[{\"@type\":\"ListItem\",\"position\":1,\"name\":\"Accueil\",\"item\":\"https:\/\/www.nettali.com\/\"},{\"@type\":\"ListItem\",\"position\":2,\"name\":\"JUSTICE - Le professeur Babacar Gu\\u00e8ye nomm\\u00e9 facilitateur des Assises de la justice\"}]},{\"@type\":\"Person\",\"@id\":\"https:\/\/www.nettali.com\/#\/schema\/person\/3317e0bb3aa1da309fbf7b2780901bf4\",\"name\":\"Daouda\",\"image\":{\"@type\":\"ImageObject\",\"@id\":\"https:\/\/www.nettali.com\/#personlogo\",\"inLanguage\":\"fr-FR\",\"url\":\"https:\/\/secure.gravatar.com\/avatar\/8d143b5a49345098ddcfee1c49c2f47c?s=96&d=mm&r=g\",\"contentUrl\":\"https:\/\/secure.gravatar.com\/avatar\/8d143b5a49345098ddcfee1c49c2f47c?s=96&d=mm&r=g\",\"caption\":\"Daouda\"},\"sameAs\":[\"https:\/\/www.nettali.com\"]}]}<\/script>\n<!-- \/ Yoast SEO Premium plugin. -->","yoast_head_json":{"title":"JUSTICE - Le professeur Babacar Gu\u00e8ye nomm\u00e9 facilitateur des Assises de la justice | Nettali.com","robots":{"index":"index","follow":"follow","max-snippet":"max-snippet:-1","max-image-preview":"max-image-preview:large","max-video-preview":"max-video-preview:-1"},"canonical":"https:\/\/www.nettali.com\/2024\/05\/25\/justice-le-professeur-babacar-gueye-nomme-facilitateur-des-assises-de-la-justice\/","og_locale":"fr_FR","og_type":"article","og_title":"JUSTICE - Le professeur Babacar Gu\u00e8ye nomm\u00e9 facilitateur des Assises de la justice","og_description":"NETTALI.COM - Le pr\u00e9sident de la R\u00e9publique, Bassirou Diomaye Diakhar Faye, a nomm\u00e9 le professeur de droit Babacar Gu\u00e8ye, facilitateur des Assises de la justice qui s'ouvrent mardi \u00e0 Diamniadio. \"Le pr\u00e9sident de la R\u00e9publique a d\u00e9sign\u00e9 le Professeur Babacar Gu\u00e8ye comme facilitateur des Assises de la Justice dans le cadre de la Journ\u00e9e du [&hellip;]","og_url":"https:\/\/www.nettali.com\/2024\/05\/25\/justice-le-professeur-babacar-gueye-nomme-facilitateur-des-assises-de-la-justice\/","og_site_name":"Nettali.com","article_publisher":"https:\/\/www.facebook.com\/nettalicom","article_published_time":"2024-05-25T15:59:13+00:00","article_modified_time":"2024-05-25T15:02:07+00:00","og_image":[{"width":500,"height":494,"url":"https:\/\/www.nettali.com\/wp-content\/uploads\/2024\/01\/Pr-Babacar-Gueye.jpg","type":"image\/jpeg"}],"twitter_card":"summary_large_image","twitter_misc":{"\u00c9crit par":"Daouda","Dur\u00e9e de lecture estim\u00e9e":"2 minutes"},"schema":{"@context":"https:\/\/schema.org","@graph":[{"@type":"WebSite","@id":"https:\/\/www.nettali.com\/#website","url":"https:\/\/www.nettali.com\/","name":"Nettali.com","description":"Le rendez-vous critique du Net","potentialAction":[{"@type":"SearchAction","target":{"@type":"EntryPoint","urlTemplate":"https:\/\/www.nettali.com\/?s={search_term_string}"},"query-input":"required name=search_term_string"}],"inLanguage":"fr-FR"},{"@type":"ImageObject","@id":"https:\/\/www.nettali.com\/2024\/05\/25\/justice-le-professeur-babacar-gueye-nomme-facilitateur-des-assises-de-la-justice\/#primaryimage","inLanguage":"fr-FR","url":"https:\/\/www.nettali.com\/wp-content\/uploads\/2024\/01\/Pr-Babacar-Gueye.jpg","contentUrl":"https:\/\/www.nettali.com\/wp-content\/uploads\/2024\/01\/Pr-Babacar-Gueye.jpg","width":500,"height":494},{"@type":"WebPage","@id":"https:\/\/www.nettali.com\/2024\/05\/25\/justice-le-professeur-babacar-gueye-nomme-facilitateur-des-assises-de-la-justice\/#webpage","url":"https:\/\/www.nettali.com\/2024\/05\/25\/justice-le-professeur-babacar-gueye-nomme-facilitateur-des-assises-de-la-justice\/","name":"JUSTICE - Le professeur Babacar Gu\u00e8ye nomm\u00e9 facilitateur des Assises de la justice | Nettali.com","isPartOf":{"@id":"https:\/\/www.nettali.com\/#website"},"primaryImageOfPage":{"@id":"https:\/\/www.nettali.com\/2024\/05\/25\/justice-le-professeur-babacar-gueye-nomme-facilitateur-des-assises-de-la-justice\/#primaryimage"},"datePublished":"2024-05-25T15:59:13+00:00","dateModified":"2024-05-25T15:02:07+00:00","author":{"@id":"https:\/\/www.nettali.com\/#\/schema\/person\/3317e0bb3aa1da309fbf7b2780901bf4"},"breadcrumb":{"@id":"https:\/\/www.nettali.com\/2024\/05\/25\/justice-le-professeur-babacar-gueye-nomme-facilitateur-des-assises-de-la-justice\/#breadcrumb"},"inLanguage":"fr-FR","potentialAction":[{"@type":"ReadAction","target":["https:\/\/www.nettali.com\/2024\/05\/25\/justice-le-professeur-babacar-gueye-nomme-facilitateur-des-assises-de-la-justice\/"]}]},{"@type":"BreadcrumbList","@id":"https:\/\/www.nettali.com\/2024\/05\/25\/justice-le-professeur-babacar-gueye-nomme-facilitateur-des-assises-de-la-justice\/#breadcrumb","itemListElement":[{"@type":"ListItem","position":1,"name":"Accueil","item":"https:\/\/www.nettali.com\/"},{"@type":"ListItem","position":2,"name":"JUSTICE - Le professeur Babacar Gu\u00e8ye nomm\u00e9 facilitateur des Assises de la justice"}]},{"@type":"Person","@id":"https:\/\/www.nettali.com\/#\/schema\/person\/3317e0bb3aa1da309fbf7b2780901bf4","name":"Daouda","image":{"@type":"ImageObject","@id":"https:\/\/www.nettali.com\/#personlogo","inLanguage":"fr-FR","url":"https:\/\/secure.gravatar.com\/avatar\/8d143b5a49345098ddcfee1c49c2f47c?s=96&d=mm&r=g","contentUrl":"https:\/\/secure.gravatar.com\/avatar\/8d143b5a49345098ddcfee1c49c2f47c?s=96&d=mm&r=g","caption":"Daouda"},"sameAs":["https:\/\/www.nettali.com"]}]}},"_links":{"self":[{"href":"https:\/\/www.nettali.com\/rest\/wp\/v2\/posts\/133950"}],"collection":[{"href":"https:\/\/www.nettali.com\/rest\/wp\/v2\/posts"}],"about":[{"href":"https:\/\/www.nettali.com\/rest\/wp\/v2\/types\/post"}],"author":[{"embeddable":true,"href":"https:\/\/www.nettali.com\/rest\/wp\/v2\/users\/4"}],"replies":[{"embeddable":true,"href":"https:\/\/www.nettali.com\/rest\/wp\/v2\/comments?post=133950"}],"version-history":[{"count":1,"href":"https:\/\/www.nettali.com\/rest\/wp\/v2\/posts\/133950\/revisions"}],"predecessor-version":[{"id":133951,"href":"https:\/\/www.nettali.com\/rest\/wp\/v2\/posts\/133950\/revisions\/133951"}],"wp:featuredmedia":[{"embeddable":true,"href":"https:\/\/www.nettali.com\/rest\/wp\/v2\/media\/125828"}],"wp:attachment":[{"href":"https:\/\/www.nettali.com\/rest\/wp\/v2\/media?parent=133950"}],"wp:term":[{"taxonomy":"category","embeddable":true,"href":"https:\/\/www.nettali.com\/rest\/wp\/v2\/categories?post=133950"},{"taxonomy":"post_tag","embeddable":true,"href":"https:\/\/www.nettali.com\/rest\/wp\/v2\/tags?post=133950"}],"curies":[{"name":"wp","href":"https:\/\/api.w.org\/{rel}","templated":true}]}}