{"id":133928,"date":"2024-05-25T08:24:22","date_gmt":"2024-05-25T08:24:22","guid":{"rendered":"https:\/\/www.nettali.com\/?p=133928"},"modified":"2024-05-25T08:24:22","modified_gmt":"2024-05-25T08:24:22","slug":"gestion-des-ressources-minieres-du-senegal-le-nouveau-dg-de-somisen-fait-le-proces-de-lancien-regime","status":"publish","type":"post","link":"https:\/\/www.nettali.com\/2024\/05\/25\/gestion-des-ressources-minieres-du-senegal-le-nouveau-dg-de-somisen-fait-le-proces-de-lancien-regime\/","title":{"rendered":"GESTION DES RESSOURCES MINIERES DU S\u00c9N\u00c9GAL - Le nouveau DG de Somisen fait le proc\u00e8s de l\u2019ancien r\u00e9gime"},"content":{"rendered":"<div class=\"page\" title=\"Page 7\">\n<div class=\"layoutArea\">\n<div class=\"column\">\n<p><strong>NETTALI.COM - Des re\u0301ve\u0301lations importantes ont e\u0301te\u0301 faites par le nouveau DG de la Socie\u0301te\u0301 des mines du Se\u0301ne\u0301gal (Somisen) Ngagne Demba Toure\u0301, le vendredi 24 mai, lors de la ce\u0301re\u0301monie de passation de service. Ces re\u0301ve\u0301lations ont mis en lumie\u0300re des anomalies ayant gravement affecte\u0301 les deniers de l\u2019Etat. Le successeur d\u2019Ousmane Cisse\u0301 souhaite que la Somisen passe de \u2018\u2019socie\u0301te\u0301 sous perfusion permanente de l\u2019E\u0301tat a\u0300 sa vache laitie\u0300re qui fait entrer des centaines de milliards dans sa caisse\u2019\u2019.<\/strong><\/p>\n<p>Nomme\u0301 directeur ge\u0301ne\u0301ral de la Socie\u0301te\u0301 des mines du Se\u0301ne\u0301gal (Somisen) par le nouveau pre\u0301sident de la Re\u0301publique, Ngagne Demba Toure\u0301 a effectue\u0301 sa ce\u0301re\u0301monie de passation de service avec le directeur sortant Ousmane Cisse\u0301, le vendredi 24 mai. Faisant part des nombreuses difficulte\u0301s auxquelles la Somisen fait face, il a dans la foul\u00e9e de\u0301nonce\u0301 \"<em>la non-effectivite\u0301 des fonctions de repre\u0301sentation et de gestion des participations de l\u2019E\u0301tat dans les entreprises minie\u0300res ; le manque de ressources financie\u0300res suffisantes pour bien re\u0301aliser les ambitieux programmes de recherche, de valorisation et d\u2019exploitation de substances mine\u0301rales qu\u2019elle s\u2019est fixe\u0301s ; l\u2019absence de soutien politique de la part de sa tutelle technique et financie\u0300re pour fonctionner conforme\u0301ment au ro\u0302le strate\u0301gique et aux objectifs e\u0301conomiques qui lui ont e\u0301te\u0301 assigne\u0301s<\/em>\".<\/p>\n<p>A\u0300 cela, il a ajout\u00e9 une gouvernance discutable du secteur minier qui fait ressortir plusieurs anomalies, d\u2019apre\u0300s lui. Tour\u00e9 a d'ailleurs regrett\u00e9 une \"<em>disparite\u0301 cuisante<\/em>\" entre la valeur de la production, les richesses cre\u0301e\u0301es par les entreprises et les revenus dont be\u0301ne\u0301ficie l\u2019E\u0301tat. A\u0300 titre d\u2019exemple, il a relev\u00e9 que pour l\u2019anne\u0301e 2021, sur 1 507,7 milliards ge\u0301ne\u0301re\u0301s par la production minie\u0300re, l\u2019E\u0301tat et ses de\u0301membrements n\u2019ont re\u0301colte\u0301 que 203,1 milliards, soit 13 % de la richesse cre\u0301e\u0301e.<\/p>\n<\/div>\n<div class=\"column\">\n<p>Il a a \u00e9galement de\u0301nonc\u00e9 la faiblesse de la part de l\u2019E\u0301tat dans les concessions minie\u0300res. A\u0300 ce niveau, il a indiqu\u00e9 que sur 12 conventions ou\u0300 l\u2019E\u0301tat de\u0301tient des participations, il n\u2019a que 10 % de droits sur dix d\u2019entre elles et 15 % sur l\u2019une d\u2019elles.<\/p>\n<p>Le nouveau directeur de la Somisen a aussi constate\u0301 le non-recouvrement d\u2019une part importante des redevances minie\u0300res dues a\u0300 l\u2019E\u0301tat ainsi que le de\u0301faut de transparence dans les ope\u0301rations minie\u0300res. Il note e\u0301gale- ment le non-respect des droits humains, des re\u0300gles de pre\u0301vention et de protection de l\u2019environnement ainsi que des conditions d\u2019hygie\u0300ne et de se\u0301curite\u0301.<\/p>\n<p><strong>\"Notre pays ne doit plus exporter tous les minerais extraits de son sous-sol\"<\/strong><\/p>\n<p>Face a\u0300 ces nombreux de\u0301fis, le Projet porte\u0301 par le pre\u0301sident de la Re\u0301publique, qui a be\u0301ne\u0301ficie\u0301 de la confiance de la majorite\u0301 des Se\u0301ne\u0301galais, se positionne comme une solution pour \"<em>une re\u0301appropriation des ressources naturelles en vue d\u2019un de\u0301veloppement e\u0301conomique endoge\u0300ne et durable<\/em>\", selon Ngagne Demba Toure\u0301. \"<em>Notre vision repose sur un mode\u0300le e\u0301conomique endoge\u0300ne d\u2019industrialisation par substitution aux importations<\/em>\", a-t-il soutenu.<\/p>\n<p>Il souligne que les ressources minie\u0300res du pays doivent favoriser l\u2019essor d\u2019une industrie dynamique et compe\u0301titive capable de ge\u0301ne\u0301rer une croissance durable, inclusive et cre\u0301atrice d\u2019emplois. \"<em>Notre pays ne doit plus exporter tous les minerais extraits de son sous-sol pour ensuite importer des produits finis issus de ces me\u0302mes minerais. Le bijoutier se\u0301ne\u0301galais ne doit plus prendre un avion, faire des milliers de kilome\u0300tres pour rallier Dubai\u0308 a\u0300 la recherche de bijoux, alors que l\u2019or extrait ici a\u0300 Ke\u0301dougou quitte le pays pour e\u0302tre raffine\u0301 en Suisse ou au Canada<\/em>\u2019\u2019, a plaide\u0301 Ngagne Demba Toure\u0301.<\/p>\n<\/div>\n<div class=\"column\">\n<p><strong>Les ressources minie\u0300res pour financer les actions de l\u2019E\u0301tat<\/strong><\/p>\n<\/div>\n<div class=\"column\">\n<p>A\u0300 ce niveau, pour lui, la Somisen doit jouer un ro\u0302le en aval en mettant le focus sur un programme \"<em>ambitieux<\/em>\" de transformation des substances mine\u0301rales.<\/p>\n<p>Par ailleurs, le Projet mise sur la mobilisation des ressources endoge\u0300nes pour le financement des politiques publiques. Monsieur Toure\u0301 indique que c\u2019est dans cette optique que les ressources naturelles en ge\u0301ne\u0301ral et les ressources minie\u0300res en particulier doivent de\u0301sormais devenir un important levier de financement de l\u2019action e\u0301tatique.<\/p>\n<p>Ainsi, la Somisen, en tant que compagnie nationale, doit devenir la locomotive de l\u2019E\u0301tat-acteur de l\u2019e\u0301conomie et partie prenante de l\u2019exploitation de ses propres ressources, selon le nouveau DG. \"<em>Sans verser dans l\u2019autarcie, elle doit devenir le bras financier de l\u2019E\u0301tat, son grenier, sa mine d\u2019or et d\u2019argent. En somme, mon ambition est que la Somisen passe de socie\u0301te\u0301 sous perfusion permanente de l\u2019E\u0301tat a\u0300 sa vache laitie\u0300re qui fait entrer des centaines de milliards dans sa caisse\"<\/em>, a soutenu Ngagne Demba Toure\u0301.<\/p>\n<p>Pour parvenir a\u0300 ces objectifs, il compte adopter un style de management participatif qui fe\u0301de\u0300re ses collaborateurs autour d\u2019une vision commune partage\u0301e. \"<em>Dans un esprit d\u2019e\u0301quipe, je m\u2019engage a\u0300 ge\u0301rer dans l\u2019inclusivite\u0301 et la transparence. Avec rigueur et franchise, je compte diriger avec e\u0301thique et ouverture. Avec de\u0301vouement et cre\u0301ativite\u0301, je mise sur une gestion axe\u0301e sur les re\u0301sultats<\/em>\", a- t-il promis.<\/p>\n<p>En tant que jeune place\u0301 a\u0300 la te\u0302te d\u2019une socie\u0301te\u0301 publique, il souligne qu\u2019il repre\u0301sente une frange de la population a\u0300 travers les actes qu\u2019il prend et le comportement qu'il adopte. \"J<em>e ne dois pas de\u0301cevoir ! En choisissant un jeune a\u0300 la te\u0302te de la Somisen, le pre\u0301sident de la Re\u0301publique a opte\u0301 pour la frai\u0302cheur, la rupture, le renouveau, l\u2019audace, le mouvement et la conque\u0302te<\/em>\u2019\u2019, a estime\u0301 Ngagne Demba Toure\u0301 qui dit compter sur la mobilisation collective de tout le personnel.<\/p>\n<p><strong>Richesse du sous-sol se\u0301ne\u0301galais<\/strong><\/p>\n<\/div>\n<div class=\"column\">\n<p>Il faut dire, comme l\u2019a souligne\u0301 le DG, que le sous-sol se\u0301ne\u0301galais regorge d\u2019importantes ressources minie\u0300res. Il s\u2019agit d\u2019immenses potentialite\u0301s en substances mine\u0301rales qui offrent des niches de cre\u0301ation de richesses, d\u2019emplois, d\u2019infrastructures viables et d\u2019un de\u0301veloppement endoge\u0300ne et durable, selon lui.<\/p>\n<p>Le DG Toure\u0301 a cite\u0301 des me\u0301taux pre\u0301cieux tels que l\u2019or et le platine, les mine\u0301raux lourds que sont le zircon, l\u2019ilme\u0301nite et le rutile, les mine\u0301raux strate\u0301giques comme l\u2019uranium, le lithium, le mangane\u0300se ou la bauxite, les me\u0301taux de base que sont le cuivre, le nickel, le plomb, le chrome et la barytine, sans oublier le fer, les calcaires, les phosphates de chaux et d\u2019alumine ainsi que les mate\u0301riaux de construction tels que le basalte, les gre\u0300s et les sables dunaires, les pierres ornementales que sont le marbre et les granitoi\u0308des ou encore les argiles ce\u0301ramiques ou industrielles et les sables siliceux pour la verrerie.<\/p>\n<p>Ngagne Demba Toure\u0301 note que pour valoriser ces substances, l\u2019E\u0301tat du Se\u0301ne\u0301gal a mis en place un cadre juridique incitatif qui a permis d\u2019attirer de gros investissements dans le secteur minier.<\/p>\n<p>Pour rappel, la Somisen a e\u0301te\u0301 cre\u0301e\u0301e par la loi n\u00b02020-31 du 6 novembre 2020. Ayant en charge la gestion du patrimoine minier de l\u2019E\u0301tat, elle a e\u0301te\u0301 mise sur pied pour accomplir dix missions, dont la gestion de la participation de l\u2019E\u0301tat dans les ope\u0301rations minie\u0300res ; la commercialisation des produits miniers revenant a\u0300 l\u2019E\u0301tat ; la de\u0301tention, seule ou en association, de titres miniers aux fins de recherche et d'exploitation ; la mise en \u0153uvre des de\u0301cisions et orientations de l\u2019E\u0301tat en ce qui concerne la strate\u0301gie de ces socie\u0301te\u0301s minie\u0300res ; la participation aux ne\u0301gociations entre l\u2019E\u0301tat et les socie\u0301te\u0301s dans lesquelles elle ge\u0300re les participations de l\u2019E\u0301tat et de toute autre socie\u0301te\u0301 ou\u0300 cette participation est envisage\u0301e, etc.<\/p>\n<\/div>\n<\/div>\n<\/div>\n<div class='share-to-whatsapp-wrapper'><div class='share-on-whsp'>PARTAGER SUR : <\/div><a data-text='GESTION DES RESSOURCES MINIERES DU S\u00c9N\u00c9GAL - Le nouveau DG de Somisen fait le proc\u00e8s de l\u2019ancien r\u00e9gime' data-link='https:\/\/www.nettali.com\/2024\/05\/25\/gestion-des-ressources-minieres-du-senegal-le-nouveau-dg-de-somisen-fait-le-proces-de-lancien-regime\/' class='whatsapp-button whatsapp-share'>WhatsApp<\/a><div class='clear '><\/div><\/div>","protected":false},"excerpt":{"rendered":"<p>NETTALI.COM - Des re\u0301ve\u0301lations importantes ont e\u0301te\u0301 faites par le nouveau DG de la Socie\u0301te\u0301 des mines du Se\u0301ne\u0301gal (Somisen) Ngagne Demba Toure\u0301, le vendredi 24 mai, lors de la ce\u0301re\u0301monie de passation de service. Ces re\u0301ve\u0301lations ont mis en lumie\u0300re des anomalies ayant gravement affecte\u0301 les deniers de l\u2019Etat. Le successeur d\u2019Ousmane Cisse\u0301 souhaite [&hellip;]<\/p>\n","protected":false},"author":2,"featured_media":133929,"comment_status":"open","ping_status":"open","sticky":false,"template":"","format":"standard","meta":{"_et_pb_use_builder":"","_et_pb_old_content":""},"categories":[2],"tags":[],"yoast_head":"<!-- This site is optimized with the Yoast SEO Premium plugin v17.8 (Yoast SEO v17.8) - https:\/\/yoast.com\/wordpress\/plugins\/seo\/ -->\n<title>GESTION DES RESSOURCES MINIERES DU S\u00c9N\u00c9GAL - Le nouveau DG de Somisen fait le proc\u00e8s de l\u2019ancien r\u00e9gime | Nettali.com<\/title>\n<meta name=\"robots\" content=\"index, follow, max-snippet:-1, max-image-preview:large, max-video-preview:-1\" \/>\n<link rel=\"canonical\" href=\"https:\/\/www.nettali.com\/2024\/05\/25\/gestion-des-ressources-minieres-du-senegal-le-nouveau-dg-de-somisen-fait-le-proces-de-lancien-regime\/\" \/>\n<meta property=\"og:locale\" content=\"fr_FR\" \/>\n<meta property=\"og:type\" content=\"article\" \/>\n<meta property=\"og:title\" content=\"GESTION DES RESSOURCES MINIERES DU S\u00c9N\u00c9GAL - Le nouveau DG de Somisen fait le proc\u00e8s de l\u2019ancien r\u00e9gime\" \/>\n<meta property=\"og:description\" content=\"NETTALI.COM - Des re\u0301ve\u0301lations importantes ont e\u0301te\u0301 faites par le nouveau DG de la Socie\u0301te\u0301 des mines du Se\u0301ne\u0301gal (Somisen) Ngagne Demba Toure\u0301, le vendredi 24 mai, lors de la ce\u0301re\u0301monie de passation de service. Ces re\u0301ve\u0301lations ont mis en lumie\u0300re des anomalies ayant gravement affecte\u0301 les deniers de l\u2019Etat. Le successeur d\u2019Ousmane Cisse\u0301 souhaite [&hellip;]\" \/>\n<meta property=\"og:url\" content=\"https:\/\/www.nettali.com\/2024\/05\/25\/gestion-des-ressources-minieres-du-senegal-le-nouveau-dg-de-somisen-fait-le-proces-de-lancien-regime\/\" \/>\n<meta property=\"og:site_name\" content=\"Nettali.com\" \/>\n<meta property=\"article:publisher\" content=\"https:\/\/www.facebook.com\/nettalicom\" \/>\n<meta property=\"article:published_time\" content=\"2024-05-25T08:24:22+00:00\" \/>\n<meta property=\"og:image\" content=\"https:\/\/www.nettali.com\/wp-content\/uploads\/2024\/05\/73552633-51187557.jpg\" \/>\n\t<meta property=\"og:image:width\" content=\"1280\" \/>\n\t<meta property=\"og:image:height\" content=\"960\" \/>\n<meta name=\"twitter:card\" content=\"summary_large_image\" \/>\n<meta name=\"twitter:label1\" content=\"\u00c9crit par\" \/>\n\t<meta name=\"twitter:data1\" content=\"CK\" \/>\n\t<meta name=\"twitter:label2\" content=\"Dur\u00e9e de lecture estim\u00e9e\" \/>\n\t<meta name=\"twitter:data2\" content=\"7 minutes\" \/>\n<script type=\"application\/ld+json\" class=\"yoast-schema-graph\">{\"@context\":\"https:\/\/schema.org\",\"@graph\":[{\"@type\":\"WebSite\",\"@id\":\"https:\/\/www.nettali.com\/#website\",\"url\":\"https:\/\/www.nettali.com\/\",\"name\":\"Nettali.com\",\"description\":\"Le rendez-vous critique du Net\",\"potentialAction\":[{\"@type\":\"SearchAction\",\"target\":{\"@type\":\"EntryPoint\",\"urlTemplate\":\"https:\/\/www.nettali.com\/?s={search_term_string}\"},\"query-input\":\"required name=search_term_string\"}],\"inLanguage\":\"fr-FR\"},{\"@type\":\"ImageObject\",\"@id\":\"https:\/\/www.nettali.com\/2024\/05\/25\/gestion-des-ressources-minieres-du-senegal-le-nouveau-dg-de-somisen-fait-le-proces-de-lancien-regime\/#primaryimage\",\"inLanguage\":\"fr-FR\",\"url\":\"https:\/\/www.nettali.com\/wp-content\/uploads\/2024\/05\/73552633-51187557.jpg\",\"contentUrl\":\"https:\/\/www.nettali.com\/wp-content\/uploads\/2024\/05\/73552633-51187557.jpg\",\"width\":1280,\"height\":960},{\"@type\":\"WebPage\",\"@id\":\"https:\/\/www.nettali.com\/2024\/05\/25\/gestion-des-ressources-minieres-du-senegal-le-nouveau-dg-de-somisen-fait-le-proces-de-lancien-regime\/#webpage\",\"url\":\"https:\/\/www.nettali.com\/2024\/05\/25\/gestion-des-ressources-minieres-du-senegal-le-nouveau-dg-de-somisen-fait-le-proces-de-lancien-regime\/\",\"name\":\"GESTION DES RESSOURCES MINIERES DU S\\u00c9N\\u00c9GAL - Le nouveau DG de Somisen fait le proc\\u00e8s de l\\u2019ancien r\\u00e9gime | Nettali.com\",\"isPartOf\":{\"@id\":\"https:\/\/www.nettali.com\/#website\"},\"primaryImageOfPage\":{\"@id\":\"https:\/\/www.nettali.com\/2024\/05\/25\/gestion-des-ressources-minieres-du-senegal-le-nouveau-dg-de-somisen-fait-le-proces-de-lancien-regime\/#primaryimage\"},\"datePublished\":\"2024-05-25T08:24:22+00:00\",\"dateModified\":\"2024-05-25T08:24:22+00:00\",\"author\":{\"@id\":\"https:\/\/www.nettali.com\/#\/schema\/person\/d8ac7b7e27ddad43f1c0d2ef090d7f71\"},\"breadcrumb\":{\"@id\":\"https:\/\/www.nettali.com\/2024\/05\/25\/gestion-des-ressources-minieres-du-senegal-le-nouveau-dg-de-somisen-fait-le-proces-de-lancien-regime\/#breadcrumb\"},\"inLanguage\":\"fr-FR\",\"potentialAction\":[{\"@type\":\"ReadAction\",\"target\":[\"https:\/\/www.nettali.com\/2024\/05\/25\/gestion-des-ressources-minieres-du-senegal-le-nouveau-dg-de-somisen-fait-le-proces-de-lancien-regime\/\"]}]},{\"@type\":\"BreadcrumbList\",\"@id\":\"https:\/\/www.nettali.com\/2024\/05\/25\/gestion-des-ressources-minieres-du-senegal-le-nouveau-dg-de-somisen-fait-le-proces-de-lancien-regime\/#breadcrumb\",\"itemListElement\":[{\"@type\":\"ListItem\",\"position\":1,\"name\":\"Accueil\",\"item\":\"https:\/\/www.nettali.com\/\"},{\"@type\":\"ListItem\",\"position\":2,\"name\":\"GESTION DES RESSOURCES MINIERES DU S\\u00c9N\\u00c9GAL - Le nouveau DG de Somisen fait le proc\\u00e8s de l\\u2019ancien r\\u00e9gime\"}]},{\"@type\":\"Person\",\"@id\":\"https:\/\/www.nettali.com\/#\/schema\/person\/d8ac7b7e27ddad43f1c0d2ef090d7f71\",\"name\":\"CK\",\"image\":{\"@type\":\"ImageObject\",\"@id\":\"https:\/\/www.nettali.com\/#personlogo\",\"inLanguage\":\"fr-FR\",\"url\":\"https:\/\/secure.gravatar.com\/avatar\/1d8d5118b9327d94da7cd4ce7f17fec2?s=96&d=mm&r=g\",\"contentUrl\":\"https:\/\/secure.gravatar.com\/avatar\/1d8d5118b9327d94da7cd4ce7f17fec2?s=96&d=mm&r=g\",\"caption\":\"CK\"},\"sameAs\":[\"https:\/\/www.nettali.com\"]}]}<\/script>\n<!-- \/ Yoast SEO Premium plugin. -->","yoast_head_json":{"title":"GESTION DES RESSOURCES MINIERES DU S\u00c9N\u00c9GAL - Le nouveau DG de Somisen fait le proc\u00e8s de l\u2019ancien r\u00e9gime | Nettali.com","robots":{"index":"index","follow":"follow","max-snippet":"max-snippet:-1","max-image-preview":"max-image-preview:large","max-video-preview":"max-video-preview:-1"},"canonical":"https:\/\/www.nettali.com\/2024\/05\/25\/gestion-des-ressources-minieres-du-senegal-le-nouveau-dg-de-somisen-fait-le-proces-de-lancien-regime\/","og_locale":"fr_FR","og_type":"article","og_title":"GESTION DES RESSOURCES MINIERES DU S\u00c9N\u00c9GAL - Le nouveau DG de Somisen fait le proc\u00e8s de l\u2019ancien r\u00e9gime","og_description":"NETTALI.COM - Des re\u0301ve\u0301lations importantes ont e\u0301te\u0301 faites par le nouveau DG de la Socie\u0301te\u0301 des mines du Se\u0301ne\u0301gal (Somisen) Ngagne Demba Toure\u0301, le vendredi 24 mai, lors de la ce\u0301re\u0301monie de passation de service. Ces re\u0301ve\u0301lations ont mis en lumie\u0300re des anomalies ayant gravement affecte\u0301 les deniers de l\u2019Etat. Le successeur d\u2019Ousmane Cisse\u0301 souhaite [&hellip;]","og_url":"https:\/\/www.nettali.com\/2024\/05\/25\/gestion-des-ressources-minieres-du-senegal-le-nouveau-dg-de-somisen-fait-le-proces-de-lancien-regime\/","og_site_name":"Nettali.com","article_publisher":"https:\/\/www.facebook.com\/nettalicom","article_published_time":"2024-05-25T08:24:22+00:00","og_image":[{"width":1280,"height":960,"url":"https:\/\/www.nettali.com\/wp-content\/uploads\/2024\/05\/73552633-51187557.jpg","type":"image\/jpeg"}],"twitter_card":"summary_large_image","twitter_misc":{"\u00c9crit par":"CK","Dur\u00e9e de lecture estim\u00e9e":"7 minutes"},"schema":{"@context":"https:\/\/schema.org","@graph":[{"@type":"WebSite","@id":"https:\/\/www.nettali.com\/#website","url":"https:\/\/www.nettali.com\/","name":"Nettali.com","description":"Le rendez-vous critique du Net","potentialAction":[{"@type":"SearchAction","target":{"@type":"EntryPoint","urlTemplate":"https:\/\/www.nettali.com\/?s={search_term_string}"},"query-input":"required name=search_term_string"}],"inLanguage":"fr-FR"},{"@type":"ImageObject","@id":"https:\/\/www.nettali.com\/2024\/05\/25\/gestion-des-ressources-minieres-du-senegal-le-nouveau-dg-de-somisen-fait-le-proces-de-lancien-regime\/#primaryimage","inLanguage":"fr-FR","url":"https:\/\/www.nettali.com\/wp-content\/uploads\/2024\/05\/73552633-51187557.jpg","contentUrl":"https:\/\/www.nettali.com\/wp-content\/uploads\/2024\/05\/73552633-51187557.jpg","width":1280,"height":960},{"@type":"WebPage","@id":"https:\/\/www.nettali.com\/2024\/05\/25\/gestion-des-ressources-minieres-du-senegal-le-nouveau-dg-de-somisen-fait-le-proces-de-lancien-regime\/#webpage","url":"https:\/\/www.nettali.com\/2024\/05\/25\/gestion-des-ressources-minieres-du-senegal-le-nouveau-dg-de-somisen-fait-le-proces-de-lancien-regime\/","name":"GESTION DES RESSOURCES MINIERES DU S\u00c9N\u00c9GAL - Le nouveau DG de Somisen fait le proc\u00e8s de l\u2019ancien r\u00e9gime | Nettali.com","isPartOf":{"@id":"https:\/\/www.nettali.com\/#website"},"primaryImageOfPage":{"@id":"https:\/\/www.nettali.com\/2024\/05\/25\/gestion-des-ressources-minieres-du-senegal-le-nouveau-dg-de-somisen-fait-le-proces-de-lancien-regime\/#primaryimage"},"datePublished":"2024-05-25T08:24:22+00:00","dateModified":"2024-05-25T08:24:22+00:00","author":{"@id":"https:\/\/www.nettali.com\/#\/schema\/person\/d8ac7b7e27ddad43f1c0d2ef090d7f71"},"breadcrumb":{"@id":"https:\/\/www.nettali.com\/2024\/05\/25\/gestion-des-ressources-minieres-du-senegal-le-nouveau-dg-de-somisen-fait-le-proces-de-lancien-regime\/#breadcrumb"},"inLanguage":"fr-FR","potentialAction":[{"@type":"ReadAction","target":["https:\/\/www.nettali.com\/2024\/05\/25\/gestion-des-ressources-minieres-du-senegal-le-nouveau-dg-de-somisen-fait-le-proces-de-lancien-regime\/"]}]},{"@type":"BreadcrumbList","@id":"https:\/\/www.nettali.com\/2024\/05\/25\/gestion-des-ressources-minieres-du-senegal-le-nouveau-dg-de-somisen-fait-le-proces-de-lancien-regime\/#breadcrumb","itemListElement":[{"@type":"ListItem","position":1,"name":"Accueil","item":"https:\/\/www.nettali.com\/"},{"@type":"ListItem","position":2,"name":"GESTION DES RESSOURCES MINIERES DU S\u00c9N\u00c9GAL - Le nouveau DG de Somisen fait le proc\u00e8s de l\u2019ancien r\u00e9gime"}]},{"@type":"Person","@id":"https:\/\/www.nettali.com\/#\/schema\/person\/d8ac7b7e27ddad43f1c0d2ef090d7f71","name":"CK","image":{"@type":"ImageObject","@id":"https:\/\/www.nettali.com\/#personlogo","inLanguage":"fr-FR","url":"https:\/\/secure.gravatar.com\/avatar\/1d8d5118b9327d94da7cd4ce7f17fec2?s=96&d=mm&r=g","contentUrl":"https:\/\/secure.gravatar.com\/avatar\/1d8d5118b9327d94da7cd4ce7f17fec2?s=96&d=mm&r=g","caption":"CK"},"sameAs":["https:\/\/www.nettali.com"]}]}},"_links":{"self":[{"href":"https:\/\/www.nettali.com\/rest\/wp\/v2\/posts\/133928"}],"collection":[{"href":"https:\/\/www.nettali.com\/rest\/wp\/v2\/posts"}],"about":[{"href":"https:\/\/www.nettali.com\/rest\/wp\/v2\/types\/post"}],"author":[{"embeddable":true,"href":"https:\/\/www.nettali.com\/rest\/wp\/v2\/users\/2"}],"replies":[{"embeddable":true,"href":"https:\/\/www.nettali.com\/rest\/wp\/v2\/comments?post=133928"}],"version-history":[{"count":1,"href":"https:\/\/www.nettali.com\/rest\/wp\/v2\/posts\/133928\/revisions"}],"predecessor-version":[{"id":133930,"href":"https:\/\/www.nettali.com\/rest\/wp\/v2\/posts\/133928\/revisions\/133930"}],"wp:featuredmedia":[{"embeddable":true,"href":"https:\/\/www.nettali.com\/rest\/wp\/v2\/media\/133929"}],"wp:attachment":[{"href":"https:\/\/www.nettali.com\/rest\/wp\/v2\/media?parent=133928"}],"wp:term":[{"taxonomy":"category","embeddable":true,"href":"https:\/\/www.nettali.com\/rest\/wp\/v2\/categories?post=133928"},{"taxonomy":"post_tag","embeddable":true,"href":"https:\/\/www.nettali.com\/rest\/wp\/v2\/tags?post=133928"}],"curies":[{"name":"wp","href":"https:\/\/api.w.org\/{rel}","templated":true}]}}