{"id":133894,"date":"2024-05-24T16:04:54","date_gmt":"2024-05-24T16:04:54","guid":{"rendered":"https:\/\/www.nettali.com\/?p=133894"},"modified":"2024-05-24T20:44:39","modified_gmt":"2024-05-24T20:44:39","slug":"aliou-cisse-pourquoi-jai-selectionne-cherif-ndiaye","status":"publish","type":"post","link":"https:\/\/www.nettali.com\/2024\/05\/24\/aliou-cisse-pourquoi-jai-selectionne-cherif-ndiaye\/","title":{"rendered":"ALIOU CISS\u00c9 - \"Pourquoi j'ai s\u00e9lectionn\u00e9 Ch\u00e9rif Ndiaye\""},"content":{"rendered":"<p><strong>NETTALI.COM - Aliou Ciss\u00e9, s\u00e9lectionneur national du S\u00e9n\u00e9gal, s\u2019est exprim\u00e9 sur la premi\u00e8re convocation de Ch\u00e9rif Ndiaye en \u00e9quipe nationale. L\u2019attaquant de 28 ans, qui \u00e9volue \u00e0 l\u2019\u00c9toile Rouge de Belgrade en Serbie, a \u00e9t\u00e9 appel\u00e9 pour participer aux deux prochains matchs des Lions dans le cadre des \u00e9liminatoires pour la Coupe du Monde 2026.<\/strong><\/p>\n<p>Depuis sa nomination sur le banc des Lions en mars 2015, presque 10 ans, Aliou Ciss\u00e9 n'a pas d\u00e9rog\u00e9 \u00e0 la r\u00e8gle. Sur chaque liste, il int\u00e8gre un n\u00e9o Lion. Et cette fois-ci, l'heureux \u00e9lu se nomme Ch\u00e9rif Ndiaye, le Serial Killer de l'Etoile Rouge de Belgrade.<\/p>\n<p>\"<em>Ch\u00e9rif est l\u00e0 parce qu\u2019il a fait une tr\u00e8s bonne saison. Il a \u00e9t\u00e9 assez r\u00e9gulier. C\u2019est un gar\u00e7on qui a marqu\u00e9 une vingtaine de buts et a d\u00e9livr\u00e9, je crois, trois \u00e0 quatre passes d\u00e9cisives (5 en r\u00e9alit\u00e9). Il a aussi jou\u00e9 la Ligue des Champions. On le suit depuis longtemps, mais il n\u2019y avait pas encore la possibilit\u00e9 de le faire venir. Avec les m\u00e9formes et les blessures, c\u2019est le moment de le faire venir. C\u2019est un gar\u00e7on qui a \u00e9norm\u00e9ment de qualit\u00e9s, avec une touche assez int\u00e9ressante. Techniquement, il n\u2019est pas pas mal, et il est capable de parfaitement prendre \u00e0 profondeur et de nous marquer des buts<\/em>\", a d\u00e9taill\u00e9 Aliou Ciss\u00e9.<\/p>\n<p>\"<em>C\u2019est normal de le faire venir. L\u2019\u00e9quipe du S\u00e9n\u00e9gal a besoin de ce genre de joueur, capable de marquer des buts, parce qu\u2019on ne marque pas assez de buts. Qu\u2019il prenne ses marques et qu\u2019il se sente comme chez lui. Il a des qualit\u00e9s et il doit les montrer aux entra\u00eenements. Il doit \u00eatre pr\u00eat \u00e0 aider l\u2019\u00e9quipe quand son heure arrivera. Ce n\u2019est pas pour lui faire plaisir que je l\u2019ai fait venir. Tout au long de la saison, il faisait partie des meilleurs attaquants s\u00e9n\u00e9galais<\/em>\", a poursuivi le technicien aux dreadlocks visiblement tr\u00e8s admiratif de sa nouvelle recrue.<\/p>\n<p>Cherif Ndiaye, \u00e2g\u00e9 de 28 ans, s\u2019est distingu\u00e9 cette saison par ses performances remarquables. Il a d\u00e9montr\u00e9 sa capacit\u00e9 \u00e0 marquer des buts importants et \u00e0 cr\u00e9er des opportunit\u00e9s pour ses co\u00e9quipiers. Son jeu polyvalent et son sens du but en font un atout pr\u00e9cieux pour l\u2019\u00e9quipe nationale.<\/p>\n<p>Ch\u00e9rif Ndiaye va-t-il r\u00e9pondre aux attentes? Ciss\u00e9 va-t-il le lancer d\u00e8s le match face \u00e0 la R\u00e9publique d\u00e9mocratique du Congo? Affaire \u00e0 suivre...<\/p>\n<div class='share-to-whatsapp-wrapper'><div class='share-on-whsp'>PARTAGER SUR : <\/div><a data-text='ALIOU CISS\u00c9 - \"Pourquoi j'ai s\u00e9lectionn\u00e9 Ch\u00e9rif Ndiaye\"' data-link='https:\/\/www.nettali.com\/2024\/05\/24\/aliou-cisse-pourquoi-jai-selectionne-cherif-ndiaye\/' class='whatsapp-button whatsapp-share'>WhatsApp<\/a><div class='clear '><\/div><\/div>","protected":false},"excerpt":{"rendered":"<p>NETTALI.COM - Aliou Ciss\u00e9, s\u00e9lectionneur national du S\u00e9n\u00e9gal, s\u2019est exprim\u00e9 sur la premi\u00e8re convocation de Ch\u00e9rif Ndiaye en \u00e9quipe nationale. L\u2019attaquant de 28 ans, qui \u00e9volue \u00e0 l\u2019\u00c9toile Rouge de Belgrade en Serbie, a \u00e9t\u00e9 appel\u00e9 pour participer aux deux prochains matchs des Lions dans le cadre des \u00e9liminatoires pour la Coupe du Monde 2026. [&hellip;]<\/p>\n","protected":false},"author":5,"featured_media":133895,"comment_status":"open","ping_status":"open","sticky":false,"template":"","format":"standard","meta":{"_et_pb_use_builder":"","_et_pb_old_content":""},"categories":[6],"tags":[],"yoast_head":"<!-- This site is optimized with the Yoast SEO Premium plugin v17.8 (Yoast SEO v17.8) - https:\/\/yoast.com\/wordpress\/plugins\/seo\/ -->\n<title>ALIOU CISS\u00c9 - &quot;Pourquoi j&#039;ai s\u00e9lectionn\u00e9 Ch\u00e9rif Ndiaye&quot; | Nettali.com<\/title>\n<meta name=\"robots\" content=\"index, follow, max-snippet:-1, max-image-preview:large, max-video-preview:-1\" \/>\n<link rel=\"canonical\" href=\"https:\/\/www.nettali.com\/2024\/05\/24\/aliou-cisse-pourquoi-jai-selectionne-cherif-ndiaye\/\" \/>\n<meta property=\"og:locale\" content=\"fr_FR\" \/>\n<meta property=\"og:type\" content=\"article\" \/>\n<meta property=\"og:title\" content=\"ALIOU CISS\u00c9 - &quot;Pourquoi j&#039;ai s\u00e9lectionn\u00e9 Ch\u00e9rif Ndiaye&quot;\" \/>\n<meta property=\"og:description\" content=\"NETTALI.COM - Aliou Ciss\u00e9, s\u00e9lectionneur national du S\u00e9n\u00e9gal, s\u2019est exprim\u00e9 sur la premi\u00e8re convocation de Ch\u00e9rif Ndiaye en \u00e9quipe nationale. L\u2019attaquant de 28 ans, qui \u00e9volue \u00e0 l\u2019\u00c9toile Rouge de Belgrade en Serbie, a \u00e9t\u00e9 appel\u00e9 pour participer aux deux prochains matchs des Lions dans le cadre des \u00e9liminatoires pour la Coupe du Monde 2026. [&hellip;]\" \/>\n<meta property=\"og:url\" content=\"https:\/\/www.nettali.com\/2024\/05\/24\/aliou-cisse-pourquoi-jai-selectionne-cherif-ndiaye\/\" \/>\n<meta property=\"og:site_name\" content=\"Nettali.com\" \/>\n<meta property=\"article:publisher\" content=\"https:\/\/www.facebook.com\/nettalicom\" \/>\n<meta property=\"article:published_time\" content=\"2024-05-24T16:04:54+00:00\" \/>\n<meta property=\"article:modified_time\" content=\"2024-05-24T20:44:39+00:00\" \/>\n<meta property=\"og:image\" content=\"https:\/\/www.nettali.com\/wp-content\/uploads\/2024\/05\/Screenshot_20240524-143614_1.jpg\" \/>\n\t<meta property=\"og:image:width\" content=\"1080\" \/>\n\t<meta property=\"og:image:height\" content=\"695\" \/>\n<meta name=\"twitter:card\" content=\"summary_large_image\" \/>\n<meta name=\"twitter:label1\" content=\"\u00c9crit par\" \/>\n\t<meta name=\"twitter:data1\" content=\"Ibrahima\" \/>\n\t<meta name=\"twitter:label2\" content=\"Dur\u00e9e de lecture estim\u00e9e\" \/>\n\t<meta name=\"twitter:data2\" content=\"2 minutes\" \/>\n<script type=\"application\/ld+json\" class=\"yoast-schema-graph\">{\"@context\":\"https:\/\/schema.org\",\"@graph\":[{\"@type\":\"WebSite\",\"@id\":\"https:\/\/www.nettali.com\/#website\",\"url\":\"https:\/\/www.nettali.com\/\",\"name\":\"Nettali.com\",\"description\":\"Le rendez-vous critique du Net\",\"potentialAction\":[{\"@type\":\"SearchAction\",\"target\":{\"@type\":\"EntryPoint\",\"urlTemplate\":\"https:\/\/www.nettali.com\/?s={search_term_string}\"},\"query-input\":\"required name=search_term_string\"}],\"inLanguage\":\"fr-FR\"},{\"@type\":\"ImageObject\",\"@id\":\"https:\/\/www.nettali.com\/2024\/05\/24\/aliou-cisse-pourquoi-jai-selectionne-cherif-ndiaye\/#primaryimage\",\"inLanguage\":\"fr-FR\",\"url\":\"https:\/\/www.nettali.com\/wp-content\/uploads\/2024\/05\/Screenshot_20240524-143614_1.jpg\",\"contentUrl\":\"https:\/\/www.nettali.com\/wp-content\/uploads\/2024\/05\/Screenshot_20240524-143614_1.jpg\",\"width\":1080,\"height\":695},{\"@type\":\"WebPage\",\"@id\":\"https:\/\/www.nettali.com\/2024\/05\/24\/aliou-cisse-pourquoi-jai-selectionne-cherif-ndiaye\/#webpage\",\"url\":\"https:\/\/www.nettali.com\/2024\/05\/24\/aliou-cisse-pourquoi-jai-selectionne-cherif-ndiaye\/\",\"name\":\"ALIOU CISS\\u00c9 - \\\"Pourquoi j'ai s\\u00e9lectionn\\u00e9 Ch\\u00e9rif Ndiaye\\\" | Nettali.com\",\"isPartOf\":{\"@id\":\"https:\/\/www.nettali.com\/#website\"},\"primaryImageOfPage\":{\"@id\":\"https:\/\/www.nettali.com\/2024\/05\/24\/aliou-cisse-pourquoi-jai-selectionne-cherif-ndiaye\/#primaryimage\"},\"datePublished\":\"2024-05-24T16:04:54+00:00\",\"dateModified\":\"2024-05-24T20:44:39+00:00\",\"author\":{\"@id\":\"https:\/\/www.nettali.com\/#\/schema\/person\/bb147657c2986240405a608162b9bb23\"},\"breadcrumb\":{\"@id\":\"https:\/\/www.nettali.com\/2024\/05\/24\/aliou-cisse-pourquoi-jai-selectionne-cherif-ndiaye\/#breadcrumb\"},\"inLanguage\":\"fr-FR\",\"potentialAction\":[{\"@type\":\"ReadAction\",\"target\":[\"https:\/\/www.nettali.com\/2024\/05\/24\/aliou-cisse-pourquoi-jai-selectionne-cherif-ndiaye\/\"]}]},{\"@type\":\"BreadcrumbList\",\"@id\":\"https:\/\/www.nettali.com\/2024\/05\/24\/aliou-cisse-pourquoi-jai-selectionne-cherif-ndiaye\/#breadcrumb\",\"itemListElement\":[{\"@type\":\"ListItem\",\"position\":1,\"name\":\"Accueil\",\"item\":\"https:\/\/www.nettali.com\/\"},{\"@type\":\"ListItem\",\"position\":2,\"name\":\"ALIOU CISS\\u00c9 - \\\"Pourquoi j'ai s\\u00e9lectionn\\u00e9 Ch\\u00e9rif Ndiaye\\\"\"}]},{\"@type\":\"Person\",\"@id\":\"https:\/\/www.nettali.com\/#\/schema\/person\/bb147657c2986240405a608162b9bb23\",\"name\":\"Ibrahima\",\"image\":{\"@type\":\"ImageObject\",\"@id\":\"https:\/\/www.nettali.com\/#personlogo\",\"inLanguage\":\"fr-FR\",\"url\":\"https:\/\/secure.gravatar.com\/avatar\/26a8a81f09f0dd7624c9d5c36c9ba3a2?s=96&d=mm&r=g\",\"contentUrl\":\"https:\/\/secure.gravatar.com\/avatar\/26a8a81f09f0dd7624c9d5c36c9ba3a2?s=96&d=mm&r=g\",\"caption\":\"Ibrahima\"},\"sameAs\":[\"https:\/\/www.nettali.com\"]}]}<\/script>\n<!-- \/ Yoast SEO Premium plugin. -->","yoast_head_json":{"title":"ALIOU CISS\u00c9 - \"Pourquoi j'ai s\u00e9lectionn\u00e9 Ch\u00e9rif Ndiaye\" | Nettali.com","robots":{"index":"index","follow":"follow","max-snippet":"max-snippet:-1","max-image-preview":"max-image-preview:large","max-video-preview":"max-video-preview:-1"},"canonical":"https:\/\/www.nettali.com\/2024\/05\/24\/aliou-cisse-pourquoi-jai-selectionne-cherif-ndiaye\/","og_locale":"fr_FR","og_type":"article","og_title":"ALIOU CISS\u00c9 - \"Pourquoi j'ai s\u00e9lectionn\u00e9 Ch\u00e9rif Ndiaye\"","og_description":"NETTALI.COM - Aliou Ciss\u00e9, s\u00e9lectionneur national du S\u00e9n\u00e9gal, s\u2019est exprim\u00e9 sur la premi\u00e8re convocation de Ch\u00e9rif Ndiaye en \u00e9quipe nationale. L\u2019attaquant de 28 ans, qui \u00e9volue \u00e0 l\u2019\u00c9toile Rouge de Belgrade en Serbie, a \u00e9t\u00e9 appel\u00e9 pour participer aux deux prochains matchs des Lions dans le cadre des \u00e9liminatoires pour la Coupe du Monde 2026. [&hellip;]","og_url":"https:\/\/www.nettali.com\/2024\/05\/24\/aliou-cisse-pourquoi-jai-selectionne-cherif-ndiaye\/","og_site_name":"Nettali.com","article_publisher":"https:\/\/www.facebook.com\/nettalicom","article_published_time":"2024-05-24T16:04:54+00:00","article_modified_time":"2024-05-24T20:44:39+00:00","og_image":[{"width":1080,"height":695,"url":"https:\/\/www.nettali.com\/wp-content\/uploads\/2024\/05\/Screenshot_20240524-143614_1.jpg","type":"image\/jpeg"}],"twitter_card":"summary_large_image","twitter_misc":{"\u00c9crit par":"Ibrahima","Dur\u00e9e de lecture estim\u00e9e":"2 minutes"},"schema":{"@context":"https:\/\/schema.org","@graph":[{"@type":"WebSite","@id":"https:\/\/www.nettali.com\/#website","url":"https:\/\/www.nettali.com\/","name":"Nettali.com","description":"Le rendez-vous critique du Net","potentialAction":[{"@type":"SearchAction","target":{"@type":"EntryPoint","urlTemplate":"https:\/\/www.nettali.com\/?s={search_term_string}"},"query-input":"required name=search_term_string"}],"inLanguage":"fr-FR"},{"@type":"ImageObject","@id":"https:\/\/www.nettali.com\/2024\/05\/24\/aliou-cisse-pourquoi-jai-selectionne-cherif-ndiaye\/#primaryimage","inLanguage":"fr-FR","url":"https:\/\/www.nettali.com\/wp-content\/uploads\/2024\/05\/Screenshot_20240524-143614_1.jpg","contentUrl":"https:\/\/www.nettali.com\/wp-content\/uploads\/2024\/05\/Screenshot_20240524-143614_1.jpg","width":1080,"height":695},{"@type":"WebPage","@id":"https:\/\/www.nettali.com\/2024\/05\/24\/aliou-cisse-pourquoi-jai-selectionne-cherif-ndiaye\/#webpage","url":"https:\/\/www.nettali.com\/2024\/05\/24\/aliou-cisse-pourquoi-jai-selectionne-cherif-ndiaye\/","name":"ALIOU CISS\u00c9 - \"Pourquoi j'ai s\u00e9lectionn\u00e9 Ch\u00e9rif Ndiaye\" | Nettali.com","isPartOf":{"@id":"https:\/\/www.nettali.com\/#website"},"primaryImageOfPage":{"@id":"https:\/\/www.nettali.com\/2024\/05\/24\/aliou-cisse-pourquoi-jai-selectionne-cherif-ndiaye\/#primaryimage"},"datePublished":"2024-05-24T16:04:54+00:00","dateModified":"2024-05-24T20:44:39+00:00","author":{"@id":"https:\/\/www.nettali.com\/#\/schema\/person\/bb147657c2986240405a608162b9bb23"},"breadcrumb":{"@id":"https:\/\/www.nettali.com\/2024\/05\/24\/aliou-cisse-pourquoi-jai-selectionne-cherif-ndiaye\/#breadcrumb"},"inLanguage":"fr-FR","potentialAction":[{"@type":"ReadAction","target":["https:\/\/www.nettali.com\/2024\/05\/24\/aliou-cisse-pourquoi-jai-selectionne-cherif-ndiaye\/"]}]},{"@type":"BreadcrumbList","@id":"https:\/\/www.nettali.com\/2024\/05\/24\/aliou-cisse-pourquoi-jai-selectionne-cherif-ndiaye\/#breadcrumb","itemListElement":[{"@type":"ListItem","position":1,"name":"Accueil","item":"https:\/\/www.nettali.com\/"},{"@type":"ListItem","position":2,"name":"ALIOU CISS\u00c9 - \"Pourquoi j'ai s\u00e9lectionn\u00e9 Ch\u00e9rif Ndiaye\""}]},{"@type":"Person","@id":"https:\/\/www.nettali.com\/#\/schema\/person\/bb147657c2986240405a608162b9bb23","name":"Ibrahima","image":{"@type":"ImageObject","@id":"https:\/\/www.nettali.com\/#personlogo","inLanguage":"fr-FR","url":"https:\/\/secure.gravatar.com\/avatar\/26a8a81f09f0dd7624c9d5c36c9ba3a2?s=96&d=mm&r=g","contentUrl":"https:\/\/secure.gravatar.com\/avatar\/26a8a81f09f0dd7624c9d5c36c9ba3a2?s=96&d=mm&r=g","caption":"Ibrahima"},"sameAs":["https:\/\/www.nettali.com"]}]}},"_links":{"self":[{"href":"https:\/\/www.nettali.com\/rest\/wp\/v2\/posts\/133894"}],"collection":[{"href":"https:\/\/www.nettali.com\/rest\/wp\/v2\/posts"}],"about":[{"href":"https:\/\/www.nettali.com\/rest\/wp\/v2\/types\/post"}],"author":[{"embeddable":true,"href":"https:\/\/www.nettali.com\/rest\/wp\/v2\/users\/5"}],"replies":[{"embeddable":true,"href":"https:\/\/www.nettali.com\/rest\/wp\/v2\/comments?post=133894"}],"version-history":[{"count":4,"href":"https:\/\/www.nettali.com\/rest\/wp\/v2\/posts\/133894\/revisions"}],"predecessor-version":[{"id":133919,"href":"https:\/\/www.nettali.com\/rest\/wp\/v2\/posts\/133894\/revisions\/133919"}],"wp:featuredmedia":[{"embeddable":true,"href":"https:\/\/www.nettali.com\/rest\/wp\/v2\/media\/133895"}],"wp:attachment":[{"href":"https:\/\/www.nettali.com\/rest\/wp\/v2\/media?parent=133894"}],"wp:term":[{"taxonomy":"category","embeddable":true,"href":"https:\/\/www.nettali.com\/rest\/wp\/v2\/categories?post=133894"},{"taxonomy":"post_tag","embeddable":true,"href":"https:\/\/www.nettali.com\/rest\/wp\/v2\/tags?post=133894"}],"curies":[{"name":"wp","href":"https:\/\/api.w.org\/{rel}","templated":true}]}}