{"id":133889,"date":"2024-05-24T17:24:21","date_gmt":"2024-05-24T17:24:21","guid":{"rendered":"https:\/\/www.nettali.com\/?p=133889"},"modified":"2024-05-24T16:26:33","modified_gmt":"2024-05-24T16:26:33","slug":"reforme-des-institutions-le-f24-veut-que-le-focus-soit-mis-sur-la-justice-et-sur-le-foncier","status":"publish","type":"post","link":"https:\/\/www.nettali.com\/2024\/05\/24\/reforme-des-institutions-le-f24-veut-que-le-focus-soit-mis-sur-la-justice-et-sur-le-foncier\/","title":{"rendered":"REFORME DES INSTITUTIONS - Le F24 veut que le focus soit mis sur la justice et sur le foncier"},"content":{"rendered":"<p><strong>NETTALI.COM- En conf\u00e9rence de presse ce vendredi, la plateforme F24 a invit\u00e9 le Gouvernement \u00e0, dans le cadre des r\u00e9formes profondes de mettre l'accent sur la justice et le\u00a0 fonci\u00e8re.\u00a0<\/strong><\/p>\n<p>\u00ab <em>Nous voulons donner notre avis sur les grandes r\u00e9formes qui se pr\u00e9parent. A notre avis, le gouvernement a bien per\u00e7u la question puisqu\u2019il commence par une r\u00e9forme du secteur de la justice ou m\u00eame certains parlent de refondation pour le 28 et 29. C\u2019est important parce qu\u2019il ont compris que pour avoir un \u00e9tat de droit, il faut avoir une bonne justice parce que la justice c\u2019est le fondement. Si on proc\u00e8de \u00e0 de bonnes r\u00e9formes, on peut arriver \u00e0 de meilleurs r\u00e9sultats, \u00e0 r\u00e9orienter cette trajectoire du S\u00e9n\u00e9gal qui tende parce qu\u2019en r\u00e9alit\u00e9, ce que nous avons v\u00e9cu est d\u00fb \u00e0 un mauvais fonctionnement de la justice, des institutions. Peut-\u00eatre apr\u00e8s les reformes sur la justice, ils passeront \u00e0 d\u2019autres reformes<\/em> \u00bb, a indiqu\u00e9 Sengane Senghor, membre du comit\u00e9 ex\u00e9cutif du F24. La plate-forme a organis\u00e9 ce vendredi une rencontre sur la r\u00e9forme des institutions.<\/p>\n<p>Pour M. Senghor, \u00ab l<em>a r\u00e9forme sur les institutions est indispensable parce que les instituions doivent \u00eatre obligatoirement r\u00e9form\u00e9es pour \u00e9viter de retomber dans ce que nous sommes tomb\u00e9s de 2021 \u00e0 2023<\/em> \u00bb.<\/p>\n<div class='share-to-whatsapp-wrapper'><div class='share-on-whsp'>PARTAGER SUR : <\/div><a data-text='REFORME DES INSTITUTIONS - Le F24 veut que le focus soit mis sur la justice et sur le foncier' data-link='https:\/\/www.nettali.com\/2024\/05\/24\/reforme-des-institutions-le-f24-veut-que-le-focus-soit-mis-sur-la-justice-et-sur-le-foncier\/' class='whatsapp-button whatsapp-share'>WhatsApp<\/a><div class='clear '><\/div><\/div>","protected":false},"excerpt":{"rendered":"<p>NETTALI.COM- En conf\u00e9rence de presse ce vendredi, la plateforme F24 a invit\u00e9 le Gouvernement \u00e0, dans le cadre des r\u00e9formes profondes de mettre l'accent sur la justice et le\u00a0 fonci\u00e8re.\u00a0 \u00ab Nous voulons donner notre avis sur les grandes r\u00e9formes qui se pr\u00e9parent. A notre avis, le gouvernement a bien per\u00e7u la question puisqu\u2019il commence [&hellip;]<\/p>\n","protected":false},"author":6,"featured_media":133891,"comment_status":"open","ping_status":"open","sticky":false,"template":"","format":"standard","meta":{"_et_pb_use_builder":"","_et_pb_old_content":""},"categories":[3],"tags":[],"yoast_head":"<!-- This site is optimized with the Yoast SEO Premium plugin v17.8 (Yoast SEO v17.8) - https:\/\/yoast.com\/wordpress\/plugins\/seo\/ -->\n<title>REFORME DES INSTITUTIONS - Le F24 veut que le focus soit mis sur la justice et sur le foncier | Nettali.com<\/title>\n<meta name=\"robots\" content=\"index, follow, max-snippet:-1, max-image-preview:large, max-video-preview:-1\" \/>\n<link rel=\"canonical\" href=\"https:\/\/www.nettali.com\/2024\/05\/24\/reforme-des-institutions-le-f24-veut-que-le-focus-soit-mis-sur-la-justice-et-sur-le-foncier\/\" \/>\n<meta property=\"og:locale\" content=\"fr_FR\" \/>\n<meta property=\"og:type\" content=\"article\" \/>\n<meta property=\"og:title\" content=\"REFORME DES INSTITUTIONS - Le F24 veut que le focus soit mis sur la justice et sur le foncier\" \/>\n<meta property=\"og:description\" content=\"NETTALI.COM- En conf\u00e9rence de presse ce vendredi, la plateforme F24 a invit\u00e9 le Gouvernement \u00e0, dans le cadre des r\u00e9formes profondes de mettre l&#039;accent sur la justice et le\u00a0 fonci\u00e8re.\u00a0 \u00ab Nous voulons donner notre avis sur les grandes r\u00e9formes qui se pr\u00e9parent. A notre avis, le gouvernement a bien per\u00e7u la question puisqu\u2019il commence [&hellip;]\" \/>\n<meta property=\"og:url\" content=\"https:\/\/www.nettali.com\/2024\/05\/24\/reforme-des-institutions-le-f24-veut-que-le-focus-soit-mis-sur-la-justice-et-sur-le-foncier\/\" \/>\n<meta property=\"og:site_name\" content=\"Nettali.com\" \/>\n<meta property=\"article:publisher\" content=\"https:\/\/www.facebook.com\/nettalicom\" \/>\n<meta property=\"article:published_time\" content=\"2024-05-24T17:24:21+00:00\" \/>\n<meta property=\"article:modified_time\" content=\"2024-05-24T16:26:33+00:00\" \/>\n<meta property=\"og:image\" content=\"https:\/\/www.nettali.com\/wp-content\/uploads\/2024\/05\/senghane-senghor-radhho.jpg\" \/>\n\t<meta property=\"og:image:width\" content=\"1080\" \/>\n\t<meta property=\"og:image:height\" content=\"715\" \/>\n<meta name=\"twitter:card\" content=\"summary_large_image\" \/>\n<meta name=\"twitter:label1\" content=\"\u00c9crit par\" \/>\n\t<meta name=\"twitter:data1\" content=\"Fatou\" \/>\n\t<meta name=\"twitter:label2\" content=\"Dur\u00e9e de lecture estim\u00e9e\" \/>\n\t<meta name=\"twitter:data2\" content=\"2 minutes\" \/>\n<script type=\"application\/ld+json\" class=\"yoast-schema-graph\">{\"@context\":\"https:\/\/schema.org\",\"@graph\":[{\"@type\":\"WebSite\",\"@id\":\"https:\/\/www.nettali.com\/#website\",\"url\":\"https:\/\/www.nettali.com\/\",\"name\":\"Nettali.com\",\"description\":\"Le rendez-vous critique du Net\",\"potentialAction\":[{\"@type\":\"SearchAction\",\"target\":{\"@type\":\"EntryPoint\",\"urlTemplate\":\"https:\/\/www.nettali.com\/?s={search_term_string}\"},\"query-input\":\"required name=search_term_string\"}],\"inLanguage\":\"fr-FR\"},{\"@type\":\"ImageObject\",\"@id\":\"https:\/\/www.nettali.com\/2024\/05\/24\/reforme-des-institutions-le-f24-veut-que-le-focus-soit-mis-sur-la-justice-et-sur-le-foncier\/#primaryimage\",\"inLanguage\":\"fr-FR\",\"url\":\"https:\/\/www.nettali.com\/wp-content\/uploads\/2024\/05\/senghane-senghor-radhho.jpg\",\"contentUrl\":\"https:\/\/www.nettali.com\/wp-content\/uploads\/2024\/05\/senghane-senghor-radhho.jpg\",\"width\":1080,\"height\":715},{\"@type\":\"WebPage\",\"@id\":\"https:\/\/www.nettali.com\/2024\/05\/24\/reforme-des-institutions-le-f24-veut-que-le-focus-soit-mis-sur-la-justice-et-sur-le-foncier\/#webpage\",\"url\":\"https:\/\/www.nettali.com\/2024\/05\/24\/reforme-des-institutions-le-f24-veut-que-le-focus-soit-mis-sur-la-justice-et-sur-le-foncier\/\",\"name\":\"REFORME DES INSTITUTIONS - Le F24 veut que le focus soit mis sur la justice et sur le foncier | Nettali.com\",\"isPartOf\":{\"@id\":\"https:\/\/www.nettali.com\/#website\"},\"primaryImageOfPage\":{\"@id\":\"https:\/\/www.nettali.com\/2024\/05\/24\/reforme-des-institutions-le-f24-veut-que-le-focus-soit-mis-sur-la-justice-et-sur-le-foncier\/#primaryimage\"},\"datePublished\":\"2024-05-24T17:24:21+00:00\",\"dateModified\":\"2024-05-24T16:26:33+00:00\",\"author\":{\"@id\":\"https:\/\/www.nettali.com\/#\/schema\/person\/418274a86bdf87caff7a3ef476bd0bbf\"},\"breadcrumb\":{\"@id\":\"https:\/\/www.nettali.com\/2024\/05\/24\/reforme-des-institutions-le-f24-veut-que-le-focus-soit-mis-sur-la-justice-et-sur-le-foncier\/#breadcrumb\"},\"inLanguage\":\"fr-FR\",\"potentialAction\":[{\"@type\":\"ReadAction\",\"target\":[\"https:\/\/www.nettali.com\/2024\/05\/24\/reforme-des-institutions-le-f24-veut-que-le-focus-soit-mis-sur-la-justice-et-sur-le-foncier\/\"]}]},{\"@type\":\"BreadcrumbList\",\"@id\":\"https:\/\/www.nettali.com\/2024\/05\/24\/reforme-des-institutions-le-f24-veut-que-le-focus-soit-mis-sur-la-justice-et-sur-le-foncier\/#breadcrumb\",\"itemListElement\":[{\"@type\":\"ListItem\",\"position\":1,\"name\":\"Accueil\",\"item\":\"https:\/\/www.nettali.com\/\"},{\"@type\":\"ListItem\",\"position\":2,\"name\":\"REFORME DES INSTITUTIONS - Le F24 veut que le focus soit mis sur la justice et sur le foncier\"}]},{\"@type\":\"Person\",\"@id\":\"https:\/\/www.nettali.com\/#\/schema\/person\/418274a86bdf87caff7a3ef476bd0bbf\",\"name\":\"Fatou\",\"image\":{\"@type\":\"ImageObject\",\"@id\":\"https:\/\/www.nettali.com\/#personlogo\",\"inLanguage\":\"fr-FR\",\"url\":\"https:\/\/secure.gravatar.com\/avatar\/5a9442a2bee7b4dcf167cab035858e9a?s=96&d=mm&r=g\",\"contentUrl\":\"https:\/\/secure.gravatar.com\/avatar\/5a9442a2bee7b4dcf167cab035858e9a?s=96&d=mm&r=g\",\"caption\":\"Fatou\"},\"sameAs\":[\"https:\/\/www.nettali.com\"]}]}<\/script>\n<!-- \/ Yoast SEO Premium plugin. -->","yoast_head_json":{"title":"REFORME DES INSTITUTIONS - Le F24 veut que le focus soit mis sur la justice et sur le foncier | Nettali.com","robots":{"index":"index","follow":"follow","max-snippet":"max-snippet:-1","max-image-preview":"max-image-preview:large","max-video-preview":"max-video-preview:-1"},"canonical":"https:\/\/www.nettali.com\/2024\/05\/24\/reforme-des-institutions-le-f24-veut-que-le-focus-soit-mis-sur-la-justice-et-sur-le-foncier\/","og_locale":"fr_FR","og_type":"article","og_title":"REFORME DES INSTITUTIONS - Le F24 veut que le focus soit mis sur la justice et sur le foncier","og_description":"NETTALI.COM- En conf\u00e9rence de presse ce vendredi, la plateforme F24 a invit\u00e9 le Gouvernement \u00e0, dans le cadre des r\u00e9formes profondes de mettre l'accent sur la justice et le\u00a0 fonci\u00e8re.\u00a0 \u00ab Nous voulons donner notre avis sur les grandes r\u00e9formes qui se pr\u00e9parent. A notre avis, le gouvernement a bien per\u00e7u la question puisqu\u2019il commence [&hellip;]","og_url":"https:\/\/www.nettali.com\/2024\/05\/24\/reforme-des-institutions-le-f24-veut-que-le-focus-soit-mis-sur-la-justice-et-sur-le-foncier\/","og_site_name":"Nettali.com","article_publisher":"https:\/\/www.facebook.com\/nettalicom","article_published_time":"2024-05-24T17:24:21+00:00","article_modified_time":"2024-05-24T16:26:33+00:00","og_image":[{"width":1080,"height":715,"url":"https:\/\/www.nettali.com\/wp-content\/uploads\/2024\/05\/senghane-senghor-radhho.jpg","type":"image\/jpeg"}],"twitter_card":"summary_large_image","twitter_misc":{"\u00c9crit par":"Fatou","Dur\u00e9e de lecture estim\u00e9e":"2 minutes"},"schema":{"@context":"https:\/\/schema.org","@graph":[{"@type":"WebSite","@id":"https:\/\/www.nettali.com\/#website","url":"https:\/\/www.nettali.com\/","name":"Nettali.com","description":"Le rendez-vous critique du Net","potentialAction":[{"@type":"SearchAction","target":{"@type":"EntryPoint","urlTemplate":"https:\/\/www.nettali.com\/?s={search_term_string}"},"query-input":"required name=search_term_string"}],"inLanguage":"fr-FR"},{"@type":"ImageObject","@id":"https:\/\/www.nettali.com\/2024\/05\/24\/reforme-des-institutions-le-f24-veut-que-le-focus-soit-mis-sur-la-justice-et-sur-le-foncier\/#primaryimage","inLanguage":"fr-FR","url":"https:\/\/www.nettali.com\/wp-content\/uploads\/2024\/05\/senghane-senghor-radhho.jpg","contentUrl":"https:\/\/www.nettali.com\/wp-content\/uploads\/2024\/05\/senghane-senghor-radhho.jpg","width":1080,"height":715},{"@type":"WebPage","@id":"https:\/\/www.nettali.com\/2024\/05\/24\/reforme-des-institutions-le-f24-veut-que-le-focus-soit-mis-sur-la-justice-et-sur-le-foncier\/#webpage","url":"https:\/\/www.nettali.com\/2024\/05\/24\/reforme-des-institutions-le-f24-veut-que-le-focus-soit-mis-sur-la-justice-et-sur-le-foncier\/","name":"REFORME DES INSTITUTIONS - Le F24 veut que le focus soit mis sur la justice et sur le foncier | Nettali.com","isPartOf":{"@id":"https:\/\/www.nettali.com\/#website"},"primaryImageOfPage":{"@id":"https:\/\/www.nettali.com\/2024\/05\/24\/reforme-des-institutions-le-f24-veut-que-le-focus-soit-mis-sur-la-justice-et-sur-le-foncier\/#primaryimage"},"datePublished":"2024-05-24T17:24:21+00:00","dateModified":"2024-05-24T16:26:33+00:00","author":{"@id":"https:\/\/www.nettali.com\/#\/schema\/person\/418274a86bdf87caff7a3ef476bd0bbf"},"breadcrumb":{"@id":"https:\/\/www.nettali.com\/2024\/05\/24\/reforme-des-institutions-le-f24-veut-que-le-focus-soit-mis-sur-la-justice-et-sur-le-foncier\/#breadcrumb"},"inLanguage":"fr-FR","potentialAction":[{"@type":"ReadAction","target":["https:\/\/www.nettali.com\/2024\/05\/24\/reforme-des-institutions-le-f24-veut-que-le-focus-soit-mis-sur-la-justice-et-sur-le-foncier\/"]}]},{"@type":"BreadcrumbList","@id":"https:\/\/www.nettali.com\/2024\/05\/24\/reforme-des-institutions-le-f24-veut-que-le-focus-soit-mis-sur-la-justice-et-sur-le-foncier\/#breadcrumb","itemListElement":[{"@type":"ListItem","position":1,"name":"Accueil","item":"https:\/\/www.nettali.com\/"},{"@type":"ListItem","position":2,"name":"REFORME DES INSTITUTIONS - Le F24 veut que le focus soit mis sur la justice et sur le foncier"}]},{"@type":"Person","@id":"https:\/\/www.nettali.com\/#\/schema\/person\/418274a86bdf87caff7a3ef476bd0bbf","name":"Fatou","image":{"@type":"ImageObject","@id":"https:\/\/www.nettali.com\/#personlogo","inLanguage":"fr-FR","url":"https:\/\/secure.gravatar.com\/avatar\/5a9442a2bee7b4dcf167cab035858e9a?s=96&d=mm&r=g","contentUrl":"https:\/\/secure.gravatar.com\/avatar\/5a9442a2bee7b4dcf167cab035858e9a?s=96&d=mm&r=g","caption":"Fatou"},"sameAs":["https:\/\/www.nettali.com"]}]}},"_links":{"self":[{"href":"https:\/\/www.nettali.com\/rest\/wp\/v2\/posts\/133889"}],"collection":[{"href":"https:\/\/www.nettali.com\/rest\/wp\/v2\/posts"}],"about":[{"href":"https:\/\/www.nettali.com\/rest\/wp\/v2\/types\/post"}],"author":[{"embeddable":true,"href":"https:\/\/www.nettali.com\/rest\/wp\/v2\/users\/6"}],"replies":[{"embeddable":true,"href":"https:\/\/www.nettali.com\/rest\/wp\/v2\/comments?post=133889"}],"version-history":[{"count":3,"href":"https:\/\/www.nettali.com\/rest\/wp\/v2\/posts\/133889\/revisions"}],"predecessor-version":[{"id":133893,"href":"https:\/\/www.nettali.com\/rest\/wp\/v2\/posts\/133889\/revisions\/133893"}],"wp:featuredmedia":[{"embeddable":true,"href":"https:\/\/www.nettali.com\/rest\/wp\/v2\/media\/133891"}],"wp:attachment":[{"href":"https:\/\/www.nettali.com\/rest\/wp\/v2\/media?parent=133889"}],"wp:term":[{"taxonomy":"category","embeddable":true,"href":"https:\/\/www.nettali.com\/rest\/wp\/v2\/categories?post=133889"},{"taxonomy":"post_tag","embeddable":true,"href":"https:\/\/www.nettali.com\/rest\/wp\/v2\/tags?post=133889"}],"curies":[{"name":"wp","href":"https:\/\/api.w.org\/{rel}","templated":true}]}}