{"id":133809,"date":"2024-05-23T08:27:57","date_gmt":"2024-05-23T08:27:57","guid":{"rendered":"https:\/\/www.nettali.com\/?p=133809"},"modified":"2024-05-23T18:15:12","modified_gmt":"2024-05-23T18:15:12","slug":"affaire-bah-diakhate-lapr-monte-au-front","status":"publish","type":"post","link":"https:\/\/www.nettali.com\/2024\/05\/23\/affaire-bah-diakhate-lapr-monte-au-front\/","title":{"rendered":"AFFAIRE BAH DIAKHATE - L'Apr monte au front"},"content":{"rendered":"<div class=\"page\" title=\"Page 2\">\n<div class=\"layoutArea\">\n<div class=\"column\">\n<p><strong>NETTALI.COM -<\/strong> Dans un communique\u0301, l\u2019Alliance pour la Re\u0301publique (APR) a marque\u0301 sa solidarite\u0301 a\u0300 Bah Diakhate\u0301, \"<em>activiste re\u0301publicain, re\u0301pute\u0301 pour ses analyses documente\u0301es et fouille\u0301es\"<\/em>. Il est dans les liens de la de\u0301tention depuis lundi dernier \"<em>pour des motifs aussi fallacieux que farfelus<\/em>\", selon l\u2019APR. \"<em>Pour ce que nous savons, l'activiste est revenu, au cours d'un live, sur les propos du leader du Pastef relatifs a\u0300 la criminalisation de l'homosexualite\u0301 et le reniement de ce dernier lors d'une confe\u0301rence conjointe avec le leader de La France insoumise tenue a\u0300 l'Ucad, sur une transaction foncie\u0300re et sur le cas d'un vice-pre\u0301sident du Pastef sanctionne\u0301 par sa hie\u0301rarchie pour des questions de m\u0153urs. De notre point de vue, aucun de ces faits ainsi e\u0301voque\u0301s et prouve\u0301s, n'est constitutif d'injures publiques, ni d'offense encore moins de diffusion de fausses nouvelles<\/em>\u201d, analyse l\u2019APR.<\/p>\n<p>Elle juge l\u2019arrestation de Bah Diakhate\u0301 \"<em>arbitraire\" qu\u2019elle a de\u0301nonce\u0301e et a exprime\u0301<\/em> \"s<em>a vive pre\u0301occupation au regard des de\u0301rives liberticides des nouvelles autorite\u0301s<\/em>\".<\/p>\n<p>Par ailleurs, l\u2019APR dit avoir \"<em>tre\u0300s to\u0302t alerte\u0301 sur la mise en pe\u0301ril de notre vivre-ensemble par le Pastef au regard de son mode de pre\u0301sence en politique base\u0301 sur la violence, la haine, la manipulation, l'insulte, l'outrage et les agressions contre les institutions de la Re\u0301publique. Moins de deux mois de gestion du pays par le Pastef, la paix civile est menace\u0301e, nos liberte\u0301s sont agresse\u0301es et la dictature est en gestation<\/em>\u201d.<\/p>\n<p>L\u2019APR pense que nul ne devrait accepter que Bah Diakhate\u0301 reste dans les liens de la de\u0301tention. \u201c<em>En conse\u0301quence, l'Alliance pour la Re\u0301publique appelle les militants et responsables, jeunes et femmes du parti et de la coalition BBY ainsi que tous les re\u0301publicains et de\u0301mocrates e\u0301pris de paix et de justice a\u0300 se mobiliser pour engager le combat pour la libe\u0301ration imme\u0301diate et sans condition de Bah Diakhate\u0301 et pour barrer la route aux fossoyeurs des liberte\u0301s et de la de\u0301mocratie\"<\/em>, lit-on dans le communique\u0301.<\/p>\n<\/div>\n<\/div>\n<\/div>\n<div class='share-to-whatsapp-wrapper'><div class='share-on-whsp'>PARTAGER SUR : <\/div><a data-text='AFFAIRE BAH DIAKHATE - L'Apr monte au front' data-link='https:\/\/www.nettali.com\/2024\/05\/23\/affaire-bah-diakhate-lapr-monte-au-front\/' class='whatsapp-button whatsapp-share'>WhatsApp<\/a><div class='clear '><\/div><\/div>","protected":false},"excerpt":{"rendered":"<p>NETTALI.COM - Dans un communique\u0301, l\u2019Alliance pour la Re\u0301publique (APR) a marque\u0301 sa solidarite\u0301 a\u0300 Bah Diakhate\u0301, \"activiste re\u0301publicain, re\u0301pute\u0301 pour ses analyses documente\u0301es et fouille\u0301es\". Il est dans les liens de la de\u0301tention depuis lundi dernier \"pour des motifs aussi fallacieux que farfelus\", selon l\u2019APR. \"Pour ce que nous savons, l'activiste est revenu, au [&hellip;]<\/p>\n","protected":false},"author":2,"featured_media":133661,"comment_status":"open","ping_status":"open","sticky":false,"template":"","format":"standard","meta":{"_et_pb_use_builder":"","_et_pb_old_content":""},"categories":[34945],"tags":[],"yoast_head":"<!-- This site is optimized with the Yoast SEO Premium plugin v17.8 (Yoast SEO v17.8) - https:\/\/yoast.com\/wordpress\/plugins\/seo\/ -->\n<title>AFFAIRE BAH DIAKHATE - L&#039;Apr monte au front | Nettali.com<\/title>\n<meta name=\"robots\" content=\"index, follow, max-snippet:-1, max-image-preview:large, max-video-preview:-1\" \/>\n<link rel=\"canonical\" href=\"https:\/\/www.nettali.com\/2024\/05\/23\/affaire-bah-diakhate-lapr-monte-au-front\/\" \/>\n<meta property=\"og:locale\" content=\"fr_FR\" \/>\n<meta property=\"og:type\" content=\"article\" \/>\n<meta property=\"og:title\" content=\"AFFAIRE BAH DIAKHATE - L&#039;Apr monte au front\" \/>\n<meta property=\"og:description\" content=\"NETTALI.COM - Dans un communique\u0301, l\u2019Alliance pour la Re\u0301publique (APR) a marque\u0301 sa solidarite\u0301 a\u0300 Bah Diakhate\u0301, &quot;activiste re\u0301publicain, re\u0301pute\u0301 pour ses analyses documente\u0301es et fouille\u0301es&quot;. Il est dans les liens de la de\u0301tention depuis lundi dernier &quot;pour des motifs aussi fallacieux que farfelus&quot;, selon l\u2019APR. &quot;Pour ce que nous savons, l&#039;activiste est revenu, au [&hellip;]\" \/>\n<meta property=\"og:url\" content=\"https:\/\/www.nettali.com\/2024\/05\/23\/affaire-bah-diakhate-lapr-monte-au-front\/\" \/>\n<meta property=\"og:site_name\" content=\"Nettali.com\" \/>\n<meta property=\"article:publisher\" content=\"https:\/\/www.facebook.com\/nettalicom\" \/>\n<meta property=\"article:published_time\" content=\"2024-05-23T08:27:57+00:00\" \/>\n<meta property=\"article:modified_time\" content=\"2024-05-23T18:15:12+00:00\" \/>\n<meta property=\"og:image\" content=\"https:\/\/www.nettali.com\/wp-content\/uploads\/2024\/05\/Bah-Diakhate\u0301.jpeg\" \/>\n\t<meta property=\"og:image:width\" content=\"751\" \/>\n\t<meta property=\"og:image:height\" content=\"468\" \/>\n<meta name=\"twitter:card\" content=\"summary_large_image\" \/>\n<meta name=\"twitter:label1\" content=\"\u00c9crit par\" \/>\n\t<meta name=\"twitter:data1\" content=\"CK\" \/>\n\t<meta name=\"twitter:label2\" content=\"Dur\u00e9e de lecture estim\u00e9e\" \/>\n\t<meta name=\"twitter:data2\" content=\"2 minutes\" \/>\n<script type=\"application\/ld+json\" class=\"yoast-schema-graph\">{\"@context\":\"https:\/\/schema.org\",\"@graph\":[{\"@type\":\"WebSite\",\"@id\":\"https:\/\/www.nettali.com\/#website\",\"url\":\"https:\/\/www.nettali.com\/\",\"name\":\"Nettali.com\",\"description\":\"Le rendez-vous critique du Net\",\"potentialAction\":[{\"@type\":\"SearchAction\",\"target\":{\"@type\":\"EntryPoint\",\"urlTemplate\":\"https:\/\/www.nettali.com\/?s={search_term_string}\"},\"query-input\":\"required name=search_term_string\"}],\"inLanguage\":\"fr-FR\"},{\"@type\":\"ImageObject\",\"@id\":\"https:\/\/www.nettali.com\/2024\/05\/23\/affaire-bah-diakhate-lapr-monte-au-front\/#primaryimage\",\"inLanguage\":\"fr-FR\",\"url\":\"https:\/\/www.nettali.com\/wp-content\/uploads\/2024\/05\/Bah-Diakhate\\u0301.jpeg\",\"contentUrl\":\"https:\/\/www.nettali.com\/wp-content\/uploads\/2024\/05\/Bah-Diakhate\\u0301.jpeg\",\"width\":751,\"height\":468},{\"@type\":\"WebPage\",\"@id\":\"https:\/\/www.nettali.com\/2024\/05\/23\/affaire-bah-diakhate-lapr-monte-au-front\/#webpage\",\"url\":\"https:\/\/www.nettali.com\/2024\/05\/23\/affaire-bah-diakhate-lapr-monte-au-front\/\",\"name\":\"AFFAIRE BAH DIAKHATE - L'Apr monte au front | Nettali.com\",\"isPartOf\":{\"@id\":\"https:\/\/www.nettali.com\/#website\"},\"primaryImageOfPage\":{\"@id\":\"https:\/\/www.nettali.com\/2024\/05\/23\/affaire-bah-diakhate-lapr-monte-au-front\/#primaryimage\"},\"datePublished\":\"2024-05-23T08:27:57+00:00\",\"dateModified\":\"2024-05-23T18:15:12+00:00\",\"author\":{\"@id\":\"https:\/\/www.nettali.com\/#\/schema\/person\/d8ac7b7e27ddad43f1c0d2ef090d7f71\"},\"breadcrumb\":{\"@id\":\"https:\/\/www.nettali.com\/2024\/05\/23\/affaire-bah-diakhate-lapr-monte-au-front\/#breadcrumb\"},\"inLanguage\":\"fr-FR\",\"potentialAction\":[{\"@type\":\"ReadAction\",\"target\":[\"https:\/\/www.nettali.com\/2024\/05\/23\/affaire-bah-diakhate-lapr-monte-au-front\/\"]}]},{\"@type\":\"BreadcrumbList\",\"@id\":\"https:\/\/www.nettali.com\/2024\/05\/23\/affaire-bah-diakhate-lapr-monte-au-front\/#breadcrumb\",\"itemListElement\":[{\"@type\":\"ListItem\",\"position\":1,\"name\":\"Accueil\",\"item\":\"https:\/\/www.nettali.com\/\"},{\"@type\":\"ListItem\",\"position\":2,\"name\":\"AFFAIRE BAH DIAKHATE - L'Apr monte au front\"}]},{\"@type\":\"Person\",\"@id\":\"https:\/\/www.nettali.com\/#\/schema\/person\/d8ac7b7e27ddad43f1c0d2ef090d7f71\",\"name\":\"CK\",\"image\":{\"@type\":\"ImageObject\",\"@id\":\"https:\/\/www.nettali.com\/#personlogo\",\"inLanguage\":\"fr-FR\",\"url\":\"https:\/\/secure.gravatar.com\/avatar\/1d8d5118b9327d94da7cd4ce7f17fec2?s=96&d=mm&r=g\",\"contentUrl\":\"https:\/\/secure.gravatar.com\/avatar\/1d8d5118b9327d94da7cd4ce7f17fec2?s=96&d=mm&r=g\",\"caption\":\"CK\"},\"sameAs\":[\"https:\/\/www.nettali.com\"]}]}<\/script>\n<!-- \/ Yoast SEO Premium plugin. -->","yoast_head_json":{"title":"AFFAIRE BAH DIAKHATE - L'Apr monte au front | Nettali.com","robots":{"index":"index","follow":"follow","max-snippet":"max-snippet:-1","max-image-preview":"max-image-preview:large","max-video-preview":"max-video-preview:-1"},"canonical":"https:\/\/www.nettali.com\/2024\/05\/23\/affaire-bah-diakhate-lapr-monte-au-front\/","og_locale":"fr_FR","og_type":"article","og_title":"AFFAIRE BAH DIAKHATE - L'Apr monte au front","og_description":"NETTALI.COM - Dans un communique\u0301, l\u2019Alliance pour la Re\u0301publique (APR) a marque\u0301 sa solidarite\u0301 a\u0300 Bah Diakhate\u0301, \"activiste re\u0301publicain, re\u0301pute\u0301 pour ses analyses documente\u0301es et fouille\u0301es\". Il est dans les liens de la de\u0301tention depuis lundi dernier \"pour des motifs aussi fallacieux que farfelus\", selon l\u2019APR. \"Pour ce que nous savons, l'activiste est revenu, au [&hellip;]","og_url":"https:\/\/www.nettali.com\/2024\/05\/23\/affaire-bah-diakhate-lapr-monte-au-front\/","og_site_name":"Nettali.com","article_publisher":"https:\/\/www.facebook.com\/nettalicom","article_published_time":"2024-05-23T08:27:57+00:00","article_modified_time":"2024-05-23T18:15:12+00:00","og_image":[{"width":751,"height":468,"url":"https:\/\/www.nettali.com\/wp-content\/uploads\/2024\/05\/Bah-Diakhate\u0301.jpeg","type":"image\/jpeg"}],"twitter_card":"summary_large_image","twitter_misc":{"\u00c9crit par":"CK","Dur\u00e9e de lecture estim\u00e9e":"2 minutes"},"schema":{"@context":"https:\/\/schema.org","@graph":[{"@type":"WebSite","@id":"https:\/\/www.nettali.com\/#website","url":"https:\/\/www.nettali.com\/","name":"Nettali.com","description":"Le rendez-vous critique du Net","potentialAction":[{"@type":"SearchAction","target":{"@type":"EntryPoint","urlTemplate":"https:\/\/www.nettali.com\/?s={search_term_string}"},"query-input":"required name=search_term_string"}],"inLanguage":"fr-FR"},{"@type":"ImageObject","@id":"https:\/\/www.nettali.com\/2024\/05\/23\/affaire-bah-diakhate-lapr-monte-au-front\/#primaryimage","inLanguage":"fr-FR","url":"https:\/\/www.nettali.com\/wp-content\/uploads\/2024\/05\/Bah-Diakhate\u0301.jpeg","contentUrl":"https:\/\/www.nettali.com\/wp-content\/uploads\/2024\/05\/Bah-Diakhate\u0301.jpeg","width":751,"height":468},{"@type":"WebPage","@id":"https:\/\/www.nettali.com\/2024\/05\/23\/affaire-bah-diakhate-lapr-monte-au-front\/#webpage","url":"https:\/\/www.nettali.com\/2024\/05\/23\/affaire-bah-diakhate-lapr-monte-au-front\/","name":"AFFAIRE BAH DIAKHATE - L'Apr monte au front | Nettali.com","isPartOf":{"@id":"https:\/\/www.nettali.com\/#website"},"primaryImageOfPage":{"@id":"https:\/\/www.nettali.com\/2024\/05\/23\/affaire-bah-diakhate-lapr-monte-au-front\/#primaryimage"},"datePublished":"2024-05-23T08:27:57+00:00","dateModified":"2024-05-23T18:15:12+00:00","author":{"@id":"https:\/\/www.nettali.com\/#\/schema\/person\/d8ac7b7e27ddad43f1c0d2ef090d7f71"},"breadcrumb":{"@id":"https:\/\/www.nettali.com\/2024\/05\/23\/affaire-bah-diakhate-lapr-monte-au-front\/#breadcrumb"},"inLanguage":"fr-FR","potentialAction":[{"@type":"ReadAction","target":["https:\/\/www.nettali.com\/2024\/05\/23\/affaire-bah-diakhate-lapr-monte-au-front\/"]}]},{"@type":"BreadcrumbList","@id":"https:\/\/www.nettali.com\/2024\/05\/23\/affaire-bah-diakhate-lapr-monte-au-front\/#breadcrumb","itemListElement":[{"@type":"ListItem","position":1,"name":"Accueil","item":"https:\/\/www.nettali.com\/"},{"@type":"ListItem","position":2,"name":"AFFAIRE BAH DIAKHATE - L'Apr monte au front"}]},{"@type":"Person","@id":"https:\/\/www.nettali.com\/#\/schema\/person\/d8ac7b7e27ddad43f1c0d2ef090d7f71","name":"CK","image":{"@type":"ImageObject","@id":"https:\/\/www.nettali.com\/#personlogo","inLanguage":"fr-FR","url":"https:\/\/secure.gravatar.com\/avatar\/1d8d5118b9327d94da7cd4ce7f17fec2?s=96&d=mm&r=g","contentUrl":"https:\/\/secure.gravatar.com\/avatar\/1d8d5118b9327d94da7cd4ce7f17fec2?s=96&d=mm&r=g","caption":"CK"},"sameAs":["https:\/\/www.nettali.com"]}]}},"_links":{"self":[{"href":"https:\/\/www.nettali.com\/rest\/wp\/v2\/posts\/133809"}],"collection":[{"href":"https:\/\/www.nettali.com\/rest\/wp\/v2\/posts"}],"about":[{"href":"https:\/\/www.nettali.com\/rest\/wp\/v2\/types\/post"}],"author":[{"embeddable":true,"href":"https:\/\/www.nettali.com\/rest\/wp\/v2\/users\/2"}],"replies":[{"embeddable":true,"href":"https:\/\/www.nettali.com\/rest\/wp\/v2\/comments?post=133809"}],"version-history":[{"count":1,"href":"https:\/\/www.nettali.com\/rest\/wp\/v2\/posts\/133809\/revisions"}],"predecessor-version":[{"id":133810,"href":"https:\/\/www.nettali.com\/rest\/wp\/v2\/posts\/133809\/revisions\/133810"}],"wp:featuredmedia":[{"embeddable":true,"href":"https:\/\/www.nettali.com\/rest\/wp\/v2\/media\/133661"}],"wp:attachment":[{"href":"https:\/\/www.nettali.com\/rest\/wp\/v2\/media?parent=133809"}],"wp:term":[{"taxonomy":"category","embeddable":true,"href":"https:\/\/www.nettali.com\/rest\/wp\/v2\/categories?post=133809"},{"taxonomy":"post_tag","embeddable":true,"href":"https:\/\/www.nettali.com\/rest\/wp\/v2\/tags?post=133809"}],"curies":[{"name":"wp","href":"https:\/\/api.w.org\/{rel}","templated":true}]}}