{"id":133806,"date":"2024-05-27T14:22:55","date_gmt":"2024-05-27T14:22:55","guid":{"rendered":"https:\/\/www.nettali.com\/?p=133806"},"modified":"2024-05-27T14:22:55","modified_gmt":"2024-05-27T14:22:55","slug":"greve-a-luniversite-assane-seck-de-ziguinchor-les-revendications-fermes-des-etudiants","status":"publish","type":"post","link":"https:\/\/www.nettali.com\/2024\/05\/27\/greve-a-luniversite-assane-seck-de-ziguinchor-les-revendications-fermes-des-etudiants\/","title":{"rendered":"GR\u00c8VE \u00c0 L'UNIVERSIT\u00c9 ASSANE SECK DE ZIGUINCHOR - Les revendications fermes des \u00e9tudiants"},"content":{"rendered":"<p><strong>NETTALI.COM-\u00a04 jours de cessation d\u2019activit\u00e9s. C\u2019est le mot d\u2019ordre de gr\u00e8ve lanc\u00e9 ce lundi matin par les \u00e9tudiants de l\u2019Universit\u00e9 Assane Seck de Ziguinchor pour exiger l\u2019\u00e9quipement et la livraison des chantiers en cours dont un pavillon de 100 lits, un bloc m\u00e9dical ainsi qu\u2019un restaurant de 750 places.<\/strong><\/p>\n<p>Les \u00e9tudiants de l\u2019Universit\u00e9 Assane Seck de Ziguinchor ont lanc\u00e9 un mot d\u2019ordre de gr\u00e8ve de 96 heures accompagn\u00e9 de 48 heures de front. Ils ont bloqu\u00e9 ce matin les axes menant \u00e0 l\u2019universit\u00e9. \u00ab <em>Les \u00e9tudiants vivent une situation lamentable et l\u2019autorit\u00e9 interne et externe, je veux dire le MESRI, reste inactive par rapport \u00e0 cette situation. Vous \u00eates sans savoir que l\u2019universit\u00e9 Assane Seck fait partie des universit\u00e9s qui ont le plus de chantiers non livr\u00e9s. On pourrait comprendre s\u2019il y avait des chantiers en cours, mais il y a des chantiers o\u00f9 il ne reste que la livraison. Ces chantiers sont l\u00e0 depuis 2015<\/em> \u00bb, a d\u00e9clar\u00e9 le coordonnateur de la coordination des \u00e9tudiants de l\u2019Universit\u00e9 Assane Seck de Ziguinchor, Serigne Saliou Mbaye.<\/p>\n<p>En outre, il ajoute que les \u00e9tudiants sont confront\u00e9s \u00e0 des probl\u00e8mes de salles. \u00ab <em>Parfois, on voit un \u00e9tudiant dont l\u2019emploi du temps indique \u201csalle \u00e0 chercher\u201d. Le pavillon des 1000 lits est \u00e9galement un point de pr\u00e9occupation. La priorit\u00e9 du nouveau ministre devrait \u00eatre les chantiers de l\u2019UASZ<\/em> \u00bb dit-il.<\/p>\n<div class='share-to-whatsapp-wrapper'><div class='share-on-whsp'>PARTAGER SUR : <\/div><a data-text='GR\u00c8VE \u00c0 L'UNIVERSIT\u00c9 ASSANE SECK DE ZIGUINCHOR - Les revendications fermes des \u00e9tudiants' data-link='https:\/\/www.nettali.com\/2024\/05\/27\/greve-a-luniversite-assane-seck-de-ziguinchor-les-revendications-fermes-des-etudiants\/' class='whatsapp-button whatsapp-share'>WhatsApp<\/a><div class='clear '><\/div><\/div>","protected":false},"excerpt":{"rendered":"<p>NETTALI.COM-\u00a04 jours de cessation d\u2019activit\u00e9s. C\u2019est le mot d\u2019ordre de gr\u00e8ve lanc\u00e9 ce lundi matin par les \u00e9tudiants de l\u2019Universit\u00e9 Assane Seck de Ziguinchor pour exiger l\u2019\u00e9quipement et la livraison des chantiers en cours dont un pavillon de 100 lits, un bloc m\u00e9dical ainsi qu\u2019un restaurant de 750 places. Les \u00e9tudiants de l\u2019Universit\u00e9 Assane Seck [&hellip;]<\/p>\n","protected":false},"author":6,"featured_media":7964,"comment_status":"open","ping_status":"open","sticky":false,"template":"","format":"standard","meta":{"_et_pb_use_builder":"","_et_pb_old_content":""},"categories":[3],"tags":[],"yoast_head":"<!-- This site is optimized with the Yoast SEO Premium plugin v17.8 (Yoast SEO v17.8) - https:\/\/yoast.com\/wordpress\/plugins\/seo\/ -->\n<title>GR\u00c8VE \u00c0 L&#039;UNIVERSIT\u00c9 ASSANE SECK DE ZIGUINCHOR - Les revendications fermes des \u00e9tudiants | Nettali.com<\/title>\n<meta name=\"robots\" content=\"index, follow, max-snippet:-1, max-image-preview:large, max-video-preview:-1\" \/>\n<link rel=\"canonical\" href=\"https:\/\/www.nettali.com\/2024\/05\/27\/greve-a-luniversite-assane-seck-de-ziguinchor-les-revendications-fermes-des-etudiants\/\" \/>\n<meta property=\"og:locale\" content=\"fr_FR\" \/>\n<meta property=\"og:type\" content=\"article\" \/>\n<meta property=\"og:title\" content=\"GR\u00c8VE \u00c0 L&#039;UNIVERSIT\u00c9 ASSANE SECK DE ZIGUINCHOR - Les revendications fermes des \u00e9tudiants\" \/>\n<meta property=\"og:description\" content=\"NETTALI.COM-\u00a04 jours de cessation d\u2019activit\u00e9s. C\u2019est le mot d\u2019ordre de gr\u00e8ve lanc\u00e9 ce lundi matin par les \u00e9tudiants de l\u2019Universit\u00e9 Assane Seck de Ziguinchor pour exiger l\u2019\u00e9quipement et la livraison des chantiers en cours dont un pavillon de 100 lits, un bloc m\u00e9dical ainsi qu\u2019un restaurant de 750 places. Les \u00e9tudiants de l\u2019Universit\u00e9 Assane Seck [&hellip;]\" \/>\n<meta property=\"og:url\" content=\"https:\/\/www.nettali.com\/2024\/05\/27\/greve-a-luniversite-assane-seck-de-ziguinchor-les-revendications-fermes-des-etudiants\/\" \/>\n<meta property=\"og:site_name\" content=\"Nettali.com\" \/>\n<meta property=\"article:publisher\" content=\"https:\/\/www.facebook.com\/nettalicom\" \/>\n<meta property=\"article:published_time\" content=\"2024-05-27T14:22:55+00:00\" \/>\n<meta property=\"og:image\" content=\"https:\/\/www.nettali.com\/wp-content\/uploads\/2019\/05\/Universit\u00e9-Assane-Seck-1280x720.jpg\" \/>\n\t<meta property=\"og:image:width\" content=\"1280\" \/>\n\t<meta property=\"og:image:height\" content=\"720\" \/>\n<meta name=\"twitter:card\" content=\"summary_large_image\" \/>\n<meta name=\"twitter:label1\" content=\"\u00c9crit par\" \/>\n\t<meta name=\"twitter:data1\" content=\"Fatou\" \/>\n\t<meta name=\"twitter:label2\" content=\"Dur\u00e9e de lecture estim\u00e9e\" \/>\n\t<meta name=\"twitter:data2\" content=\"2 minutes\" \/>\n<script type=\"application\/ld+json\" class=\"yoast-schema-graph\">{\"@context\":\"https:\/\/schema.org\",\"@graph\":[{\"@type\":\"WebSite\",\"@id\":\"https:\/\/www.nettali.com\/#website\",\"url\":\"https:\/\/www.nettali.com\/\",\"name\":\"Nettali.com\",\"description\":\"Le rendez-vous critique du Net\",\"potentialAction\":[{\"@type\":\"SearchAction\",\"target\":{\"@type\":\"EntryPoint\",\"urlTemplate\":\"https:\/\/www.nettali.com\/?s={search_term_string}\"},\"query-input\":\"required name=search_term_string\"}],\"inLanguage\":\"fr-FR\"},{\"@type\":\"ImageObject\",\"@id\":\"https:\/\/www.nettali.com\/2024\/05\/27\/greve-a-luniversite-assane-seck-de-ziguinchor-les-revendications-fermes-des-etudiants\/#primaryimage\",\"inLanguage\":\"fr-FR\",\"url\":\"https:\/\/www.nettali.com\/wp-content\/uploads\/2019\/05\/Universit\\u00e9-Assane-Seck-1280x720.jpg\",\"contentUrl\":\"https:\/\/www.nettali.com\/wp-content\/uploads\/2019\/05\/Universit\\u00e9-Assane-Seck-1280x720.jpg\",\"width\":1280,\"height\":720},{\"@type\":\"WebPage\",\"@id\":\"https:\/\/www.nettali.com\/2024\/05\/27\/greve-a-luniversite-assane-seck-de-ziguinchor-les-revendications-fermes-des-etudiants\/#webpage\",\"url\":\"https:\/\/www.nettali.com\/2024\/05\/27\/greve-a-luniversite-assane-seck-de-ziguinchor-les-revendications-fermes-des-etudiants\/\",\"name\":\"GR\\u00c8VE \\u00c0 L'UNIVERSIT\\u00c9 ASSANE SECK DE ZIGUINCHOR - Les revendications fermes des \\u00e9tudiants | Nettali.com\",\"isPartOf\":{\"@id\":\"https:\/\/www.nettali.com\/#website\"},\"primaryImageOfPage\":{\"@id\":\"https:\/\/www.nettali.com\/2024\/05\/27\/greve-a-luniversite-assane-seck-de-ziguinchor-les-revendications-fermes-des-etudiants\/#primaryimage\"},\"datePublished\":\"2024-05-27T14:22:55+00:00\",\"dateModified\":\"2024-05-27T14:22:55+00:00\",\"author\":{\"@id\":\"https:\/\/www.nettali.com\/#\/schema\/person\/418274a86bdf87caff7a3ef476bd0bbf\"},\"breadcrumb\":{\"@id\":\"https:\/\/www.nettali.com\/2024\/05\/27\/greve-a-luniversite-assane-seck-de-ziguinchor-les-revendications-fermes-des-etudiants\/#breadcrumb\"},\"inLanguage\":\"fr-FR\",\"potentialAction\":[{\"@type\":\"ReadAction\",\"target\":[\"https:\/\/www.nettali.com\/2024\/05\/27\/greve-a-luniversite-assane-seck-de-ziguinchor-les-revendications-fermes-des-etudiants\/\"]}]},{\"@type\":\"BreadcrumbList\",\"@id\":\"https:\/\/www.nettali.com\/2024\/05\/27\/greve-a-luniversite-assane-seck-de-ziguinchor-les-revendications-fermes-des-etudiants\/#breadcrumb\",\"itemListElement\":[{\"@type\":\"ListItem\",\"position\":1,\"name\":\"Accueil\",\"item\":\"https:\/\/www.nettali.com\/\"},{\"@type\":\"ListItem\",\"position\":2,\"name\":\"GR\\u00c8VE \\u00c0 L'UNIVERSIT\\u00c9 ASSANE SECK DE ZIGUINCHOR - Les revendications fermes des \\u00e9tudiants\"}]},{\"@type\":\"Person\",\"@id\":\"https:\/\/www.nettali.com\/#\/schema\/person\/418274a86bdf87caff7a3ef476bd0bbf\",\"name\":\"Fatou\",\"image\":{\"@type\":\"ImageObject\",\"@id\":\"https:\/\/www.nettali.com\/#personlogo\",\"inLanguage\":\"fr-FR\",\"url\":\"https:\/\/secure.gravatar.com\/avatar\/5a9442a2bee7b4dcf167cab035858e9a?s=96&d=mm&r=g\",\"contentUrl\":\"https:\/\/secure.gravatar.com\/avatar\/5a9442a2bee7b4dcf167cab035858e9a?s=96&d=mm&r=g\",\"caption\":\"Fatou\"},\"sameAs\":[\"https:\/\/www.nettali.com\"]}]}<\/script>\n<!-- \/ Yoast SEO Premium plugin. -->","yoast_head_json":{"title":"GR\u00c8VE \u00c0 L'UNIVERSIT\u00c9 ASSANE SECK DE ZIGUINCHOR - Les revendications fermes des \u00e9tudiants | Nettali.com","robots":{"index":"index","follow":"follow","max-snippet":"max-snippet:-1","max-image-preview":"max-image-preview:large","max-video-preview":"max-video-preview:-1"},"canonical":"https:\/\/www.nettali.com\/2024\/05\/27\/greve-a-luniversite-assane-seck-de-ziguinchor-les-revendications-fermes-des-etudiants\/","og_locale":"fr_FR","og_type":"article","og_title":"GR\u00c8VE \u00c0 L'UNIVERSIT\u00c9 ASSANE SECK DE ZIGUINCHOR - Les revendications fermes des \u00e9tudiants","og_description":"NETTALI.COM-\u00a04 jours de cessation d\u2019activit\u00e9s. C\u2019est le mot d\u2019ordre de gr\u00e8ve lanc\u00e9 ce lundi matin par les \u00e9tudiants de l\u2019Universit\u00e9 Assane Seck de Ziguinchor pour exiger l\u2019\u00e9quipement et la livraison des chantiers en cours dont un pavillon de 100 lits, un bloc m\u00e9dical ainsi qu\u2019un restaurant de 750 places. Les \u00e9tudiants de l\u2019Universit\u00e9 Assane Seck [&hellip;]","og_url":"https:\/\/www.nettali.com\/2024\/05\/27\/greve-a-luniversite-assane-seck-de-ziguinchor-les-revendications-fermes-des-etudiants\/","og_site_name":"Nettali.com","article_publisher":"https:\/\/www.facebook.com\/nettalicom","article_published_time":"2024-05-27T14:22:55+00:00","og_image":[{"width":1280,"height":720,"url":"https:\/\/www.nettali.com\/wp-content\/uploads\/2019\/05\/Universit\u00e9-Assane-Seck-1280x720.jpg","type":"image\/jpeg"}],"twitter_card":"summary_large_image","twitter_misc":{"\u00c9crit par":"Fatou","Dur\u00e9e de lecture estim\u00e9e":"2 minutes"},"schema":{"@context":"https:\/\/schema.org","@graph":[{"@type":"WebSite","@id":"https:\/\/www.nettali.com\/#website","url":"https:\/\/www.nettali.com\/","name":"Nettali.com","description":"Le rendez-vous critique du Net","potentialAction":[{"@type":"SearchAction","target":{"@type":"EntryPoint","urlTemplate":"https:\/\/www.nettali.com\/?s={search_term_string}"},"query-input":"required name=search_term_string"}],"inLanguage":"fr-FR"},{"@type":"ImageObject","@id":"https:\/\/www.nettali.com\/2024\/05\/27\/greve-a-luniversite-assane-seck-de-ziguinchor-les-revendications-fermes-des-etudiants\/#primaryimage","inLanguage":"fr-FR","url":"https:\/\/www.nettali.com\/wp-content\/uploads\/2019\/05\/Universit\u00e9-Assane-Seck-1280x720.jpg","contentUrl":"https:\/\/www.nettali.com\/wp-content\/uploads\/2019\/05\/Universit\u00e9-Assane-Seck-1280x720.jpg","width":1280,"height":720},{"@type":"WebPage","@id":"https:\/\/www.nettali.com\/2024\/05\/27\/greve-a-luniversite-assane-seck-de-ziguinchor-les-revendications-fermes-des-etudiants\/#webpage","url":"https:\/\/www.nettali.com\/2024\/05\/27\/greve-a-luniversite-assane-seck-de-ziguinchor-les-revendications-fermes-des-etudiants\/","name":"GR\u00c8VE \u00c0 L'UNIVERSIT\u00c9 ASSANE SECK DE ZIGUINCHOR - Les revendications fermes des \u00e9tudiants | Nettali.com","isPartOf":{"@id":"https:\/\/www.nettali.com\/#website"},"primaryImageOfPage":{"@id":"https:\/\/www.nettali.com\/2024\/05\/27\/greve-a-luniversite-assane-seck-de-ziguinchor-les-revendications-fermes-des-etudiants\/#primaryimage"},"datePublished":"2024-05-27T14:22:55+00:00","dateModified":"2024-05-27T14:22:55+00:00","author":{"@id":"https:\/\/www.nettali.com\/#\/schema\/person\/418274a86bdf87caff7a3ef476bd0bbf"},"breadcrumb":{"@id":"https:\/\/www.nettali.com\/2024\/05\/27\/greve-a-luniversite-assane-seck-de-ziguinchor-les-revendications-fermes-des-etudiants\/#breadcrumb"},"inLanguage":"fr-FR","potentialAction":[{"@type":"ReadAction","target":["https:\/\/www.nettali.com\/2024\/05\/27\/greve-a-luniversite-assane-seck-de-ziguinchor-les-revendications-fermes-des-etudiants\/"]}]},{"@type":"BreadcrumbList","@id":"https:\/\/www.nettali.com\/2024\/05\/27\/greve-a-luniversite-assane-seck-de-ziguinchor-les-revendications-fermes-des-etudiants\/#breadcrumb","itemListElement":[{"@type":"ListItem","position":1,"name":"Accueil","item":"https:\/\/www.nettali.com\/"},{"@type":"ListItem","position":2,"name":"GR\u00c8VE \u00c0 L'UNIVERSIT\u00c9 ASSANE SECK DE ZIGUINCHOR - Les revendications fermes des \u00e9tudiants"}]},{"@type":"Person","@id":"https:\/\/www.nettali.com\/#\/schema\/person\/418274a86bdf87caff7a3ef476bd0bbf","name":"Fatou","image":{"@type":"ImageObject","@id":"https:\/\/www.nettali.com\/#personlogo","inLanguage":"fr-FR","url":"https:\/\/secure.gravatar.com\/avatar\/5a9442a2bee7b4dcf167cab035858e9a?s=96&d=mm&r=g","contentUrl":"https:\/\/secure.gravatar.com\/avatar\/5a9442a2bee7b4dcf167cab035858e9a?s=96&d=mm&r=g","caption":"Fatou"},"sameAs":["https:\/\/www.nettali.com"]}]}},"_links":{"self":[{"href":"https:\/\/www.nettali.com\/rest\/wp\/v2\/posts\/133806"}],"collection":[{"href":"https:\/\/www.nettali.com\/rest\/wp\/v2\/posts"}],"about":[{"href":"https:\/\/www.nettali.com\/rest\/wp\/v2\/types\/post"}],"author":[{"embeddable":true,"href":"https:\/\/www.nettali.com\/rest\/wp\/v2\/users\/6"}],"replies":[{"embeddable":true,"href":"https:\/\/www.nettali.com\/rest\/wp\/v2\/comments?post=133806"}],"version-history":[{"count":3,"href":"https:\/\/www.nettali.com\/rest\/wp\/v2\/posts\/133806\/revisions"}],"predecessor-version":[{"id":134027,"href":"https:\/\/www.nettali.com\/rest\/wp\/v2\/posts\/133806\/revisions\/134027"}],"wp:featuredmedia":[{"embeddable":true,"href":"https:\/\/www.nettali.com\/rest\/wp\/v2\/media\/7964"}],"wp:attachment":[{"href":"https:\/\/www.nettali.com\/rest\/wp\/v2\/media?parent=133806"}],"wp:term":[{"taxonomy":"category","embeddable":true,"href":"https:\/\/www.nettali.com\/rest\/wp\/v2\/categories?post=133806"},{"taxonomy":"post_tag","embeddable":true,"href":"https:\/\/www.nettali.com\/rest\/wp\/v2\/tags?post=133806"}],"curies":[{"name":"wp","href":"https:\/\/api.w.org\/{rel}","templated":true}]}}