{"id":133794,"date":"2024-05-23T00:21:02","date_gmt":"2024-05-23T00:21:02","guid":{"rendered":"https:\/\/www.nettali.com\/?p=133794"},"modified":"2024-05-23T09:17:12","modified_gmt":"2024-05-23T09:17:12","slug":"rencontre-les-acteurs-des-medias-pourquoi-le-ministre-de-la-communication-a-reporte","status":"publish","type":"post","link":"https:\/\/www.nettali.com\/2024\/05\/23\/rencontre-les-acteurs-des-medias-pourquoi-le-ministre-de-la-communication-a-reporte\/","title":{"rendered":"RENCONTRE AVEC LES ACTEURS DES MEDIAS - Pourquoi le ministre de la Communication a report\u00e9"},"content":{"rendered":"<p><strong>NETTALI.COM - Initialement pr\u00e9vue ce vendredi \u00e0 la maison de la presse Babacar Tour\u00e9, la rencontre entre le ministre de la Communication et les acteurs des m\u00e9dias a finalement \u00e9t\u00e9 report\u00e9e. La cause: les organisations professionnelles des m\u00e9dias n'approuvent pas le format propos\u00e9 par le ministre Alioune Sall.\u00a0<\/strong><\/p>\n<p>Dans un communiqu\u00e9 dat\u00e9 du 21 mai 2024, le ministre de la Communication, des T\u00e9l\u00e9communications et du Num\u00e9rique informe: \"<em>A la suite de mon installation dans mes nouvelles fonctions, je convie l'ensemble des acteurs de la presse a une rencontre de prise de contact et d'\u00e9changes. L'\u00e9v\u00e8nement aura lieu le vendredi 24 mai \u00e0 15h 30, \u00e0 la maison de la presse Babacar Tour\u00e9<\/em>.\" Sauf que la rencontre n'aura pas lieu. Du moins pour le moment. Puisque quelques heures plus tard, le directeur de la Communication va sortir un autre communiqu\u00e9. Et c'est pour informer: \"<em>Je viens, par la pr\u00e9sente correspondance, vous informer que la rencontre initialement pr\u00e9vue le vendredi 24 mai 2024 \u00e0 la Maison de la presse Babacar Tour\u00e9 a \u00e9t\u00e9 report\u00e9e \u00e0 une date qui sera communiqu\u00e9e ult\u00e9rieurement.<\/em>\" Explication du directeur de la Communication: \"<em>Ce report fait suite \u00e0 une demande de la Coorination des associations de presse (CAP) qui souhaite finaliser le rapport des assises nationales des m\u00e9dias avant de rencontrer le ministre. Le ministre a donc pris bonne note et a accept\u00e9 la demande de report<\/em>.\"<\/p>\n<p>En r\u00e9alit\u00e9, la CAP a juste voulu \u00eatre courtois avec le nouveau ministre. Mais la Coordination des associations de la presse n'approuve pas du tout la d\u00e9marche d'Alioune Sall. Et c'est le format m\u00eame de la rencontre qui pose probl\u00e8me. Pour la majorit\u00e9 des acteurs de la presse, le ministre de la Communication aurait d\u00fb commencer par des rencontres sectorielles au lieu de pr\u00e9tendre regrouper tous les acteurs de la presse dans une m\u00eame salle. C'est donc pour \u00eatre courtois que les membres de la CAP ont \u00e9crit au ministre. \"<em>Les Associations membres de la CAP ont toutes re\u00e7u de vos services une lettre les invitant \u00e0 prendre part \u00e0 une c\u00e9r\u00e9monie de prise de contact pr\u00e9vue ce vendredi \u00e0 partir de 15h 30 \u00e0 la Maison de la presse. Les associations membres de la CAP, apr\u00e8s en avoir d\u00e9lib\u00e9r\u00e9, ont d\u00e9cid\u00e9 de vous faire part d'une lettre commune au regard du caract\u00e8re proche de l'\u00e9v\u00e8nement en objet<\/em>\", lit-on sur la lettre adress\u00e9e au ministre. \"<em>Tout en remerciant de cette initiative tr\u00e8s noble, du reste, de rencontrer les acteurs des m\u00e9dias avec en toile de fond les conclusions des Assises des m\u00e9dias, nous souhaiterions vous faire part de notre volont\u00e9 de voir la date revue<\/em>\", souligne la Cap. Qui explique: \"<em>Les pr\u00e9-conclusions des Assises nationales des m\u00e9dias n'ont pas encore fait l'objet d'une validation par nos soins et le rapport d\u00e9finitif final, qui doit emporter l'ajout des recommandations et amendements \u00e9manant des acteurs autres que ceux retenus par les commissions, n'est pas encore disponible<\/em>.\"<\/p>\n<p>Et \u00e0 propos du format de la rencontre, la CAP souligne: \"<em>Du reste, nous autres membres de la CAP souhaiterions comme c'est de coutume, partager avec vous en toute cordialit\u00e9 les pr\u00e9occupations et enjeux du secteur sous un format moins ouvert, notamment en mode audience.<\/em>\"<\/p>\n<div class='share-to-whatsapp-wrapper'><div class='share-on-whsp'>PARTAGER SUR : <\/div><a data-text='RENCONTRE AVEC LES ACTEURS DES MEDIAS - Pourquoi le ministre de la Communication a report\u00e9' data-link='https:\/\/www.nettali.com\/2024\/05\/23\/rencontre-les-acteurs-des-medias-pourquoi-le-ministre-de-la-communication-a-reporte\/' class='whatsapp-button whatsapp-share'>WhatsApp<\/a><div class='clear '><\/div><\/div>","protected":false},"excerpt":{"rendered":"<p>NETTALI.COM - Initialement pr\u00e9vue ce vendredi \u00e0 la maison de la presse Babacar Tour\u00e9, la rencontre entre le ministre de la Communication et les acteurs des m\u00e9dias a finalement \u00e9t\u00e9 report\u00e9e. La cause: les organisations professionnelles des m\u00e9dias n'approuvent pas le format propos\u00e9 par le ministre Alioune Sall.\u00a0 Dans un communiqu\u00e9 dat\u00e9 du 21 mai [&hellip;]<\/p>\n","protected":false},"author":3,"featured_media":133799,"comment_status":"open","ping_status":"open","sticky":false,"template":"","format":"standard","meta":{"_et_pb_use_builder":"","_et_pb_old_content":""},"categories":[3],"tags":[],"yoast_head":"<!-- This site is optimized with the Yoast SEO Premium plugin v17.8 (Yoast SEO v17.8) - https:\/\/yoast.com\/wordpress\/plugins\/seo\/ -->\n<title>RENCONTRE AVEC LES ACTEURS DES MEDIAS - Pourquoi le ministre de la Communication a report\u00e9 | Nettali.com<\/title>\n<meta name=\"robots\" content=\"index, follow, max-snippet:-1, max-image-preview:large, max-video-preview:-1\" \/>\n<link rel=\"canonical\" href=\"https:\/\/www.nettali.com\/2024\/05\/23\/rencontre-les-acteurs-des-medias-pourquoi-le-ministre-de-la-communication-a-reporte\/\" \/>\n<meta property=\"og:locale\" content=\"fr_FR\" \/>\n<meta property=\"og:type\" content=\"article\" \/>\n<meta property=\"og:title\" content=\"RENCONTRE AVEC LES ACTEURS DES MEDIAS - Pourquoi le ministre de la Communication a report\u00e9\" \/>\n<meta property=\"og:description\" content=\"NETTALI.COM - Initialement pr\u00e9vue ce vendredi \u00e0 la maison de la presse Babacar Tour\u00e9, la rencontre entre le ministre de la Communication et les acteurs des m\u00e9dias a finalement \u00e9t\u00e9 report\u00e9e. La cause: les organisations professionnelles des m\u00e9dias n&#039;approuvent pas le format propos\u00e9 par le ministre Alioune Sall.\u00a0 Dans un communiqu\u00e9 dat\u00e9 du 21 mai [&hellip;]\" \/>\n<meta property=\"og:url\" content=\"https:\/\/www.nettali.com\/2024\/05\/23\/rencontre-les-acteurs-des-medias-pourquoi-le-ministre-de-la-communication-a-reporte\/\" \/>\n<meta property=\"og:site_name\" content=\"Nettali.com\" \/>\n<meta property=\"article:publisher\" content=\"https:\/\/www.facebook.com\/nettalicom\" \/>\n<meta property=\"article:published_time\" content=\"2024-05-23T00:21:02+00:00\" \/>\n<meta property=\"article:modified_time\" content=\"2024-05-23T09:17:12+00:00\" \/>\n<meta property=\"og:image\" content=\"https:\/\/www.nettali.com\/wp-content\/uploads\/2024\/05\/ALIOU-SALL1.jpg\" \/>\n\t<meta property=\"og:image:width\" content=\"1700\" \/>\n\t<meta property=\"og:image:height\" content=\"982\" \/>\n<meta name=\"twitter:card\" content=\"summary_large_image\" \/>\n<meta name=\"twitter:label1\" content=\"\u00c9crit par\" \/>\n\t<meta name=\"twitter:data1\" content=\"Moustapha\" \/>\n\t<meta name=\"twitter:label2\" content=\"Dur\u00e9e de lecture estim\u00e9e\" \/>\n\t<meta name=\"twitter:data2\" content=\"3 minutes\" \/>\n<script type=\"application\/ld+json\" class=\"yoast-schema-graph\">{\"@context\":\"https:\/\/schema.org\",\"@graph\":[{\"@type\":\"WebSite\",\"@id\":\"https:\/\/www.nettali.com\/#website\",\"url\":\"https:\/\/www.nettali.com\/\",\"name\":\"Nettali.com\",\"description\":\"Le rendez-vous critique du Net\",\"potentialAction\":[{\"@type\":\"SearchAction\",\"target\":{\"@type\":\"EntryPoint\",\"urlTemplate\":\"https:\/\/www.nettali.com\/?s={search_term_string}\"},\"query-input\":\"required name=search_term_string\"}],\"inLanguage\":\"fr-FR\"},{\"@type\":\"ImageObject\",\"@id\":\"https:\/\/www.nettali.com\/2024\/05\/23\/rencontre-les-acteurs-des-medias-pourquoi-le-ministre-de-la-communication-a-reporte\/#primaryimage\",\"inLanguage\":\"fr-FR\",\"url\":\"https:\/\/www.nettali.com\/wp-content\/uploads\/2024\/05\/ALIOU-SALL1.jpg\",\"contentUrl\":\"https:\/\/www.nettali.com\/wp-content\/uploads\/2024\/05\/ALIOU-SALL1.jpg\",\"width\":1700,\"height\":982},{\"@type\":\"WebPage\",\"@id\":\"https:\/\/www.nettali.com\/2024\/05\/23\/rencontre-les-acteurs-des-medias-pourquoi-le-ministre-de-la-communication-a-reporte\/#webpage\",\"url\":\"https:\/\/www.nettali.com\/2024\/05\/23\/rencontre-les-acteurs-des-medias-pourquoi-le-ministre-de-la-communication-a-reporte\/\",\"name\":\"RENCONTRE AVEC LES ACTEURS DES MEDIAS - Pourquoi le ministre de la Communication a report\\u00e9 | Nettali.com\",\"isPartOf\":{\"@id\":\"https:\/\/www.nettali.com\/#website\"},\"primaryImageOfPage\":{\"@id\":\"https:\/\/www.nettali.com\/2024\/05\/23\/rencontre-les-acteurs-des-medias-pourquoi-le-ministre-de-la-communication-a-reporte\/#primaryimage\"},\"datePublished\":\"2024-05-23T00:21:02+00:00\",\"dateModified\":\"2024-05-23T09:17:12+00:00\",\"author\":{\"@id\":\"https:\/\/www.nettali.com\/#\/schema\/person\/7962a12a6e0267f88f0ffa544c36469a\"},\"breadcrumb\":{\"@id\":\"https:\/\/www.nettali.com\/2024\/05\/23\/rencontre-les-acteurs-des-medias-pourquoi-le-ministre-de-la-communication-a-reporte\/#breadcrumb\"},\"inLanguage\":\"fr-FR\",\"potentialAction\":[{\"@type\":\"ReadAction\",\"target\":[\"https:\/\/www.nettali.com\/2024\/05\/23\/rencontre-les-acteurs-des-medias-pourquoi-le-ministre-de-la-communication-a-reporte\/\"]}]},{\"@type\":\"BreadcrumbList\",\"@id\":\"https:\/\/www.nettali.com\/2024\/05\/23\/rencontre-les-acteurs-des-medias-pourquoi-le-ministre-de-la-communication-a-reporte\/#breadcrumb\",\"itemListElement\":[{\"@type\":\"ListItem\",\"position\":1,\"name\":\"Accueil\",\"item\":\"https:\/\/www.nettali.com\/\"},{\"@type\":\"ListItem\",\"position\":2,\"name\":\"RENCONTRE AVEC LES ACTEURS DES MEDIAS - Pourquoi le ministre de la Communication a report\\u00e9\"}]},{\"@type\":\"Person\",\"@id\":\"https:\/\/www.nettali.com\/#\/schema\/person\/7962a12a6e0267f88f0ffa544c36469a\",\"name\":\"Moustapha\",\"image\":{\"@type\":\"ImageObject\",\"@id\":\"https:\/\/www.nettali.com\/#personlogo\",\"inLanguage\":\"fr-FR\",\"url\":\"https:\/\/secure.gravatar.com\/avatar\/10fdf6a071cccdcf374e3dbe45159590?s=96&d=mm&r=g\",\"contentUrl\":\"https:\/\/secure.gravatar.com\/avatar\/10fdf6a071cccdcf374e3dbe45159590?s=96&d=mm&r=g\",\"caption\":\"Moustapha\"},\"sameAs\":[\"https:\/\/www.nettali.com\"]}]}<\/script>\n<!-- \/ Yoast SEO Premium plugin. -->","yoast_head_json":{"title":"RENCONTRE AVEC LES ACTEURS DES MEDIAS - Pourquoi le ministre de la Communication a report\u00e9 | Nettali.com","robots":{"index":"index","follow":"follow","max-snippet":"max-snippet:-1","max-image-preview":"max-image-preview:large","max-video-preview":"max-video-preview:-1"},"canonical":"https:\/\/www.nettali.com\/2024\/05\/23\/rencontre-les-acteurs-des-medias-pourquoi-le-ministre-de-la-communication-a-reporte\/","og_locale":"fr_FR","og_type":"article","og_title":"RENCONTRE AVEC LES ACTEURS DES MEDIAS - Pourquoi le ministre de la Communication a report\u00e9","og_description":"NETTALI.COM - Initialement pr\u00e9vue ce vendredi \u00e0 la maison de la presse Babacar Tour\u00e9, la rencontre entre le ministre de la Communication et les acteurs des m\u00e9dias a finalement \u00e9t\u00e9 report\u00e9e. La cause: les organisations professionnelles des m\u00e9dias n'approuvent pas le format propos\u00e9 par le ministre Alioune Sall.\u00a0 Dans un communiqu\u00e9 dat\u00e9 du 21 mai [&hellip;]","og_url":"https:\/\/www.nettali.com\/2024\/05\/23\/rencontre-les-acteurs-des-medias-pourquoi-le-ministre-de-la-communication-a-reporte\/","og_site_name":"Nettali.com","article_publisher":"https:\/\/www.facebook.com\/nettalicom","article_published_time":"2024-05-23T00:21:02+00:00","article_modified_time":"2024-05-23T09:17:12+00:00","og_image":[{"width":1700,"height":982,"url":"https:\/\/www.nettali.com\/wp-content\/uploads\/2024\/05\/ALIOU-SALL1.jpg","type":"image\/jpeg"}],"twitter_card":"summary_large_image","twitter_misc":{"\u00c9crit par":"Moustapha","Dur\u00e9e de lecture estim\u00e9e":"3 minutes"},"schema":{"@context":"https:\/\/schema.org","@graph":[{"@type":"WebSite","@id":"https:\/\/www.nettali.com\/#website","url":"https:\/\/www.nettali.com\/","name":"Nettali.com","description":"Le rendez-vous critique du Net","potentialAction":[{"@type":"SearchAction","target":{"@type":"EntryPoint","urlTemplate":"https:\/\/www.nettali.com\/?s={search_term_string}"},"query-input":"required name=search_term_string"}],"inLanguage":"fr-FR"},{"@type":"ImageObject","@id":"https:\/\/www.nettali.com\/2024\/05\/23\/rencontre-les-acteurs-des-medias-pourquoi-le-ministre-de-la-communication-a-reporte\/#primaryimage","inLanguage":"fr-FR","url":"https:\/\/www.nettali.com\/wp-content\/uploads\/2024\/05\/ALIOU-SALL1.jpg","contentUrl":"https:\/\/www.nettali.com\/wp-content\/uploads\/2024\/05\/ALIOU-SALL1.jpg","width":1700,"height":982},{"@type":"WebPage","@id":"https:\/\/www.nettali.com\/2024\/05\/23\/rencontre-les-acteurs-des-medias-pourquoi-le-ministre-de-la-communication-a-reporte\/#webpage","url":"https:\/\/www.nettali.com\/2024\/05\/23\/rencontre-les-acteurs-des-medias-pourquoi-le-ministre-de-la-communication-a-reporte\/","name":"RENCONTRE AVEC LES ACTEURS DES MEDIAS - Pourquoi le ministre de la Communication a report\u00e9 | Nettali.com","isPartOf":{"@id":"https:\/\/www.nettali.com\/#website"},"primaryImageOfPage":{"@id":"https:\/\/www.nettali.com\/2024\/05\/23\/rencontre-les-acteurs-des-medias-pourquoi-le-ministre-de-la-communication-a-reporte\/#primaryimage"},"datePublished":"2024-05-23T00:21:02+00:00","dateModified":"2024-05-23T09:17:12+00:00","author":{"@id":"https:\/\/www.nettali.com\/#\/schema\/person\/7962a12a6e0267f88f0ffa544c36469a"},"breadcrumb":{"@id":"https:\/\/www.nettali.com\/2024\/05\/23\/rencontre-les-acteurs-des-medias-pourquoi-le-ministre-de-la-communication-a-reporte\/#breadcrumb"},"inLanguage":"fr-FR","potentialAction":[{"@type":"ReadAction","target":["https:\/\/www.nettali.com\/2024\/05\/23\/rencontre-les-acteurs-des-medias-pourquoi-le-ministre-de-la-communication-a-reporte\/"]}]},{"@type":"BreadcrumbList","@id":"https:\/\/www.nettali.com\/2024\/05\/23\/rencontre-les-acteurs-des-medias-pourquoi-le-ministre-de-la-communication-a-reporte\/#breadcrumb","itemListElement":[{"@type":"ListItem","position":1,"name":"Accueil","item":"https:\/\/www.nettali.com\/"},{"@type":"ListItem","position":2,"name":"RENCONTRE AVEC LES ACTEURS DES MEDIAS - Pourquoi le ministre de la Communication a report\u00e9"}]},{"@type":"Person","@id":"https:\/\/www.nettali.com\/#\/schema\/person\/7962a12a6e0267f88f0ffa544c36469a","name":"Moustapha","image":{"@type":"ImageObject","@id":"https:\/\/www.nettali.com\/#personlogo","inLanguage":"fr-FR","url":"https:\/\/secure.gravatar.com\/avatar\/10fdf6a071cccdcf374e3dbe45159590?s=96&d=mm&r=g","contentUrl":"https:\/\/secure.gravatar.com\/avatar\/10fdf6a071cccdcf374e3dbe45159590?s=96&d=mm&r=g","caption":"Moustapha"},"sameAs":["https:\/\/www.nettali.com"]}]}},"_links":{"self":[{"href":"https:\/\/www.nettali.com\/rest\/wp\/v2\/posts\/133794"}],"collection":[{"href":"https:\/\/www.nettali.com\/rest\/wp\/v2\/posts"}],"about":[{"href":"https:\/\/www.nettali.com\/rest\/wp\/v2\/types\/post"}],"author":[{"embeddable":true,"href":"https:\/\/www.nettali.com\/rest\/wp\/v2\/users\/3"}],"replies":[{"embeddable":true,"href":"https:\/\/www.nettali.com\/rest\/wp\/v2\/comments?post=133794"}],"version-history":[{"count":2,"href":"https:\/\/www.nettali.com\/rest\/wp\/v2\/posts\/133794\/revisions"}],"predecessor-version":[{"id":133829,"href":"https:\/\/www.nettali.com\/rest\/wp\/v2\/posts\/133794\/revisions\/133829"}],"wp:featuredmedia":[{"embeddable":true,"href":"https:\/\/www.nettali.com\/rest\/wp\/v2\/media\/133799"}],"wp:attachment":[{"href":"https:\/\/www.nettali.com\/rest\/wp\/v2\/media?parent=133794"}],"wp:term":[{"taxonomy":"category","embeddable":true,"href":"https:\/\/www.nettali.com\/rest\/wp\/v2\/categories?post=133794"},{"taxonomy":"post_tag","embeddable":true,"href":"https:\/\/www.nettali.com\/rest\/wp\/v2\/tags?post=133794"}],"curies":[{"name":"wp","href":"https:\/\/api.w.org\/{rel}","templated":true}]}}