{"id":133780,"date":"2024-05-22T19:13:16","date_gmt":"2024-05-22T19:13:16","guid":{"rendered":"https:\/\/www.nettali.com\/?p=133780"},"modified":"2024-05-22T19:13:16","modified_gmt":"2024-05-22T19:13:16","slug":"guinee-prison-a-perpetuite-requise-contre-moussa-dadis-camara","status":"publish","type":"post","link":"https:\/\/www.nettali.com\/2024\/05\/22\/guinee-prison-a-perpetuite-requise-contre-moussa-dadis-camara\/","title":{"rendered":"GUINEE -  Prison \u00e0 perp\u00e9tuit\u00e9 requise contre Moussa Dadis Camara"},"content":{"rendered":"<p class=\"t-content__chapo\"><strong>NETTALI.COM - Au proc\u00e8s historique du massacre du 28 septembre 2009 en Guin\u00e9e, l'une des pages les plus sombres de l'histoire moderne du pays, le procureur a requis la r\u00e9clusion criminelle \u00e0 perp\u00e9tuit\u00e9 contre l'ancien pr\u00e9sident Moussa Dadis Camara et plusieurs autres responsables. Le magistrat Alghassimou Diallo a demand\u00e9 que la peine soit assortie d'une p\u00e9riode de s\u00fbret\u00e9 de 30 ans, et a r\u00e9clam\u00e9 que les faits soient requalifi\u00e9s en crimes contre l'humanit\u00e9 par meurtres, assassinats, torture, s\u00e9questration et viols.<\/strong><\/p>\n<p>Apr\u00e8s la fin des plaidoiries des avocats des parties civiles, mardi, c'\u00e9tait au tour du minist\u00e8re public de prendre la parole et de d\u00e9voiler son r\u00e9quisitoire, ce mercredi, dans le proc\u00e8s qui se tient en Guin\u00e9e.\u00a0Et le procureur a donc demand\u00e9 la perp\u00e9tuit\u00e9 pour\u00a0Moussa Dadis Camara, ainsi que pour plusieurs autres responsables de l'\u00e9poque du massacre du 28-Septembre.<\/p>\n<p>Les repr\u00e9sentants du minist\u00e8re public ont commenc\u00e9 en remontant le temps. L'un d'eux a pass\u00e9 en revue l'histoire, de la colonisation \u00e0 l'organisation du proc\u00e8s. Un long propos liminaire pour rappeler que ce pays \u00ab\u00a0<em>est une famille<\/em>\u00a0\u00bb, et qu'\u00ab\u00a0<em>aucun Guin\u00e9en n'est sup\u00e9rieur \u00e0 l'autre<\/em>\u00a0\u00bb. D'o\u00f9 la demande d'une p\u00e9riode de s\u00fbret\u00e9 de 30 ans, plus la\u00a0requalification des faits.<\/p>\n<p>Il a plu, ce jour, sur le toit en t\u00f4le du tribunal criminel de Dixinn, le fracas de l\u2019eau sur l\u2019aluminium couvrant l'intervention du minist\u00e8re public, presque inaudible. La salle d'audience \u00e9tait plong\u00e9e dans la torpeur, les gardes p\u00e9nitentiaires somnolant sur leurs fauteuils bleus, tandis que le procureur effectuait un long rappel des faits, insistant sur les contradictions des accus\u00e9s.<\/p>\n<h2>Requalification des faits<\/h2>\n<p>Onze personnes sont accus\u00e9es dans ce proc\u00e8s, dont l\u2019ancien dictateur. Apr\u00e8s le r\u00e9quisitoire, il \u00e9tait pr\u00e9vu que les avocats de la d\u00e9fense puissent s'exprimer. Ils sont une quinzaine. Et puis, ce sera le temps du verdict. La fin du proc\u00e8s du massacre du 28-Septembre au sein du stade de la capitale, Conakry, approche \u00e0 grands pas.<\/p>\n<p>Pour rappel, le 28 septembre 2009,\u00a0au moins 156 personnes avaient \u00e9t\u00e9 tu\u00e9es par balle, au couteau, \u00e0 la machette ou \u00e0 la ba\u00efonnette, et plus d\u2019une centaine de femmes avaient \u00e9t\u00e9 viol\u00e9es, des centaines de personnes \u00e9tant par ailleurs bless\u00e9es, selon le rapport d'une commission d'enqu\u00eate internationale mandat\u00e9e par l'ONU. Les chiffres r\u00e9els sont probablement plus \u00e9lev\u00e9s.<\/p>\n<div class='share-to-whatsapp-wrapper'><div class='share-on-whsp'>PARTAGER SUR : <\/div><a data-text='GUINEE -  Prison \u00e0 perp\u00e9tuit\u00e9 requise contre Moussa Dadis Camara' data-link='https:\/\/www.nettali.com\/2024\/05\/22\/guinee-prison-a-perpetuite-requise-contre-moussa-dadis-camara\/' class='whatsapp-button whatsapp-share'>WhatsApp<\/a><div class='clear '><\/div><\/div>","protected":false},"excerpt":{"rendered":"<p>NETTALI.COM - Au proc\u00e8s historique du massacre du 28 septembre 2009 en Guin\u00e9e, l'une des pages les plus sombres de l'histoire moderne du pays, le procureur a requis la r\u00e9clusion criminelle \u00e0 perp\u00e9tuit\u00e9 contre l'ancien pr\u00e9sident Moussa Dadis Camara et plusieurs autres responsables. Le magistrat Alghassimou Diallo a demand\u00e9 que la peine soit assortie d'une [&hellip;]<\/p>\n","protected":false},"author":4,"featured_media":94683,"comment_status":"open","ping_status":"open","sticky":false,"template":"","format":"standard","meta":{"_et_pb_use_builder":"","_et_pb_old_content":""},"categories":[8],"tags":[],"yoast_head":"<!-- This site is optimized with the Yoast SEO Premium plugin v17.8 (Yoast SEO v17.8) - https:\/\/yoast.com\/wordpress\/plugins\/seo\/ -->\n<title>GUINEE - Prison \u00e0 perp\u00e9tuit\u00e9 requise contre Moussa Dadis Camara | Nettali.com<\/title>\n<meta name=\"robots\" content=\"index, follow, max-snippet:-1, max-image-preview:large, max-video-preview:-1\" \/>\n<link rel=\"canonical\" href=\"https:\/\/www.nettali.com\/2024\/05\/22\/guinee-prison-a-perpetuite-requise-contre-moussa-dadis-camara\/\" \/>\n<meta property=\"og:locale\" content=\"fr_FR\" \/>\n<meta property=\"og:type\" content=\"article\" \/>\n<meta property=\"og:title\" content=\"GUINEE - Prison \u00e0 perp\u00e9tuit\u00e9 requise contre Moussa Dadis Camara\" \/>\n<meta property=\"og:description\" content=\"NETTALI.COM - Au proc\u00e8s historique du massacre du 28 septembre 2009 en Guin\u00e9e, l&#039;une des pages les plus sombres de l&#039;histoire moderne du pays, le procureur a requis la r\u00e9clusion criminelle \u00e0 perp\u00e9tuit\u00e9 contre l&#039;ancien pr\u00e9sident Moussa Dadis Camara et plusieurs autres responsables. Le magistrat Alghassimou Diallo a demand\u00e9 que la peine soit assortie d&#039;une [&hellip;]\" \/>\n<meta property=\"og:url\" content=\"https:\/\/www.nettali.com\/2024\/05\/22\/guinee-prison-a-perpetuite-requise-contre-moussa-dadis-camara\/\" \/>\n<meta property=\"og:site_name\" content=\"Nettali.com\" \/>\n<meta property=\"article:publisher\" content=\"https:\/\/www.facebook.com\/nettalicom\" \/>\n<meta property=\"article:published_time\" content=\"2024-05-22T19:13:16+00:00\" \/>\n<meta property=\"og:image\" content=\"https:\/\/www.nettali.com\/wp-content\/uploads\/2022\/09\/dadiss_camara_.jpeg\" \/>\n\t<meta property=\"og:image:width\" content=\"597\" \/>\n\t<meta property=\"og:image:height\" content=\"463\" \/>\n<meta name=\"twitter:card\" content=\"summary_large_image\" \/>\n<meta name=\"twitter:label1\" content=\"\u00c9crit par\" \/>\n\t<meta name=\"twitter:data1\" content=\"Daouda\" \/>\n\t<meta name=\"twitter:label2\" content=\"Dur\u00e9e de lecture estim\u00e9e\" \/>\n\t<meta name=\"twitter:data2\" content=\"2 minutes\" \/>\n<script type=\"application\/ld+json\" class=\"yoast-schema-graph\">{\"@context\":\"https:\/\/schema.org\",\"@graph\":[{\"@type\":\"WebSite\",\"@id\":\"https:\/\/www.nettali.com\/#website\",\"url\":\"https:\/\/www.nettali.com\/\",\"name\":\"Nettali.com\",\"description\":\"Le rendez-vous critique du Net\",\"potentialAction\":[{\"@type\":\"SearchAction\",\"target\":{\"@type\":\"EntryPoint\",\"urlTemplate\":\"https:\/\/www.nettali.com\/?s={search_term_string}\"},\"query-input\":\"required name=search_term_string\"}],\"inLanguage\":\"fr-FR\"},{\"@type\":\"ImageObject\",\"@id\":\"https:\/\/www.nettali.com\/2024\/05\/22\/guinee-prison-a-perpetuite-requise-contre-moussa-dadis-camara\/#primaryimage\",\"inLanguage\":\"fr-FR\",\"url\":\"https:\/\/www.nettali.com\/wp-content\/uploads\/2022\/09\/dadiss_camara_.jpeg\",\"contentUrl\":\"https:\/\/www.nettali.com\/wp-content\/uploads\/2022\/09\/dadiss_camara_.jpeg\",\"width\":597,\"height\":463},{\"@type\":\"WebPage\",\"@id\":\"https:\/\/www.nettali.com\/2024\/05\/22\/guinee-prison-a-perpetuite-requise-contre-moussa-dadis-camara\/#webpage\",\"url\":\"https:\/\/www.nettali.com\/2024\/05\/22\/guinee-prison-a-perpetuite-requise-contre-moussa-dadis-camara\/\",\"name\":\"GUINEE - Prison \\u00e0 perp\\u00e9tuit\\u00e9 requise contre Moussa Dadis Camara | Nettali.com\",\"isPartOf\":{\"@id\":\"https:\/\/www.nettali.com\/#website\"},\"primaryImageOfPage\":{\"@id\":\"https:\/\/www.nettali.com\/2024\/05\/22\/guinee-prison-a-perpetuite-requise-contre-moussa-dadis-camara\/#primaryimage\"},\"datePublished\":\"2024-05-22T19:13:16+00:00\",\"dateModified\":\"2024-05-22T19:13:16+00:00\",\"author\":{\"@id\":\"https:\/\/www.nettali.com\/#\/schema\/person\/3317e0bb3aa1da309fbf7b2780901bf4\"},\"breadcrumb\":{\"@id\":\"https:\/\/www.nettali.com\/2024\/05\/22\/guinee-prison-a-perpetuite-requise-contre-moussa-dadis-camara\/#breadcrumb\"},\"inLanguage\":\"fr-FR\",\"potentialAction\":[{\"@type\":\"ReadAction\",\"target\":[\"https:\/\/www.nettali.com\/2024\/05\/22\/guinee-prison-a-perpetuite-requise-contre-moussa-dadis-camara\/\"]}]},{\"@type\":\"BreadcrumbList\",\"@id\":\"https:\/\/www.nettali.com\/2024\/05\/22\/guinee-prison-a-perpetuite-requise-contre-moussa-dadis-camara\/#breadcrumb\",\"itemListElement\":[{\"@type\":\"ListItem\",\"position\":1,\"name\":\"Accueil\",\"item\":\"https:\/\/www.nettali.com\/\"},{\"@type\":\"ListItem\",\"position\":2,\"name\":\"GUINEE - Prison \\u00e0 perp\\u00e9tuit\\u00e9 requise contre Moussa Dadis Camara\"}]},{\"@type\":\"Person\",\"@id\":\"https:\/\/www.nettali.com\/#\/schema\/person\/3317e0bb3aa1da309fbf7b2780901bf4\",\"name\":\"Daouda\",\"image\":{\"@type\":\"ImageObject\",\"@id\":\"https:\/\/www.nettali.com\/#personlogo\",\"inLanguage\":\"fr-FR\",\"url\":\"https:\/\/secure.gravatar.com\/avatar\/8d143b5a49345098ddcfee1c49c2f47c?s=96&d=mm&r=g\",\"contentUrl\":\"https:\/\/secure.gravatar.com\/avatar\/8d143b5a49345098ddcfee1c49c2f47c?s=96&d=mm&r=g\",\"caption\":\"Daouda\"},\"sameAs\":[\"https:\/\/www.nettali.com\"]}]}<\/script>\n<!-- \/ Yoast SEO Premium plugin. -->","yoast_head_json":{"title":"GUINEE - Prison \u00e0 perp\u00e9tuit\u00e9 requise contre Moussa Dadis Camara | Nettali.com","robots":{"index":"index","follow":"follow","max-snippet":"max-snippet:-1","max-image-preview":"max-image-preview:large","max-video-preview":"max-video-preview:-1"},"canonical":"https:\/\/www.nettali.com\/2024\/05\/22\/guinee-prison-a-perpetuite-requise-contre-moussa-dadis-camara\/","og_locale":"fr_FR","og_type":"article","og_title":"GUINEE - Prison \u00e0 perp\u00e9tuit\u00e9 requise contre Moussa Dadis Camara","og_description":"NETTALI.COM - Au proc\u00e8s historique du massacre du 28 septembre 2009 en Guin\u00e9e, l'une des pages les plus sombres de l'histoire moderne du pays, le procureur a requis la r\u00e9clusion criminelle \u00e0 perp\u00e9tuit\u00e9 contre l'ancien pr\u00e9sident Moussa Dadis Camara et plusieurs autres responsables. Le magistrat Alghassimou Diallo a demand\u00e9 que la peine soit assortie d'une [&hellip;]","og_url":"https:\/\/www.nettali.com\/2024\/05\/22\/guinee-prison-a-perpetuite-requise-contre-moussa-dadis-camara\/","og_site_name":"Nettali.com","article_publisher":"https:\/\/www.facebook.com\/nettalicom","article_published_time":"2024-05-22T19:13:16+00:00","og_image":[{"width":597,"height":463,"url":"https:\/\/www.nettali.com\/wp-content\/uploads\/2022\/09\/dadiss_camara_.jpeg","type":"image\/jpeg"}],"twitter_card":"summary_large_image","twitter_misc":{"\u00c9crit par":"Daouda","Dur\u00e9e de lecture estim\u00e9e":"2 minutes"},"schema":{"@context":"https:\/\/schema.org","@graph":[{"@type":"WebSite","@id":"https:\/\/www.nettali.com\/#website","url":"https:\/\/www.nettali.com\/","name":"Nettali.com","description":"Le rendez-vous critique du Net","potentialAction":[{"@type":"SearchAction","target":{"@type":"EntryPoint","urlTemplate":"https:\/\/www.nettali.com\/?s={search_term_string}"},"query-input":"required name=search_term_string"}],"inLanguage":"fr-FR"},{"@type":"ImageObject","@id":"https:\/\/www.nettali.com\/2024\/05\/22\/guinee-prison-a-perpetuite-requise-contre-moussa-dadis-camara\/#primaryimage","inLanguage":"fr-FR","url":"https:\/\/www.nettali.com\/wp-content\/uploads\/2022\/09\/dadiss_camara_.jpeg","contentUrl":"https:\/\/www.nettali.com\/wp-content\/uploads\/2022\/09\/dadiss_camara_.jpeg","width":597,"height":463},{"@type":"WebPage","@id":"https:\/\/www.nettali.com\/2024\/05\/22\/guinee-prison-a-perpetuite-requise-contre-moussa-dadis-camara\/#webpage","url":"https:\/\/www.nettali.com\/2024\/05\/22\/guinee-prison-a-perpetuite-requise-contre-moussa-dadis-camara\/","name":"GUINEE - Prison \u00e0 perp\u00e9tuit\u00e9 requise contre Moussa Dadis Camara | Nettali.com","isPartOf":{"@id":"https:\/\/www.nettali.com\/#website"},"primaryImageOfPage":{"@id":"https:\/\/www.nettali.com\/2024\/05\/22\/guinee-prison-a-perpetuite-requise-contre-moussa-dadis-camara\/#primaryimage"},"datePublished":"2024-05-22T19:13:16+00:00","dateModified":"2024-05-22T19:13:16+00:00","author":{"@id":"https:\/\/www.nettali.com\/#\/schema\/person\/3317e0bb3aa1da309fbf7b2780901bf4"},"breadcrumb":{"@id":"https:\/\/www.nettali.com\/2024\/05\/22\/guinee-prison-a-perpetuite-requise-contre-moussa-dadis-camara\/#breadcrumb"},"inLanguage":"fr-FR","potentialAction":[{"@type":"ReadAction","target":["https:\/\/www.nettali.com\/2024\/05\/22\/guinee-prison-a-perpetuite-requise-contre-moussa-dadis-camara\/"]}]},{"@type":"BreadcrumbList","@id":"https:\/\/www.nettali.com\/2024\/05\/22\/guinee-prison-a-perpetuite-requise-contre-moussa-dadis-camara\/#breadcrumb","itemListElement":[{"@type":"ListItem","position":1,"name":"Accueil","item":"https:\/\/www.nettali.com\/"},{"@type":"ListItem","position":2,"name":"GUINEE - Prison \u00e0 perp\u00e9tuit\u00e9 requise contre Moussa Dadis Camara"}]},{"@type":"Person","@id":"https:\/\/www.nettali.com\/#\/schema\/person\/3317e0bb3aa1da309fbf7b2780901bf4","name":"Daouda","image":{"@type":"ImageObject","@id":"https:\/\/www.nettali.com\/#personlogo","inLanguage":"fr-FR","url":"https:\/\/secure.gravatar.com\/avatar\/8d143b5a49345098ddcfee1c49c2f47c?s=96&d=mm&r=g","contentUrl":"https:\/\/secure.gravatar.com\/avatar\/8d143b5a49345098ddcfee1c49c2f47c?s=96&d=mm&r=g","caption":"Daouda"},"sameAs":["https:\/\/www.nettali.com"]}]}},"_links":{"self":[{"href":"https:\/\/www.nettali.com\/rest\/wp\/v2\/posts\/133780"}],"collection":[{"href":"https:\/\/www.nettali.com\/rest\/wp\/v2\/posts"}],"about":[{"href":"https:\/\/www.nettali.com\/rest\/wp\/v2\/types\/post"}],"author":[{"embeddable":true,"href":"https:\/\/www.nettali.com\/rest\/wp\/v2\/users\/4"}],"replies":[{"embeddable":true,"href":"https:\/\/www.nettali.com\/rest\/wp\/v2\/comments?post=133780"}],"version-history":[{"count":1,"href":"https:\/\/www.nettali.com\/rest\/wp\/v2\/posts\/133780\/revisions"}],"predecessor-version":[{"id":133781,"href":"https:\/\/www.nettali.com\/rest\/wp\/v2\/posts\/133780\/revisions\/133781"}],"wp:featuredmedia":[{"embeddable":true,"href":"https:\/\/www.nettali.com\/rest\/wp\/v2\/media\/94683"}],"wp:attachment":[{"href":"https:\/\/www.nettali.com\/rest\/wp\/v2\/media?parent=133780"}],"wp:term":[{"taxonomy":"category","embeddable":true,"href":"https:\/\/www.nettali.com\/rest\/wp\/v2\/categories?post=133780"},{"taxonomy":"post_tag","embeddable":true,"href":"https:\/\/www.nettali.com\/rest\/wp\/v2\/tags?post=133780"}],"curies":[{"name":"wp","href":"https:\/\/api.w.org\/{rel}","templated":true}]}}