{"id":133723,"date":"2024-05-22T08:22:32","date_gmt":"2024-05-22T08:22:32","guid":{"rendered":"https:\/\/www.nettali.com\/?p=133723"},"modified":"2024-05-23T08:30:48","modified_gmt":"2024-05-23T08:30:48","slug":"relations-france-senegal-un-tournant-decisif","status":"publish","type":"post","link":"https:\/\/www.nettali.com\/2024\/05\/22\/relations-france-senegal-un-tournant-decisif\/","title":{"rendered":"RELATIONS FRANCE \/ SE\u0301NE\u0301GAL - Un tournant de\u0301cisif !"},"content":{"rendered":"<div class=\"page\" title=\"Page 3\">\n<div class=\"layoutArea\">\n<div class=\"column\">\n<div class=\"page\" title=\"Page 3\">\n<div class=\"layoutArea\">\n<div class=\"column\">\n<p><strong>NETTALI.COM - En portant au pinacle l\u2019opposant Me\u0301lenchon tout en critiquant avec ve\u0301he\u0301mence le pre\u0301sident de la Re\u0301publique franc\u0327aise Macron, Ousmane Sonko, Premier ministre et chef du parti Patriotes africains du Se\u0301ne\u0301gal pour le travail, l\u2019e\u0301thique et la fraternite\u0301 (Pastef ), marque un tournant majeur dans les relations entre la France et le Se\u0301ne\u0301gal. Cet acte vient apre\u0300s l\u2019annonce de la visite aux pays de l\u2019AES. De\u0301cryptage !<\/strong><\/p>\n<\/div>\n<\/div>\n<\/div>\n<p>Les E\u0301tats n\u2019ont pas d\u2019amis, ils n\u2019ont que des inte\u0301re\u0302ts, disait le ge\u0301ne\u0301ral de Gaulle. Pas plus que les ranc\u0153urs, les ego et les inimitie\u0301s, entre les hommes qui les servent ne sauraient ou ne devraient prendre le dessus sur les inte\u0301re\u0302ts supe\u0301rieurs des nations. Entre la France et le Se\u0301ne\u0301gal, c\u2019est plusieurs de\u0301cennies de coope\u0301ration. Avec des hauts et des bas.<\/p>\n<p>Interpelle\u0301 sur la pertinence des actes pose\u0301s par les nouveaux tenants du re\u0301gime en ce qui concerne les relations bilate\u0301rales avec la France, Thierno Souleymane Diop Niang, spe\u0301cialiste des relations internationales, de\u0301clare : \u201c<em>Je comprends le principe porte\u0301 par Ousmane Sonko, cet e\u0301lan souverainiste qui veut faire une table rase des relations entre la France et le Se\u0301ne\u0301gal, qui veut repenser les rapports entre les deux pays. Mais cela doit e\u0302tre de\u0301battu au plus haut niveau et de manie\u0300re sereine. De toute fac\u0327on, plus rien ne peut e\u0302tre comme avant. Mais il faut que les choses se fassent en toute lucidite\u0301<\/em>.\u201d<\/p>\n<p>Plus rien ne sera donc comme avant. Ousmane Sonko en a donne\u0301 le ton, en recevant avec tous les honneurs Jean-Luc Me\u0301lenchon, en visite au Se\u0301ne\u0301gal du 14 au 18 mai, alors me\u0302me que Dakar fait la fine bouche quant a\u0300 une rencontre avec la France officielle. De l\u2019avis de M. Niang, cette visite peut inspirer une double lecture.<\/p>\n<p>D\u2019une part, sous le prisme politique, avec \u201c<em>deux formations politiques<\/em>\u201d dont les relations amicales ne peuvent e\u0302tre occulte\u0301es. D\u2019autre part, sous le prisme diplomatique, l\u2019acte est aux antipodes des habitudes diplomatiques. \u201c<em>Me\u0302me s\u2019il affirme avoir agi en tant que pre\u0301sident de parti, on est circonspect. D\u2019abord, parce que la politique diplo<\/em><em>matique rele\u0300ve de la compe\u0301tence du chef de l\u2019E\u0301tat. Ensuite, parce qu\u2019on ne peut dissocier le Premier ministre du pre\u0301sident du parti. Je pense que Sonko doit inte\u0301grer le fait que tout ce qu\u2019il dit de\u0301sormais, me\u0302me s\u2019il pre\u0301cise qu\u2019il le fait au nom d\u2019un parti, peut engager le Se\u0301ne\u0301gal, car c\u2019est lui le chef du gouvernement. On aimerait donc avoir une certaine prudence, en tout cas une certaine lucidite\u0301 dans les propos et actes que l\u2019on pose<\/em>\u201d.<\/p>\n<\/div>\n<div class=\"column\">\n<p>Toutefois, pre\u0301cise-t-il, c\u2019est aussi compre\u0301hensible que l\u2019homme politique ait voulu rendre la pareille a\u0300 son homologue qui l\u2019a soutenu dans les moments difficiles qu\u2019il a ve\u0301cus.<\/p>\n<p>Dans tous les cas, l\u2019acte est suffisamment rare pour susciter moult interrogations au Se\u0301ne\u0301gal, en France et au-dela\u0300. Il est vrai, par le passe\u0301, le pre\u0301sident Macky Sall avait rec\u0327u Marine Le Pen, principale rivale d\u2019Emmanuel Macron. Aujourd\u2019hui, c\u2019est le Premier ministre Ousmane Sonko qui rec\u0327oit un autre opposant de Macron, en la personne de M. Me\u0301lenchon. Seulement, alors que Sall avait rec\u0327u la cheffe de file du Rassemblement national au palais de la Re\u0301publique en tant que chef de l\u2019E\u0301tat, Sonko, lui, dit avoir rec\u0327u le leader de La France insoumise non en tant que PM, mais en tant que pre\u0301sident de parti. Si Macky Sall avait agi en re\u0301action a\u0300 l\u2019envoi par l\u2019E\u0301lyse\u0301e d\u2019une e\u0301missaire a\u0300 Sonko alors dans l\u2019opposition, Sonko, lui, ne s\u2019est pas ge\u0302ne\u0301 de de\u0301verser sa bile sur Macron qui, selon lui, est reste\u0301 aphone lors de la perse\u0301cution de son parti par le re\u0301gime de Sall.<\/p>\n<p>N\u2019est-ce pas la\u0300 une contradiction de la part surtout d\u2019un souverainiste ? Thierno Souleymane Diop Niang re\u0301torque : \u201cJ<em>e comprends que l\u2019homme puisse trainer une certaine frustration, d\u2019autant plus que la France s\u2019est souvent pre\u0301sente\u0301e en donneur de lec\u0327ons sur ce plan. Mais en me\u0302me <\/em><em>temps, cela peut effectivement sembler e\u0302tre en contradiction avec le discours qu\u2019il porte. Nous ne devons pas encourager ces injonctions occidentales, en particulier de la France, dans les affaires internes de nos pays. Le maitre mot, a\u0300 mon avis, revenait au peuple se\u0301ne\u0301galais qui, souverainement, a tranche\u0301 le 24 mars, en de\u0301cidant de confier ses destine\u0301es au nouveau re\u0301gime. Ce peuple a montre\u0301 qu\u2019il est inde\u0301pendant et que c\u2019est lui qui doit de\u0301cider de son devenir. Nos hommes politiques doivent s\u2019en convaincre. Je pense que c\u2019est un quiproquo a\u0300 lever pour une dynamique plus lucide, plus cohe\u0301rente dans la communication.<\/em>\u201d<\/p>\n<\/div>\n<div class=\"column\">\n<p><strong>\u201cLes deux pays sont condamne\u0301s, selon de nombreux experts, a\u0300 collaborer\u201d<\/strong><\/p>\n<p>Du Be\u0301nin, l\u2019expert en communication strate\u0301gique et politique, Re\u0301gis Hounkpe\u0301, a suivi de pre\u0300s cette visite tre\u0300s me\u0301diatise\u0301e. Pour lui, c\u2019est avant tout une rencontre politique et il faudrait le prendre comme tel. \u201cI<em>l faut pluto\u0302t conside\u0301rer que cette rencontre ultra-me\u0301diatise\u0301e au Se\u0301ne\u0301gal est celle de deux leaders politiques, dirigeants de partis politiques de la gauche radicale. Et vu comme cela, c'est davantage politique que diplomatique<\/em>\u201d, souligne Hounkpe\u0301 qui ajoute : \u201c<em>Cette rencontre est aussi asyme\u0301trique, si nous conside\u0301rons qu'un nouveau Premier ministre rencontre une personnalite\u0301 politique d'un autre pays qui d'ailleurs n'a plus de mandat e\u0301lectif en France, mais demeure un dirigeant politique de tout premier plan.<\/em>\u201d<\/p>\n<p>Alors qu\u2019Ousmane Sonko plaide, selon lui, \u201c<em>pour une relation e\u0301quilibre\u0301e, faite de respect et d'accords gagnant-gagnant avec une capacite\u0301 d'action pragmatique en tant que Premier ministre\u201d, le leader de la LFI \u201cest davantage dans les grands principes et la the\u0301orie, ne disposant pas de levier politique tangible pour renverser la table des relations franco- africaines<\/em>\u201d.<\/p>\n<p>Par ailleurs, insiste-t-il, me\u0302me si la rencontre est e\u0301minemment politique, les effets qu\u2019elle peut engendrer peuvent aller au-dela\u0300 de la sphe\u0300re poli- tique. \u201c<em>Les re\u0301sultats me\u0301diatiques re\u0301sonneront comme un pied de nez a\u0300 la politique franc\u0327aise au Se\u0301ne\u0301gal et en Afrique<\/em>\u201d, fait remarquer le spe\u0301cia- liste de la communication politique et de la ge\u0301opolitique.<\/p>\n<p>Malgre\u0301 les tensions ambiantes, nonobstant les divergences sur des sujets majeurs comme l\u2019implantation des bases militaires, le franc CFA, entre autres, les deux pays sont condamne\u0301s, selon de nombreux experts, a\u0300 collaborer. C\u2019est que, d\u2019apre\u0300s Thierno Souleymane Diop Niang, on subit sa ge\u0301ographie autant qu\u2019on subit son passe\u0301. \u201c<em>Ce passe\u0301 <\/em><em>entre la France et le Se\u0301ne\u0301gal a e\u0301te\u0301 teinte\u0301 de violence symbolique, avec notamment la traite ne\u0301grie\u0300re, la colo- nisation et aujourd\u2019hui on parle du ne\u0301ocolonialisme. Sans parler des maladresses qui perlent de la voix des autorite\u0301s franc\u0327aises dans leur politique africaine, en particulier dans les pays du Sahel<\/em>\u201d.<\/p>\n<\/div>\n<div class=\"column\">\n<p><strong>Diplomatie classique vs diplomatie souterraine<\/strong><\/p>\n<p>Avant Me\u0301lenchon, Sonko avait de\u0301ja\u0300 e\u0301voque\u0301 la possibilite\u0301 d\u2019une visite dans les pays de l\u2019AES, en bisbille avec la Communaute\u0301 e\u0301conomique des E\u0301tats de l\u2019Afrique de l\u2019Ouest (CEDEAO). La\u0300 e\u0301galement, les actes semblent antinomiques avec ceux pose\u0301s par le pre\u0301sident de la Re\u0301publique Bassirou Diomaye Diakhar Faye. A\u0300 l\u2019e\u0301poque e\u0301galement, Sonko a tenu a\u0300 souligner qu\u2019il agissait en tant que pre\u0301sident de parti. Pourquoi ce besoin permanent, a\u0300 chaque fois qu\u2019il s\u2019agit de poser de tels actes, de pre\u0301ciser que c\u2019est en tant que chef de parti ? Est-ce a\u0300 dire que l\u2019E\u0301tat ne se reconnait pas dans les actes ainsi pose\u0301s ? Est-ce simplement une strate\u0301gie concerte\u0301e entre les deux personnalite\u0301s au sommet de l\u2019E\u0301tat ?<\/p>\n<p>Thierno Niang attend d\u2019y voir plus clair. \u201c<em>Certains pre\u0301tendent qu\u2019il y a une strate\u0301gie murement pense\u0301e par le duo. A\u0300 Diomaye la diplomatie classique. A\u0300 Sonko la diplomatie souterraine. J\u2019attends de voir ce que c\u0327a va donner. Ce qui est su\u0302r, c\u2019est que nous avons une tradition diplomatique qui nous place sur la page internationale et universelle, qui fait que le Se\u0301ne\u0301gal, sur des dossiers majeurs, a jusque-la\u0300 une voix qui compte, porte\u0301e par des diplomates chevronne\u0301s. <\/em><em>Je pense qu\u2019on ne va pas s\u2019en e\u0301loigner. Me\u0302me si dans les rapports avec l\u2019ancienne puissance coloniale, il est e\u0301vident que les choses sont a\u0300 revoir<\/em>\u201d.<\/p>\n<\/div>\n<div class=\"column\">\n<p>Une chose est certaine, s\u2019accordent a\u0300 dire nos interlocuteurs, la de\u0301finition de la politique diplomatique appartient de manie\u0300re exclusive au pre\u0301sident de la Re\u0301publique, non au Premier ministre. Tout comme il est certain que les inte\u0301re\u0302ts communs dictent la poursuite des rapports entre la France et le Se\u0301ne\u0301gal. Telle est la conviction de M. Niang. \u201c<em>D\u2019abord, nous avons des peuples imbrique\u0301s, avec de nombreux Se\u0301ne\u0301galais en France et vice-versa. Nous avons aussi des inte\u0301re\u0302ts e\u0301conomiques, politiques, se\u0301curitaires communs. Les relations vont donc continuer, mais elles ne peuvent plus se faire sous la me\u0302me forme, avec une France qui donne des injonctions. La collaboration doit se faire dans une dynamique win-win et c\u2019est comme c\u0327a que je comprends certains actes qui ont e\u0301te\u0301 pose\u0301s<\/em>\u201d.<\/p>\n<p>Dans les jours a\u0300 venir, insiste l\u2019auteur de \u201c<em>Le Sahel, e\u0301picentre ge\u0301opolitique<\/em>\u201d, les deux chefs d\u2019E\u0301tat vont certainement se rencontrer pour discuter des relations bilate\u0301rales. Aussi, pre\u0302che-t-il, \u201c<em>les menaces qui empoignent l\u2019humanite\u0301 : la criminalite\u0301 organise\u0301e, le radicalisme et me\u0302me les questions climatiques n\u2019ont pas de nationalite\u0301. Elles transcendent toutes les ge\u0301ographies, les E\u0301tats. Sous ce rapport e\u0301galement, nous sommes amene\u0301s a\u0300 collaborer, a\u0300 e\u0301changer sur des questions cruciales qui touchent nos pays. Il faut donc continuer a\u0300 se parler de manie\u0300re lucide, dans le respect mutuel, sans injonction d\u2019aucune des parties<\/em>\u201d<\/p>\n<p>EnQu\u00eate<\/p>\n<\/div>\n<\/div>\n<\/div>\n<div class='share-to-whatsapp-wrapper'><div class='share-on-whsp'>PARTAGER SUR : <\/div><a data-text='RELATIONS FRANCE \/ SE\u0301NE\u0301GAL - Un tournant de\u0301cisif !' data-link='https:\/\/www.nettali.com\/2024\/05\/22\/relations-france-senegal-un-tournant-decisif\/' class='whatsapp-button whatsapp-share'>WhatsApp<\/a><div class='clear '><\/div><\/div>","protected":false},"excerpt":{"rendered":"<p>NETTALI.COM - En portant au pinacle l\u2019opposant Me\u0301lenchon tout en critiquant avec ve\u0301he\u0301mence le pre\u0301sident de la Re\u0301publique franc\u0327aise Macron, Ousmane Sonko, Premier ministre et chef du parti Patriotes africains du Se\u0301ne\u0301gal pour le travail, l\u2019e\u0301thique et la fraternite\u0301 (Pastef ), marque un tournant majeur dans les relations entre la France et le Se\u0301ne\u0301gal. Cet [&hellip;]<\/p>\n","protected":false},"author":2,"featured_media":133741,"comment_status":"open","ping_status":"open","sticky":false,"template":"","format":"standard","meta":{"_et_pb_use_builder":"","_et_pb_old_content":""},"categories":[2],"tags":[],"yoast_head":"<!-- This site is optimized with the Yoast SEO Premium plugin v17.8 (Yoast SEO v17.8) - https:\/\/yoast.com\/wordpress\/plugins\/seo\/ -->\n<title>RELATIONS FRANCE \/ SE\u0301NE\u0301GAL - Un tournant de\u0301cisif ! | Nettali.com<\/title>\n<meta name=\"robots\" content=\"index, follow, max-snippet:-1, max-image-preview:large, max-video-preview:-1\" \/>\n<link rel=\"canonical\" href=\"https:\/\/www.nettali.com\/2024\/05\/22\/relations-france-senegal-un-tournant-decisif\/\" \/>\n<meta property=\"og:locale\" content=\"fr_FR\" \/>\n<meta property=\"og:type\" content=\"article\" \/>\n<meta property=\"og:title\" content=\"RELATIONS FRANCE \/ SE\u0301NE\u0301GAL - Un tournant de\u0301cisif !\" \/>\n<meta property=\"og:description\" content=\"NETTALI.COM - En portant au pinacle l\u2019opposant Me\u0301lenchon tout en critiquant avec ve\u0301he\u0301mence le pre\u0301sident de la Re\u0301publique franc\u0327aise Macron, Ousmane Sonko, Premier ministre et chef du parti Patriotes africains du Se\u0301ne\u0301gal pour le travail, l\u2019e\u0301thique et la fraternite\u0301 (Pastef ), marque un tournant majeur dans les relations entre la France et le Se\u0301ne\u0301gal. Cet [&hellip;]\" \/>\n<meta property=\"og:url\" content=\"https:\/\/www.nettali.com\/2024\/05\/22\/relations-france-senegal-un-tournant-decisif\/\" \/>\n<meta property=\"og:site_name\" content=\"Nettali.com\" \/>\n<meta property=\"article:publisher\" content=\"https:\/\/www.facebook.com\/nettalicom\" \/>\n<meta property=\"article:published_time\" content=\"2024-05-22T08:22:32+00:00\" \/>\n<meta property=\"article:modified_time\" content=\"2024-05-23T08:30:48+00:00\" \/>\n<meta property=\"og:image\" content=\"https:\/\/www.nettali.com\/wp-content\/uploads\/2024\/05\/bdf-macron.jpg\" \/>\n\t<meta property=\"og:image:width\" content=\"1280\" \/>\n\t<meta property=\"og:image:height\" content=\"600\" \/>\n<meta name=\"twitter:card\" content=\"summary_large_image\" \/>\n<meta name=\"twitter:label1\" content=\"\u00c9crit par\" \/>\n\t<meta name=\"twitter:data1\" content=\"CK\" \/>\n\t<meta name=\"twitter:label2\" content=\"Dur\u00e9e de lecture estim\u00e9e\" \/>\n\t<meta name=\"twitter:data2\" content=\"8 minutes\" \/>\n<script type=\"application\/ld+json\" class=\"yoast-schema-graph\">{\"@context\":\"https:\/\/schema.org\",\"@graph\":[{\"@type\":\"WebSite\",\"@id\":\"https:\/\/www.nettali.com\/#website\",\"url\":\"https:\/\/www.nettali.com\/\",\"name\":\"Nettali.com\",\"description\":\"Le rendez-vous critique du Net\",\"potentialAction\":[{\"@type\":\"SearchAction\",\"target\":{\"@type\":\"EntryPoint\",\"urlTemplate\":\"https:\/\/www.nettali.com\/?s={search_term_string}\"},\"query-input\":\"required name=search_term_string\"}],\"inLanguage\":\"fr-FR\"},{\"@type\":\"ImageObject\",\"@id\":\"https:\/\/www.nettali.com\/2024\/05\/22\/relations-france-senegal-un-tournant-decisif\/#primaryimage\",\"inLanguage\":\"fr-FR\",\"url\":\"https:\/\/www.nettali.com\/wp-content\/uploads\/2024\/05\/bdf-macron.jpg\",\"contentUrl\":\"https:\/\/www.nettali.com\/wp-content\/uploads\/2024\/05\/bdf-macron.jpg\",\"width\":1280,\"height\":600},{\"@type\":\"WebPage\",\"@id\":\"https:\/\/www.nettali.com\/2024\/05\/22\/relations-france-senegal-un-tournant-decisif\/#webpage\",\"url\":\"https:\/\/www.nettali.com\/2024\/05\/22\/relations-france-senegal-un-tournant-decisif\/\",\"name\":\"RELATIONS FRANCE \/ SE\\u0301NE\\u0301GAL - Un tournant de\\u0301cisif ! | Nettali.com\",\"isPartOf\":{\"@id\":\"https:\/\/www.nettali.com\/#website\"},\"primaryImageOfPage\":{\"@id\":\"https:\/\/www.nettali.com\/2024\/05\/22\/relations-france-senegal-un-tournant-decisif\/#primaryimage\"},\"datePublished\":\"2024-05-22T08:22:32+00:00\",\"dateModified\":\"2024-05-23T08:30:48+00:00\",\"author\":{\"@id\":\"https:\/\/www.nettali.com\/#\/schema\/person\/d8ac7b7e27ddad43f1c0d2ef090d7f71\"},\"breadcrumb\":{\"@id\":\"https:\/\/www.nettali.com\/2024\/05\/22\/relations-france-senegal-un-tournant-decisif\/#breadcrumb\"},\"inLanguage\":\"fr-FR\",\"potentialAction\":[{\"@type\":\"ReadAction\",\"target\":[\"https:\/\/www.nettali.com\/2024\/05\/22\/relations-france-senegal-un-tournant-decisif\/\"]}]},{\"@type\":\"BreadcrumbList\",\"@id\":\"https:\/\/www.nettali.com\/2024\/05\/22\/relations-france-senegal-un-tournant-decisif\/#breadcrumb\",\"itemListElement\":[{\"@type\":\"ListItem\",\"position\":1,\"name\":\"Accueil\",\"item\":\"https:\/\/www.nettali.com\/\"},{\"@type\":\"ListItem\",\"position\":2,\"name\":\"RELATIONS FRANCE \/ SE\\u0301NE\\u0301GAL - Un tournant de\\u0301cisif !\"}]},{\"@type\":\"Person\",\"@id\":\"https:\/\/www.nettali.com\/#\/schema\/person\/d8ac7b7e27ddad43f1c0d2ef090d7f71\",\"name\":\"CK\",\"image\":{\"@type\":\"ImageObject\",\"@id\":\"https:\/\/www.nettali.com\/#personlogo\",\"inLanguage\":\"fr-FR\",\"url\":\"https:\/\/secure.gravatar.com\/avatar\/1d8d5118b9327d94da7cd4ce7f17fec2?s=96&d=mm&r=g\",\"contentUrl\":\"https:\/\/secure.gravatar.com\/avatar\/1d8d5118b9327d94da7cd4ce7f17fec2?s=96&d=mm&r=g\",\"caption\":\"CK\"},\"sameAs\":[\"https:\/\/www.nettali.com\"]}]}<\/script>\n<!-- \/ Yoast SEO Premium plugin. -->","yoast_head_json":{"title":"RELATIONS FRANCE \/ SE\u0301NE\u0301GAL - Un tournant de\u0301cisif ! | Nettali.com","robots":{"index":"index","follow":"follow","max-snippet":"max-snippet:-1","max-image-preview":"max-image-preview:large","max-video-preview":"max-video-preview:-1"},"canonical":"https:\/\/www.nettali.com\/2024\/05\/22\/relations-france-senegal-un-tournant-decisif\/","og_locale":"fr_FR","og_type":"article","og_title":"RELATIONS FRANCE \/ SE\u0301NE\u0301GAL - Un tournant de\u0301cisif !","og_description":"NETTALI.COM - En portant au pinacle l\u2019opposant Me\u0301lenchon tout en critiquant avec ve\u0301he\u0301mence le pre\u0301sident de la Re\u0301publique franc\u0327aise Macron, Ousmane Sonko, Premier ministre et chef du parti Patriotes africains du Se\u0301ne\u0301gal pour le travail, l\u2019e\u0301thique et la fraternite\u0301 (Pastef ), marque un tournant majeur dans les relations entre la France et le Se\u0301ne\u0301gal. Cet [&hellip;]","og_url":"https:\/\/www.nettali.com\/2024\/05\/22\/relations-france-senegal-un-tournant-decisif\/","og_site_name":"Nettali.com","article_publisher":"https:\/\/www.facebook.com\/nettalicom","article_published_time":"2024-05-22T08:22:32+00:00","article_modified_time":"2024-05-23T08:30:48+00:00","og_image":[{"width":1280,"height":600,"url":"https:\/\/www.nettali.com\/wp-content\/uploads\/2024\/05\/bdf-macron.jpg","type":"image\/jpeg"}],"twitter_card":"summary_large_image","twitter_misc":{"\u00c9crit par":"CK","Dur\u00e9e de lecture estim\u00e9e":"8 minutes"},"schema":{"@context":"https:\/\/schema.org","@graph":[{"@type":"WebSite","@id":"https:\/\/www.nettali.com\/#website","url":"https:\/\/www.nettali.com\/","name":"Nettali.com","description":"Le rendez-vous critique du Net","potentialAction":[{"@type":"SearchAction","target":{"@type":"EntryPoint","urlTemplate":"https:\/\/www.nettali.com\/?s={search_term_string}"},"query-input":"required name=search_term_string"}],"inLanguage":"fr-FR"},{"@type":"ImageObject","@id":"https:\/\/www.nettali.com\/2024\/05\/22\/relations-france-senegal-un-tournant-decisif\/#primaryimage","inLanguage":"fr-FR","url":"https:\/\/www.nettali.com\/wp-content\/uploads\/2024\/05\/bdf-macron.jpg","contentUrl":"https:\/\/www.nettali.com\/wp-content\/uploads\/2024\/05\/bdf-macron.jpg","width":1280,"height":600},{"@type":"WebPage","@id":"https:\/\/www.nettali.com\/2024\/05\/22\/relations-france-senegal-un-tournant-decisif\/#webpage","url":"https:\/\/www.nettali.com\/2024\/05\/22\/relations-france-senegal-un-tournant-decisif\/","name":"RELATIONS FRANCE \/ SE\u0301NE\u0301GAL - Un tournant de\u0301cisif ! | Nettali.com","isPartOf":{"@id":"https:\/\/www.nettali.com\/#website"},"primaryImageOfPage":{"@id":"https:\/\/www.nettali.com\/2024\/05\/22\/relations-france-senegal-un-tournant-decisif\/#primaryimage"},"datePublished":"2024-05-22T08:22:32+00:00","dateModified":"2024-05-23T08:30:48+00:00","author":{"@id":"https:\/\/www.nettali.com\/#\/schema\/person\/d8ac7b7e27ddad43f1c0d2ef090d7f71"},"breadcrumb":{"@id":"https:\/\/www.nettali.com\/2024\/05\/22\/relations-france-senegal-un-tournant-decisif\/#breadcrumb"},"inLanguage":"fr-FR","potentialAction":[{"@type":"ReadAction","target":["https:\/\/www.nettali.com\/2024\/05\/22\/relations-france-senegal-un-tournant-decisif\/"]}]},{"@type":"BreadcrumbList","@id":"https:\/\/www.nettali.com\/2024\/05\/22\/relations-france-senegal-un-tournant-decisif\/#breadcrumb","itemListElement":[{"@type":"ListItem","position":1,"name":"Accueil","item":"https:\/\/www.nettali.com\/"},{"@type":"ListItem","position":2,"name":"RELATIONS FRANCE \/ SE\u0301NE\u0301GAL - Un tournant de\u0301cisif !"}]},{"@type":"Person","@id":"https:\/\/www.nettali.com\/#\/schema\/person\/d8ac7b7e27ddad43f1c0d2ef090d7f71","name":"CK","image":{"@type":"ImageObject","@id":"https:\/\/www.nettali.com\/#personlogo","inLanguage":"fr-FR","url":"https:\/\/secure.gravatar.com\/avatar\/1d8d5118b9327d94da7cd4ce7f17fec2?s=96&d=mm&r=g","contentUrl":"https:\/\/secure.gravatar.com\/avatar\/1d8d5118b9327d94da7cd4ce7f17fec2?s=96&d=mm&r=g","caption":"CK"},"sameAs":["https:\/\/www.nettali.com"]}]}},"_links":{"self":[{"href":"https:\/\/www.nettali.com\/rest\/wp\/v2\/posts\/133723"}],"collection":[{"href":"https:\/\/www.nettali.com\/rest\/wp\/v2\/posts"}],"about":[{"href":"https:\/\/www.nettali.com\/rest\/wp\/v2\/types\/post"}],"author":[{"embeddable":true,"href":"https:\/\/www.nettali.com\/rest\/wp\/v2\/users\/2"}],"replies":[{"embeddable":true,"href":"https:\/\/www.nettali.com\/rest\/wp\/v2\/comments?post=133723"}],"version-history":[{"count":1,"href":"https:\/\/www.nettali.com\/rest\/wp\/v2\/posts\/133723\/revisions"}],"predecessor-version":[{"id":133728,"href":"https:\/\/www.nettali.com\/rest\/wp\/v2\/posts\/133723\/revisions\/133728"}],"wp:featuredmedia":[{"embeddable":true,"href":"https:\/\/www.nettali.com\/rest\/wp\/v2\/media\/133741"}],"wp:attachment":[{"href":"https:\/\/www.nettali.com\/rest\/wp\/v2\/media?parent=133723"}],"wp:term":[{"taxonomy":"category","embeddable":true,"href":"https:\/\/www.nettali.com\/rest\/wp\/v2\/categories?post=133723"},{"taxonomy":"post_tag","embeddable":true,"href":"https:\/\/www.nettali.com\/rest\/wp\/v2\/tags?post=133723"}],"curies":[{"name":"wp","href":"https:\/\/api.w.org\/{rel}","templated":true}]}}