{"id":133696,"date":"2024-05-21T14:39:10","date_gmt":"2024-05-21T14:39:10","guid":{"rendered":"https:\/\/www.nettali.com\/?p=133696"},"modified":"2024-05-21T14:39:10","modified_gmt":"2024-05-21T14:39:10","slug":"officiel-toni-kroos-annonce-sa-retraite","status":"publish","type":"post","link":"https:\/\/www.nettali.com\/2024\/05\/21\/officiel-toni-kroos-annonce-sa-retraite\/","title":{"rendered":"OFFICIEL - Toni Kroos annonce sa retraite"},"content":{"rendered":"<p><strong>NETTALI.COM - Une nouvelle retentissante a secou\u00e9 le monde du football ce mardi 21 mai. Toni Kroos, 34 ans, qui r\u00e9alise une saison exceptionnelle avec le Real Madrid, a annonc\u00e9 ce mardi 21 mai qu\u2019il prendrait sa retraite \u00e0 l\u2019issue de la saison.<\/strong><\/p>\n<p>Coup de th\u00e9\u00e2tre au Real Madrid ! Alors que la fin de la saison se profile, les observateurs se r\u00e9jouissaient du retour du milieu de terrain de 34 ans en s\u00e9lection nationale. Jouer l\u2019Euro 2024 organis\u00e9 en Allemagne, le dernier d\u00e9fi de Kroos avec la Nationalmannschaft est beau.<\/p>\n<p>Avant cela,Toni Kroos jouera avec le Real Madrid contre le Real Betis ce samedi, puis contre le Borussia Dortmund le 1er juin en finale de la Ligue des Champions, o\u00f9 il pourrait remporter sa sixi\u00e8me Ligue des Champions, la cinqui\u00e8me avec le Real.<\/p>\n<p>Apr\u00e8s cette finale, Kroos participera \u00e0 l\u2019Euro 2024 avec l\u2019\u00e9quipe nationale allemande, figurant dans la liste de Julian Nagelsmann. Ce tournoi international marquera son ultime participation en tant que joueur professionnel.<\/p>\n<p>\"<em>Le Real Madrid C. F. annonce que Toni Kroos a d\u00e9cid\u00e9 de mettre fin \u00e0 sa carri\u00e8re de joueur de football professionnel apr\u00e8s l\u2019Euro 2024. Le Real Madrid souhaite exprimer sa gratitude et son affection \u00e0 Toni Kroos, un joueur qui fait d\u00e9j\u00e0 partie de l\u2019histoire du Real Madrid et qui est l\u2019une des grandes l\u00e9gendes de notre club et du football mondial<\/em>\", indique le communiqu\u00e9 officiel publi\u00e9 sur le site du Real Madrid. Une information confirm\u00e9e par le principal int\u00e9ress\u00e9 sur son compte Instagram. Le milieu de terrain qui a tout gagn\u00e9 sauf l'Euro a partag\u00e9 cette nouvelle avec beaucoup d\u2019\u00e9motions.<\/p>\n<p>\"<em>17 juillet 2014, le jour de ma pr\u00e9sentation au Real Madrid, le jour qui a chang\u00e9 ma vie. Ma vie de footballeur mais surtout en tant que personne. C\u2019\u00e9tait le d\u00e9but d\u2019un nouveau chapitre dans le plus grand club du monde. Apr\u00e8s 10 ans, \u00e0 la fin de la saison, ce chapitre touche \u00e0 sa fin. Je n\u2019oublierai jamais cette p\u00e9riode insolente et r\u00e9ussie<\/em> !\", annonc\u00e9 le champion du monde 2014.<br \/>\n\"<em>Je tiens particuli\u00e8rement \u00e0 remercier toutes les personnes qui m\u2019ont accueilli \u00e0 c\u0153ur ouvert et qui m\u2019ont fait confiance. Mais je voudrais surtout vous remercier, chers madril\u00e8nes, pour votre affection et votre amour du premier au dernier jour. En m\u00eame temps, cette d\u00e9cision signifie que ma carri\u00e8re de footballeur actif prendra fin cet \u00e9t\u00e9 apr\u00e8s l\u2019Euro. Comme je l\u2019ai toujours dit : le Real Madrid est et sera mon dernier club. Je suis heureux et fier d\u2019avoir trouv\u00e9 dans mon esprit le bon moment pour prendre ma d\u00e9cision et d\u2019avoir pu le choisir moi-m\u00eame. Mon ambition a toujours \u00e9t\u00e9 de terminer ma carri\u00e8re au sommet de mon niveau de performance. D\u00e9sormais, il n\u2019y a qu\u2019une seule pens\u00e9e directrice : a por la 15 !!! HALA MADRID ET NADA MAS<\/em>!\", a-t-il conclu.<\/p>\n<p>Le samedi 1er juin, Toni Kroos disputera donc son tout dernier match avec la Casa Blanca. Comme un symbole, ce sera une cinqui\u00e8me finale de Ligue des Champions avec les Merengues (apr\u00e8s 2016, 2017, 2018, 2022), la sixi\u00e8me de sa carri\u00e8re (2013 avec le Bayern Munich). Arriv\u00e9 \u00e0 Madrid en 2014, l\u2019international allemand r\u00eave sans doute de faire ses adieux au ballon rond avec une C1 et un Euro en poche. Deux troph\u00e9es potentiels qui viendraient garnir son armoire \u00e0 troph\u00e9es o\u00f9 figurent, entre autres, 3 Bundesligas, 4 Ligas, 5 Ligues des Champions, 6 Coupes du Monde des Clubs et 5 Supercoupes de l\u2019UEFA. Tout simplement extraordinaire.<\/p>\n<div class='share-to-whatsapp-wrapper'><div class='share-on-whsp'>PARTAGER SUR : <\/div><a data-text='OFFICIEL - Toni Kroos annonce sa retraite' data-link='https:\/\/www.nettali.com\/2024\/05\/21\/officiel-toni-kroos-annonce-sa-retraite\/' class='whatsapp-button whatsapp-share'>WhatsApp<\/a><div class='clear '><\/div><\/div>","protected":false},"excerpt":{"rendered":"<p>NETTALI.COM - Une nouvelle retentissante a secou\u00e9 le monde du football ce mardi 21 mai. Toni Kroos, 34 ans, qui r\u00e9alise une saison exceptionnelle avec le Real Madrid, a annonc\u00e9 ce mardi 21 mai qu\u2019il prendrait sa retraite \u00e0 l\u2019issue de la saison. Coup de th\u00e9\u00e2tre au Real Madrid ! Alors que la fin de [&hellip;]<\/p>\n","protected":false},"author":5,"featured_media":133697,"comment_status":"open","ping_status":"open","sticky":false,"template":"","format":"standard","meta":{"_et_pb_use_builder":"","_et_pb_old_content":""},"categories":[6],"tags":[],"yoast_head":"<!-- This site is optimized with the Yoast SEO Premium plugin v17.8 (Yoast SEO v17.8) - https:\/\/yoast.com\/wordpress\/plugins\/seo\/ -->\n<title>OFFICIEL - Toni Kroos annonce sa retraite | Nettali.com<\/title>\n<meta name=\"robots\" content=\"index, follow, max-snippet:-1, max-image-preview:large, max-video-preview:-1\" \/>\n<link rel=\"canonical\" href=\"https:\/\/www.nettali.com\/2024\/05\/21\/officiel-toni-kroos-annonce-sa-retraite\/\" \/>\n<meta property=\"og:locale\" content=\"fr_FR\" \/>\n<meta property=\"og:type\" content=\"article\" \/>\n<meta property=\"og:title\" content=\"OFFICIEL - Toni Kroos annonce sa retraite\" \/>\n<meta property=\"og:description\" content=\"NETTALI.COM - Une nouvelle retentissante a secou\u00e9 le monde du football ce mardi 21 mai. Toni Kroos, 34 ans, qui r\u00e9alise une saison exceptionnelle avec le Real Madrid, a annonc\u00e9 ce mardi 21 mai qu\u2019il prendrait sa retraite \u00e0 l\u2019issue de la saison. Coup de th\u00e9\u00e2tre au Real Madrid ! Alors que la fin de [&hellip;]\" \/>\n<meta property=\"og:url\" content=\"https:\/\/www.nettali.com\/2024\/05\/21\/officiel-toni-kroos-annonce-sa-retraite\/\" \/>\n<meta property=\"og:site_name\" content=\"Nettali.com\" \/>\n<meta property=\"article:publisher\" content=\"https:\/\/www.facebook.com\/nettalicom\" \/>\n<meta property=\"article:published_time\" content=\"2024-05-21T14:39:10+00:00\" \/>\n<meta property=\"og:image\" content=\"https:\/\/www.nettali.com\/wp-content\/uploads\/2024\/05\/18047186.jpeg\" \/>\n\t<meta property=\"og:image:width\" content=\"864\" \/>\n\t<meta property=\"og:image:height\" content=\"486\" \/>\n<meta name=\"twitter:card\" content=\"summary_large_image\" \/>\n<meta name=\"twitter:label1\" content=\"\u00c9crit par\" \/>\n\t<meta name=\"twitter:data1\" content=\"Ibrahima\" \/>\n\t<meta name=\"twitter:label2\" content=\"Dur\u00e9e de lecture estim\u00e9e\" \/>\n\t<meta name=\"twitter:data2\" content=\"3 minutes\" \/>\n<script type=\"application\/ld+json\" class=\"yoast-schema-graph\">{\"@context\":\"https:\/\/schema.org\",\"@graph\":[{\"@type\":\"WebSite\",\"@id\":\"https:\/\/www.nettali.com\/#website\",\"url\":\"https:\/\/www.nettali.com\/\",\"name\":\"Nettali.com\",\"description\":\"Le rendez-vous critique du Net\",\"potentialAction\":[{\"@type\":\"SearchAction\",\"target\":{\"@type\":\"EntryPoint\",\"urlTemplate\":\"https:\/\/www.nettali.com\/?s={search_term_string}\"},\"query-input\":\"required name=search_term_string\"}],\"inLanguage\":\"fr-FR\"},{\"@type\":\"ImageObject\",\"@id\":\"https:\/\/www.nettali.com\/2024\/05\/21\/officiel-toni-kroos-annonce-sa-retraite\/#primaryimage\",\"inLanguage\":\"fr-FR\",\"url\":\"https:\/\/www.nettali.com\/wp-content\/uploads\/2024\/05\/18047186.jpeg\",\"contentUrl\":\"https:\/\/www.nettali.com\/wp-content\/uploads\/2024\/05\/18047186.jpeg\",\"width\":864,\"height\":486},{\"@type\":\"WebPage\",\"@id\":\"https:\/\/www.nettali.com\/2024\/05\/21\/officiel-toni-kroos-annonce-sa-retraite\/#webpage\",\"url\":\"https:\/\/www.nettali.com\/2024\/05\/21\/officiel-toni-kroos-annonce-sa-retraite\/\",\"name\":\"OFFICIEL - Toni Kroos annonce sa retraite | Nettali.com\",\"isPartOf\":{\"@id\":\"https:\/\/www.nettali.com\/#website\"},\"primaryImageOfPage\":{\"@id\":\"https:\/\/www.nettali.com\/2024\/05\/21\/officiel-toni-kroos-annonce-sa-retraite\/#primaryimage\"},\"datePublished\":\"2024-05-21T14:39:10+00:00\",\"dateModified\":\"2024-05-21T14:39:10+00:00\",\"author\":{\"@id\":\"https:\/\/www.nettali.com\/#\/schema\/person\/bb147657c2986240405a608162b9bb23\"},\"breadcrumb\":{\"@id\":\"https:\/\/www.nettali.com\/2024\/05\/21\/officiel-toni-kroos-annonce-sa-retraite\/#breadcrumb\"},\"inLanguage\":\"fr-FR\",\"potentialAction\":[{\"@type\":\"ReadAction\",\"target\":[\"https:\/\/www.nettali.com\/2024\/05\/21\/officiel-toni-kroos-annonce-sa-retraite\/\"]}]},{\"@type\":\"BreadcrumbList\",\"@id\":\"https:\/\/www.nettali.com\/2024\/05\/21\/officiel-toni-kroos-annonce-sa-retraite\/#breadcrumb\",\"itemListElement\":[{\"@type\":\"ListItem\",\"position\":1,\"name\":\"Accueil\",\"item\":\"https:\/\/www.nettali.com\/\"},{\"@type\":\"ListItem\",\"position\":2,\"name\":\"OFFICIEL - Toni Kroos annonce sa retraite\"}]},{\"@type\":\"Person\",\"@id\":\"https:\/\/www.nettali.com\/#\/schema\/person\/bb147657c2986240405a608162b9bb23\",\"name\":\"Ibrahima\",\"image\":{\"@type\":\"ImageObject\",\"@id\":\"https:\/\/www.nettali.com\/#personlogo\",\"inLanguage\":\"fr-FR\",\"url\":\"https:\/\/secure.gravatar.com\/avatar\/26a8a81f09f0dd7624c9d5c36c9ba3a2?s=96&d=mm&r=g\",\"contentUrl\":\"https:\/\/secure.gravatar.com\/avatar\/26a8a81f09f0dd7624c9d5c36c9ba3a2?s=96&d=mm&r=g\",\"caption\":\"Ibrahima\"},\"sameAs\":[\"https:\/\/www.nettali.com\"]}]}<\/script>\n<!-- \/ Yoast SEO Premium plugin. -->","yoast_head_json":{"title":"OFFICIEL - Toni Kroos annonce sa retraite | Nettali.com","robots":{"index":"index","follow":"follow","max-snippet":"max-snippet:-1","max-image-preview":"max-image-preview:large","max-video-preview":"max-video-preview:-1"},"canonical":"https:\/\/www.nettali.com\/2024\/05\/21\/officiel-toni-kroos-annonce-sa-retraite\/","og_locale":"fr_FR","og_type":"article","og_title":"OFFICIEL - Toni Kroos annonce sa retraite","og_description":"NETTALI.COM - Une nouvelle retentissante a secou\u00e9 le monde du football ce mardi 21 mai. Toni Kroos, 34 ans, qui r\u00e9alise une saison exceptionnelle avec le Real Madrid, a annonc\u00e9 ce mardi 21 mai qu\u2019il prendrait sa retraite \u00e0 l\u2019issue de la saison. Coup de th\u00e9\u00e2tre au Real Madrid ! Alors que la fin de [&hellip;]","og_url":"https:\/\/www.nettali.com\/2024\/05\/21\/officiel-toni-kroos-annonce-sa-retraite\/","og_site_name":"Nettali.com","article_publisher":"https:\/\/www.facebook.com\/nettalicom","article_published_time":"2024-05-21T14:39:10+00:00","og_image":[{"width":864,"height":486,"url":"https:\/\/www.nettali.com\/wp-content\/uploads\/2024\/05\/18047186.jpeg","type":"image\/jpeg"}],"twitter_card":"summary_large_image","twitter_misc":{"\u00c9crit par":"Ibrahima","Dur\u00e9e de lecture estim\u00e9e":"3 minutes"},"schema":{"@context":"https:\/\/schema.org","@graph":[{"@type":"WebSite","@id":"https:\/\/www.nettali.com\/#website","url":"https:\/\/www.nettali.com\/","name":"Nettali.com","description":"Le rendez-vous critique du Net","potentialAction":[{"@type":"SearchAction","target":{"@type":"EntryPoint","urlTemplate":"https:\/\/www.nettali.com\/?s={search_term_string}"},"query-input":"required name=search_term_string"}],"inLanguage":"fr-FR"},{"@type":"ImageObject","@id":"https:\/\/www.nettali.com\/2024\/05\/21\/officiel-toni-kroos-annonce-sa-retraite\/#primaryimage","inLanguage":"fr-FR","url":"https:\/\/www.nettali.com\/wp-content\/uploads\/2024\/05\/18047186.jpeg","contentUrl":"https:\/\/www.nettali.com\/wp-content\/uploads\/2024\/05\/18047186.jpeg","width":864,"height":486},{"@type":"WebPage","@id":"https:\/\/www.nettali.com\/2024\/05\/21\/officiel-toni-kroos-annonce-sa-retraite\/#webpage","url":"https:\/\/www.nettali.com\/2024\/05\/21\/officiel-toni-kroos-annonce-sa-retraite\/","name":"OFFICIEL - Toni Kroos annonce sa retraite | Nettali.com","isPartOf":{"@id":"https:\/\/www.nettali.com\/#website"},"primaryImageOfPage":{"@id":"https:\/\/www.nettali.com\/2024\/05\/21\/officiel-toni-kroos-annonce-sa-retraite\/#primaryimage"},"datePublished":"2024-05-21T14:39:10+00:00","dateModified":"2024-05-21T14:39:10+00:00","author":{"@id":"https:\/\/www.nettali.com\/#\/schema\/person\/bb147657c2986240405a608162b9bb23"},"breadcrumb":{"@id":"https:\/\/www.nettali.com\/2024\/05\/21\/officiel-toni-kroos-annonce-sa-retraite\/#breadcrumb"},"inLanguage":"fr-FR","potentialAction":[{"@type":"ReadAction","target":["https:\/\/www.nettali.com\/2024\/05\/21\/officiel-toni-kroos-annonce-sa-retraite\/"]}]},{"@type":"BreadcrumbList","@id":"https:\/\/www.nettali.com\/2024\/05\/21\/officiel-toni-kroos-annonce-sa-retraite\/#breadcrumb","itemListElement":[{"@type":"ListItem","position":1,"name":"Accueil","item":"https:\/\/www.nettali.com\/"},{"@type":"ListItem","position":2,"name":"OFFICIEL - Toni Kroos annonce sa retraite"}]},{"@type":"Person","@id":"https:\/\/www.nettali.com\/#\/schema\/person\/bb147657c2986240405a608162b9bb23","name":"Ibrahima","image":{"@type":"ImageObject","@id":"https:\/\/www.nettali.com\/#personlogo","inLanguage":"fr-FR","url":"https:\/\/secure.gravatar.com\/avatar\/26a8a81f09f0dd7624c9d5c36c9ba3a2?s=96&d=mm&r=g","contentUrl":"https:\/\/secure.gravatar.com\/avatar\/26a8a81f09f0dd7624c9d5c36c9ba3a2?s=96&d=mm&r=g","caption":"Ibrahima"},"sameAs":["https:\/\/www.nettali.com"]}]}},"_links":{"self":[{"href":"https:\/\/www.nettali.com\/rest\/wp\/v2\/posts\/133696"}],"collection":[{"href":"https:\/\/www.nettali.com\/rest\/wp\/v2\/posts"}],"about":[{"href":"https:\/\/www.nettali.com\/rest\/wp\/v2\/types\/post"}],"author":[{"embeddable":true,"href":"https:\/\/www.nettali.com\/rest\/wp\/v2\/users\/5"}],"replies":[{"embeddable":true,"href":"https:\/\/www.nettali.com\/rest\/wp\/v2\/comments?post=133696"}],"version-history":[{"count":1,"href":"https:\/\/www.nettali.com\/rest\/wp\/v2\/posts\/133696\/revisions"}],"predecessor-version":[{"id":133699,"href":"https:\/\/www.nettali.com\/rest\/wp\/v2\/posts\/133696\/revisions\/133699"}],"wp:featuredmedia":[{"embeddable":true,"href":"https:\/\/www.nettali.com\/rest\/wp\/v2\/media\/133697"}],"wp:attachment":[{"href":"https:\/\/www.nettali.com\/rest\/wp\/v2\/media?parent=133696"}],"wp:term":[{"taxonomy":"category","embeddable":true,"href":"https:\/\/www.nettali.com\/rest\/wp\/v2\/categories?post=133696"},{"taxonomy":"post_tag","embeddable":true,"href":"https:\/\/www.nettali.com\/rest\/wp\/v2\/tags?post=133696"}],"curies":[{"name":"wp","href":"https:\/\/api.w.org\/{rel}","templated":true}]}}