{"id":133582,"date":"2024-05-18T20:00:40","date_gmt":"2024-05-18T20:00:40","guid":{"rendered":"https:\/\/www.nettali.com\/?p=133582"},"modified":"2024-05-18T20:00:40","modified_gmt":"2024-05-18T20:00:40","slug":"pelerinage-marial-le-president-bassirou-diomaye-faye-attendu-a-popenguine-ce-samedi","status":"publish","type":"post","link":"https:\/\/www.nettali.com\/2024\/05\/18\/pelerinage-marial-le-president-bassirou-diomaye-faye-attendu-a-popenguine-ce-samedi\/","title":{"rendered":"P\u00c8LERINAGE MARIAL - Le Pr\u00e9sident Bassirou Diomaye Faye attendu \u00e0 Popenguine ce samedi"},"content":{"rendered":"<p><strong>NETTALI.COM - Le chef de l\u2019Etat Bassirou Diomaye Faye est attendu \u00e0 Popenguine ce samedi 18 mai en pr\u00e9lude \u00e0 la 136\u00e8me \u00e9dition du p\u00e8lerinage marial de Popenguine qui est pr\u00e9vue du 18 au mai 20 mai.<\/strong><\/p>\n<p>Le th\u00e8me central de cette \u00e9dition est \"<em>Avec Marie notre m\u00e8re, marchons ensemble pour un S\u00e9n\u00e9gal de justice et de paix<\/em>\".<\/p>\n<p>Le dioc\u00e8se de Thi\u00e8s sera mis \u00e0 l'honneur, avec la solennelle c\u00e9l\u00e9bration de la messe du lundi 20 mai, dirig\u00e9e par son \u00e9v\u00eaque, Monseigneur Andr\u00e9 Gu\u00e8ye.<\/p>\n<div class='share-to-whatsapp-wrapper'><div class='share-on-whsp'>PARTAGER SUR : <\/div><a data-text='P\u00c8LERINAGE MARIAL - Le Pr\u00e9sident Bassirou Diomaye Faye attendu \u00e0 Popenguine ce samedi' data-link='https:\/\/www.nettali.com\/2024\/05\/18\/pelerinage-marial-le-president-bassirou-diomaye-faye-attendu-a-popenguine-ce-samedi\/' class='whatsapp-button whatsapp-share'>WhatsApp<\/a><div class='clear '><\/div><\/div>","protected":false},"excerpt":{"rendered":"<p>NETTALI.COM - Le chef de l\u2019Etat Bassirou Diomaye Faye est attendu \u00e0 Popenguine ce samedi 18 mai en pr\u00e9lude \u00e0 la 136\u00e8me \u00e9dition du p\u00e8lerinage marial de Popenguine qui est pr\u00e9vue du 18 au mai 20 mai. Le th\u00e8me central de cette \u00e9dition est \"Avec Marie notre m\u00e8re, marchons ensemble pour un S\u00e9n\u00e9gal de justice [&hellip;]<\/p>\n","protected":false},"author":5,"featured_media":133583,"comment_status":"open","ping_status":"open","sticky":false,"template":"","format":"standard","meta":{"_et_pb_use_builder":"","_et_pb_old_content":""},"categories":[3],"tags":[],"yoast_head":"<!-- This site is optimized with the Yoast SEO Premium plugin v17.8 (Yoast SEO v17.8) - https:\/\/yoast.com\/wordpress\/plugins\/seo\/ -->\n<title>P\u00c8LERINAGE MARIAL - Le Pr\u00e9sident Bassirou Diomaye Faye attendu \u00e0 Popenguine ce samedi | Nettali.com<\/title>\n<meta name=\"robots\" content=\"index, follow, max-snippet:-1, max-image-preview:large, max-video-preview:-1\" \/>\n<link rel=\"canonical\" href=\"https:\/\/www.nettali.com\/2024\/05\/18\/pelerinage-marial-le-president-bassirou-diomaye-faye-attendu-a-popenguine-ce-samedi\/\" \/>\n<meta property=\"og:locale\" content=\"fr_FR\" \/>\n<meta property=\"og:type\" content=\"article\" \/>\n<meta property=\"og:title\" content=\"P\u00c8LERINAGE MARIAL - Le Pr\u00e9sident Bassirou Diomaye Faye attendu \u00e0 Popenguine ce samedi\" \/>\n<meta property=\"og:description\" content=\"NETTALI.COM - Le chef de l\u2019Etat Bassirou Diomaye Faye est attendu \u00e0 Popenguine ce samedi 18 mai en pr\u00e9lude \u00e0 la 136\u00e8me \u00e9dition du p\u00e8lerinage marial de Popenguine qui est pr\u00e9vue du 18 au mai 20 mai. Le th\u00e8me central de cette \u00e9dition est &quot;Avec Marie notre m\u00e8re, marchons ensemble pour un S\u00e9n\u00e9gal de justice [&hellip;]\" \/>\n<meta property=\"og:url\" content=\"https:\/\/www.nettali.com\/2024\/05\/18\/pelerinage-marial-le-president-bassirou-diomaye-faye-attendu-a-popenguine-ce-samedi\/\" \/>\n<meta property=\"og:site_name\" content=\"Nettali.com\" \/>\n<meta property=\"article:publisher\" content=\"https:\/\/www.facebook.com\/nettalicom\" \/>\n<meta property=\"article:published_time\" content=\"2024-05-18T20:00:40+00:00\" \/>\n<meta property=\"og:image\" content=\"https:\/\/www.nettali.com\/wp-content\/uploads\/2024\/05\/FB_IMG_1714171332155.jpg\" \/>\n\t<meta property=\"og:image:width\" content=\"1080\" \/>\n\t<meta property=\"og:image:height\" content=\"720\" \/>\n<meta name=\"twitter:card\" content=\"summary_large_image\" \/>\n<meta name=\"twitter:label1\" content=\"\u00c9crit par\" \/>\n\t<meta name=\"twitter:data1\" content=\"Ibrahima\" \/>\n\t<meta name=\"twitter:label2\" content=\"Dur\u00e9e de lecture estim\u00e9e\" \/>\n\t<meta name=\"twitter:data2\" content=\"1 minute\" \/>\n<script type=\"application\/ld+json\" class=\"yoast-schema-graph\">{\"@context\":\"https:\/\/schema.org\",\"@graph\":[{\"@type\":\"WebSite\",\"@id\":\"https:\/\/www.nettali.com\/#website\",\"url\":\"https:\/\/www.nettali.com\/\",\"name\":\"Nettali.com\",\"description\":\"Le rendez-vous critique du Net\",\"potentialAction\":[{\"@type\":\"SearchAction\",\"target\":{\"@type\":\"EntryPoint\",\"urlTemplate\":\"https:\/\/www.nettali.com\/?s={search_term_string}\"},\"query-input\":\"required name=search_term_string\"}],\"inLanguage\":\"fr-FR\"},{\"@type\":\"ImageObject\",\"@id\":\"https:\/\/www.nettali.com\/2024\/05\/18\/pelerinage-marial-le-president-bassirou-diomaye-faye-attendu-a-popenguine-ce-samedi\/#primaryimage\",\"inLanguage\":\"fr-FR\",\"url\":\"https:\/\/www.nettali.com\/wp-content\/uploads\/2024\/05\/FB_IMG_1714171332155.jpg\",\"contentUrl\":\"https:\/\/www.nettali.com\/wp-content\/uploads\/2024\/05\/FB_IMG_1714171332155.jpg\",\"width\":1080,\"height\":720},{\"@type\":\"WebPage\",\"@id\":\"https:\/\/www.nettali.com\/2024\/05\/18\/pelerinage-marial-le-president-bassirou-diomaye-faye-attendu-a-popenguine-ce-samedi\/#webpage\",\"url\":\"https:\/\/www.nettali.com\/2024\/05\/18\/pelerinage-marial-le-president-bassirou-diomaye-faye-attendu-a-popenguine-ce-samedi\/\",\"name\":\"P\\u00c8LERINAGE MARIAL - Le Pr\\u00e9sident Bassirou Diomaye Faye attendu \\u00e0 Popenguine ce samedi | Nettali.com\",\"isPartOf\":{\"@id\":\"https:\/\/www.nettali.com\/#website\"},\"primaryImageOfPage\":{\"@id\":\"https:\/\/www.nettali.com\/2024\/05\/18\/pelerinage-marial-le-president-bassirou-diomaye-faye-attendu-a-popenguine-ce-samedi\/#primaryimage\"},\"datePublished\":\"2024-05-18T20:00:40+00:00\",\"dateModified\":\"2024-05-18T20:00:40+00:00\",\"author\":{\"@id\":\"https:\/\/www.nettali.com\/#\/schema\/person\/bb147657c2986240405a608162b9bb23\"},\"breadcrumb\":{\"@id\":\"https:\/\/www.nettali.com\/2024\/05\/18\/pelerinage-marial-le-president-bassirou-diomaye-faye-attendu-a-popenguine-ce-samedi\/#breadcrumb\"},\"inLanguage\":\"fr-FR\",\"potentialAction\":[{\"@type\":\"ReadAction\",\"target\":[\"https:\/\/www.nettali.com\/2024\/05\/18\/pelerinage-marial-le-president-bassirou-diomaye-faye-attendu-a-popenguine-ce-samedi\/\"]}]},{\"@type\":\"BreadcrumbList\",\"@id\":\"https:\/\/www.nettali.com\/2024\/05\/18\/pelerinage-marial-le-president-bassirou-diomaye-faye-attendu-a-popenguine-ce-samedi\/#breadcrumb\",\"itemListElement\":[{\"@type\":\"ListItem\",\"position\":1,\"name\":\"Accueil\",\"item\":\"https:\/\/www.nettali.com\/\"},{\"@type\":\"ListItem\",\"position\":2,\"name\":\"P\\u00c8LERINAGE MARIAL - Le Pr\\u00e9sident Bassirou Diomaye Faye attendu \\u00e0 Popenguine ce samedi\"}]},{\"@type\":\"Person\",\"@id\":\"https:\/\/www.nettali.com\/#\/schema\/person\/bb147657c2986240405a608162b9bb23\",\"name\":\"Ibrahima\",\"image\":{\"@type\":\"ImageObject\",\"@id\":\"https:\/\/www.nettali.com\/#personlogo\",\"inLanguage\":\"fr-FR\",\"url\":\"https:\/\/secure.gravatar.com\/avatar\/26a8a81f09f0dd7624c9d5c36c9ba3a2?s=96&d=mm&r=g\",\"contentUrl\":\"https:\/\/secure.gravatar.com\/avatar\/26a8a81f09f0dd7624c9d5c36c9ba3a2?s=96&d=mm&r=g\",\"caption\":\"Ibrahima\"},\"sameAs\":[\"https:\/\/www.nettali.com\"]}]}<\/script>\n<!-- \/ Yoast SEO Premium plugin. -->","yoast_head_json":{"title":"P\u00c8LERINAGE MARIAL - Le Pr\u00e9sident Bassirou Diomaye Faye attendu \u00e0 Popenguine ce samedi | Nettali.com","robots":{"index":"index","follow":"follow","max-snippet":"max-snippet:-1","max-image-preview":"max-image-preview:large","max-video-preview":"max-video-preview:-1"},"canonical":"https:\/\/www.nettali.com\/2024\/05\/18\/pelerinage-marial-le-president-bassirou-diomaye-faye-attendu-a-popenguine-ce-samedi\/","og_locale":"fr_FR","og_type":"article","og_title":"P\u00c8LERINAGE MARIAL - Le Pr\u00e9sident Bassirou Diomaye Faye attendu \u00e0 Popenguine ce samedi","og_description":"NETTALI.COM - Le chef de l\u2019Etat Bassirou Diomaye Faye est attendu \u00e0 Popenguine ce samedi 18 mai en pr\u00e9lude \u00e0 la 136\u00e8me \u00e9dition du p\u00e8lerinage marial de Popenguine qui est pr\u00e9vue du 18 au mai 20 mai. Le th\u00e8me central de cette \u00e9dition est \"Avec Marie notre m\u00e8re, marchons ensemble pour un S\u00e9n\u00e9gal de justice [&hellip;]","og_url":"https:\/\/www.nettali.com\/2024\/05\/18\/pelerinage-marial-le-president-bassirou-diomaye-faye-attendu-a-popenguine-ce-samedi\/","og_site_name":"Nettali.com","article_publisher":"https:\/\/www.facebook.com\/nettalicom","article_published_time":"2024-05-18T20:00:40+00:00","og_image":[{"width":1080,"height":720,"url":"https:\/\/www.nettali.com\/wp-content\/uploads\/2024\/05\/FB_IMG_1714171332155.jpg","type":"image\/jpeg"}],"twitter_card":"summary_large_image","twitter_misc":{"\u00c9crit par":"Ibrahima","Dur\u00e9e de lecture estim\u00e9e":"1 minute"},"schema":{"@context":"https:\/\/schema.org","@graph":[{"@type":"WebSite","@id":"https:\/\/www.nettali.com\/#website","url":"https:\/\/www.nettali.com\/","name":"Nettali.com","description":"Le rendez-vous critique du Net","potentialAction":[{"@type":"SearchAction","target":{"@type":"EntryPoint","urlTemplate":"https:\/\/www.nettali.com\/?s={search_term_string}"},"query-input":"required name=search_term_string"}],"inLanguage":"fr-FR"},{"@type":"ImageObject","@id":"https:\/\/www.nettali.com\/2024\/05\/18\/pelerinage-marial-le-president-bassirou-diomaye-faye-attendu-a-popenguine-ce-samedi\/#primaryimage","inLanguage":"fr-FR","url":"https:\/\/www.nettali.com\/wp-content\/uploads\/2024\/05\/FB_IMG_1714171332155.jpg","contentUrl":"https:\/\/www.nettali.com\/wp-content\/uploads\/2024\/05\/FB_IMG_1714171332155.jpg","width":1080,"height":720},{"@type":"WebPage","@id":"https:\/\/www.nettali.com\/2024\/05\/18\/pelerinage-marial-le-president-bassirou-diomaye-faye-attendu-a-popenguine-ce-samedi\/#webpage","url":"https:\/\/www.nettali.com\/2024\/05\/18\/pelerinage-marial-le-president-bassirou-diomaye-faye-attendu-a-popenguine-ce-samedi\/","name":"P\u00c8LERINAGE MARIAL - Le Pr\u00e9sident Bassirou Diomaye Faye attendu \u00e0 Popenguine ce samedi | Nettali.com","isPartOf":{"@id":"https:\/\/www.nettali.com\/#website"},"primaryImageOfPage":{"@id":"https:\/\/www.nettali.com\/2024\/05\/18\/pelerinage-marial-le-president-bassirou-diomaye-faye-attendu-a-popenguine-ce-samedi\/#primaryimage"},"datePublished":"2024-05-18T20:00:40+00:00","dateModified":"2024-05-18T20:00:40+00:00","author":{"@id":"https:\/\/www.nettali.com\/#\/schema\/person\/bb147657c2986240405a608162b9bb23"},"breadcrumb":{"@id":"https:\/\/www.nettali.com\/2024\/05\/18\/pelerinage-marial-le-president-bassirou-diomaye-faye-attendu-a-popenguine-ce-samedi\/#breadcrumb"},"inLanguage":"fr-FR","potentialAction":[{"@type":"ReadAction","target":["https:\/\/www.nettali.com\/2024\/05\/18\/pelerinage-marial-le-president-bassirou-diomaye-faye-attendu-a-popenguine-ce-samedi\/"]}]},{"@type":"BreadcrumbList","@id":"https:\/\/www.nettali.com\/2024\/05\/18\/pelerinage-marial-le-president-bassirou-diomaye-faye-attendu-a-popenguine-ce-samedi\/#breadcrumb","itemListElement":[{"@type":"ListItem","position":1,"name":"Accueil","item":"https:\/\/www.nettali.com\/"},{"@type":"ListItem","position":2,"name":"P\u00c8LERINAGE MARIAL - Le Pr\u00e9sident Bassirou Diomaye Faye attendu \u00e0 Popenguine ce samedi"}]},{"@type":"Person","@id":"https:\/\/www.nettali.com\/#\/schema\/person\/bb147657c2986240405a608162b9bb23","name":"Ibrahima","image":{"@type":"ImageObject","@id":"https:\/\/www.nettali.com\/#personlogo","inLanguage":"fr-FR","url":"https:\/\/secure.gravatar.com\/avatar\/26a8a81f09f0dd7624c9d5c36c9ba3a2?s=96&d=mm&r=g","contentUrl":"https:\/\/secure.gravatar.com\/avatar\/26a8a81f09f0dd7624c9d5c36c9ba3a2?s=96&d=mm&r=g","caption":"Ibrahima"},"sameAs":["https:\/\/www.nettali.com"]}]}},"_links":{"self":[{"href":"https:\/\/www.nettali.com\/rest\/wp\/v2\/posts\/133582"}],"collection":[{"href":"https:\/\/www.nettali.com\/rest\/wp\/v2\/posts"}],"about":[{"href":"https:\/\/www.nettali.com\/rest\/wp\/v2\/types\/post"}],"author":[{"embeddable":true,"href":"https:\/\/www.nettali.com\/rest\/wp\/v2\/users\/5"}],"replies":[{"embeddable":true,"href":"https:\/\/www.nettali.com\/rest\/wp\/v2\/comments?post=133582"}],"version-history":[{"count":1,"href":"https:\/\/www.nettali.com\/rest\/wp\/v2\/posts\/133582\/revisions"}],"predecessor-version":[{"id":133584,"href":"https:\/\/www.nettali.com\/rest\/wp\/v2\/posts\/133582\/revisions\/133584"}],"wp:featuredmedia":[{"embeddable":true,"href":"https:\/\/www.nettali.com\/rest\/wp\/v2\/media\/133583"}],"wp:attachment":[{"href":"https:\/\/www.nettali.com\/rest\/wp\/v2\/media?parent=133582"}],"wp:term":[{"taxonomy":"category","embeddable":true,"href":"https:\/\/www.nettali.com\/rest\/wp\/v2\/categories?post=133582"},{"taxonomy":"post_tag","embeddable":true,"href":"https:\/\/www.nettali.com\/rest\/wp\/v2\/tags?post=133582"}],"curies":[{"name":"wp","href":"https:\/\/api.w.org\/{rel}","templated":true}]}}