{"id":133519,"date":"2024-05-17T10:30:39","date_gmt":"2024-05-17T10:30:39","guid":{"rendered":"https:\/\/www.nettali.com\/?p=133519"},"modified":"2024-05-17T09:36:15","modified_gmt":"2024-05-17T09:36:15","slug":"france-un-homme-arme-qui-tentait-de-mettre-le-feu-a-une-synagogue-tue-par-la-police","status":"publish","type":"post","link":"https:\/\/www.nettali.com\/2024\/05\/17\/france-un-homme-arme-qui-tentait-de-mettre-le-feu-a-une-synagogue-tue-par-la-police\/","title":{"rendered":"FRANCE -  un homme arm\u00e9 qui tentait de mettre le feu \u00e0 une synagogue tu\u00e9 par la police"},"content":{"rendered":"<div><span style=\"font-size: 16px;\"><strong>NETTALI.COM - Des policiers ont abattu vendredi matin un homme arm\u00e9 notamment d'un couteau qui tentait de mettre le feu \u00e0 une synagogue \u00e0 Rouen et les mena\u00e7ait, a annonc\u00e9 le ministre de l'Int\u00e9rieur G\u00e9rald Darmanin.<\/strong><\/span><\/div>\n<div><span style=\"font-size: 16px;\">\u00a0<\/span><\/div>\n<div><span style=\"font-size: 16px;\">Vers 6h45, les policiers sont <em>\"intervenus sur un signalement de d\u00e9gagement de fum\u00e9e pr\u00e8s de la synagogue\"<\/em>, situ\u00e9e rue des Bons enfants dans le centre historique de Rouen, a d\u00e9taill\u00e9 une source polici\u00e8re \u00e0 l'AFP.<\/span><\/div>\n<div><span style=\"font-size: 16px;\">\u00a0<\/span><\/div>\n<div><span style=\"font-size: 16px;\"><em>\"Un individu a mis le feu \u00e0 la synagogue de Rouen. Il aurait pris \u00e0 partie les policiers et les pompiers\"<\/em>, a indiqu\u00e9 \u00e0 l'AFP le procureur de Rouen, Fr\u00e9d\u00e9ric Teillet. <em>\"Ensuite, il aurait menac\u00e9 un policier d\u2019un couteau et ce dernier a fait usage de son arme et l\u2019individu est d\u00e9c\u00e9d\u00e9\"<\/em>, a pr\u00e9cis\u00e9 le procureur.<\/span><\/div>\n<div><span style=\"font-size: 16px;\">\u00a0<\/span><\/div>\n<div><span style=\"font-size: 16px;\">Selon la version polici\u00e8re, la police nationale a vu sur les lieux <em>\"un individu debout sur le mur d\u2019enceinte de la synagogue, porteur d\u2019une barre de fer et d\u2019un couteau de 25 centim\u00e8tres. Il brandit le couteau et se dirige vers les policiers qui tirent\".<\/em><\/span><\/div>\n<div><span style=\"font-size: 16px;\">\u00a0<\/span><\/div>\n<div><span style=\"font-size: 16px;\">Une premi\u00e8re enqu\u00eate a \u00e9t\u00e9 ouverte pour \"incendie volontaire\" visant un lieu de culte, <em>\"violences volontaires sur personnes d\u00e9positaires de l\u2019autorit\u00e9 publique\"<\/em> confi\u00e9e \u00e0 la DGPN, a fait savoir le parquet.<\/span><\/div>\n<div><span style=\"font-size: 16px;\">\u00a0<\/span><\/div>\n<div><span style=\"font-size: 16px;\">Une autre enqu\u00eate a \u00e9t\u00e9 ouverte sur les circonstances du d\u00e9c\u00e8s de l'individu arm\u00e9 pour <em>\"violences volontaires avec armes ayant entrain\u00e9 la mort sans intention de la donner\",<\/em> confi\u00e9e \u00e0 l'Inspection g\u00e9n\u00e9rale de la police nationale (IGPN).<\/span><\/div>\n<div><span style=\"font-size: 16px;\">\u00a0<\/span><\/div>\n<div><span style=\"font-size: 16px;\"><em>\"A Rouen, les policiers nationaux ont neutralis\u00e9 t\u00f4t ce matin un individu arm\u00e9 souhaitant manifestement mettre le feu \u00e0 la synagogue de la ville. Je les f\u00e9licite pour leur r\u00e9activit\u00e9 et leur courage\"<\/em>, a \u00e9crit M. Darmanin sur X.<\/span><\/div>\n<div><span style=\"font-size: 16px;\">\u00a0<\/span><\/div>\n<div><span style=\"font-size: 16px;\">L'homme abattu par les forces de l'ordre n'avait pas de pi\u00e8ce d'identit\u00e9 sur lui et n'a pas \u00e9t\u00e9 identifi\u00e9 \u00e0 ce stade, a-t-on pr\u00e9cis\u00e9 de source polici\u00e8re.<\/span><\/div>\n<div><span style=\"font-size: 16px;\">\u00a0<\/span><\/div>\n<div><span style=\"font-size: 16px;\">Une riveraine, Elias Morisse, qui habite en face de la synagogue, dit <em>\"avoir entendu aux alentours de 6h50 des coups de feu, des d\u00e9tonations. Au moment de partir, je d\u00e9cide d\u2019ouvrir les volets de mon appartement, et effectivement j\u2019ai vu de la fum\u00e9e sortir de la synagogue, la police, les pompiers et vraiment \u00e0 droite dans la rue un corps, celui de l\u2019assaillant qui a \u00e9t\u00e9 abattu \u00e0 ce moment-l\u00e0\".<\/em><\/span><\/div>\n<div><span style=\"font-size: 16px;\">\u00a0<\/span><\/div>\n<div><span style=\"font-size: 16px;\"><b>- \"Choc absolu\" -<\/b><\/span><\/div>\n<div><span style=\"font-size: 16px;\">\u00a0<\/span><\/div>\n<div><span style=\"font-size: 16px;\"><em>\"C'est l'effroi, c'est le choc absolu\",<\/em> a r\u00e9agi le maire de Rouen Nicolas Mayer-Rossignol, arriv\u00e9 sur place.<\/span><\/div>\n<div><span style=\"font-size: 16px;\">\u00a0<\/span><\/div>\n<div><span style=\"font-size: 16px;\">Interrog\u00e9 par les m\u00e9dias sur les \u00e9ventuels d\u00e9g\u00e2ts, le rabbin Chmouel Lubecki dit esp\u00e9rer <em>\"que les rouleaux de la Torah n'ont pas \u00e9t\u00e9 touch\u00e9s. C'est le plus important qu'il y ait dans la synagogue\".<\/em><\/span><\/div>\n<div><span style=\"font-size: 16px;\">\u00a0<\/span><\/div>\n<div><span style=\"font-size: 16px;\"><em>\"La communaut\u00e9 est boulevers\u00e9e. On est une petite communaut\u00e9 et malheureusement, \u00e7a peut nous arriver aussi\"<\/em>, a-t-il ajout\u00e9 faisant r\u00e9f\u00e9rence \u00e0 la mont\u00e9e des actes antis\u00e9mites. Il a pr\u00e9cis\u00e9 que pr\u00e8s de 150 \u00e0 200 familles composent la communaut\u00e9 juive de la ville normande.<\/span><\/div>\n<div><span style=\"font-size: 16px;\">\u00a0<\/span><\/div>\n<div><span style=\"font-size: 16px;\">Sollicit\u00e9 par l'AFP, le Parquet national antiterroriste indique \u00eatre en train d'\u00e9valuer s'il se saisit du dossier.<\/span><\/div>\n<div><span style=\"font-size: 16px;\">\u00a0<\/span><\/div>\n<div><span style=\"font-size: 16px;\"><em>\"Tenter de br\u00fbler une synagogue, c'est vouloir intimider tous les Juifs. Une nouvelle fois, on veut faire peser un climat de terreur sur les Juifs de notre pays. Combattre l'antis\u00e9mitisme, c'est d\u00e9fendre la R\u00e9publique\"<\/em>, a affirm\u00e9 sur X le pr\u00e9sident du Conseil repr\u00e9sentatif des institutions juives de France (Crif) Yonathan Arfi.<\/span><\/div>\n<div><span style=\"font-size: 16px;\">\u00a0<\/span><\/div>\n<div><span style=\"font-size: 16px;\">G\u00e9rald Darmanin avait demand\u00e9 le 14 avril dernier aux pr\u00e9fets de renforcer la s\u00e9curit\u00e9 devant les lieux de culte juifs ainsi que devant les \u00e9coles confessionnelles, au lendemain de l'attaque men\u00e9e par l'Iran contre Isra\u00ebl.<\/span><\/div>\n<div><span style=\"font-size: 16px;\">\u00a0<\/span><\/div>\n<div><span style=\"font-size: 16px;\">Les op\u00e9rations militaires lanc\u00e9es par l'Etat h\u00e9breu contre la bande de Gaza, qui ont caus\u00e9 la mort de plus de 35.000 personnes, en repr\u00e9sailles \u00e0 l'attaque des combattants du Hamas contre Isra\u00ebl le 7 octobre dernier ont provoqu\u00e9 une forte hausse des actes d'antis\u00e9mitisme en France.<\/span><\/div>\n<div><span style=\"font-size: 16px;\">\u00a0<\/span><\/div>\n<div><span style=\"font-size: 16px;\">D\u00e9but mai, le Premier ministre Gabriel Attal avait annonc\u00e9 que<em> \"366 faits antis\u00e9mites\"<\/em> avaient \u00e9t\u00e9 enregistr\u00e9s au premier trimestre 2024, soit <em>\"une hausse de 300% par rapport aux trois premiers mois de l'ann\u00e9e 2023\".<\/em><\/span><\/div>\n<div class='share-to-whatsapp-wrapper'><div class='share-on-whsp'>PARTAGER SUR : <\/div><a data-text='FRANCE -  un homme arm\u00e9 qui tentait de mettre le feu \u00e0 une synagogue tu\u00e9 par la police' data-link='https:\/\/www.nettali.com\/2024\/05\/17\/france-un-homme-arme-qui-tentait-de-mettre-le-feu-a-une-synagogue-tue-par-la-police\/' class='whatsapp-button whatsapp-share'>WhatsApp<\/a><div class='clear '><\/div><\/div>","protected":false},"excerpt":{"rendered":"<p>NETTALI.COM - Des policiers ont abattu vendredi matin un homme arm\u00e9 notamment d'un couteau qui tentait de mettre le feu \u00e0 une synagogue \u00e0 Rouen et les mena\u00e7ait, a annonc\u00e9 le ministre de l'Int\u00e9rieur G\u00e9rald Darmanin. \u00a0 Vers 6h45, les policiers sont \"intervenus sur un signalement de d\u00e9gagement de fum\u00e9e pr\u00e8s de la synagogue\", situ\u00e9e [&hellip;]<\/p>\n","protected":false},"author":4,"featured_media":133520,"comment_status":"open","ping_status":"open","sticky":false,"template":"","format":"standard","meta":{"_et_pb_use_builder":"","_et_pb_old_content":""},"categories":[8],"tags":[],"yoast_head":"<!-- This site is optimized with the Yoast SEO Premium plugin v17.8 (Yoast SEO v17.8) - https:\/\/yoast.com\/wordpress\/plugins\/seo\/ -->\n<title>FRANCE - un homme arm\u00e9 qui tentait de mettre le feu \u00e0 une synagogue tu\u00e9 par la police | Nettali.com<\/title>\n<meta name=\"robots\" content=\"index, follow, max-snippet:-1, max-image-preview:large, max-video-preview:-1\" \/>\n<link rel=\"canonical\" href=\"https:\/\/www.nettali.com\/2024\/05\/17\/france-un-homme-arme-qui-tentait-de-mettre-le-feu-a-une-synagogue-tue-par-la-police\/\" \/>\n<meta property=\"og:locale\" content=\"fr_FR\" \/>\n<meta property=\"og:type\" content=\"article\" \/>\n<meta property=\"og:title\" content=\"FRANCE - un homme arm\u00e9 qui tentait de mettre le feu \u00e0 une synagogue tu\u00e9 par la police\" \/>\n<meta property=\"og:description\" content=\"NETTALI.COM - Des policiers ont abattu vendredi matin un homme arm\u00e9 notamment d&#039;un couteau qui tentait de mettre le feu \u00e0 une synagogue \u00e0 Rouen et les mena\u00e7ait, a annonc\u00e9 le ministre de l&#039;Int\u00e9rieur G\u00e9rald Darmanin. \u00a0 Vers 6h45, les policiers sont &quot;intervenus sur un signalement de d\u00e9gagement de fum\u00e9e pr\u00e8s de la synagogue&quot;, situ\u00e9e [&hellip;]\" \/>\n<meta property=\"og:url\" content=\"https:\/\/www.nettali.com\/2024\/05\/17\/france-un-homme-arme-qui-tentait-de-mettre-le-feu-a-une-synagogue-tue-par-la-police\/\" \/>\n<meta property=\"og:site_name\" content=\"Nettali.com\" \/>\n<meta property=\"article:publisher\" content=\"https:\/\/www.facebook.com\/nettalicom\" \/>\n<meta property=\"article:published_time\" content=\"2024-05-17T10:30:39+00:00\" \/>\n<meta property=\"article:modified_time\" content=\"2024-05-17T09:36:15+00:00\" \/>\n<meta property=\"og:image\" content=\"https:\/\/www.nettali.com\/wp-content\/uploads\/2024\/05\/Capture-de\u0301cran-2024-05-17-a\u0300-09.31.27.png\" \/>\n\t<meta property=\"og:image:width\" content=\"816\" \/>\n\t<meta property=\"og:image:height\" content=\"395\" \/>\n<meta name=\"twitter:card\" content=\"summary_large_image\" \/>\n<meta name=\"twitter:label1\" content=\"\u00c9crit par\" \/>\n\t<meta name=\"twitter:data1\" content=\"Daouda\" \/>\n\t<meta name=\"twitter:label2\" content=\"Dur\u00e9e de lecture estim\u00e9e\" \/>\n\t<meta name=\"twitter:data2\" content=\"4 minutes\" \/>\n<script type=\"application\/ld+json\" class=\"yoast-schema-graph\">{\"@context\":\"https:\/\/schema.org\",\"@graph\":[{\"@type\":\"WebSite\",\"@id\":\"https:\/\/www.nettali.com\/#website\",\"url\":\"https:\/\/www.nettali.com\/\",\"name\":\"Nettali.com\",\"description\":\"Le rendez-vous critique du Net\",\"potentialAction\":[{\"@type\":\"SearchAction\",\"target\":{\"@type\":\"EntryPoint\",\"urlTemplate\":\"https:\/\/www.nettali.com\/?s={search_term_string}\"},\"query-input\":\"required name=search_term_string\"}],\"inLanguage\":\"fr-FR\"},{\"@type\":\"ImageObject\",\"@id\":\"https:\/\/www.nettali.com\/2024\/05\/17\/france-un-homme-arme-qui-tentait-de-mettre-le-feu-a-une-synagogue-tue-par-la-police\/#primaryimage\",\"inLanguage\":\"fr-FR\",\"url\":\"https:\/\/www.nettali.com\/wp-content\/uploads\/2024\/05\/Capture-de\\u0301cran-2024-05-17-a\\u0300-09.31.27.png\",\"contentUrl\":\"https:\/\/www.nettali.com\/wp-content\/uploads\/2024\/05\/Capture-de\\u0301cran-2024-05-17-a\\u0300-09.31.27.png\",\"width\":816,\"height\":395},{\"@type\":\"WebPage\",\"@id\":\"https:\/\/www.nettali.com\/2024\/05\/17\/france-un-homme-arme-qui-tentait-de-mettre-le-feu-a-une-synagogue-tue-par-la-police\/#webpage\",\"url\":\"https:\/\/www.nettali.com\/2024\/05\/17\/france-un-homme-arme-qui-tentait-de-mettre-le-feu-a-une-synagogue-tue-par-la-police\/\",\"name\":\"FRANCE - un homme arm\\u00e9 qui tentait de mettre le feu \\u00e0 une synagogue tu\\u00e9 par la police | Nettali.com\",\"isPartOf\":{\"@id\":\"https:\/\/www.nettali.com\/#website\"},\"primaryImageOfPage\":{\"@id\":\"https:\/\/www.nettali.com\/2024\/05\/17\/france-un-homme-arme-qui-tentait-de-mettre-le-feu-a-une-synagogue-tue-par-la-police\/#primaryimage\"},\"datePublished\":\"2024-05-17T10:30:39+00:00\",\"dateModified\":\"2024-05-17T09:36:15+00:00\",\"author\":{\"@id\":\"https:\/\/www.nettali.com\/#\/schema\/person\/3317e0bb3aa1da309fbf7b2780901bf4\"},\"breadcrumb\":{\"@id\":\"https:\/\/www.nettali.com\/2024\/05\/17\/france-un-homme-arme-qui-tentait-de-mettre-le-feu-a-une-synagogue-tue-par-la-police\/#breadcrumb\"},\"inLanguage\":\"fr-FR\",\"potentialAction\":[{\"@type\":\"ReadAction\",\"target\":[\"https:\/\/www.nettali.com\/2024\/05\/17\/france-un-homme-arme-qui-tentait-de-mettre-le-feu-a-une-synagogue-tue-par-la-police\/\"]}]},{\"@type\":\"BreadcrumbList\",\"@id\":\"https:\/\/www.nettali.com\/2024\/05\/17\/france-un-homme-arme-qui-tentait-de-mettre-le-feu-a-une-synagogue-tue-par-la-police\/#breadcrumb\",\"itemListElement\":[{\"@type\":\"ListItem\",\"position\":1,\"name\":\"Accueil\",\"item\":\"https:\/\/www.nettali.com\/\"},{\"@type\":\"ListItem\",\"position\":2,\"name\":\"FRANCE - un homme arm\\u00e9 qui tentait de mettre le feu \\u00e0 une synagogue tu\\u00e9 par la police\"}]},{\"@type\":\"Person\",\"@id\":\"https:\/\/www.nettali.com\/#\/schema\/person\/3317e0bb3aa1da309fbf7b2780901bf4\",\"name\":\"Daouda\",\"image\":{\"@type\":\"ImageObject\",\"@id\":\"https:\/\/www.nettali.com\/#personlogo\",\"inLanguage\":\"fr-FR\",\"url\":\"https:\/\/secure.gravatar.com\/avatar\/8d143b5a49345098ddcfee1c49c2f47c?s=96&d=mm&r=g\",\"contentUrl\":\"https:\/\/secure.gravatar.com\/avatar\/8d143b5a49345098ddcfee1c49c2f47c?s=96&d=mm&r=g\",\"caption\":\"Daouda\"},\"sameAs\":[\"https:\/\/www.nettali.com\"]}]}<\/script>\n<!-- \/ Yoast SEO Premium plugin. -->","yoast_head_json":{"title":"FRANCE - un homme arm\u00e9 qui tentait de mettre le feu \u00e0 une synagogue tu\u00e9 par la police | Nettali.com","robots":{"index":"index","follow":"follow","max-snippet":"max-snippet:-1","max-image-preview":"max-image-preview:large","max-video-preview":"max-video-preview:-1"},"canonical":"https:\/\/www.nettali.com\/2024\/05\/17\/france-un-homme-arme-qui-tentait-de-mettre-le-feu-a-une-synagogue-tue-par-la-police\/","og_locale":"fr_FR","og_type":"article","og_title":"FRANCE - un homme arm\u00e9 qui tentait de mettre le feu \u00e0 une synagogue tu\u00e9 par la police","og_description":"NETTALI.COM - Des policiers ont abattu vendredi matin un homme arm\u00e9 notamment d'un couteau qui tentait de mettre le feu \u00e0 une synagogue \u00e0 Rouen et les mena\u00e7ait, a annonc\u00e9 le ministre de l'Int\u00e9rieur G\u00e9rald Darmanin. \u00a0 Vers 6h45, les policiers sont \"intervenus sur un signalement de d\u00e9gagement de fum\u00e9e pr\u00e8s de la synagogue\", situ\u00e9e [&hellip;]","og_url":"https:\/\/www.nettali.com\/2024\/05\/17\/france-un-homme-arme-qui-tentait-de-mettre-le-feu-a-une-synagogue-tue-par-la-police\/","og_site_name":"Nettali.com","article_publisher":"https:\/\/www.facebook.com\/nettalicom","article_published_time":"2024-05-17T10:30:39+00:00","article_modified_time":"2024-05-17T09:36:15+00:00","og_image":[{"width":816,"height":395,"url":"https:\/\/www.nettali.com\/wp-content\/uploads\/2024\/05\/Capture-de\u0301cran-2024-05-17-a\u0300-09.31.27.png","type":"image\/png"}],"twitter_card":"summary_large_image","twitter_misc":{"\u00c9crit par":"Daouda","Dur\u00e9e de lecture estim\u00e9e":"4 minutes"},"schema":{"@context":"https:\/\/schema.org","@graph":[{"@type":"WebSite","@id":"https:\/\/www.nettali.com\/#website","url":"https:\/\/www.nettali.com\/","name":"Nettali.com","description":"Le rendez-vous critique du Net","potentialAction":[{"@type":"SearchAction","target":{"@type":"EntryPoint","urlTemplate":"https:\/\/www.nettali.com\/?s={search_term_string}"},"query-input":"required name=search_term_string"}],"inLanguage":"fr-FR"},{"@type":"ImageObject","@id":"https:\/\/www.nettali.com\/2024\/05\/17\/france-un-homme-arme-qui-tentait-de-mettre-le-feu-a-une-synagogue-tue-par-la-police\/#primaryimage","inLanguage":"fr-FR","url":"https:\/\/www.nettali.com\/wp-content\/uploads\/2024\/05\/Capture-de\u0301cran-2024-05-17-a\u0300-09.31.27.png","contentUrl":"https:\/\/www.nettali.com\/wp-content\/uploads\/2024\/05\/Capture-de\u0301cran-2024-05-17-a\u0300-09.31.27.png","width":816,"height":395},{"@type":"WebPage","@id":"https:\/\/www.nettali.com\/2024\/05\/17\/france-un-homme-arme-qui-tentait-de-mettre-le-feu-a-une-synagogue-tue-par-la-police\/#webpage","url":"https:\/\/www.nettali.com\/2024\/05\/17\/france-un-homme-arme-qui-tentait-de-mettre-le-feu-a-une-synagogue-tue-par-la-police\/","name":"FRANCE - un homme arm\u00e9 qui tentait de mettre le feu \u00e0 une synagogue tu\u00e9 par la police | Nettali.com","isPartOf":{"@id":"https:\/\/www.nettali.com\/#website"},"primaryImageOfPage":{"@id":"https:\/\/www.nettali.com\/2024\/05\/17\/france-un-homme-arme-qui-tentait-de-mettre-le-feu-a-une-synagogue-tue-par-la-police\/#primaryimage"},"datePublished":"2024-05-17T10:30:39+00:00","dateModified":"2024-05-17T09:36:15+00:00","author":{"@id":"https:\/\/www.nettali.com\/#\/schema\/person\/3317e0bb3aa1da309fbf7b2780901bf4"},"breadcrumb":{"@id":"https:\/\/www.nettali.com\/2024\/05\/17\/france-un-homme-arme-qui-tentait-de-mettre-le-feu-a-une-synagogue-tue-par-la-police\/#breadcrumb"},"inLanguage":"fr-FR","potentialAction":[{"@type":"ReadAction","target":["https:\/\/www.nettali.com\/2024\/05\/17\/france-un-homme-arme-qui-tentait-de-mettre-le-feu-a-une-synagogue-tue-par-la-police\/"]}]},{"@type":"BreadcrumbList","@id":"https:\/\/www.nettali.com\/2024\/05\/17\/france-un-homme-arme-qui-tentait-de-mettre-le-feu-a-une-synagogue-tue-par-la-police\/#breadcrumb","itemListElement":[{"@type":"ListItem","position":1,"name":"Accueil","item":"https:\/\/www.nettali.com\/"},{"@type":"ListItem","position":2,"name":"FRANCE - un homme arm\u00e9 qui tentait de mettre le feu \u00e0 une synagogue tu\u00e9 par la police"}]},{"@type":"Person","@id":"https:\/\/www.nettali.com\/#\/schema\/person\/3317e0bb3aa1da309fbf7b2780901bf4","name":"Daouda","image":{"@type":"ImageObject","@id":"https:\/\/www.nettali.com\/#personlogo","inLanguage":"fr-FR","url":"https:\/\/secure.gravatar.com\/avatar\/8d143b5a49345098ddcfee1c49c2f47c?s=96&d=mm&r=g","contentUrl":"https:\/\/secure.gravatar.com\/avatar\/8d143b5a49345098ddcfee1c49c2f47c?s=96&d=mm&r=g","caption":"Daouda"},"sameAs":["https:\/\/www.nettali.com"]}]}},"_links":{"self":[{"href":"https:\/\/www.nettali.com\/rest\/wp\/v2\/posts\/133519"}],"collection":[{"href":"https:\/\/www.nettali.com\/rest\/wp\/v2\/posts"}],"about":[{"href":"https:\/\/www.nettali.com\/rest\/wp\/v2\/types\/post"}],"author":[{"embeddable":true,"href":"https:\/\/www.nettali.com\/rest\/wp\/v2\/users\/4"}],"replies":[{"embeddable":true,"href":"https:\/\/www.nettali.com\/rest\/wp\/v2\/comments?post=133519"}],"version-history":[{"count":1,"href":"https:\/\/www.nettali.com\/rest\/wp\/v2\/posts\/133519\/revisions"}],"predecessor-version":[{"id":133521,"href":"https:\/\/www.nettali.com\/rest\/wp\/v2\/posts\/133519\/revisions\/133521"}],"wp:featuredmedia":[{"embeddable":true,"href":"https:\/\/www.nettali.com\/rest\/wp\/v2\/media\/133520"}],"wp:attachment":[{"href":"https:\/\/www.nettali.com\/rest\/wp\/v2\/media?parent=133519"}],"wp:term":[{"taxonomy":"category","embeddable":true,"href":"https:\/\/www.nettali.com\/rest\/wp\/v2\/categories?post=133519"},{"taxonomy":"post_tag","embeddable":true,"href":"https:\/\/www.nettali.com\/rest\/wp\/v2\/tags?post=133519"}],"curies":[{"name":"wp","href":"https:\/\/api.w.org\/{rel}","templated":true}]}}