{"id":133511,"date":"2024-05-17T08:02:53","date_gmt":"2024-05-17T08:02:53","guid":{"rendered":"https:\/\/www.nettali.com\/?p=133511"},"modified":"2024-05-19T10:56:39","modified_gmt":"2024-05-19T10:56:39","slug":"lutte-contre-la-cherte-de-la-vie-baisse-du-loyer-les-faibles-marges-de-manoeuvre-du-duo-sonko-diomaye","status":"publish","type":"post","link":"https:\/\/www.nettali.com\/2024\/05\/17\/lutte-contre-la-cherte-de-la-vie-baisse-du-loyer-les-faibles-marges-de-manoeuvre-du-duo-sonko-diomaye\/","title":{"rendered":"LUTTE CONTRE LA CHERTE\u0301 DE LA VIE, BAISSE DU LOYER - Les faibles marges de man\u0153uvre du duo Sonko-Diomaye"},"content":{"rendered":"<div class=\"page\" title=\"Page 3\">\n<div class=\"layoutArea\">\n<div class=\"column\">\n<div class=\"page\" title=\"Page 3\">\n<div class=\"layoutArea\">\n<div class=\"column\">\n<p><strong>NETTALI.COM - Le pre\u0301sident Bassirou Diomaye Faye, qui s\u2019est engage\u0301 a\u0300 re\u0301duire le cou\u0302t de la vie, doit prendre en compte un certain nombre <\/strong><strong>de leviers tels que la baisse de la fiscalite\u0301 sur les denre\u0301es alimentaires et la course vers l\u2019autosuffisance alimentaire. Cette volonte\u0301 d'abaissement des prix des produits de base risque de se heurter a\u0300 la ne\u0301cessite\u0301 d\u2019assurer l\u2019e\u0301quilibre budge\u0301taire et le contro\u0302le des finances publiques dans un contexte de lutte contre les de\u0301ficits publics.<\/strong><\/p>\n<\/div>\n<\/div>\n<\/div>\n<p>C\u2019est un premier rendez- vous manque\u0301. Le 15 mai dernier devait constituer le point de de\u0301part du processus de re\u0301duction des prix des denre\u0301es de premie\u0300re ne\u0301cessite\u0301. Mais les attentes ont e\u0301te\u0301 refroidies par le dernier Conseil des ministres ou\u0300 le Premier ministre a fait part des mesures envisageables pour la baisse du cou\u0302t de la vie, apre\u0300s consultation des repre\u0301sentants des producteurs, des commerc\u0327ants, des transporteurs ainsi que des associations de consommateurs.<\/p>\n<p>Les denre\u0301es vise\u0301es sont le riz brise\u0301 non parfume\u0301, le pain, le sucre cristallise\u0301 et l\u2019huile. A\u0300 la fin de ces concertations, Ousmane Sonko remettra un rapport avec des propositions pre\u0301- cises a\u0300 Monsieur le Pre\u0301sident de la Re\u0301publique.<\/p>\n<p>La veille, le PM, lors de la tenue du Conseil interministe\u0301riel en vue de la ce\u0301le\u0301bration de la Tabaski, a tente\u0301 de rassurer les Se\u0301ne\u0301galais sur la tenue de cette promesse de campagne, non sans rappeler les difficulte\u0301s de peser sur le prix des denre\u0301es importe\u0301es.<\/p>\n<p>\u201c<em>Nous pouvons vous assurer que les prix vont baisser. Et d\u2019ici peu, nous allons parler avec les Se\u0301ne\u0301ga- lais, car nous y avons de\u0301ja\u0300 travaille\u0301. Si un pays est importateur de denre\u0301es de premie\u0300re ne\u0301cessite\u0301, naturellement, certains prix vont s\u2019imposer a\u0300 lui<\/em>\u201d, a-t-il dit.<\/p>\n<\/div>\n<div class=\"column\">\n<p>Pour l\u2019ancien maire de Ziguinchor, une baisse significative ne pourra e\u0302tre effective qu\u2019apre\u0300s la mise en \u0153uvre d\u2019un programme de souverainete\u0301 alimentaire afin de soulager les me\u0301nages.<\/p>\n<p>Alla Dieng, directeur exe\u0301cutif de l\u2019Unacois Yessal, semble avoir fait la me\u0302me re\u0301flexion expliquant que la re\u0301duction des denre\u0301es de premie\u0300re ne\u0301cessite\u0301 ne sera pas facile, dans la mesure ou\u0300 65 % des denre\u0301es alimentaires consomme\u0301es dans notre pays sont importe\u0301es. \u201c<em>Le prix de ces produits de\u0301pend de plusieurs facteurs qui sont le cou\u0302t du baril et du dollar, ce qui rendra cette baisse des prix difficile<\/em>\u201d, a-t-il de\u0301clare\u0301 dans nos colonnes fin avril dernier.<\/p>\n<p>Ainsi, la baisse du cou\u0302t de la vie a e\u0301te\u0301 retarde\u0301e, en raison d\u2019un manque de flexibilite\u0301 et de leviers sur lesquels l\u2019E\u0301tat peut s\u2019appuyer pour faire baisser les prix des denre\u0301es. En effet, lors d\u2019un Conseil des ministres en fin avril, le pre\u0301sident Bassirou Diomaye Diakhar Faye a demande\u0301 a\u0300 son gouvernement de mettre sur pied, d'ici le 15 mai prochain, un plan d\u2019urgence ope\u0301rationnel de lutte contre la vie che\u0300re assorti de mesures hardies de baisse des prix des denre\u0301es de consommation courante ainsi que de certains services essentiels.<\/p>\n<p>Le chef de l\u2019E\u0301tat a demande\u0301 a\u0300 ses services de pre\u0302ter une attention particulie\u0300re sur le syste\u0300me de contro\u0302le des prix au de\u0301tail homologue\u0301s pour le riz, le sucre, l\u2019huile, la farine, le lait et le pain qui sont loin d\u2019e\u0302tre respecte\u0301s sur les marche\u0301s.<\/p>\n<\/div>\n<div class=\"column\">\n<p>Beaucoup d\u2019acteurs e\u0301conomiques et d\u2019experts se sont montre\u0301s sceptiques, en raison de la conjoncture e\u0301conomique. Le pre\u0301ce\u0301dent re\u0301gime avait e\u0301dicte\u0301 un certain nombre de mesures : renonciation a\u0300 des taxes et impo\u0302ts sur des denre\u0301es comme la farine, subvention de denre\u0301es au Se\u0301ne\u0301gal, nume\u0301ro vert, recrutement d\u2019agents de contro\u0302le sur les marche\u0301s, entre autres. Ces mesures n\u2019ont pas empe\u0302che\u0301 la flambe\u0301e des prix sur les marche\u0301s.<\/p>\n<p>Sur ce, des experts pro\u0302nent la mise sur pied de volontaires de consommation pour ve\u0301rifier l\u2019e\u0301tat des prix sur les marche\u0301s. La mise en place d\u2019une politique de prix conseille\u0301s en concertation avec les commerc\u0327ants pourrait aussi constituer une solution pour faire baisser le prix des denre\u0301es de premie\u0300re ne\u0301cessite\u0301.<\/p>\n<p><strong>Les limites fiscales et financie\u0300res dans le processus de re\u0301duction des denre\u0301es de premie\u0300re ne\u0301cessite\u0301<\/strong><\/p>\n<p>Pour l\u2019e\u0301conomiste Meissa Babou, l\u2019E\u0301tat a de\u0301ja\u0300 active\u0301 ce levier fiscal avec la baisse de la TVA sur les produits de denre\u0301es de premie\u0300re ne\u0301cessite\u0301 jusqu\u2019a\u0300 5 %, voire 1 % sans grande conse\u0301quence sur la baisse des prix. \u201c<em>L\u2019E\u0301tat, sous Macky Sall, a fortement baisse\u0301 la fiscalite\u0301 sur les produits alimentaires comme la pomme de terre, le riz parfume\u0301, entre autres. Ainsi, l\u2019E\u0301tat a joue\u0301 sur trois marges : marge des importateurs, marge des grossistes et marge des de\u0301taillants afin d\u2019espe\u0301rer avoir une baisse des produits de base. Mais la plupart du temps, cette baisse n\u2019est pas tre\u0300s significative. La seule issue est d\u2019aller vers une politique d\u2019autosuffisance alimentaire\u201d<\/em>, de\u0301clare-t-il, avant d\u2019indiquer que cette politique n\u2019est pas un reme\u0300de miracle pour une forte baisse des prix, en raison de la cherte\u0301 des prix de l\u2019engrais, de l\u2019ure\u0301e et des pesticides qui augmentent le cou\u0302t de la production locale face aux produits importe\u0301s.<\/p>\n<\/div>\n<div class=\"column\">\n<p>Cette volonte\u0301 de baisse des produits alimentaires doit aussi prendre en compte la mai\u0302trise des de\u0301penses publiques et de contro\u0302le du de\u0301ficit budge\u0301taire, ce qui a pousse\u0301 le gouvernement se\u0301ne\u0301galais a\u0300 donner quelques gages aux institutions de Bretton Woods.<\/p>\n<p>Par ailleurs, la politique de la fin des subventions pro\u0302ne\u0301e par le FMI et la Banque mondiale et la re\u0301duction des de\u0301penses publiques risquent de constituer un de\u0301fi pour le gouvernement, si ce dernier de\u0301cidait de re\u0301tablir les subventions.<\/p>\n<p>En 2023, le gouvernement se\u0301ne\u0301galais s'est engage\u0301 a\u0300 re\u0301duire la de\u0301- pense publique. Ainsi, l\u2019E\u0301tat a re\u0301duit l\u2019enveloppe des subventions pour les produits pe\u0301troliers et l'e\u0301nergie a\u0300 au plus 1 % du PIB fin 2024, avant de les supprimer d\u2019ici 2025. Cette de\u0301cision a du\u0302 permettre, selon plusieurs projections, de re\u0301aliser une e\u0301conomie d\u2019environ 240 milliards F CFA en 2023.<\/p>\n<\/div>\n<div class=\"column\">\n<p>Cette mesure a aussi accentue\u0301 le de\u0301ficit budge\u0301taire, poussant les institutions de Bretton Woods a\u0300 s\u2019alarmer sur les capacite\u0301s de financement du Se\u0301ne\u0301gal, si le de\u0301ficit continuait a\u0300 se creuser. \u201c<em>Cependant, dans l'imme\u0301diat, l'E\u0301tat peut agir sur les factures e\u0301nerge\u0301tiques, en diminuant le cou\u0302t de l'e\u0301lectricite\u0301, ce qui impacte directement les PME, le cou\u0302t de l'eau et du carburant. Ces baisses augmentent le pouvoir d'achat des me\u0301nages et, en me\u0302me temps, diminuent les cou\u0302ts de production de certaines entite\u0301s pour ame\u0301liorer la rentabilite\u0301. L'impact financier peut e\u0302tre tre\u0300s e\u0301leve\u0301 pour les finances publiques, mais la baisse des de\u0301penses publiques va atte\u0301nuer les pertes fiscales<\/em>\u201d, conclut Meissa Babou, enseignant-chercheur a\u0300 l\u2019Ucad.<\/p>\n<\/div>\n<\/div>\n<\/div>\n<div class='share-to-whatsapp-wrapper'><div class='share-on-whsp'>PARTAGER SUR : <\/div><a data-text='LUTTE CONTRE LA CHERTE\u0301 DE LA VIE, BAISSE DU LOYER - Les faibles marges de man\u0153uvre du duo Sonko-Diomaye' data-link='https:\/\/www.nettali.com\/2024\/05\/17\/lutte-contre-la-cherte-de-la-vie-baisse-du-loyer-les-faibles-marges-de-manoeuvre-du-duo-sonko-diomaye\/' class='whatsapp-button whatsapp-share'>WhatsApp<\/a><div class='clear '><\/div><\/div>","protected":false},"excerpt":{"rendered":"<p>NETTALI.COM - Le pre\u0301sident Bassirou Diomaye Faye, qui s\u2019est engage\u0301 a\u0300 re\u0301duire le cou\u0302t de la vie, doit prendre en compte un certain nombre de leviers tels que la baisse de la fiscalite\u0301 sur les denre\u0301es alimentaires et la course vers l\u2019autosuffisance alimentaire. Cette volonte\u0301 d'abaissement des prix des produits de base risque de se [&hellip;]<\/p>\n","protected":false},"author":2,"featured_media":132956,"comment_status":"open","ping_status":"open","sticky":false,"template":"","format":"standard","meta":{"_et_pb_use_builder":"","_et_pb_old_content":""},"categories":[4],"tags":[],"yoast_head":"<!-- This site is optimized with the Yoast SEO Premium plugin v17.8 (Yoast SEO v17.8) - https:\/\/yoast.com\/wordpress\/plugins\/seo\/ -->\n<title>LUTTE CONTRE LA CHERTE\u0301 DE LA VIE, BAISSE DU LOYER - Les faibles marges de man\u0153uvre du duo Sonko-Diomaye | Nettali.com<\/title>\n<meta name=\"robots\" content=\"index, follow, max-snippet:-1, max-image-preview:large, max-video-preview:-1\" \/>\n<link rel=\"canonical\" href=\"https:\/\/www.nettali.com\/2024\/05\/17\/lutte-contre-la-cherte-de-la-vie-baisse-du-loyer-les-faibles-marges-de-manoeuvre-du-duo-sonko-diomaye\/\" \/>\n<meta property=\"og:locale\" content=\"fr_FR\" \/>\n<meta property=\"og:type\" content=\"article\" \/>\n<meta property=\"og:title\" content=\"LUTTE CONTRE LA CHERTE\u0301 DE LA VIE, BAISSE DU LOYER - Les faibles marges de man\u0153uvre du duo Sonko-Diomaye\" \/>\n<meta property=\"og:description\" content=\"NETTALI.COM - Le pre\u0301sident Bassirou Diomaye Faye, qui s\u2019est engage\u0301 a\u0300 re\u0301duire le cou\u0302t de la vie, doit prendre en compte un certain nombre de leviers tels que la baisse de la fiscalite\u0301 sur les denre\u0301es alimentaires et la course vers l\u2019autosuffisance alimentaire. Cette volonte\u0301 d&#039;abaissement des prix des produits de base risque de se [&hellip;]\" \/>\n<meta property=\"og:url\" content=\"https:\/\/www.nettali.com\/2024\/05\/17\/lutte-contre-la-cherte-de-la-vie-baisse-du-loyer-les-faibles-marges-de-manoeuvre-du-duo-sonko-diomaye\/\" \/>\n<meta property=\"og:site_name\" content=\"Nettali.com\" \/>\n<meta property=\"article:publisher\" content=\"https:\/\/www.facebook.com\/nettalicom\" \/>\n<meta property=\"article:published_time\" content=\"2024-05-17T08:02:53+00:00\" \/>\n<meta property=\"article:modified_time\" content=\"2024-05-19T10:56:39+00:00\" \/>\n<meta property=\"og:image\" content=\"https:\/\/www.nettali.com\/wp-content\/uploads\/2024\/05\/AP24083013725353.jpg\" \/>\n\t<meta property=\"og:image:width\" content=\"734\" \/>\n\t<meta property=\"og:image:height\" content=\"490\" \/>\n<meta name=\"twitter:card\" content=\"summary_large_image\" \/>\n<meta name=\"twitter:label1\" content=\"\u00c9crit par\" \/>\n\t<meta name=\"twitter:data1\" content=\"CK\" \/>\n\t<meta name=\"twitter:label2\" content=\"Dur\u00e9e de lecture estim\u00e9e\" \/>\n\t<meta name=\"twitter:data2\" content=\"6 minutes\" \/>\n<script type=\"application\/ld+json\" class=\"yoast-schema-graph\">{\"@context\":\"https:\/\/schema.org\",\"@graph\":[{\"@type\":\"WebSite\",\"@id\":\"https:\/\/www.nettali.com\/#website\",\"url\":\"https:\/\/www.nettali.com\/\",\"name\":\"Nettali.com\",\"description\":\"Le rendez-vous critique du Net\",\"potentialAction\":[{\"@type\":\"SearchAction\",\"target\":{\"@type\":\"EntryPoint\",\"urlTemplate\":\"https:\/\/www.nettali.com\/?s={search_term_string}\"},\"query-input\":\"required name=search_term_string\"}],\"inLanguage\":\"fr-FR\"},{\"@type\":\"ImageObject\",\"@id\":\"https:\/\/www.nettali.com\/2024\/05\/17\/lutte-contre-la-cherte-de-la-vie-baisse-du-loyer-les-faibles-marges-de-manoeuvre-du-duo-sonko-diomaye\/#primaryimage\",\"inLanguage\":\"fr-FR\",\"url\":\"https:\/\/www.nettali.com\/wp-content\/uploads\/2024\/05\/AP24083013725353.jpg\",\"contentUrl\":\"https:\/\/www.nettali.com\/wp-content\/uploads\/2024\/05\/AP24083013725353.jpg\",\"width\":734,\"height\":490},{\"@type\":\"WebPage\",\"@id\":\"https:\/\/www.nettali.com\/2024\/05\/17\/lutte-contre-la-cherte-de-la-vie-baisse-du-loyer-les-faibles-marges-de-manoeuvre-du-duo-sonko-diomaye\/#webpage\",\"url\":\"https:\/\/www.nettali.com\/2024\/05\/17\/lutte-contre-la-cherte-de-la-vie-baisse-du-loyer-les-faibles-marges-de-manoeuvre-du-duo-sonko-diomaye\/\",\"name\":\"LUTTE CONTRE LA CHERTE\\u0301 DE LA VIE, BAISSE DU LOYER - Les faibles marges de man\\u0153uvre du duo Sonko-Diomaye | Nettali.com\",\"isPartOf\":{\"@id\":\"https:\/\/www.nettali.com\/#website\"},\"primaryImageOfPage\":{\"@id\":\"https:\/\/www.nettali.com\/2024\/05\/17\/lutte-contre-la-cherte-de-la-vie-baisse-du-loyer-les-faibles-marges-de-manoeuvre-du-duo-sonko-diomaye\/#primaryimage\"},\"datePublished\":\"2024-05-17T08:02:53+00:00\",\"dateModified\":\"2024-05-19T10:56:39+00:00\",\"author\":{\"@id\":\"https:\/\/www.nettali.com\/#\/schema\/person\/d8ac7b7e27ddad43f1c0d2ef090d7f71\"},\"breadcrumb\":{\"@id\":\"https:\/\/www.nettali.com\/2024\/05\/17\/lutte-contre-la-cherte-de-la-vie-baisse-du-loyer-les-faibles-marges-de-manoeuvre-du-duo-sonko-diomaye\/#breadcrumb\"},\"inLanguage\":\"fr-FR\",\"potentialAction\":[{\"@type\":\"ReadAction\",\"target\":[\"https:\/\/www.nettali.com\/2024\/05\/17\/lutte-contre-la-cherte-de-la-vie-baisse-du-loyer-les-faibles-marges-de-manoeuvre-du-duo-sonko-diomaye\/\"]}]},{\"@type\":\"BreadcrumbList\",\"@id\":\"https:\/\/www.nettali.com\/2024\/05\/17\/lutte-contre-la-cherte-de-la-vie-baisse-du-loyer-les-faibles-marges-de-manoeuvre-du-duo-sonko-diomaye\/#breadcrumb\",\"itemListElement\":[{\"@type\":\"ListItem\",\"position\":1,\"name\":\"Accueil\",\"item\":\"https:\/\/www.nettali.com\/\"},{\"@type\":\"ListItem\",\"position\":2,\"name\":\"LUTTE CONTRE LA CHERTE\\u0301 DE LA VIE, BAISSE DU LOYER - Les faibles marges de man\\u0153uvre du duo Sonko-Diomaye\"}]},{\"@type\":\"Person\",\"@id\":\"https:\/\/www.nettali.com\/#\/schema\/person\/d8ac7b7e27ddad43f1c0d2ef090d7f71\",\"name\":\"CK\",\"image\":{\"@type\":\"ImageObject\",\"@id\":\"https:\/\/www.nettali.com\/#personlogo\",\"inLanguage\":\"fr-FR\",\"url\":\"https:\/\/secure.gravatar.com\/avatar\/1d8d5118b9327d94da7cd4ce7f17fec2?s=96&d=mm&r=g\",\"contentUrl\":\"https:\/\/secure.gravatar.com\/avatar\/1d8d5118b9327d94da7cd4ce7f17fec2?s=96&d=mm&r=g\",\"caption\":\"CK\"},\"sameAs\":[\"https:\/\/www.nettali.com\"]}]}<\/script>\n<!-- \/ Yoast SEO Premium plugin. -->","yoast_head_json":{"title":"LUTTE CONTRE LA CHERTE\u0301 DE LA VIE, BAISSE DU LOYER - Les faibles marges de man\u0153uvre du duo Sonko-Diomaye | Nettali.com","robots":{"index":"index","follow":"follow","max-snippet":"max-snippet:-1","max-image-preview":"max-image-preview:large","max-video-preview":"max-video-preview:-1"},"canonical":"https:\/\/www.nettali.com\/2024\/05\/17\/lutte-contre-la-cherte-de-la-vie-baisse-du-loyer-les-faibles-marges-de-manoeuvre-du-duo-sonko-diomaye\/","og_locale":"fr_FR","og_type":"article","og_title":"LUTTE CONTRE LA CHERTE\u0301 DE LA VIE, BAISSE DU LOYER - Les faibles marges de man\u0153uvre du duo Sonko-Diomaye","og_description":"NETTALI.COM - Le pre\u0301sident Bassirou Diomaye Faye, qui s\u2019est engage\u0301 a\u0300 re\u0301duire le cou\u0302t de la vie, doit prendre en compte un certain nombre de leviers tels que la baisse de la fiscalite\u0301 sur les denre\u0301es alimentaires et la course vers l\u2019autosuffisance alimentaire. Cette volonte\u0301 d'abaissement des prix des produits de base risque de se [&hellip;]","og_url":"https:\/\/www.nettali.com\/2024\/05\/17\/lutte-contre-la-cherte-de-la-vie-baisse-du-loyer-les-faibles-marges-de-manoeuvre-du-duo-sonko-diomaye\/","og_site_name":"Nettali.com","article_publisher":"https:\/\/www.facebook.com\/nettalicom","article_published_time":"2024-05-17T08:02:53+00:00","article_modified_time":"2024-05-19T10:56:39+00:00","og_image":[{"width":734,"height":490,"url":"https:\/\/www.nettali.com\/wp-content\/uploads\/2024\/05\/AP24083013725353.jpg","type":"image\/jpeg"}],"twitter_card":"summary_large_image","twitter_misc":{"\u00c9crit par":"CK","Dur\u00e9e de lecture estim\u00e9e":"6 minutes"},"schema":{"@context":"https:\/\/schema.org","@graph":[{"@type":"WebSite","@id":"https:\/\/www.nettali.com\/#website","url":"https:\/\/www.nettali.com\/","name":"Nettali.com","description":"Le rendez-vous critique du Net","potentialAction":[{"@type":"SearchAction","target":{"@type":"EntryPoint","urlTemplate":"https:\/\/www.nettali.com\/?s={search_term_string}"},"query-input":"required name=search_term_string"}],"inLanguage":"fr-FR"},{"@type":"ImageObject","@id":"https:\/\/www.nettali.com\/2024\/05\/17\/lutte-contre-la-cherte-de-la-vie-baisse-du-loyer-les-faibles-marges-de-manoeuvre-du-duo-sonko-diomaye\/#primaryimage","inLanguage":"fr-FR","url":"https:\/\/www.nettali.com\/wp-content\/uploads\/2024\/05\/AP24083013725353.jpg","contentUrl":"https:\/\/www.nettali.com\/wp-content\/uploads\/2024\/05\/AP24083013725353.jpg","width":734,"height":490},{"@type":"WebPage","@id":"https:\/\/www.nettali.com\/2024\/05\/17\/lutte-contre-la-cherte-de-la-vie-baisse-du-loyer-les-faibles-marges-de-manoeuvre-du-duo-sonko-diomaye\/#webpage","url":"https:\/\/www.nettali.com\/2024\/05\/17\/lutte-contre-la-cherte-de-la-vie-baisse-du-loyer-les-faibles-marges-de-manoeuvre-du-duo-sonko-diomaye\/","name":"LUTTE CONTRE LA CHERTE\u0301 DE LA VIE, BAISSE DU LOYER - Les faibles marges de man\u0153uvre du duo Sonko-Diomaye | Nettali.com","isPartOf":{"@id":"https:\/\/www.nettali.com\/#website"},"primaryImageOfPage":{"@id":"https:\/\/www.nettali.com\/2024\/05\/17\/lutte-contre-la-cherte-de-la-vie-baisse-du-loyer-les-faibles-marges-de-manoeuvre-du-duo-sonko-diomaye\/#primaryimage"},"datePublished":"2024-05-17T08:02:53+00:00","dateModified":"2024-05-19T10:56:39+00:00","author":{"@id":"https:\/\/www.nettali.com\/#\/schema\/person\/d8ac7b7e27ddad43f1c0d2ef090d7f71"},"breadcrumb":{"@id":"https:\/\/www.nettali.com\/2024\/05\/17\/lutte-contre-la-cherte-de-la-vie-baisse-du-loyer-les-faibles-marges-de-manoeuvre-du-duo-sonko-diomaye\/#breadcrumb"},"inLanguage":"fr-FR","potentialAction":[{"@type":"ReadAction","target":["https:\/\/www.nettali.com\/2024\/05\/17\/lutte-contre-la-cherte-de-la-vie-baisse-du-loyer-les-faibles-marges-de-manoeuvre-du-duo-sonko-diomaye\/"]}]},{"@type":"BreadcrumbList","@id":"https:\/\/www.nettali.com\/2024\/05\/17\/lutte-contre-la-cherte-de-la-vie-baisse-du-loyer-les-faibles-marges-de-manoeuvre-du-duo-sonko-diomaye\/#breadcrumb","itemListElement":[{"@type":"ListItem","position":1,"name":"Accueil","item":"https:\/\/www.nettali.com\/"},{"@type":"ListItem","position":2,"name":"LUTTE CONTRE LA CHERTE\u0301 DE LA VIE, BAISSE DU LOYER - Les faibles marges de man\u0153uvre du duo Sonko-Diomaye"}]},{"@type":"Person","@id":"https:\/\/www.nettali.com\/#\/schema\/person\/d8ac7b7e27ddad43f1c0d2ef090d7f71","name":"CK","image":{"@type":"ImageObject","@id":"https:\/\/www.nettali.com\/#personlogo","inLanguage":"fr-FR","url":"https:\/\/secure.gravatar.com\/avatar\/1d8d5118b9327d94da7cd4ce7f17fec2?s=96&d=mm&r=g","contentUrl":"https:\/\/secure.gravatar.com\/avatar\/1d8d5118b9327d94da7cd4ce7f17fec2?s=96&d=mm&r=g","caption":"CK"},"sameAs":["https:\/\/www.nettali.com"]}]}},"_links":{"self":[{"href":"https:\/\/www.nettali.com\/rest\/wp\/v2\/posts\/133511"}],"collection":[{"href":"https:\/\/www.nettali.com\/rest\/wp\/v2\/posts"}],"about":[{"href":"https:\/\/www.nettali.com\/rest\/wp\/v2\/types\/post"}],"author":[{"embeddable":true,"href":"https:\/\/www.nettali.com\/rest\/wp\/v2\/users\/2"}],"replies":[{"embeddable":true,"href":"https:\/\/www.nettali.com\/rest\/wp\/v2\/comments?post=133511"}],"version-history":[{"count":1,"href":"https:\/\/www.nettali.com\/rest\/wp\/v2\/posts\/133511\/revisions"}],"predecessor-version":[{"id":133512,"href":"https:\/\/www.nettali.com\/rest\/wp\/v2\/posts\/133511\/revisions\/133512"}],"wp:featuredmedia":[{"embeddable":true,"href":"https:\/\/www.nettali.com\/rest\/wp\/v2\/media\/132956"}],"wp:attachment":[{"href":"https:\/\/www.nettali.com\/rest\/wp\/v2\/media?parent=133511"}],"wp:term":[{"taxonomy":"category","embeddable":true,"href":"https:\/\/www.nettali.com\/rest\/wp\/v2\/categories?post=133511"},{"taxonomy":"post_tag","embeddable":true,"href":"https:\/\/www.nettali.com\/rest\/wp\/v2\/tags?post=133511"}],"curies":[{"name":"wp","href":"https:\/\/api.w.org\/{rel}","templated":true}]}}