{"id":133500,"date":"2024-05-17T00:41:07","date_gmt":"2024-05-17T00:41:07","guid":{"rendered":"https:\/\/www.nettali.com\/?p=133500"},"modified":"2024-05-17T07:39:24","modified_gmt":"2024-05-17T07:39:24","slug":"en-coulisses-sonko-veut-debarquer-a-paris-avec-ses-deux-damn","status":"publish","type":"post","link":"https:\/\/www.nettali.com\/2024\/05\/17\/en-coulisses-sonko-veut-debarquer-a-paris-avec-ses-deux-damn\/","title":{"rendered":"EN COULISSES - Sonko veut d\u00e9barquer \u00e0 Paris avec ses deux dames"},"content":{"rendered":"<p><strong>NETTALI.COM - Ousmane Sonko dit respecter la position de l'Occident sur la polygamie. Et il souhaite que les dirigeants occidentaux en fassent de m\u00eame pour l'Afrique.\u00a0<\/strong><\/p>\n<p>Jean-Luc M\u00e9lenchon est oppos\u00e9 \u00e0 la polygamie. Une position qu'il d\u00e9fend m\u00eame en tant qu'invit\u00e9 d'un pays dont le Pr\u00e9sident et le Premier ministre sont tous les deux polygames. Mais la position du patron des \"Insoumis\" ne g\u00eane pas Ousmane Sonko. Ce dernier souhaite juste que chacun respecte le choix de l'autre.<\/p>\n<p>\"<em>Il est possible de dialoguer de tout, de constater nos d\u00e9saccords et de capitaliser sur nos convergences<\/em>\", a dit Ousmane Sonko en r\u00e9ponse \u00e0 Jean-Luc M\u00e9lenchon. Mais le leader de Pastef ajoute: \"<em>Et c'est l\u00e0 o\u00f9 le b\u00e2t blesse malheureusement.<\/em>\" \"<em>Nous vous conc\u00e9dons votre d\u00e9saccord sur la polygamie. Ce qui ne sous emp\u00eachera pas de d\u00e9barquer \u00e0 Paris avec les deux dames<\/em>\", dit Ousmane Sonko dont les propos sont accueillis par un tonnerre d'applaudissements des \u00e9tudiants massivement pr\u00e9sents \u00e0 la conf\u00e9rence donn\u00e9e ce jeudi \u00e0 l'Universit\u00e9 de Dakar. \"<em>Et nous n'avons pas la pr\u00e9tention de nous prononcer ou de vous interpeller sur votre libert\u00e9 de l\u00e9gif\u00e9rer pour ou contre un ph\u00e9nom\u00e8ne. Mais l\u00e0 o\u00f9 le b\u00e2t bless\u00e9, c'est que dans le sens inverse, on veut nous refuser ce droit, sur les aspects o\u00f9 on est en d\u00e9saccord, de l\u00e9gif\u00e9rer ou de ne pas l\u00e9gif\u00e9rer. C'est \u00e7a l'intol\u00e9rance justement et c'est \u00e7a que nous n'accepterons plus<\/em>\", martl\u00e8le Ousmane Sonko.<\/p>\n<div class='share-to-whatsapp-wrapper'><div class='share-on-whsp'>PARTAGER SUR : <\/div><a data-text='EN COULISSES - Sonko veut d\u00e9barquer \u00e0 Paris avec ses deux dames' data-link='https:\/\/www.nettali.com\/2024\/05\/17\/en-coulisses-sonko-veut-debarquer-a-paris-avec-ses-deux-damn\/' class='whatsapp-button whatsapp-share'>WhatsApp<\/a><div class='clear '><\/div><\/div>","protected":false},"excerpt":{"rendered":"<p>NETTALI.COM - Ousmane Sonko dit respecter la position de l'Occident sur la polygamie. Et il souhaite que les dirigeants occidentaux en fassent de m\u00eame pour l'Afrique.\u00a0 Jean-Luc M\u00e9lenchon est oppos\u00e9 \u00e0 la polygamie. Une position qu'il d\u00e9fend m\u00eame en tant qu'invit\u00e9 d'un pays dont le Pr\u00e9sident et le Premier ministre sont tous les deux polygames. [&hellip;]<\/p>\n","protected":false},"author":3,"featured_media":133501,"comment_status":"open","ping_status":"open","sticky":false,"template":"","format":"standard","meta":{"_et_pb_use_builder":"","_et_pb_old_content":""},"categories":[34945],"tags":[],"yoast_head":"<!-- This site is optimized with the Yoast SEO Premium plugin v17.8 (Yoast SEO v17.8) - https:\/\/yoast.com\/wordpress\/plugins\/seo\/ -->\n<title>EN COULISSES - Sonko veut d\u00e9barquer \u00e0 Paris avec ses deux dames | Nettali.com<\/title>\n<meta name=\"robots\" content=\"index, follow, max-snippet:-1, max-image-preview:large, max-video-preview:-1\" \/>\n<link rel=\"canonical\" href=\"https:\/\/www.nettali.com\/2024\/05\/17\/en-coulisses-sonko-veut-debarquer-a-paris-avec-ses-deux-damn\/\" \/>\n<meta property=\"og:locale\" content=\"fr_FR\" \/>\n<meta property=\"og:type\" content=\"article\" \/>\n<meta property=\"og:title\" content=\"EN COULISSES - Sonko veut d\u00e9barquer \u00e0 Paris avec ses deux dames\" \/>\n<meta property=\"og:description\" content=\"NETTALI.COM - Ousmane Sonko dit respecter la position de l&#039;Occident sur la polygamie. Et il souhaite que les dirigeants occidentaux en fassent de m\u00eame pour l&#039;Afrique.\u00a0 Jean-Luc M\u00e9lenchon est oppos\u00e9 \u00e0 la polygamie. Une position qu&#039;il d\u00e9fend m\u00eame en tant qu&#039;invit\u00e9 d&#039;un pays dont le Pr\u00e9sident et le Premier ministre sont tous les deux polygames. [&hellip;]\" \/>\n<meta property=\"og:url\" content=\"https:\/\/www.nettali.com\/2024\/05\/17\/en-coulisses-sonko-veut-debarquer-a-paris-avec-ses-deux-damn\/\" \/>\n<meta property=\"og:site_name\" content=\"Nettali.com\" \/>\n<meta property=\"article:publisher\" content=\"https:\/\/www.facebook.com\/nettalicom\" \/>\n<meta property=\"article:published_time\" content=\"2024-05-17T00:41:07+00:00\" \/>\n<meta property=\"article:modified_time\" content=\"2024-05-17T07:39:24+00:00\" \/>\n<meta property=\"og:image\" content=\"https:\/\/www.nettali.com\/wp-content\/uploads\/2024\/05\/femmes-sonko.jpeg\" \/>\n\t<meta property=\"og:image:width\" content=\"201\" \/>\n\t<meta property=\"og:image:height\" content=\"251\" \/>\n<meta name=\"twitter:card\" content=\"summary_large_image\" \/>\n<meta name=\"twitter:label1\" content=\"\u00c9crit par\" \/>\n\t<meta name=\"twitter:data1\" content=\"Moustapha\" \/>\n\t<meta name=\"twitter:label2\" content=\"Dur\u00e9e de lecture estim\u00e9e\" \/>\n\t<meta name=\"twitter:data2\" content=\"2 minutes\" \/>\n<script type=\"application\/ld+json\" class=\"yoast-schema-graph\">{\"@context\":\"https:\/\/schema.org\",\"@graph\":[{\"@type\":\"WebSite\",\"@id\":\"https:\/\/www.nettali.com\/#website\",\"url\":\"https:\/\/www.nettali.com\/\",\"name\":\"Nettali.com\",\"description\":\"Le rendez-vous critique du Net\",\"potentialAction\":[{\"@type\":\"SearchAction\",\"target\":{\"@type\":\"EntryPoint\",\"urlTemplate\":\"https:\/\/www.nettali.com\/?s={search_term_string}\"},\"query-input\":\"required name=search_term_string\"}],\"inLanguage\":\"fr-FR\"},{\"@type\":\"ImageObject\",\"@id\":\"https:\/\/www.nettali.com\/2024\/05\/17\/en-coulisses-sonko-veut-debarquer-a-paris-avec-ses-deux-damn\/#primaryimage\",\"inLanguage\":\"fr-FR\",\"url\":\"https:\/\/www.nettali.com\/wp-content\/uploads\/2024\/05\/femmes-sonko.jpeg\",\"contentUrl\":\"https:\/\/www.nettali.com\/wp-content\/uploads\/2024\/05\/femmes-sonko.jpeg\",\"width\":201,\"height\":251},{\"@type\":\"WebPage\",\"@id\":\"https:\/\/www.nettali.com\/2024\/05\/17\/en-coulisses-sonko-veut-debarquer-a-paris-avec-ses-deux-damn\/#webpage\",\"url\":\"https:\/\/www.nettali.com\/2024\/05\/17\/en-coulisses-sonko-veut-debarquer-a-paris-avec-ses-deux-damn\/\",\"name\":\"EN COULISSES - Sonko veut d\\u00e9barquer \\u00e0 Paris avec ses deux dames | Nettali.com\",\"isPartOf\":{\"@id\":\"https:\/\/www.nettali.com\/#website\"},\"primaryImageOfPage\":{\"@id\":\"https:\/\/www.nettali.com\/2024\/05\/17\/en-coulisses-sonko-veut-debarquer-a-paris-avec-ses-deux-damn\/#primaryimage\"},\"datePublished\":\"2024-05-17T00:41:07+00:00\",\"dateModified\":\"2024-05-17T07:39:24+00:00\",\"author\":{\"@id\":\"https:\/\/www.nettali.com\/#\/schema\/person\/7962a12a6e0267f88f0ffa544c36469a\"},\"breadcrumb\":{\"@id\":\"https:\/\/www.nettali.com\/2024\/05\/17\/en-coulisses-sonko-veut-debarquer-a-paris-avec-ses-deux-damn\/#breadcrumb\"},\"inLanguage\":\"fr-FR\",\"potentialAction\":[{\"@type\":\"ReadAction\",\"target\":[\"https:\/\/www.nettali.com\/2024\/05\/17\/en-coulisses-sonko-veut-debarquer-a-paris-avec-ses-deux-damn\/\"]}]},{\"@type\":\"BreadcrumbList\",\"@id\":\"https:\/\/www.nettali.com\/2024\/05\/17\/en-coulisses-sonko-veut-debarquer-a-paris-avec-ses-deux-damn\/#breadcrumb\",\"itemListElement\":[{\"@type\":\"ListItem\",\"position\":1,\"name\":\"Accueil\",\"item\":\"https:\/\/www.nettali.com\/\"},{\"@type\":\"ListItem\",\"position\":2,\"name\":\"EN COULISSES - Sonko veut d\\u00e9barquer \\u00e0 Paris avec ses deux dames\"}]},{\"@type\":\"Person\",\"@id\":\"https:\/\/www.nettali.com\/#\/schema\/person\/7962a12a6e0267f88f0ffa544c36469a\",\"name\":\"Moustapha\",\"image\":{\"@type\":\"ImageObject\",\"@id\":\"https:\/\/www.nettali.com\/#personlogo\",\"inLanguage\":\"fr-FR\",\"url\":\"https:\/\/secure.gravatar.com\/avatar\/10fdf6a071cccdcf374e3dbe45159590?s=96&d=mm&r=g\",\"contentUrl\":\"https:\/\/secure.gravatar.com\/avatar\/10fdf6a071cccdcf374e3dbe45159590?s=96&d=mm&r=g\",\"caption\":\"Moustapha\"},\"sameAs\":[\"https:\/\/www.nettali.com\"]}]}<\/script>\n<!-- \/ Yoast SEO Premium plugin. -->","yoast_head_json":{"title":"EN COULISSES - Sonko veut d\u00e9barquer \u00e0 Paris avec ses deux dames | Nettali.com","robots":{"index":"index","follow":"follow","max-snippet":"max-snippet:-1","max-image-preview":"max-image-preview:large","max-video-preview":"max-video-preview:-1"},"canonical":"https:\/\/www.nettali.com\/2024\/05\/17\/en-coulisses-sonko-veut-debarquer-a-paris-avec-ses-deux-damn\/","og_locale":"fr_FR","og_type":"article","og_title":"EN COULISSES - Sonko veut d\u00e9barquer \u00e0 Paris avec ses deux dames","og_description":"NETTALI.COM - Ousmane Sonko dit respecter la position de l'Occident sur la polygamie. Et il souhaite que les dirigeants occidentaux en fassent de m\u00eame pour l'Afrique.\u00a0 Jean-Luc M\u00e9lenchon est oppos\u00e9 \u00e0 la polygamie. Une position qu'il d\u00e9fend m\u00eame en tant qu'invit\u00e9 d'un pays dont le Pr\u00e9sident et le Premier ministre sont tous les deux polygames. [&hellip;]","og_url":"https:\/\/www.nettali.com\/2024\/05\/17\/en-coulisses-sonko-veut-debarquer-a-paris-avec-ses-deux-damn\/","og_site_name":"Nettali.com","article_publisher":"https:\/\/www.facebook.com\/nettalicom","article_published_time":"2024-05-17T00:41:07+00:00","article_modified_time":"2024-05-17T07:39:24+00:00","og_image":[{"width":201,"height":251,"url":"https:\/\/www.nettali.com\/wp-content\/uploads\/2024\/05\/femmes-sonko.jpeg","type":"image\/jpeg"}],"twitter_card":"summary_large_image","twitter_misc":{"\u00c9crit par":"Moustapha","Dur\u00e9e de lecture estim\u00e9e":"2 minutes"},"schema":{"@context":"https:\/\/schema.org","@graph":[{"@type":"WebSite","@id":"https:\/\/www.nettali.com\/#website","url":"https:\/\/www.nettali.com\/","name":"Nettali.com","description":"Le rendez-vous critique du Net","potentialAction":[{"@type":"SearchAction","target":{"@type":"EntryPoint","urlTemplate":"https:\/\/www.nettali.com\/?s={search_term_string}"},"query-input":"required name=search_term_string"}],"inLanguage":"fr-FR"},{"@type":"ImageObject","@id":"https:\/\/www.nettali.com\/2024\/05\/17\/en-coulisses-sonko-veut-debarquer-a-paris-avec-ses-deux-damn\/#primaryimage","inLanguage":"fr-FR","url":"https:\/\/www.nettali.com\/wp-content\/uploads\/2024\/05\/femmes-sonko.jpeg","contentUrl":"https:\/\/www.nettali.com\/wp-content\/uploads\/2024\/05\/femmes-sonko.jpeg","width":201,"height":251},{"@type":"WebPage","@id":"https:\/\/www.nettali.com\/2024\/05\/17\/en-coulisses-sonko-veut-debarquer-a-paris-avec-ses-deux-damn\/#webpage","url":"https:\/\/www.nettali.com\/2024\/05\/17\/en-coulisses-sonko-veut-debarquer-a-paris-avec-ses-deux-damn\/","name":"EN COULISSES - Sonko veut d\u00e9barquer \u00e0 Paris avec ses deux dames | Nettali.com","isPartOf":{"@id":"https:\/\/www.nettali.com\/#website"},"primaryImageOfPage":{"@id":"https:\/\/www.nettali.com\/2024\/05\/17\/en-coulisses-sonko-veut-debarquer-a-paris-avec-ses-deux-damn\/#primaryimage"},"datePublished":"2024-05-17T00:41:07+00:00","dateModified":"2024-05-17T07:39:24+00:00","author":{"@id":"https:\/\/www.nettali.com\/#\/schema\/person\/7962a12a6e0267f88f0ffa544c36469a"},"breadcrumb":{"@id":"https:\/\/www.nettali.com\/2024\/05\/17\/en-coulisses-sonko-veut-debarquer-a-paris-avec-ses-deux-damn\/#breadcrumb"},"inLanguage":"fr-FR","potentialAction":[{"@type":"ReadAction","target":["https:\/\/www.nettali.com\/2024\/05\/17\/en-coulisses-sonko-veut-debarquer-a-paris-avec-ses-deux-damn\/"]}]},{"@type":"BreadcrumbList","@id":"https:\/\/www.nettali.com\/2024\/05\/17\/en-coulisses-sonko-veut-debarquer-a-paris-avec-ses-deux-damn\/#breadcrumb","itemListElement":[{"@type":"ListItem","position":1,"name":"Accueil","item":"https:\/\/www.nettali.com\/"},{"@type":"ListItem","position":2,"name":"EN COULISSES - Sonko veut d\u00e9barquer \u00e0 Paris avec ses deux dames"}]},{"@type":"Person","@id":"https:\/\/www.nettali.com\/#\/schema\/person\/7962a12a6e0267f88f0ffa544c36469a","name":"Moustapha","image":{"@type":"ImageObject","@id":"https:\/\/www.nettali.com\/#personlogo","inLanguage":"fr-FR","url":"https:\/\/secure.gravatar.com\/avatar\/10fdf6a071cccdcf374e3dbe45159590?s=96&d=mm&r=g","contentUrl":"https:\/\/secure.gravatar.com\/avatar\/10fdf6a071cccdcf374e3dbe45159590?s=96&d=mm&r=g","caption":"Moustapha"},"sameAs":["https:\/\/www.nettali.com"]}]}},"_links":{"self":[{"href":"https:\/\/www.nettali.com\/rest\/wp\/v2\/posts\/133500"}],"collection":[{"href":"https:\/\/www.nettali.com\/rest\/wp\/v2\/posts"}],"about":[{"href":"https:\/\/www.nettali.com\/rest\/wp\/v2\/types\/post"}],"author":[{"embeddable":true,"href":"https:\/\/www.nettali.com\/rest\/wp\/v2\/users\/3"}],"replies":[{"embeddable":true,"href":"https:\/\/www.nettali.com\/rest\/wp\/v2\/comments?post=133500"}],"version-history":[{"count":2,"href":"https:\/\/www.nettali.com\/rest\/wp\/v2\/posts\/133500\/revisions"}],"predecessor-version":[{"id":133503,"href":"https:\/\/www.nettali.com\/rest\/wp\/v2\/posts\/133500\/revisions\/133503"}],"wp:featuredmedia":[{"embeddable":true,"href":"https:\/\/www.nettali.com\/rest\/wp\/v2\/media\/133501"}],"wp:attachment":[{"href":"https:\/\/www.nettali.com\/rest\/wp\/v2\/media?parent=133500"}],"wp:term":[{"taxonomy":"category","embeddable":true,"href":"https:\/\/www.nettali.com\/rest\/wp\/v2\/categories?post=133500"},{"taxonomy":"post_tag","embeddable":true,"href":"https:\/\/www.nettali.com\/rest\/wp\/v2\/tags?post=133500"}],"curies":[{"name":"wp","href":"https:\/\/api.w.org\/{rel}","templated":true}]}}