{"id":133357,"date":"2024-05-15T13:15:36","date_gmt":"2024-05-15T13:15:36","guid":{"rendered":"https:\/\/www.nettali.com\/?p=133357"},"modified":"2024-05-15T13:15:36","modified_gmt":"2024-05-15T13:15:36","slug":"el-malick-ndiaye-ministre-des-transports-tous-les-vehicules-qui-ne-sont-pas-aptes-a-disposer-de-la-visite-technique-seront-exclus-de-la-circulation","status":"publish","type":"post","link":"https:\/\/www.nettali.com\/2024\/05\/15\/el-malick-ndiaye-ministre-des-transports-tous-les-vehicules-qui-ne-sont-pas-aptes-a-disposer-de-la-visite-technique-seront-exclus-de-la-circulation\/","title":{"rendered":"EL MALICK NDIAYE,\u00a0 MINISTRE DES TRANSPORTS - \u00ab Tous les v\u00e9hicules qui ne sont pas aptes \u00e0 disposer de la visite technique seront exclus de la circulation\u2026 \u00bb"},"content":{"rendered":"<p><strong>NETTALI.COM - Le minist\u00e8re des Transports veut s\u00e9vir face aux nombreux accidents de la route.<\/strong><\/p>\n<p>Lors de la c\u00e9r\u00e9monie de lancement du Bus Rapid Transit, le ministre des infrastructures, des Transports a\u00e9riens et terrestres a d\u00e9clar\u00e9 que tous les v\u00e9hicules qui ne sont pas aptes \u00e0 disposer de la visite technique, seront exclus de la circulation.<\/p>\n<p>\u00ab<em> Les acteurs, les chauffeurs, tout s\u00e9n\u00e9galais qui a du bon sens, est d\u2019accord qu\u2019un v\u00e9hicule qui ne peut pas avoir une visite technique, ne doit pas rouler. Et \u00e7a nous allons prendre toutes les mesures n\u00e9cessaires. 72% du trafic des v\u00e9hicules au S\u00e9n\u00e9gal sont immatricul\u00e9s \u00e0 Dakar, parmi ces 72%, 62% passent la visite technique et 31% sont m\u00e9connus du service. Ce qui fait qu\u2019il y\u2019a un travail \u00e0 faire pour mettre tous ces v\u00e9hicules hors d\u2019\u00e9tat de nuire<\/em> \u00bb, a fait savoir El Malick Ndiaye .<\/p>\n<div class='share-to-whatsapp-wrapper'><div class='share-on-whsp'>PARTAGER SUR : <\/div><a data-text='EL MALICK NDIAYE,\u00a0 MINISTRE DES TRANSPORTS - \u00ab Tous les v\u00e9hicules qui ne sont pas aptes \u00e0 disposer de la visite technique seront exclus de la circulation\u2026 \u00bb' data-link='https:\/\/www.nettali.com\/2024\/05\/15\/el-malick-ndiaye-ministre-des-transports-tous-les-vehicules-qui-ne-sont-pas-aptes-a-disposer-de-la-visite-technique-seront-exclus-de-la-circulation\/' class='whatsapp-button whatsapp-share'>WhatsApp<\/a><div class='clear '><\/div><\/div>","protected":false},"excerpt":{"rendered":"<p>NETTALI.COM - Le minist\u00e8re des Transports veut s\u00e9vir face aux nombreux accidents de la route. Lors de la c\u00e9r\u00e9monie de lancement du Bus Rapid Transit, le ministre des infrastructures, des Transports a\u00e9riens et terrestres a d\u00e9clar\u00e9 que tous les v\u00e9hicules qui ne sont pas aptes \u00e0 disposer de la visite technique, seront exclus de la [&hellip;]<\/p>\n","protected":false},"author":6,"featured_media":129007,"comment_status":"open","ping_status":"open","sticky":false,"template":"","format":"standard","meta":{"_et_pb_use_builder":"","_et_pb_old_content":""},"categories":[3],"tags":[],"yoast_head":"<!-- This site is optimized with the Yoast SEO Premium plugin v17.8 (Yoast SEO v17.8) - https:\/\/yoast.com\/wordpress\/plugins\/seo\/ -->\n<title>EL MALICK NDIAYE,\u00a0 MINISTRE DES TRANSPORTS - \u00ab Tous les v\u00e9hicules qui ne sont pas aptes \u00e0 disposer de la visite technique seront exclus de la circulation\u2026 \u00bb | Nettali.com<\/title>\n<meta name=\"robots\" content=\"index, follow, max-snippet:-1, max-image-preview:large, max-video-preview:-1\" \/>\n<link rel=\"canonical\" href=\"https:\/\/www.nettali.com\/2024\/05\/15\/el-malick-ndiaye-ministre-des-transports-tous-les-vehicules-qui-ne-sont-pas-aptes-a-disposer-de-la-visite-technique-seront-exclus-de-la-circulation\/\" \/>\n<meta property=\"og:locale\" content=\"fr_FR\" \/>\n<meta property=\"og:type\" content=\"article\" \/>\n<meta property=\"og:title\" content=\"EL MALICK NDIAYE,\u00a0 MINISTRE DES TRANSPORTS - \u00ab Tous les v\u00e9hicules qui ne sont pas aptes \u00e0 disposer de la visite technique seront exclus de la circulation\u2026 \u00bb\" \/>\n<meta property=\"og:description\" content=\"NETTALI.COM - Le minist\u00e8re des Transports veut s\u00e9vir face aux nombreux accidents de la route. Lors de la c\u00e9r\u00e9monie de lancement du Bus Rapid Transit, le ministre des infrastructures, des Transports a\u00e9riens et terrestres a d\u00e9clar\u00e9 que tous les v\u00e9hicules qui ne sont pas aptes \u00e0 disposer de la visite technique, seront exclus de la [&hellip;]\" \/>\n<meta property=\"og:url\" content=\"https:\/\/www.nettali.com\/2024\/05\/15\/el-malick-ndiaye-ministre-des-transports-tous-les-vehicules-qui-ne-sont-pas-aptes-a-disposer-de-la-visite-technique-seront-exclus-de-la-circulation\/\" \/>\n<meta property=\"og:site_name\" content=\"Nettali.com\" \/>\n<meta property=\"article:publisher\" content=\"https:\/\/www.facebook.com\/nettalicom\" \/>\n<meta property=\"article:published_time\" content=\"2024-05-15T13:15:36+00:00\" \/>\n<meta property=\"og:image\" content=\"https:\/\/www.nettali.com\/wp-content\/uploads\/2024\/03\/El-Malick-Ndiaye-e1679940258930-990x564-1.jpg\" \/>\n\t<meta property=\"og:image:width\" content=\"990\" \/>\n\t<meta property=\"og:image:height\" content=\"564\" \/>\n<meta name=\"twitter:card\" content=\"summary_large_image\" \/>\n<meta name=\"twitter:label1\" content=\"\u00c9crit par\" \/>\n\t<meta name=\"twitter:data1\" content=\"Fatou\" \/>\n\t<meta name=\"twitter:label2\" content=\"Dur\u00e9e de lecture estim\u00e9e\" \/>\n\t<meta name=\"twitter:data2\" content=\"1 minute\" \/>\n<script type=\"application\/ld+json\" class=\"yoast-schema-graph\">{\"@context\":\"https:\/\/schema.org\",\"@graph\":[{\"@type\":\"WebSite\",\"@id\":\"https:\/\/www.nettali.com\/#website\",\"url\":\"https:\/\/www.nettali.com\/\",\"name\":\"Nettali.com\",\"description\":\"Le rendez-vous critique du Net\",\"potentialAction\":[{\"@type\":\"SearchAction\",\"target\":{\"@type\":\"EntryPoint\",\"urlTemplate\":\"https:\/\/www.nettali.com\/?s={search_term_string}\"},\"query-input\":\"required name=search_term_string\"}],\"inLanguage\":\"fr-FR\"},{\"@type\":\"ImageObject\",\"@id\":\"https:\/\/www.nettali.com\/2024\/05\/15\/el-malick-ndiaye-ministre-des-transports-tous-les-vehicules-qui-ne-sont-pas-aptes-a-disposer-de-la-visite-technique-seront-exclus-de-la-circulation\/#primaryimage\",\"inLanguage\":\"fr-FR\",\"url\":\"https:\/\/www.nettali.com\/wp-content\/uploads\/2024\/03\/El-Malick-Ndiaye-e1679940258930-990x564-1.jpg\",\"contentUrl\":\"https:\/\/www.nettali.com\/wp-content\/uploads\/2024\/03\/El-Malick-Ndiaye-e1679940258930-990x564-1.jpg\",\"width\":990,\"height\":564},{\"@type\":\"WebPage\",\"@id\":\"https:\/\/www.nettali.com\/2024\/05\/15\/el-malick-ndiaye-ministre-des-transports-tous-les-vehicules-qui-ne-sont-pas-aptes-a-disposer-de-la-visite-technique-seront-exclus-de-la-circulation\/#webpage\",\"url\":\"https:\/\/www.nettali.com\/2024\/05\/15\/el-malick-ndiaye-ministre-des-transports-tous-les-vehicules-qui-ne-sont-pas-aptes-a-disposer-de-la-visite-technique-seront-exclus-de-la-circulation\/\",\"name\":\"EL MALICK NDIAYE,\\u00a0 MINISTRE DES TRANSPORTS - \\u00ab Tous les v\\u00e9hicules qui ne sont pas aptes \\u00e0 disposer de la visite technique seront exclus de la circulation\\u2026 \\u00bb | Nettali.com\",\"isPartOf\":{\"@id\":\"https:\/\/www.nettali.com\/#website\"},\"primaryImageOfPage\":{\"@id\":\"https:\/\/www.nettali.com\/2024\/05\/15\/el-malick-ndiaye-ministre-des-transports-tous-les-vehicules-qui-ne-sont-pas-aptes-a-disposer-de-la-visite-technique-seront-exclus-de-la-circulation\/#primaryimage\"},\"datePublished\":\"2024-05-15T13:15:36+00:00\",\"dateModified\":\"2024-05-15T13:15:36+00:00\",\"author\":{\"@id\":\"https:\/\/www.nettali.com\/#\/schema\/person\/418274a86bdf87caff7a3ef476bd0bbf\"},\"breadcrumb\":{\"@id\":\"https:\/\/www.nettali.com\/2024\/05\/15\/el-malick-ndiaye-ministre-des-transports-tous-les-vehicules-qui-ne-sont-pas-aptes-a-disposer-de-la-visite-technique-seront-exclus-de-la-circulation\/#breadcrumb\"},\"inLanguage\":\"fr-FR\",\"potentialAction\":[{\"@type\":\"ReadAction\",\"target\":[\"https:\/\/www.nettali.com\/2024\/05\/15\/el-malick-ndiaye-ministre-des-transports-tous-les-vehicules-qui-ne-sont-pas-aptes-a-disposer-de-la-visite-technique-seront-exclus-de-la-circulation\/\"]}]},{\"@type\":\"BreadcrumbList\",\"@id\":\"https:\/\/www.nettali.com\/2024\/05\/15\/el-malick-ndiaye-ministre-des-transports-tous-les-vehicules-qui-ne-sont-pas-aptes-a-disposer-de-la-visite-technique-seront-exclus-de-la-circulation\/#breadcrumb\",\"itemListElement\":[{\"@type\":\"ListItem\",\"position\":1,\"name\":\"Accueil\",\"item\":\"https:\/\/www.nettali.com\/\"},{\"@type\":\"ListItem\",\"position\":2,\"name\":\"EL MALICK NDIAYE,\\u00a0 MINISTRE DES TRANSPORTS - \\u00ab Tous les v\\u00e9hicules qui ne sont pas aptes \\u00e0 disposer de la visite technique seront exclus de la circulation\\u2026 \\u00bb\"}]},{\"@type\":\"Person\",\"@id\":\"https:\/\/www.nettali.com\/#\/schema\/person\/418274a86bdf87caff7a3ef476bd0bbf\",\"name\":\"Fatou\",\"image\":{\"@type\":\"ImageObject\",\"@id\":\"https:\/\/www.nettali.com\/#personlogo\",\"inLanguage\":\"fr-FR\",\"url\":\"https:\/\/secure.gravatar.com\/avatar\/5a9442a2bee7b4dcf167cab035858e9a?s=96&d=mm&r=g\",\"contentUrl\":\"https:\/\/secure.gravatar.com\/avatar\/5a9442a2bee7b4dcf167cab035858e9a?s=96&d=mm&r=g\",\"caption\":\"Fatou\"},\"sameAs\":[\"https:\/\/www.nettali.com\"]}]}<\/script>\n<!-- \/ Yoast SEO Premium plugin. -->","yoast_head_json":{"title":"EL MALICK NDIAYE,\u00a0 MINISTRE DES TRANSPORTS - \u00ab Tous les v\u00e9hicules qui ne sont pas aptes \u00e0 disposer de la visite technique seront exclus de la circulation\u2026 \u00bb | Nettali.com","robots":{"index":"index","follow":"follow","max-snippet":"max-snippet:-1","max-image-preview":"max-image-preview:large","max-video-preview":"max-video-preview:-1"},"canonical":"https:\/\/www.nettali.com\/2024\/05\/15\/el-malick-ndiaye-ministre-des-transports-tous-les-vehicules-qui-ne-sont-pas-aptes-a-disposer-de-la-visite-technique-seront-exclus-de-la-circulation\/","og_locale":"fr_FR","og_type":"article","og_title":"EL MALICK NDIAYE,\u00a0 MINISTRE DES TRANSPORTS - \u00ab Tous les v\u00e9hicules qui ne sont pas aptes \u00e0 disposer de la visite technique seront exclus de la circulation\u2026 \u00bb","og_description":"NETTALI.COM - Le minist\u00e8re des Transports veut s\u00e9vir face aux nombreux accidents de la route. Lors de la c\u00e9r\u00e9monie de lancement du Bus Rapid Transit, le ministre des infrastructures, des Transports a\u00e9riens et terrestres a d\u00e9clar\u00e9 que tous les v\u00e9hicules qui ne sont pas aptes \u00e0 disposer de la visite technique, seront exclus de la [&hellip;]","og_url":"https:\/\/www.nettali.com\/2024\/05\/15\/el-malick-ndiaye-ministre-des-transports-tous-les-vehicules-qui-ne-sont-pas-aptes-a-disposer-de-la-visite-technique-seront-exclus-de-la-circulation\/","og_site_name":"Nettali.com","article_publisher":"https:\/\/www.facebook.com\/nettalicom","article_published_time":"2024-05-15T13:15:36+00:00","og_image":[{"width":990,"height":564,"url":"https:\/\/www.nettali.com\/wp-content\/uploads\/2024\/03\/El-Malick-Ndiaye-e1679940258930-990x564-1.jpg","type":"image\/jpeg"}],"twitter_card":"summary_large_image","twitter_misc":{"\u00c9crit par":"Fatou","Dur\u00e9e de lecture estim\u00e9e":"1 minute"},"schema":{"@context":"https:\/\/schema.org","@graph":[{"@type":"WebSite","@id":"https:\/\/www.nettali.com\/#website","url":"https:\/\/www.nettali.com\/","name":"Nettali.com","description":"Le rendez-vous critique du Net","potentialAction":[{"@type":"SearchAction","target":{"@type":"EntryPoint","urlTemplate":"https:\/\/www.nettali.com\/?s={search_term_string}"},"query-input":"required name=search_term_string"}],"inLanguage":"fr-FR"},{"@type":"ImageObject","@id":"https:\/\/www.nettali.com\/2024\/05\/15\/el-malick-ndiaye-ministre-des-transports-tous-les-vehicules-qui-ne-sont-pas-aptes-a-disposer-de-la-visite-technique-seront-exclus-de-la-circulation\/#primaryimage","inLanguage":"fr-FR","url":"https:\/\/www.nettali.com\/wp-content\/uploads\/2024\/03\/El-Malick-Ndiaye-e1679940258930-990x564-1.jpg","contentUrl":"https:\/\/www.nettali.com\/wp-content\/uploads\/2024\/03\/El-Malick-Ndiaye-e1679940258930-990x564-1.jpg","width":990,"height":564},{"@type":"WebPage","@id":"https:\/\/www.nettali.com\/2024\/05\/15\/el-malick-ndiaye-ministre-des-transports-tous-les-vehicules-qui-ne-sont-pas-aptes-a-disposer-de-la-visite-technique-seront-exclus-de-la-circulation\/#webpage","url":"https:\/\/www.nettali.com\/2024\/05\/15\/el-malick-ndiaye-ministre-des-transports-tous-les-vehicules-qui-ne-sont-pas-aptes-a-disposer-de-la-visite-technique-seront-exclus-de-la-circulation\/","name":"EL MALICK NDIAYE,\u00a0 MINISTRE DES TRANSPORTS - \u00ab Tous les v\u00e9hicules qui ne sont pas aptes \u00e0 disposer de la visite technique seront exclus de la circulation\u2026 \u00bb | Nettali.com","isPartOf":{"@id":"https:\/\/www.nettali.com\/#website"},"primaryImageOfPage":{"@id":"https:\/\/www.nettali.com\/2024\/05\/15\/el-malick-ndiaye-ministre-des-transports-tous-les-vehicules-qui-ne-sont-pas-aptes-a-disposer-de-la-visite-technique-seront-exclus-de-la-circulation\/#primaryimage"},"datePublished":"2024-05-15T13:15:36+00:00","dateModified":"2024-05-15T13:15:36+00:00","author":{"@id":"https:\/\/www.nettali.com\/#\/schema\/person\/418274a86bdf87caff7a3ef476bd0bbf"},"breadcrumb":{"@id":"https:\/\/www.nettali.com\/2024\/05\/15\/el-malick-ndiaye-ministre-des-transports-tous-les-vehicules-qui-ne-sont-pas-aptes-a-disposer-de-la-visite-technique-seront-exclus-de-la-circulation\/#breadcrumb"},"inLanguage":"fr-FR","potentialAction":[{"@type":"ReadAction","target":["https:\/\/www.nettali.com\/2024\/05\/15\/el-malick-ndiaye-ministre-des-transports-tous-les-vehicules-qui-ne-sont-pas-aptes-a-disposer-de-la-visite-technique-seront-exclus-de-la-circulation\/"]}]},{"@type":"BreadcrumbList","@id":"https:\/\/www.nettali.com\/2024\/05\/15\/el-malick-ndiaye-ministre-des-transports-tous-les-vehicules-qui-ne-sont-pas-aptes-a-disposer-de-la-visite-technique-seront-exclus-de-la-circulation\/#breadcrumb","itemListElement":[{"@type":"ListItem","position":1,"name":"Accueil","item":"https:\/\/www.nettali.com\/"},{"@type":"ListItem","position":2,"name":"EL MALICK NDIAYE,\u00a0 MINISTRE DES TRANSPORTS - \u00ab Tous les v\u00e9hicules qui ne sont pas aptes \u00e0 disposer de la visite technique seront exclus de la circulation\u2026 \u00bb"}]},{"@type":"Person","@id":"https:\/\/www.nettali.com\/#\/schema\/person\/418274a86bdf87caff7a3ef476bd0bbf","name":"Fatou","image":{"@type":"ImageObject","@id":"https:\/\/www.nettali.com\/#personlogo","inLanguage":"fr-FR","url":"https:\/\/secure.gravatar.com\/avatar\/5a9442a2bee7b4dcf167cab035858e9a?s=96&d=mm&r=g","contentUrl":"https:\/\/secure.gravatar.com\/avatar\/5a9442a2bee7b4dcf167cab035858e9a?s=96&d=mm&r=g","caption":"Fatou"},"sameAs":["https:\/\/www.nettali.com"]}]}},"_links":{"self":[{"href":"https:\/\/www.nettali.com\/rest\/wp\/v2\/posts\/133357"}],"collection":[{"href":"https:\/\/www.nettali.com\/rest\/wp\/v2\/posts"}],"about":[{"href":"https:\/\/www.nettali.com\/rest\/wp\/v2\/types\/post"}],"author":[{"embeddable":true,"href":"https:\/\/www.nettali.com\/rest\/wp\/v2\/users\/6"}],"replies":[{"embeddable":true,"href":"https:\/\/www.nettali.com\/rest\/wp\/v2\/comments?post=133357"}],"version-history":[{"count":3,"href":"https:\/\/www.nettali.com\/rest\/wp\/v2\/posts\/133357\/revisions"}],"predecessor-version":[{"id":133365,"href":"https:\/\/www.nettali.com\/rest\/wp\/v2\/posts\/133357\/revisions\/133365"}],"wp:featuredmedia":[{"embeddable":true,"href":"https:\/\/www.nettali.com\/rest\/wp\/v2\/media\/129007"}],"wp:attachment":[{"href":"https:\/\/www.nettali.com\/rest\/wp\/v2\/media?parent=133357"}],"wp:term":[{"taxonomy":"category","embeddable":true,"href":"https:\/\/www.nettali.com\/rest\/wp\/v2\/categories?post=133357"},{"taxonomy":"post_tag","embeddable":true,"href":"https:\/\/www.nettali.com\/rest\/wp\/v2\/tags?post=133357"}],"curies":[{"name":"wp","href":"https:\/\/api.w.org\/{rel}","templated":true}]}}