{"id":133251,"date":"2024-05-14T06:41:30","date_gmt":"2024-05-14T06:41:30","guid":{"rendered":"https:\/\/www.nettali.com\/?p=133251"},"modified":"2024-05-14T06:41:30","modified_gmt":"2024-05-14T06:41:30","slug":"plan-senegal-emergent-vs-projet-de-rupture-systemique-la-reponse-de-ayib-daffe","status":"publish","type":"post","link":"https:\/\/www.nettali.com\/2024\/05\/14\/plan-senegal-emergent-vs-projet-de-rupture-systemique-la-reponse-de-ayib-daffe\/","title":{"rendered":"PLAN SENEGAL EMERGENT vs PROJET DE RUPTURE SYSTEMIQUE - La r\u00e9ponse de Ayib Daff\u00e9"},"content":{"rendered":"<div class=\"page\" title=\"Page 2\">\n<div class=\"layoutArea\">\n<div class=\"column\">\n<p><strong>NETTALI.COM -<\/strong> La bataille est e\u0301pique entre les tenants du Plan Se\u0301ne\u0301gal e\u0301mergent (PSE), re\u0301fe\u0301rentiel des politiques publiques du re\u0301gime sortant de Macky Sall et les porteurs du Projet de rupture syste\u0301mique, matrice des politiques de de\u0301veloppement socioe\u0301conomique porte\u0301 par le 5e pre\u0301sident de la Re\u0301publique Bassirou Diomaye Diakhar Faye et son Premier ministre Ousmane Sonko.<\/p>\n<p>Aux critiques des cadres de l\u2019APR pointant du doigt les limites du nouveau re\u0301gime, le secre\u0301taire ge\u0301ne\u0301ral par inte\u0301rim de Pastef\/Les patriotes ne les comprend pas du tout. \u201c<em>La nouvelle opposition est dans la pre\u0301cipitation et l\u2019empressement et cherche a\u0300 trouver un nouveau discours. C\u2019est du babillage politique. Porter ces re\u0301criminations pour un E\u0301tat qui vient a\u0300 peine de boucler un mois d\u2019exercice. C\u2019est pourquoi il faut e\u0302tre indulgent avec <\/em><em>elle<\/em>\u201d, a de\u0301clare\u0301 le de\u0301pute\u0301 Mohamed Ayib Daffe\u0301.<\/p>\n<p>Selon le pre\u0301sident de la Commission des de\u0301le\u0301gations a\u0300 l\u2019Assemble\u0301e nationale, \u201c<em>le nouveau re\u0301gime a clairement annonce\u0301 qu\u2019il ne va pas continuer avec le PSE. Il est en train d\u2019e\u0301laborer le Projet de transformation syste\u0301mique. Ce nouveau re\u0301fe\u0301rentiel qui sera la matrice des politiques publiques avec des orientations et des actions pre\u0301cises. Dans le document du Projet du pre\u0301sident Diomaye Faye, \u201cil y a une vision, cinq axes strate\u0301giques et 15 orientations avec des de\u0301lais de re\u0301alisation pre\u0301cis et il sera ope\u0301rationnalise\u0301 dans le cadre de planification conforme\u0301ment au syste\u0300me national de planification<\/em>\u201d, a-t-il poursuivi.<\/p>\n<div class=\"page\" title=\"Page 2\">\n<div class=\"layoutArea\">\n<div class=\"column\">\n<p>Par conse\u0301quent, \u201c<em>soit ils ne comprennent pas le fonctionnement de l\u2019E\u0301tat, soit ils feignent d\u2019ignorer<\/em>\u201d, leur a-t-il fait savoir. Pour leur gouverne, il leur rappellera qu\u201d\u2019<em>un programme politique porte\u0301 par un candidat, quand vous acce\u0301dez au pouvoir, il faut le cadrer, l\u2019e\u0301laborer selon le canevas de planification, de programmation et de budge\u0301tisation et de suivi- e\u0301valuation de\u0301finis par la loi portant syste\u0300me de planification nationale et un cadre de programmation budge\u0301taire (LFI, directives de l\u2019UEMOA avec la gestion acce\u0300s sur les re\u0301sultats). On doit tenir compte de tout cela<\/em>\u201d.<\/p>\n<p>Aussi, \u201c<em>le Projet, qui n\u2019est ni la Bible ni le Coran, sera mis en \u0153uvre et ses insuffisances seront ame\u0301liore\u0301es<\/em>\u201d, a-t-il pre\u0301cise\u0301. En outre, \u201c<em>le Projet est a\u0300 ne pas confondre avec le programme que l\u2019E\u0301tat du Se\u0301ne\u0301gal a ne\u0301gocie\u0301 avec le FMI. En validant en toute souverainete\u0301 le programme conjoint (facilite\u0301 e\u0301largie de cre\u0301dit, me\u0301canisme e\u0301largi de cre\u0301dit et facilite\u0301 de re\u0301silience et de durabilite\u0301) qui e\u0301pouse les objectifs strate\u0301giques du pro- gramme du pre\u0301sident de la Re\u0301publique pour le plan d\u2019action gouvernemental et pour le re\u0301fe\u0301rentiel qui sera e\u0301labore\u0301 a\u0300 la fin du 3e trimestre 2024, le Se\u0301ne\u0301gal, membre du Fonds, a engage\u0301 sa signature. Suivant le principe de la continuite\u0301 de l\u2019E\u0301tat, le gouverne- ment a de\u0301cide\u0301 de le poursuivre. Des ajustements seront effectue\u0301s avec la LFR qui sera soumise a\u0300 l\u2019Assemble\u0301e avant la fin de la session pre\u0301vue en juin prochain et les premiers effets des ruptures annonce\u0301es verront le jour<\/em>\u201d, a-t-il assure\u0301.<\/p>\n<\/div>\n<\/div>\n<\/div>\n<\/div>\n<\/div>\n<\/div>\n<div class='share-to-whatsapp-wrapper'><div class='share-on-whsp'>PARTAGER SUR : <\/div><a data-text='PLAN SENEGAL EMERGENT vs PROJET DE RUPTURE SYSTEMIQUE - La r\u00e9ponse de Ayib Daff\u00e9' data-link='https:\/\/www.nettali.com\/2024\/05\/14\/plan-senegal-emergent-vs-projet-de-rupture-systemique-la-reponse-de-ayib-daffe\/' class='whatsapp-button whatsapp-share'>WhatsApp<\/a><div class='clear '><\/div><\/div>","protected":false},"excerpt":{"rendered":"<p>NETTALI.COM - La bataille est e\u0301pique entre les tenants du Plan Se\u0301ne\u0301gal e\u0301mergent (PSE), re\u0301fe\u0301rentiel des politiques publiques du re\u0301gime sortant de Macky Sall et les porteurs du Projet de rupture syste\u0301mique, matrice des politiques de de\u0301veloppement socioe\u0301conomique porte\u0301 par le 5e pre\u0301sident de la Re\u0301publique Bassirou Diomaye Diakhar Faye et son Premier ministre Ousmane [&hellip;]<\/p>\n","protected":false},"author":2,"featured_media":133252,"comment_status":"open","ping_status":"open","sticky":false,"template":"","format":"standard","meta":{"_et_pb_use_builder":"","_et_pb_old_content":""},"categories":[2],"tags":[],"yoast_head":"<!-- This site is optimized with the Yoast SEO Premium plugin v17.8 (Yoast SEO v17.8) - https:\/\/yoast.com\/wordpress\/plugins\/seo\/ -->\n<title>PLAN SENEGAL EMERGENT vs PROJET DE RUPTURE SYSTEMIQUE - La r\u00e9ponse de Ayib Daff\u00e9 | Nettali.com<\/title>\n<meta name=\"robots\" content=\"index, follow, max-snippet:-1, max-image-preview:large, max-video-preview:-1\" \/>\n<link rel=\"canonical\" href=\"https:\/\/www.nettali.com\/2024\/05\/14\/plan-senegal-emergent-vs-projet-de-rupture-systemique-la-reponse-de-ayib-daffe\/\" \/>\n<meta property=\"og:locale\" content=\"fr_FR\" \/>\n<meta property=\"og:type\" content=\"article\" \/>\n<meta property=\"og:title\" content=\"PLAN SENEGAL EMERGENT vs PROJET DE RUPTURE SYSTEMIQUE - La r\u00e9ponse de Ayib Daff\u00e9\" \/>\n<meta property=\"og:description\" content=\"NETTALI.COM - La bataille est e\u0301pique entre les tenants du Plan Se\u0301ne\u0301gal e\u0301mergent (PSE), re\u0301fe\u0301rentiel des politiques publiques du re\u0301gime sortant de Macky Sall et les porteurs du Projet de rupture syste\u0301mique, matrice des politiques de de\u0301veloppement socioe\u0301conomique porte\u0301 par le 5e pre\u0301sident de la Re\u0301publique Bassirou Diomaye Diakhar Faye et son Premier ministre Ousmane [&hellip;]\" \/>\n<meta property=\"og:url\" content=\"https:\/\/www.nettali.com\/2024\/05\/14\/plan-senegal-emergent-vs-projet-de-rupture-systemique-la-reponse-de-ayib-daffe\/\" \/>\n<meta property=\"og:site_name\" content=\"Nettali.com\" \/>\n<meta property=\"article:publisher\" content=\"https:\/\/www.facebook.com\/nettalicom\" \/>\n<meta property=\"article:published_time\" content=\"2024-05-14T06:41:30+00:00\" \/>\n<meta property=\"og:image\" content=\"https:\/\/www.nettali.com\/wp-content\/uploads\/2024\/05\/Ayib-Daffe.jpg\" \/>\n\t<meta property=\"og:image:width\" content=\"600\" \/>\n\t<meta property=\"og:image:height\" content=\"399\" \/>\n<meta name=\"twitter:card\" content=\"summary_large_image\" \/>\n<meta name=\"twitter:label1\" content=\"\u00c9crit par\" \/>\n\t<meta name=\"twitter:data1\" content=\"CK\" \/>\n\t<meta name=\"twitter:label2\" content=\"Dur\u00e9e de lecture estim\u00e9e\" \/>\n\t<meta name=\"twitter:data2\" content=\"3 minutes\" \/>\n<script type=\"application\/ld+json\" class=\"yoast-schema-graph\">{\"@context\":\"https:\/\/schema.org\",\"@graph\":[{\"@type\":\"WebSite\",\"@id\":\"https:\/\/www.nettali.com\/#website\",\"url\":\"https:\/\/www.nettali.com\/\",\"name\":\"Nettali.com\",\"description\":\"Le rendez-vous critique du Net\",\"potentialAction\":[{\"@type\":\"SearchAction\",\"target\":{\"@type\":\"EntryPoint\",\"urlTemplate\":\"https:\/\/www.nettali.com\/?s={search_term_string}\"},\"query-input\":\"required name=search_term_string\"}],\"inLanguage\":\"fr-FR\"},{\"@type\":\"ImageObject\",\"@id\":\"https:\/\/www.nettali.com\/2024\/05\/14\/plan-senegal-emergent-vs-projet-de-rupture-systemique-la-reponse-de-ayib-daffe\/#primaryimage\",\"inLanguage\":\"fr-FR\",\"url\":\"https:\/\/www.nettali.com\/wp-content\/uploads\/2024\/05\/Ayib-Daffe.jpg\",\"contentUrl\":\"https:\/\/www.nettali.com\/wp-content\/uploads\/2024\/05\/Ayib-Daffe.jpg\",\"width\":600,\"height\":399},{\"@type\":\"WebPage\",\"@id\":\"https:\/\/www.nettali.com\/2024\/05\/14\/plan-senegal-emergent-vs-projet-de-rupture-systemique-la-reponse-de-ayib-daffe\/#webpage\",\"url\":\"https:\/\/www.nettali.com\/2024\/05\/14\/plan-senegal-emergent-vs-projet-de-rupture-systemique-la-reponse-de-ayib-daffe\/\",\"name\":\"PLAN SENEGAL EMERGENT vs PROJET DE RUPTURE SYSTEMIQUE - La r\\u00e9ponse de Ayib Daff\\u00e9 | Nettali.com\",\"isPartOf\":{\"@id\":\"https:\/\/www.nettali.com\/#website\"},\"primaryImageOfPage\":{\"@id\":\"https:\/\/www.nettali.com\/2024\/05\/14\/plan-senegal-emergent-vs-projet-de-rupture-systemique-la-reponse-de-ayib-daffe\/#primaryimage\"},\"datePublished\":\"2024-05-14T06:41:30+00:00\",\"dateModified\":\"2024-05-14T06:41:30+00:00\",\"author\":{\"@id\":\"https:\/\/www.nettali.com\/#\/schema\/person\/d8ac7b7e27ddad43f1c0d2ef090d7f71\"},\"breadcrumb\":{\"@id\":\"https:\/\/www.nettali.com\/2024\/05\/14\/plan-senegal-emergent-vs-projet-de-rupture-systemique-la-reponse-de-ayib-daffe\/#breadcrumb\"},\"inLanguage\":\"fr-FR\",\"potentialAction\":[{\"@type\":\"ReadAction\",\"target\":[\"https:\/\/www.nettali.com\/2024\/05\/14\/plan-senegal-emergent-vs-projet-de-rupture-systemique-la-reponse-de-ayib-daffe\/\"]}]},{\"@type\":\"BreadcrumbList\",\"@id\":\"https:\/\/www.nettali.com\/2024\/05\/14\/plan-senegal-emergent-vs-projet-de-rupture-systemique-la-reponse-de-ayib-daffe\/#breadcrumb\",\"itemListElement\":[{\"@type\":\"ListItem\",\"position\":1,\"name\":\"Accueil\",\"item\":\"https:\/\/www.nettali.com\/\"},{\"@type\":\"ListItem\",\"position\":2,\"name\":\"PLAN SENEGAL EMERGENT vs PROJET DE RUPTURE SYSTEMIQUE - La r\\u00e9ponse de Ayib Daff\\u00e9\"}]},{\"@type\":\"Person\",\"@id\":\"https:\/\/www.nettali.com\/#\/schema\/person\/d8ac7b7e27ddad43f1c0d2ef090d7f71\",\"name\":\"CK\",\"image\":{\"@type\":\"ImageObject\",\"@id\":\"https:\/\/www.nettali.com\/#personlogo\",\"inLanguage\":\"fr-FR\",\"url\":\"https:\/\/secure.gravatar.com\/avatar\/1d8d5118b9327d94da7cd4ce7f17fec2?s=96&d=mm&r=g\",\"contentUrl\":\"https:\/\/secure.gravatar.com\/avatar\/1d8d5118b9327d94da7cd4ce7f17fec2?s=96&d=mm&r=g\",\"caption\":\"CK\"},\"sameAs\":[\"https:\/\/www.nettali.com\"]}]}<\/script>\n<!-- \/ Yoast SEO Premium plugin. -->","yoast_head_json":{"title":"PLAN SENEGAL EMERGENT vs PROJET DE RUPTURE SYSTEMIQUE - La r\u00e9ponse de Ayib Daff\u00e9 | Nettali.com","robots":{"index":"index","follow":"follow","max-snippet":"max-snippet:-1","max-image-preview":"max-image-preview:large","max-video-preview":"max-video-preview:-1"},"canonical":"https:\/\/www.nettali.com\/2024\/05\/14\/plan-senegal-emergent-vs-projet-de-rupture-systemique-la-reponse-de-ayib-daffe\/","og_locale":"fr_FR","og_type":"article","og_title":"PLAN SENEGAL EMERGENT vs PROJET DE RUPTURE SYSTEMIQUE - La r\u00e9ponse de Ayib Daff\u00e9","og_description":"NETTALI.COM - La bataille est e\u0301pique entre les tenants du Plan Se\u0301ne\u0301gal e\u0301mergent (PSE), re\u0301fe\u0301rentiel des politiques publiques du re\u0301gime sortant de Macky Sall et les porteurs du Projet de rupture syste\u0301mique, matrice des politiques de de\u0301veloppement socioe\u0301conomique porte\u0301 par le 5e pre\u0301sident de la Re\u0301publique Bassirou Diomaye Diakhar Faye et son Premier ministre Ousmane [&hellip;]","og_url":"https:\/\/www.nettali.com\/2024\/05\/14\/plan-senegal-emergent-vs-projet-de-rupture-systemique-la-reponse-de-ayib-daffe\/","og_site_name":"Nettali.com","article_publisher":"https:\/\/www.facebook.com\/nettalicom","article_published_time":"2024-05-14T06:41:30+00:00","og_image":[{"width":600,"height":399,"url":"https:\/\/www.nettali.com\/wp-content\/uploads\/2024\/05\/Ayib-Daffe.jpg","type":"image\/jpeg"}],"twitter_card":"summary_large_image","twitter_misc":{"\u00c9crit par":"CK","Dur\u00e9e de lecture estim\u00e9e":"3 minutes"},"schema":{"@context":"https:\/\/schema.org","@graph":[{"@type":"WebSite","@id":"https:\/\/www.nettali.com\/#website","url":"https:\/\/www.nettali.com\/","name":"Nettali.com","description":"Le rendez-vous critique du Net","potentialAction":[{"@type":"SearchAction","target":{"@type":"EntryPoint","urlTemplate":"https:\/\/www.nettali.com\/?s={search_term_string}"},"query-input":"required name=search_term_string"}],"inLanguage":"fr-FR"},{"@type":"ImageObject","@id":"https:\/\/www.nettali.com\/2024\/05\/14\/plan-senegal-emergent-vs-projet-de-rupture-systemique-la-reponse-de-ayib-daffe\/#primaryimage","inLanguage":"fr-FR","url":"https:\/\/www.nettali.com\/wp-content\/uploads\/2024\/05\/Ayib-Daffe.jpg","contentUrl":"https:\/\/www.nettali.com\/wp-content\/uploads\/2024\/05\/Ayib-Daffe.jpg","width":600,"height":399},{"@type":"WebPage","@id":"https:\/\/www.nettali.com\/2024\/05\/14\/plan-senegal-emergent-vs-projet-de-rupture-systemique-la-reponse-de-ayib-daffe\/#webpage","url":"https:\/\/www.nettali.com\/2024\/05\/14\/plan-senegal-emergent-vs-projet-de-rupture-systemique-la-reponse-de-ayib-daffe\/","name":"PLAN SENEGAL EMERGENT vs PROJET DE RUPTURE SYSTEMIQUE - La r\u00e9ponse de Ayib Daff\u00e9 | Nettali.com","isPartOf":{"@id":"https:\/\/www.nettali.com\/#website"},"primaryImageOfPage":{"@id":"https:\/\/www.nettali.com\/2024\/05\/14\/plan-senegal-emergent-vs-projet-de-rupture-systemique-la-reponse-de-ayib-daffe\/#primaryimage"},"datePublished":"2024-05-14T06:41:30+00:00","dateModified":"2024-05-14T06:41:30+00:00","author":{"@id":"https:\/\/www.nettali.com\/#\/schema\/person\/d8ac7b7e27ddad43f1c0d2ef090d7f71"},"breadcrumb":{"@id":"https:\/\/www.nettali.com\/2024\/05\/14\/plan-senegal-emergent-vs-projet-de-rupture-systemique-la-reponse-de-ayib-daffe\/#breadcrumb"},"inLanguage":"fr-FR","potentialAction":[{"@type":"ReadAction","target":["https:\/\/www.nettali.com\/2024\/05\/14\/plan-senegal-emergent-vs-projet-de-rupture-systemique-la-reponse-de-ayib-daffe\/"]}]},{"@type":"BreadcrumbList","@id":"https:\/\/www.nettali.com\/2024\/05\/14\/plan-senegal-emergent-vs-projet-de-rupture-systemique-la-reponse-de-ayib-daffe\/#breadcrumb","itemListElement":[{"@type":"ListItem","position":1,"name":"Accueil","item":"https:\/\/www.nettali.com\/"},{"@type":"ListItem","position":2,"name":"PLAN SENEGAL EMERGENT vs PROJET DE RUPTURE SYSTEMIQUE - La r\u00e9ponse de Ayib Daff\u00e9"}]},{"@type":"Person","@id":"https:\/\/www.nettali.com\/#\/schema\/person\/d8ac7b7e27ddad43f1c0d2ef090d7f71","name":"CK","image":{"@type":"ImageObject","@id":"https:\/\/www.nettali.com\/#personlogo","inLanguage":"fr-FR","url":"https:\/\/secure.gravatar.com\/avatar\/1d8d5118b9327d94da7cd4ce7f17fec2?s=96&d=mm&r=g","contentUrl":"https:\/\/secure.gravatar.com\/avatar\/1d8d5118b9327d94da7cd4ce7f17fec2?s=96&d=mm&r=g","caption":"CK"},"sameAs":["https:\/\/www.nettali.com"]}]}},"_links":{"self":[{"href":"https:\/\/www.nettali.com\/rest\/wp\/v2\/posts\/133251"}],"collection":[{"href":"https:\/\/www.nettali.com\/rest\/wp\/v2\/posts"}],"about":[{"href":"https:\/\/www.nettali.com\/rest\/wp\/v2\/types\/post"}],"author":[{"embeddable":true,"href":"https:\/\/www.nettali.com\/rest\/wp\/v2\/users\/2"}],"replies":[{"embeddable":true,"href":"https:\/\/www.nettali.com\/rest\/wp\/v2\/comments?post=133251"}],"version-history":[{"count":1,"href":"https:\/\/www.nettali.com\/rest\/wp\/v2\/posts\/133251\/revisions"}],"predecessor-version":[{"id":133253,"href":"https:\/\/www.nettali.com\/rest\/wp\/v2\/posts\/133251\/revisions\/133253"}],"wp:featuredmedia":[{"embeddable":true,"href":"https:\/\/www.nettali.com\/rest\/wp\/v2\/media\/133252"}],"wp:attachment":[{"href":"https:\/\/www.nettali.com\/rest\/wp\/v2\/media?parent=133251"}],"wp:term":[{"taxonomy":"category","embeddable":true,"href":"https:\/\/www.nettali.com\/rest\/wp\/v2\/categories?post=133251"},{"taxonomy":"post_tag","embeddable":true,"href":"https:\/\/www.nettali.com\/rest\/wp\/v2\/tags?post=133251"}],"curies":[{"name":"wp","href":"https:\/\/api.w.org\/{rel}","templated":true}]}}