{"id":133090,"date":"2024-05-11T08:14:06","date_gmt":"2024-05-11T08:14:06","guid":{"rendered":"https:\/\/www.nettali.com\/?p=133090"},"modified":"2024-05-11T08:15:18","modified_gmt":"2024-05-11T08:15:18","slug":"rts-cdc-pape-ale-niang-et-fadilou-keita-prennent-les-commandes","status":"publish","type":"post","link":"https:\/\/www.nettali.com\/2024\/05\/11\/rts-cdc-pape-ale-niang-et-fadilou-keita-prennent-les-commandes\/","title":{"rendered":"RTS \/ CDC - Pape Al\u00e9 Niang et Fadilou Ke\u00efta prennent les commandes"},"content":{"rendered":"<div class=\"page\" title=\"Page 2\">\n<div class=\"layoutArea\">\n<div class=\"column\">\n<p><strong>NETTALI.COM -<\/strong> \u00e7a y est, Pape Ale\u0301 Niang est officiellement directeur ge\u0301ne\u0301ral de la Radiote\u0301le\u0301vision se\u0301ne\u0301galaise (RTS). Suite au de\u0301cret annonc\u0327ant sa nomination, il a pris service, le vendredi 10 mai. Il a re\u00e7u les r\u00eanes de la boite des mains du directeur ge\u0301ne\u0301ral sortant, Racine Talla qui lui a pass\u00e9 le t\u00e9moin.<\/p>\n<p>Prenant la parole, dans une ambiance d\u00e9tendue, Pape Al\u00e9 Niang a d\u00e9clin\u00e9 sa mission qu'il inscrit sous le sceau de la libert\u00e9 et de la responsabilit\u00e9, il a promis d'accompagner le gouvernement et de le soutenir, en mettant en lumi\u00e8re les projets et programmes du gouvernement en direction des populations ; mais aussi ouvrir \u00e0 la t\u00e9l\u00e9 afin que d'autres qui ont des opinions diff\u00e9rentes, puissent les \u00e9mettre.<\/p>\n<p>A noter aussi qu'\u00e0 la Caisse de de\u0301po\u0302ts et de consignations e\u0301galement, Cheikh Issa Sall a passe\u0301 le te\u0301moin a\u0300 Fadilou Keita. Le responsable politique Pastef a \u00e9t\u00e9 installe\u0301 le m\u00eame jour dans ses nouvelles fonctions de Directeur ge\u0301ne\u0301ral de la Caisse des De\u0301po\u0302ts et Consignations ( CDC).<\/p>\n<\/div>\n<\/div>\n<\/div>\n<div class='share-to-whatsapp-wrapper'><div class='share-on-whsp'>PARTAGER SUR : <\/div><a data-text='RTS \/ CDC - Pape Al\u00e9 Niang et Fadilou Ke\u00efta prennent les commandes' data-link='https:\/\/www.nettali.com\/2024\/05\/11\/rts-cdc-pape-ale-niang-et-fadilou-keita-prennent-les-commandes\/' class='whatsapp-button whatsapp-share'>WhatsApp<\/a><div class='clear '><\/div><\/div>","protected":false},"excerpt":{"rendered":"<p>NETTALI.COM - \u00e7a y est, Pape Ale\u0301 Niang est officiellement directeur ge\u0301ne\u0301ral de la Radiote\u0301le\u0301vision se\u0301ne\u0301galaise (RTS). Suite au de\u0301cret annonc\u0327ant sa nomination, il a pris service, le vendredi 10 mai. Il a re\u00e7u les r\u00eanes de la boite des mains du directeur ge\u0301ne\u0301ral sortant, Racine Talla qui lui a pass\u00e9 le t\u00e9moin. Prenant la [&hellip;]<\/p>\n","protected":false},"author":2,"featured_media":133091,"comment_status":"open","ping_status":"open","sticky":false,"template":"","format":"standard","meta":{"_et_pb_use_builder":"","_et_pb_old_content":""},"categories":[34945],"tags":[],"yoast_head":"<!-- This site is optimized with the Yoast SEO Premium plugin v17.8 (Yoast SEO v17.8) - https:\/\/yoast.com\/wordpress\/plugins\/seo\/ -->\n<title>RTS \/ CDC - Pape Al\u00e9 Niang et Fadilou Ke\u00efta prennent les commandes | Nettali.com<\/title>\n<meta name=\"robots\" content=\"index, follow, max-snippet:-1, max-image-preview:large, max-video-preview:-1\" \/>\n<link rel=\"canonical\" href=\"https:\/\/www.nettali.com\/2024\/05\/11\/rts-cdc-pape-ale-niang-et-fadilou-keita-prennent-les-commandes\/\" \/>\n<meta property=\"og:locale\" content=\"fr_FR\" \/>\n<meta property=\"og:type\" content=\"article\" \/>\n<meta property=\"og:title\" content=\"RTS \/ CDC - Pape Al\u00e9 Niang et Fadilou Ke\u00efta prennent les commandes\" \/>\n<meta property=\"og:description\" content=\"NETTALI.COM - \u00e7a y est, Pape Ale\u0301 Niang est officiellement directeur ge\u0301ne\u0301ral de la Radiote\u0301le\u0301vision se\u0301ne\u0301galaise (RTS). Suite au de\u0301cret annonc\u0327ant sa nomination, il a pris service, le vendredi 10 mai. Il a re\u00e7u les r\u00eanes de la boite des mains du directeur ge\u0301ne\u0301ral sortant, Racine Talla qui lui a pass\u00e9 le t\u00e9moin. Prenant la [&hellip;]\" \/>\n<meta property=\"og:url\" content=\"https:\/\/www.nettali.com\/2024\/05\/11\/rts-cdc-pape-ale-niang-et-fadilou-keita-prennent-les-commandes\/\" \/>\n<meta property=\"og:site_name\" content=\"Nettali.com\" \/>\n<meta property=\"article:publisher\" content=\"https:\/\/www.facebook.com\/nettalicom\" \/>\n<meta property=\"article:published_time\" content=\"2024-05-11T08:14:06+00:00\" \/>\n<meta property=\"article:modified_time\" content=\"2024-05-11T08:15:18+00:00\" \/>\n<meta property=\"og:image\" content=\"https:\/\/www.nettali.com\/wp-content\/uploads\/2024\/05\/80176470-57922198.jpg\" \/>\n\t<meta property=\"og:image:width\" content=\"1280\" \/>\n\t<meta property=\"og:image:height\" content=\"848\" \/>\n<meta name=\"twitter:card\" content=\"summary_large_image\" \/>\n<meta name=\"twitter:label1\" content=\"\u00c9crit par\" \/>\n\t<meta name=\"twitter:data1\" content=\"CK\" \/>\n\t<meta name=\"twitter:label2\" content=\"Dur\u00e9e de lecture estim\u00e9e\" \/>\n\t<meta name=\"twitter:data2\" content=\"1 minute\" \/>\n<script type=\"application\/ld+json\" class=\"yoast-schema-graph\">{\"@context\":\"https:\/\/schema.org\",\"@graph\":[{\"@type\":\"WebSite\",\"@id\":\"https:\/\/www.nettali.com\/#website\",\"url\":\"https:\/\/www.nettali.com\/\",\"name\":\"Nettali.com\",\"description\":\"Le rendez-vous critique du Net\",\"potentialAction\":[{\"@type\":\"SearchAction\",\"target\":{\"@type\":\"EntryPoint\",\"urlTemplate\":\"https:\/\/www.nettali.com\/?s={search_term_string}\"},\"query-input\":\"required name=search_term_string\"}],\"inLanguage\":\"fr-FR\"},{\"@type\":\"ImageObject\",\"@id\":\"https:\/\/www.nettali.com\/2024\/05\/11\/rts-cdc-pape-ale-niang-et-fadilou-keita-prennent-les-commandes\/#primaryimage\",\"inLanguage\":\"fr-FR\",\"url\":\"https:\/\/www.nettali.com\/wp-content\/uploads\/2024\/05\/80176470-57922198.jpg\",\"contentUrl\":\"https:\/\/www.nettali.com\/wp-content\/uploads\/2024\/05\/80176470-57922198.jpg\",\"width\":1280,\"height\":848},{\"@type\":\"WebPage\",\"@id\":\"https:\/\/www.nettali.com\/2024\/05\/11\/rts-cdc-pape-ale-niang-et-fadilou-keita-prennent-les-commandes\/#webpage\",\"url\":\"https:\/\/www.nettali.com\/2024\/05\/11\/rts-cdc-pape-ale-niang-et-fadilou-keita-prennent-les-commandes\/\",\"name\":\"RTS \/ CDC - Pape Al\\u00e9 Niang et Fadilou Ke\\u00efta prennent les commandes | Nettali.com\",\"isPartOf\":{\"@id\":\"https:\/\/www.nettali.com\/#website\"},\"primaryImageOfPage\":{\"@id\":\"https:\/\/www.nettali.com\/2024\/05\/11\/rts-cdc-pape-ale-niang-et-fadilou-keita-prennent-les-commandes\/#primaryimage\"},\"datePublished\":\"2024-05-11T08:14:06+00:00\",\"dateModified\":\"2024-05-11T08:15:18+00:00\",\"author\":{\"@id\":\"https:\/\/www.nettali.com\/#\/schema\/person\/d8ac7b7e27ddad43f1c0d2ef090d7f71\"},\"breadcrumb\":{\"@id\":\"https:\/\/www.nettali.com\/2024\/05\/11\/rts-cdc-pape-ale-niang-et-fadilou-keita-prennent-les-commandes\/#breadcrumb\"},\"inLanguage\":\"fr-FR\",\"potentialAction\":[{\"@type\":\"ReadAction\",\"target\":[\"https:\/\/www.nettali.com\/2024\/05\/11\/rts-cdc-pape-ale-niang-et-fadilou-keita-prennent-les-commandes\/\"]}]},{\"@type\":\"BreadcrumbList\",\"@id\":\"https:\/\/www.nettali.com\/2024\/05\/11\/rts-cdc-pape-ale-niang-et-fadilou-keita-prennent-les-commandes\/#breadcrumb\",\"itemListElement\":[{\"@type\":\"ListItem\",\"position\":1,\"name\":\"Accueil\",\"item\":\"https:\/\/www.nettali.com\/\"},{\"@type\":\"ListItem\",\"position\":2,\"name\":\"RTS \/ CDC - Pape Al\\u00e9 Niang et Fadilou Ke\\u00efta prennent les commandes\"}]},{\"@type\":\"Person\",\"@id\":\"https:\/\/www.nettali.com\/#\/schema\/person\/d8ac7b7e27ddad43f1c0d2ef090d7f71\",\"name\":\"CK\",\"image\":{\"@type\":\"ImageObject\",\"@id\":\"https:\/\/www.nettali.com\/#personlogo\",\"inLanguage\":\"fr-FR\",\"url\":\"https:\/\/secure.gravatar.com\/avatar\/1d8d5118b9327d94da7cd4ce7f17fec2?s=96&d=mm&r=g\",\"contentUrl\":\"https:\/\/secure.gravatar.com\/avatar\/1d8d5118b9327d94da7cd4ce7f17fec2?s=96&d=mm&r=g\",\"caption\":\"CK\"},\"sameAs\":[\"https:\/\/www.nettali.com\"]}]}<\/script>\n<!-- \/ Yoast SEO Premium plugin. -->","yoast_head_json":{"title":"RTS \/ CDC - Pape Al\u00e9 Niang et Fadilou Ke\u00efta prennent les commandes | Nettali.com","robots":{"index":"index","follow":"follow","max-snippet":"max-snippet:-1","max-image-preview":"max-image-preview:large","max-video-preview":"max-video-preview:-1"},"canonical":"https:\/\/www.nettali.com\/2024\/05\/11\/rts-cdc-pape-ale-niang-et-fadilou-keita-prennent-les-commandes\/","og_locale":"fr_FR","og_type":"article","og_title":"RTS \/ CDC - Pape Al\u00e9 Niang et Fadilou Ke\u00efta prennent les commandes","og_description":"NETTALI.COM - \u00e7a y est, Pape Ale\u0301 Niang est officiellement directeur ge\u0301ne\u0301ral de la Radiote\u0301le\u0301vision se\u0301ne\u0301galaise (RTS). Suite au de\u0301cret annonc\u0327ant sa nomination, il a pris service, le vendredi 10 mai. Il a re\u00e7u les r\u00eanes de la boite des mains du directeur ge\u0301ne\u0301ral sortant, Racine Talla qui lui a pass\u00e9 le t\u00e9moin. Prenant la [&hellip;]","og_url":"https:\/\/www.nettali.com\/2024\/05\/11\/rts-cdc-pape-ale-niang-et-fadilou-keita-prennent-les-commandes\/","og_site_name":"Nettali.com","article_publisher":"https:\/\/www.facebook.com\/nettalicom","article_published_time":"2024-05-11T08:14:06+00:00","article_modified_time":"2024-05-11T08:15:18+00:00","og_image":[{"width":1280,"height":848,"url":"https:\/\/www.nettali.com\/wp-content\/uploads\/2024\/05\/80176470-57922198.jpg","type":"image\/jpeg"}],"twitter_card":"summary_large_image","twitter_misc":{"\u00c9crit par":"CK","Dur\u00e9e de lecture estim\u00e9e":"1 minute"},"schema":{"@context":"https:\/\/schema.org","@graph":[{"@type":"WebSite","@id":"https:\/\/www.nettali.com\/#website","url":"https:\/\/www.nettali.com\/","name":"Nettali.com","description":"Le rendez-vous critique du Net","potentialAction":[{"@type":"SearchAction","target":{"@type":"EntryPoint","urlTemplate":"https:\/\/www.nettali.com\/?s={search_term_string}"},"query-input":"required name=search_term_string"}],"inLanguage":"fr-FR"},{"@type":"ImageObject","@id":"https:\/\/www.nettali.com\/2024\/05\/11\/rts-cdc-pape-ale-niang-et-fadilou-keita-prennent-les-commandes\/#primaryimage","inLanguage":"fr-FR","url":"https:\/\/www.nettali.com\/wp-content\/uploads\/2024\/05\/80176470-57922198.jpg","contentUrl":"https:\/\/www.nettali.com\/wp-content\/uploads\/2024\/05\/80176470-57922198.jpg","width":1280,"height":848},{"@type":"WebPage","@id":"https:\/\/www.nettali.com\/2024\/05\/11\/rts-cdc-pape-ale-niang-et-fadilou-keita-prennent-les-commandes\/#webpage","url":"https:\/\/www.nettali.com\/2024\/05\/11\/rts-cdc-pape-ale-niang-et-fadilou-keita-prennent-les-commandes\/","name":"RTS \/ CDC - Pape Al\u00e9 Niang et Fadilou Ke\u00efta prennent les commandes | Nettali.com","isPartOf":{"@id":"https:\/\/www.nettali.com\/#website"},"primaryImageOfPage":{"@id":"https:\/\/www.nettali.com\/2024\/05\/11\/rts-cdc-pape-ale-niang-et-fadilou-keita-prennent-les-commandes\/#primaryimage"},"datePublished":"2024-05-11T08:14:06+00:00","dateModified":"2024-05-11T08:15:18+00:00","author":{"@id":"https:\/\/www.nettali.com\/#\/schema\/person\/d8ac7b7e27ddad43f1c0d2ef090d7f71"},"breadcrumb":{"@id":"https:\/\/www.nettali.com\/2024\/05\/11\/rts-cdc-pape-ale-niang-et-fadilou-keita-prennent-les-commandes\/#breadcrumb"},"inLanguage":"fr-FR","potentialAction":[{"@type":"ReadAction","target":["https:\/\/www.nettali.com\/2024\/05\/11\/rts-cdc-pape-ale-niang-et-fadilou-keita-prennent-les-commandes\/"]}]},{"@type":"BreadcrumbList","@id":"https:\/\/www.nettali.com\/2024\/05\/11\/rts-cdc-pape-ale-niang-et-fadilou-keita-prennent-les-commandes\/#breadcrumb","itemListElement":[{"@type":"ListItem","position":1,"name":"Accueil","item":"https:\/\/www.nettali.com\/"},{"@type":"ListItem","position":2,"name":"RTS \/ CDC - Pape Al\u00e9 Niang et Fadilou Ke\u00efta prennent les commandes"}]},{"@type":"Person","@id":"https:\/\/www.nettali.com\/#\/schema\/person\/d8ac7b7e27ddad43f1c0d2ef090d7f71","name":"CK","image":{"@type":"ImageObject","@id":"https:\/\/www.nettali.com\/#personlogo","inLanguage":"fr-FR","url":"https:\/\/secure.gravatar.com\/avatar\/1d8d5118b9327d94da7cd4ce7f17fec2?s=96&d=mm&r=g","contentUrl":"https:\/\/secure.gravatar.com\/avatar\/1d8d5118b9327d94da7cd4ce7f17fec2?s=96&d=mm&r=g","caption":"CK"},"sameAs":["https:\/\/www.nettali.com"]}]}},"_links":{"self":[{"href":"https:\/\/www.nettali.com\/rest\/wp\/v2\/posts\/133090"}],"collection":[{"href":"https:\/\/www.nettali.com\/rest\/wp\/v2\/posts"}],"about":[{"href":"https:\/\/www.nettali.com\/rest\/wp\/v2\/types\/post"}],"author":[{"embeddable":true,"href":"https:\/\/www.nettali.com\/rest\/wp\/v2\/users\/2"}],"replies":[{"embeddable":true,"href":"https:\/\/www.nettali.com\/rest\/wp\/v2\/comments?post=133090"}],"version-history":[{"count":2,"href":"https:\/\/www.nettali.com\/rest\/wp\/v2\/posts\/133090\/revisions"}],"predecessor-version":[{"id":133093,"href":"https:\/\/www.nettali.com\/rest\/wp\/v2\/posts\/133090\/revisions\/133093"}],"wp:featuredmedia":[{"embeddable":true,"href":"https:\/\/www.nettali.com\/rest\/wp\/v2\/media\/133091"}],"wp:attachment":[{"href":"https:\/\/www.nettali.com\/rest\/wp\/v2\/media?parent=133090"}],"wp:term":[{"taxonomy":"category","embeddable":true,"href":"https:\/\/www.nettali.com\/rest\/wp\/v2\/categories?post=133090"},{"taxonomy":"post_tag","embeddable":true,"href":"https:\/\/www.nettali.com\/rest\/wp\/v2\/tags?post=133090"}],"curies":[{"name":"wp","href":"https:\/\/api.w.org\/{rel}","templated":true}]}}