{"id":132995,"date":"2024-05-09T08:27:12","date_gmt":"2024-05-09T08:27:12","guid":{"rendered":"https:\/\/www.nettali.com\/?p=132995"},"modified":"2024-05-09T08:30:05","modified_gmt":"2024-05-09T08:30:05","slug":"prevention-et-gestion-des-inondations-le-president-bassirou-diomaye-faye-demande-un-plan-de-lutte","status":"publish","type":"post","link":"https:\/\/www.nettali.com\/2024\/05\/09\/prevention-et-gestion-des-inondations-le-president-bassirou-diomaye-faye-demande-un-plan-de-lutte\/","title":{"rendered":"PR\u00c9VENTION ET GESTION DES INONDATIONS - Le Pr\u00e9sident Bassirou Diomaye Faye demande un plan de lutte"},"content":{"rendered":"<p><strong>NETTALI.COM - En pr\u00e9sidant le Conseil des ministres du mercredi 8 mai, le Chef de l\u2019Etat a demand\u00e9 au gouvernement d\u2019activer un plan de lutte contre les inondations dans tous les secteurs concern\u00e9s.<\/strong><\/p>\n<p>La pr\u00e9vention des inondations tient \u00e0 c\u0153ur le Chef de l\u2019\u00c9tat qui a demand\u00e9 au Premier ministre d\u2019engager, d\u00e8s \u00e0 pr\u00e9sent, tous les ministres, services de l\u2019Etat et acteurs territoriaux concern\u00e9s, \u00e0 proposer un Plan national de Pr\u00e9vention et de Gestion des inondations.<\/p>\n<p>\u00ab<em> Le Pr\u00e9sident de la R\u00e9publique a ainsi invit\u00e9, le Ministre de l\u2019Hydraulique et de l\u2019Assainissement \u00e0 veiller dans l\u2019imm\u00e9diat \u00e0 l\u2019identification des localit\u00e9s, zones et sites prioritaires en termes de travaux d\u2019am\u00e9nagement pr\u00e9-hivernage et de d\u00e9ploiement des moyens d\u2019intervention de la Brigade nationale des sapeurs-pompiers (BNSP) et du G\u00e9nie militaire<\/em> \u00bb, note le communiqu\u00e9.<\/p>\n<p>En ce sens, il a aussi instruit le ministre de l\u2019Hydraulique et de l\u2019Assainissement d'instaurer, sous la supervision du Premier Ministre, une communication hebdomadaire en Conseil des ministres sur le suivi des actions de pr\u00e9vention et de lutte contre les inondations.<\/p>\n<p>\u00c9voquant le secteur de l\u2019agriculture, \u00ab <em>le Chef de l\u2019Etat a rappel\u00e9 qu\u2019il est le moteur essentiel pour fonder, sur une base solide, la souverainet\u00e9 alimentaire du S\u00e9n\u00e9gal, la croissance \u00e9conomique et la cr\u00e9ation d\u2019emplois d\u00e9cents<\/em> \u00bb. Il convient, selon lui, de changer de paradigme en veillant \u00e0 la responsabilisation accrue des organisations professionnelles \u00e0 la base. C\u2019est tout le sens de la politique de soutien et de relance des structures coop\u00e9ratives traduite par la nomination d\u2019un secr\u00e9taire d\u2019Etat aux Coop\u00e9ratives et \u00e0 l\u2019Encadrement paysan.<\/p>\n<p>Aussi, Bassirou Diomaye Faye a demand\u00e9 au Ministre de l\u2019Agriculture, de la Souverainet\u00e9 alimentaire et de l\u2019Elevage et au Secr\u00e9taire d\u2019Etat aux Coop\u00e9ratives et \u00e0 l\u2019Encadrement paysan \u00ab <em>de proposer la revue et l\u2019actualisation de la loi d\u2019orientation agro-sylvo-pastorale. La r\u00e9vision de cette loi s\u2019inscrit notamment dans une perspective de renforcement de la place fondamentale des organisations professionnelles du monde rural dans la gouvernance de ce secteur vital<\/em> \u00bb.<\/p>\n<div class='share-to-whatsapp-wrapper'><div class='share-on-whsp'>PARTAGER SUR : <\/div><a data-text='PR\u00c9VENTION ET GESTION DES INONDATIONS - Le Pr\u00e9sident Bassirou Diomaye Faye demande un plan de lutte' data-link='https:\/\/www.nettali.com\/2024\/05\/09\/prevention-et-gestion-des-inondations-le-president-bassirou-diomaye-faye-demande-un-plan-de-lutte\/' class='whatsapp-button whatsapp-share'>WhatsApp<\/a><div class='clear '><\/div><\/div>","protected":false},"excerpt":{"rendered":"<p>NETTALI.COM - En pr\u00e9sidant le Conseil des ministres du mercredi 8 mai, le Chef de l\u2019Etat a demand\u00e9 au gouvernement d\u2019activer un plan de lutte contre les inondations dans tous les secteurs concern\u00e9s. La pr\u00e9vention des inondations tient \u00e0 c\u0153ur le Chef de l\u2019\u00c9tat qui a demand\u00e9 au Premier ministre d\u2019engager, d\u00e8s \u00e0 pr\u00e9sent, tous [&hellip;]<\/p>\n","protected":false},"author":6,"featured_media":132408,"comment_status":"open","ping_status":"open","sticky":false,"template":"","format":"standard","meta":{"_et_pb_use_builder":"","_et_pb_old_content":""},"categories":[3],"tags":[],"yoast_head":"<!-- This site is optimized with the Yoast SEO Premium plugin v17.8 (Yoast SEO v17.8) - https:\/\/yoast.com\/wordpress\/plugins\/seo\/ -->\n<title>PR\u00c9VENTION ET GESTION DES INONDATIONS - Le Pr\u00e9sident Bassirou Diomaye Faye demande un plan de lutte | Nettali.com<\/title>\n<meta name=\"robots\" content=\"index, follow, max-snippet:-1, max-image-preview:large, max-video-preview:-1\" \/>\n<link rel=\"canonical\" href=\"https:\/\/www.nettali.com\/2024\/05\/09\/prevention-et-gestion-des-inondations-le-president-bassirou-diomaye-faye-demande-un-plan-de-lutte\/\" \/>\n<meta property=\"og:locale\" content=\"fr_FR\" \/>\n<meta property=\"og:type\" content=\"article\" \/>\n<meta property=\"og:title\" content=\"PR\u00c9VENTION ET GESTION DES INONDATIONS - Le Pr\u00e9sident Bassirou Diomaye Faye demande un plan de lutte\" \/>\n<meta property=\"og:description\" content=\"NETTALI.COM - En pr\u00e9sidant le Conseil des ministres du mercredi 8 mai, le Chef de l\u2019Etat a demand\u00e9 au gouvernement d\u2019activer un plan de lutte contre les inondations dans tous les secteurs concern\u00e9s. La pr\u00e9vention des inondations tient \u00e0 c\u0153ur le Chef de l\u2019\u00c9tat qui a demand\u00e9 au Premier ministre d\u2019engager, d\u00e8s \u00e0 pr\u00e9sent, tous [&hellip;]\" \/>\n<meta property=\"og:url\" content=\"https:\/\/www.nettali.com\/2024\/05\/09\/prevention-et-gestion-des-inondations-le-president-bassirou-diomaye-faye-demande-un-plan-de-lutte\/\" \/>\n<meta property=\"og:site_name\" content=\"Nettali.com\" \/>\n<meta property=\"article:publisher\" content=\"https:\/\/www.facebook.com\/nettalicom\" \/>\n<meta property=\"article:published_time\" content=\"2024-05-09T08:27:12+00:00\" \/>\n<meta property=\"article:modified_time\" content=\"2024-05-09T08:30:05+00:00\" \/>\n<meta property=\"og:image\" content=\"https:\/\/www.nettali.com\/wp-content\/uploads\/2024\/04\/661853f4353f4.jpg\" \/>\n\t<meta property=\"og:image:width\" content=\"1024\" \/>\n\t<meta property=\"og:image:height\" content=\"768\" \/>\n<meta name=\"twitter:card\" content=\"summary_large_image\" \/>\n<meta name=\"twitter:label1\" content=\"\u00c9crit par\" \/>\n\t<meta name=\"twitter:data1\" content=\"Fatou\" \/>\n\t<meta name=\"twitter:label2\" content=\"Dur\u00e9e de lecture estim\u00e9e\" \/>\n\t<meta name=\"twitter:data2\" content=\"2 minutes\" \/>\n<script type=\"application\/ld+json\" class=\"yoast-schema-graph\">{\"@context\":\"https:\/\/schema.org\",\"@graph\":[{\"@type\":\"WebSite\",\"@id\":\"https:\/\/www.nettali.com\/#website\",\"url\":\"https:\/\/www.nettali.com\/\",\"name\":\"Nettali.com\",\"description\":\"Le rendez-vous critique du Net\",\"potentialAction\":[{\"@type\":\"SearchAction\",\"target\":{\"@type\":\"EntryPoint\",\"urlTemplate\":\"https:\/\/www.nettali.com\/?s={search_term_string}\"},\"query-input\":\"required name=search_term_string\"}],\"inLanguage\":\"fr-FR\"},{\"@type\":\"ImageObject\",\"@id\":\"https:\/\/www.nettali.com\/2024\/05\/09\/prevention-et-gestion-des-inondations-le-president-bassirou-diomaye-faye-demande-un-plan-de-lutte\/#primaryimage\",\"inLanguage\":\"fr-FR\",\"url\":\"https:\/\/www.nettali.com\/wp-content\/uploads\/2024\/04\/661853f4353f4.jpg\",\"contentUrl\":\"https:\/\/www.nettali.com\/wp-content\/uploads\/2024\/04\/661853f4353f4.jpg\",\"width\":1024,\"height\":768},{\"@type\":\"WebPage\",\"@id\":\"https:\/\/www.nettali.com\/2024\/05\/09\/prevention-et-gestion-des-inondations-le-president-bassirou-diomaye-faye-demande-un-plan-de-lutte\/#webpage\",\"url\":\"https:\/\/www.nettali.com\/2024\/05\/09\/prevention-et-gestion-des-inondations-le-president-bassirou-diomaye-faye-demande-un-plan-de-lutte\/\",\"name\":\"PR\\u00c9VENTION ET GESTION DES INONDATIONS - Le Pr\\u00e9sident Bassirou Diomaye Faye demande un plan de lutte | Nettali.com\",\"isPartOf\":{\"@id\":\"https:\/\/www.nettali.com\/#website\"},\"primaryImageOfPage\":{\"@id\":\"https:\/\/www.nettali.com\/2024\/05\/09\/prevention-et-gestion-des-inondations-le-president-bassirou-diomaye-faye-demande-un-plan-de-lutte\/#primaryimage\"},\"datePublished\":\"2024-05-09T08:27:12+00:00\",\"dateModified\":\"2024-05-09T08:30:05+00:00\",\"author\":{\"@id\":\"https:\/\/www.nettali.com\/#\/schema\/person\/418274a86bdf87caff7a3ef476bd0bbf\"},\"breadcrumb\":{\"@id\":\"https:\/\/www.nettali.com\/2024\/05\/09\/prevention-et-gestion-des-inondations-le-president-bassirou-diomaye-faye-demande-un-plan-de-lutte\/#breadcrumb\"},\"inLanguage\":\"fr-FR\",\"potentialAction\":[{\"@type\":\"ReadAction\",\"target\":[\"https:\/\/www.nettali.com\/2024\/05\/09\/prevention-et-gestion-des-inondations-le-president-bassirou-diomaye-faye-demande-un-plan-de-lutte\/\"]}]},{\"@type\":\"BreadcrumbList\",\"@id\":\"https:\/\/www.nettali.com\/2024\/05\/09\/prevention-et-gestion-des-inondations-le-president-bassirou-diomaye-faye-demande-un-plan-de-lutte\/#breadcrumb\",\"itemListElement\":[{\"@type\":\"ListItem\",\"position\":1,\"name\":\"Accueil\",\"item\":\"https:\/\/www.nettali.com\/\"},{\"@type\":\"ListItem\",\"position\":2,\"name\":\"PR\\u00c9VENTION ET GESTION DES INONDATIONS - Le Pr\\u00e9sident Bassirou Diomaye Faye demande un plan de lutte\"}]},{\"@type\":\"Person\",\"@id\":\"https:\/\/www.nettali.com\/#\/schema\/person\/418274a86bdf87caff7a3ef476bd0bbf\",\"name\":\"Fatou\",\"image\":{\"@type\":\"ImageObject\",\"@id\":\"https:\/\/www.nettali.com\/#personlogo\",\"inLanguage\":\"fr-FR\",\"url\":\"https:\/\/secure.gravatar.com\/avatar\/5a9442a2bee7b4dcf167cab035858e9a?s=96&d=mm&r=g\",\"contentUrl\":\"https:\/\/secure.gravatar.com\/avatar\/5a9442a2bee7b4dcf167cab035858e9a?s=96&d=mm&r=g\",\"caption\":\"Fatou\"},\"sameAs\":[\"https:\/\/www.nettali.com\"]}]}<\/script>\n<!-- \/ Yoast SEO Premium plugin. -->","yoast_head_json":{"title":"PR\u00c9VENTION ET GESTION DES INONDATIONS - Le Pr\u00e9sident Bassirou Diomaye Faye demande un plan de lutte | Nettali.com","robots":{"index":"index","follow":"follow","max-snippet":"max-snippet:-1","max-image-preview":"max-image-preview:large","max-video-preview":"max-video-preview:-1"},"canonical":"https:\/\/www.nettali.com\/2024\/05\/09\/prevention-et-gestion-des-inondations-le-president-bassirou-diomaye-faye-demande-un-plan-de-lutte\/","og_locale":"fr_FR","og_type":"article","og_title":"PR\u00c9VENTION ET GESTION DES INONDATIONS - Le Pr\u00e9sident Bassirou Diomaye Faye demande un plan de lutte","og_description":"NETTALI.COM - En pr\u00e9sidant le Conseil des ministres du mercredi 8 mai, le Chef de l\u2019Etat a demand\u00e9 au gouvernement d\u2019activer un plan de lutte contre les inondations dans tous les secteurs concern\u00e9s. La pr\u00e9vention des inondations tient \u00e0 c\u0153ur le Chef de l\u2019\u00c9tat qui a demand\u00e9 au Premier ministre d\u2019engager, d\u00e8s \u00e0 pr\u00e9sent, tous [&hellip;]","og_url":"https:\/\/www.nettali.com\/2024\/05\/09\/prevention-et-gestion-des-inondations-le-president-bassirou-diomaye-faye-demande-un-plan-de-lutte\/","og_site_name":"Nettali.com","article_publisher":"https:\/\/www.facebook.com\/nettalicom","article_published_time":"2024-05-09T08:27:12+00:00","article_modified_time":"2024-05-09T08:30:05+00:00","og_image":[{"width":1024,"height":768,"url":"https:\/\/www.nettali.com\/wp-content\/uploads\/2024\/04\/661853f4353f4.jpg","type":"image\/jpeg"}],"twitter_card":"summary_large_image","twitter_misc":{"\u00c9crit par":"Fatou","Dur\u00e9e de lecture estim\u00e9e":"2 minutes"},"schema":{"@context":"https:\/\/schema.org","@graph":[{"@type":"WebSite","@id":"https:\/\/www.nettali.com\/#website","url":"https:\/\/www.nettali.com\/","name":"Nettali.com","description":"Le rendez-vous critique du Net","potentialAction":[{"@type":"SearchAction","target":{"@type":"EntryPoint","urlTemplate":"https:\/\/www.nettali.com\/?s={search_term_string}"},"query-input":"required name=search_term_string"}],"inLanguage":"fr-FR"},{"@type":"ImageObject","@id":"https:\/\/www.nettali.com\/2024\/05\/09\/prevention-et-gestion-des-inondations-le-president-bassirou-diomaye-faye-demande-un-plan-de-lutte\/#primaryimage","inLanguage":"fr-FR","url":"https:\/\/www.nettali.com\/wp-content\/uploads\/2024\/04\/661853f4353f4.jpg","contentUrl":"https:\/\/www.nettali.com\/wp-content\/uploads\/2024\/04\/661853f4353f4.jpg","width":1024,"height":768},{"@type":"WebPage","@id":"https:\/\/www.nettali.com\/2024\/05\/09\/prevention-et-gestion-des-inondations-le-president-bassirou-diomaye-faye-demande-un-plan-de-lutte\/#webpage","url":"https:\/\/www.nettali.com\/2024\/05\/09\/prevention-et-gestion-des-inondations-le-president-bassirou-diomaye-faye-demande-un-plan-de-lutte\/","name":"PR\u00c9VENTION ET GESTION DES INONDATIONS - Le Pr\u00e9sident Bassirou Diomaye Faye demande un plan de lutte | Nettali.com","isPartOf":{"@id":"https:\/\/www.nettali.com\/#website"},"primaryImageOfPage":{"@id":"https:\/\/www.nettali.com\/2024\/05\/09\/prevention-et-gestion-des-inondations-le-president-bassirou-diomaye-faye-demande-un-plan-de-lutte\/#primaryimage"},"datePublished":"2024-05-09T08:27:12+00:00","dateModified":"2024-05-09T08:30:05+00:00","author":{"@id":"https:\/\/www.nettali.com\/#\/schema\/person\/418274a86bdf87caff7a3ef476bd0bbf"},"breadcrumb":{"@id":"https:\/\/www.nettali.com\/2024\/05\/09\/prevention-et-gestion-des-inondations-le-president-bassirou-diomaye-faye-demande-un-plan-de-lutte\/#breadcrumb"},"inLanguage":"fr-FR","potentialAction":[{"@type":"ReadAction","target":["https:\/\/www.nettali.com\/2024\/05\/09\/prevention-et-gestion-des-inondations-le-president-bassirou-diomaye-faye-demande-un-plan-de-lutte\/"]}]},{"@type":"BreadcrumbList","@id":"https:\/\/www.nettali.com\/2024\/05\/09\/prevention-et-gestion-des-inondations-le-president-bassirou-diomaye-faye-demande-un-plan-de-lutte\/#breadcrumb","itemListElement":[{"@type":"ListItem","position":1,"name":"Accueil","item":"https:\/\/www.nettali.com\/"},{"@type":"ListItem","position":2,"name":"PR\u00c9VENTION ET GESTION DES INONDATIONS - Le Pr\u00e9sident Bassirou Diomaye Faye demande un plan de lutte"}]},{"@type":"Person","@id":"https:\/\/www.nettali.com\/#\/schema\/person\/418274a86bdf87caff7a3ef476bd0bbf","name":"Fatou","image":{"@type":"ImageObject","@id":"https:\/\/www.nettali.com\/#personlogo","inLanguage":"fr-FR","url":"https:\/\/secure.gravatar.com\/avatar\/5a9442a2bee7b4dcf167cab035858e9a?s=96&d=mm&r=g","contentUrl":"https:\/\/secure.gravatar.com\/avatar\/5a9442a2bee7b4dcf167cab035858e9a?s=96&d=mm&r=g","caption":"Fatou"},"sameAs":["https:\/\/www.nettali.com"]}]}},"_links":{"self":[{"href":"https:\/\/www.nettali.com\/rest\/wp\/v2\/posts\/132995"}],"collection":[{"href":"https:\/\/www.nettali.com\/rest\/wp\/v2\/posts"}],"about":[{"href":"https:\/\/www.nettali.com\/rest\/wp\/v2\/types\/post"}],"author":[{"embeddable":true,"href":"https:\/\/www.nettali.com\/rest\/wp\/v2\/users\/6"}],"replies":[{"embeddable":true,"href":"https:\/\/www.nettali.com\/rest\/wp\/v2\/comments?post=132995"}],"version-history":[{"count":4,"href":"https:\/\/www.nettali.com\/rest\/wp\/v2\/posts\/132995\/revisions"}],"predecessor-version":[{"id":133005,"href":"https:\/\/www.nettali.com\/rest\/wp\/v2\/posts\/132995\/revisions\/133005"}],"wp:featuredmedia":[{"embeddable":true,"href":"https:\/\/www.nettali.com\/rest\/wp\/v2\/media\/132408"}],"wp:attachment":[{"href":"https:\/\/www.nettali.com\/rest\/wp\/v2\/media?parent=132995"}],"wp:term":[{"taxonomy":"category","embeddable":true,"href":"https:\/\/www.nettali.com\/rest\/wp\/v2\/categories?post=132995"},{"taxonomy":"post_tag","embeddable":true,"href":"https:\/\/www.nettali.com\/rest\/wp\/v2\/tags?post=132995"}],"curies":[{"name":"wp","href":"https:\/\/api.w.org\/{rel}","templated":true}]}}