{"id":132819,"date":"2024-05-06T09:47:11","date_gmt":"2024-05-06T09:47:11","guid":{"rendered":"https:\/\/www.nettali.com\/?p=132819"},"modified":"2024-05-06T09:47:11","modified_gmt":"2024-05-06T09:47:11","slug":"nomination-dun-nouveau-dg-a-lartp-lasutic-denonce-une-violation-du-droit-communautaire","status":"publish","type":"post","link":"https:\/\/www.nettali.com\/2024\/05\/06\/nomination-dun-nouveau-dg-a-lartp-lasutic-denonce-une-violation-du-droit-communautaire\/","title":{"rendered":"NOMINATION D\u2019UN NOUVEAU DG \u00c0 L\u2019ARTP - L\u2019Asutic d\u00e9nonce \u00ab une violation du droit communautaire \u00bb"},"content":{"rendered":"<p><strong>NETTALI.COM- A l\u2019instar des Pr\u00e9sidents Wade et Sall, le Pr\u00e9sident Faye \u00abremet en cause l\u2019ind\u00e9pendance\u00bb de l\u2019Autorit\u00e9 de r\u00e9gulation des t\u00e9l\u00e9communications et des postes (Artp). Du moins c'est l'avis de l\u2019Association des utilisateurs des tic (Asutic). Elle d\u00e9nonce \u00ab une violation <\/strong><strong>du droit communautaire \u00bb et exige <\/strong><strong>l\u2019annulation du d\u00e9cret de Diomaye.<\/strong><\/p>\n<p>\u00ab <em>Le communiqu\u00e9 du conseil des ministres du 02 mai 2024 annonce que le Pr\u00e9sident de la R\u00e9publique du S\u00e9n\u00e9gal a pris la d\u00e9cision de nommer un directeur g\u00e9n\u00e9ral de l\u2019Autorit\u00e9 de r\u00e9gulation des t\u00e9l\u00e9communications et des postes (Artp). Une nomination effectu\u00e9e, sans avoir proc\u00e9d\u00e9 au pr\u00e9alable, \u00e0 un appel \u00e0 candidature transparent<\/em> \u00bb, fustige l\u2019Asutic.<br \/>\nEn effet, rel\u00e8ve-t\u2010elle, \u00ab <em>l\u2019Artp, cr\u00e9\u00e9e par la loi n\u00b02001\u201015 du 27 d\u00e9cembre 2001 portant code des t\u00e9l\u00e9communications, est une institution publique charg\u00e9e d\u2019\u00e9tablir et de pr\u00e9server dans le secteur des t\u00e9l\u00e9communications, un environnement \u00e9conomique sain et concurrentiel au b\u00e9n\u00e9fice de tous les acteurs impliqu\u00e9s, des utilisateurs et de l\u2019Etat. Elle est devenue une autorit\u00e9 administrative ind\u00e9pendante depuis la loi n\u00b0 2011\u201001 du 24 f\u00e9vrier 2011 portant Code des T\u00e9l\u00e9communications, qui a abrog\u00e9 et remplac\u00e9 la loi de 2001, pour mettre le cadre juridique r\u00e9gissant le secteur des t\u00e9l\u00e9communications et des technologies de l\u2019information et de la communication en conformit\u00e9 avec le droit communautaire Uemoa\/Cedeao<\/em> \u00bb.<\/p>\n<p>D\u2019apr\u00e8s elle, \u00ab <em>les textes communautaires relatif au secteur des t\u00e9l\u00e9communications comportent des dispositions non \u00e9quivoques, qui visent \u00e0 garantir l\u2019ind\u00e9pendance de l\u2019Artp aussi bien du pouvoir politique, du secteur priv\u00e9 que de tout groupe de lobbying. \u00c0 cet effet, l\u2019article 11 de l\u2019acte additionnel A\/sa 1\/01\/07 de la Cedeao et l\u2019article 4 de la directive N\u00b0 01\/2006\/CM\/Uemoa disposent que les Etats membres garantissent l\u2019ind\u00e9pendance des autorit\u00e9s de r\u00e9gulation vis\u2010\u00e0\u2010vis du pouvoir politique et de toutes les organisations assurant la fourniture de r\u00e9seaux, d\u2019\u00e9quipements ou de services de t\u00e9l\u00e9communications et de toutes les organisation intervenant dans le secteur, en faisant en sorte que ces autorit\u00e9s soient juridiquement distinctes et fonctionnellement ind\u00e9pendantes<\/em> \u00bb.<\/p>\n<p>A cette fin, \u00ab <em>l\u2019article 4, alin\u00e9a 6, de la directive de l\u2019Uemoa et l\u2019article 4, alin\u00e9a b5, de l\u2019acte additionnel de la Cedeao \u00e9noncent tr\u00e8s clairement, que le recrutement des membres des organes d\u00e9cisionnels \u00e0 travers une proc\u00e9dure transparente d\u2019appel \u00e0 candidature sur la <\/em><em>base de comp\u00e9tences et de qualifications professionnelles av\u00e9r\u00e9es. <\/em><em>Ces normes communautaires n\u2019ont pas, cependant, fait l\u2019objet d\u2019une transposition fid\u00e8le, dans la l\u00e9gislation nationale du S\u00e9n\u00e9gal<\/em> \u00bb, poursuit l\u2019Asutic.<\/p>\n<p>Et d'ajouter \u00ab<em> Il n'existe pas ainsi, en droit national, une disposition expresse garantissant que, dans l\u2019exercice de ses fonctions, le directeur g\u00e9n\u00e9ral de l'Artp est \u00e0 l\u2019abri de toute pression politique susceptible de compromettre son impartialit\u00e9 dans l\u2019appr\u00e9ciation des questions de r\u00e9gulation qui lui sont soumises<\/em> \u00bb.<br \/>\nAu regard de ces arguments, l\u2019Asutic recommande aux autorit\u00e9s, en attendant la r\u00e9forme du cadre juridique, l\u2019annulation du d\u00e9cret de nomination du directeur g\u00e9n\u00e9ral de l\u2019Artp, le recrutement d\u2019un directeur g\u00e9n\u00e9ral de l\u2019Artp par appel \u00e0 candidature transparent, la modification des articles 2 et 14 alin\u00e9a 2 du d\u00e9cret 2019\u2010591 du 14 f\u00e9vrier 2019 portant organisation et fonctionnement de l'Artp, d\u2019\u00e9laborer une politique publique du num\u00e9rique fond\u00e9e sur l\u2019existant dans une d\u00e9marche de coconstruction.<\/p>\n<div class='share-to-whatsapp-wrapper'><div class='share-on-whsp'>PARTAGER SUR : <\/div><a data-text='NOMINATION D\u2019UN NOUVEAU DG \u00c0 L\u2019ARTP - L\u2019Asutic d\u00e9nonce \u00ab une violation du droit communautaire \u00bb' data-link='https:\/\/www.nettali.com\/2024\/05\/06\/nomination-dun-nouveau-dg-a-lartp-lasutic-denonce-une-violation-du-droit-communautaire\/' class='whatsapp-button whatsapp-share'>WhatsApp<\/a><div class='clear '><\/div><\/div>","protected":false},"excerpt":{"rendered":"<p>NETTALI.COM- A l\u2019instar des Pr\u00e9sidents Wade et Sall, le Pr\u00e9sident Faye \u00abremet en cause l\u2019ind\u00e9pendance\u00bb de l\u2019Autorit\u00e9 de r\u00e9gulation des t\u00e9l\u00e9communications et des postes (Artp). Du moins c'est l'avis de l\u2019Association des utilisateurs des tic (Asutic). Elle d\u00e9nonce \u00ab une violation du droit communautaire \u00bb et exige l\u2019annulation du d\u00e9cret de Diomaye. \u00ab Le communiqu\u00e9 [&hellip;]<\/p>\n","protected":false},"author":6,"featured_media":41016,"comment_status":"open","ping_status":"open","sticky":false,"template":"","format":"standard","meta":{"_et_pb_use_builder":"","_et_pb_old_content":""},"categories":[2],"tags":[],"yoast_head":"<!-- This site is optimized with the Yoast SEO Premium plugin v17.8 (Yoast SEO v17.8) - https:\/\/yoast.com\/wordpress\/plugins\/seo\/ -->\n<title>NOMINATION D\u2019UN NOUVEAU DG \u00c0 L\u2019ARTP - L\u2019Asutic d\u00e9nonce \u00ab une violation du droit communautaire \u00bb | Nettali.com<\/title>\n<meta name=\"robots\" content=\"index, follow, max-snippet:-1, max-image-preview:large, max-video-preview:-1\" \/>\n<link rel=\"canonical\" href=\"https:\/\/www.nettali.com\/2024\/05\/06\/nomination-dun-nouveau-dg-a-lartp-lasutic-denonce-une-violation-du-droit-communautaire\/\" \/>\n<meta property=\"og:locale\" content=\"fr_FR\" \/>\n<meta property=\"og:type\" content=\"article\" \/>\n<meta property=\"og:title\" content=\"NOMINATION D\u2019UN NOUVEAU DG \u00c0 L\u2019ARTP - L\u2019Asutic d\u00e9nonce \u00ab une violation du droit communautaire \u00bb\" \/>\n<meta property=\"og:description\" content=\"NETTALI.COM- A l\u2019instar des Pr\u00e9sidents Wade et Sall, le Pr\u00e9sident Faye \u00abremet en cause l\u2019ind\u00e9pendance\u00bb de l\u2019Autorit\u00e9 de r\u00e9gulation des t\u00e9l\u00e9communications et des postes (Artp). Du moins c&#039;est l&#039;avis de l\u2019Association des utilisateurs des tic (Asutic). Elle d\u00e9nonce \u00ab une violation du droit communautaire \u00bb et exige l\u2019annulation du d\u00e9cret de Diomaye. \u00ab Le communiqu\u00e9 [&hellip;]\" \/>\n<meta property=\"og:url\" content=\"https:\/\/www.nettali.com\/2024\/05\/06\/nomination-dun-nouveau-dg-a-lartp-lasutic-denonce-une-violation-du-droit-communautaire\/\" \/>\n<meta property=\"og:site_name\" content=\"Nettali.com\" \/>\n<meta property=\"article:publisher\" content=\"https:\/\/www.facebook.com\/nettalicom\" \/>\n<meta property=\"article:published_time\" content=\"2024-05-06T09:47:11+00:00\" \/>\n<meta property=\"og:image\" content=\"https:\/\/www.nettali.com\/wp-content\/uploads\/2020\/07\/Artp-Senegal.jpg\" \/>\n\t<meta property=\"og:image:width\" content=\"960\" \/>\n\t<meta property=\"og:image:height\" content=\"639\" \/>\n<meta name=\"twitter:card\" content=\"summary_large_image\" \/>\n<meta name=\"twitter:label1\" content=\"\u00c9crit par\" \/>\n\t<meta name=\"twitter:data1\" content=\"Fatou\" \/>\n\t<meta name=\"twitter:label2\" content=\"Dur\u00e9e de lecture estim\u00e9e\" \/>\n\t<meta name=\"twitter:data2\" content=\"3 minutes\" \/>\n<script type=\"application\/ld+json\" class=\"yoast-schema-graph\">{\"@context\":\"https:\/\/schema.org\",\"@graph\":[{\"@type\":\"WebSite\",\"@id\":\"https:\/\/www.nettali.com\/#website\",\"url\":\"https:\/\/www.nettali.com\/\",\"name\":\"Nettali.com\",\"description\":\"Le rendez-vous critique du Net\",\"potentialAction\":[{\"@type\":\"SearchAction\",\"target\":{\"@type\":\"EntryPoint\",\"urlTemplate\":\"https:\/\/www.nettali.com\/?s={search_term_string}\"},\"query-input\":\"required name=search_term_string\"}],\"inLanguage\":\"fr-FR\"},{\"@type\":\"ImageObject\",\"@id\":\"https:\/\/www.nettali.com\/2024\/05\/06\/nomination-dun-nouveau-dg-a-lartp-lasutic-denonce-une-violation-du-droit-communautaire\/#primaryimage\",\"inLanguage\":\"fr-FR\",\"url\":\"https:\/\/www.nettali.com\/wp-content\/uploads\/2020\/07\/Artp-Senegal.jpg\",\"contentUrl\":\"https:\/\/www.nettali.com\/wp-content\/uploads\/2020\/07\/Artp-Senegal.jpg\",\"width\":960,\"height\":639},{\"@type\":\"WebPage\",\"@id\":\"https:\/\/www.nettali.com\/2024\/05\/06\/nomination-dun-nouveau-dg-a-lartp-lasutic-denonce-une-violation-du-droit-communautaire\/#webpage\",\"url\":\"https:\/\/www.nettali.com\/2024\/05\/06\/nomination-dun-nouveau-dg-a-lartp-lasutic-denonce-une-violation-du-droit-communautaire\/\",\"name\":\"NOMINATION D\\u2019UN NOUVEAU DG \\u00c0 L\\u2019ARTP - L\\u2019Asutic d\\u00e9nonce \\u00ab une violation du droit communautaire \\u00bb | Nettali.com\",\"isPartOf\":{\"@id\":\"https:\/\/www.nettali.com\/#website\"},\"primaryImageOfPage\":{\"@id\":\"https:\/\/www.nettali.com\/2024\/05\/06\/nomination-dun-nouveau-dg-a-lartp-lasutic-denonce-une-violation-du-droit-communautaire\/#primaryimage\"},\"datePublished\":\"2024-05-06T09:47:11+00:00\",\"dateModified\":\"2024-05-06T09:47:11+00:00\",\"author\":{\"@id\":\"https:\/\/www.nettali.com\/#\/schema\/person\/418274a86bdf87caff7a3ef476bd0bbf\"},\"breadcrumb\":{\"@id\":\"https:\/\/www.nettali.com\/2024\/05\/06\/nomination-dun-nouveau-dg-a-lartp-lasutic-denonce-une-violation-du-droit-communautaire\/#breadcrumb\"},\"inLanguage\":\"fr-FR\",\"potentialAction\":[{\"@type\":\"ReadAction\",\"target\":[\"https:\/\/www.nettali.com\/2024\/05\/06\/nomination-dun-nouveau-dg-a-lartp-lasutic-denonce-une-violation-du-droit-communautaire\/\"]}]},{\"@type\":\"BreadcrumbList\",\"@id\":\"https:\/\/www.nettali.com\/2024\/05\/06\/nomination-dun-nouveau-dg-a-lartp-lasutic-denonce-une-violation-du-droit-communautaire\/#breadcrumb\",\"itemListElement\":[{\"@type\":\"ListItem\",\"position\":1,\"name\":\"Accueil\",\"item\":\"https:\/\/www.nettali.com\/\"},{\"@type\":\"ListItem\",\"position\":2,\"name\":\"NOMINATION D\\u2019UN NOUVEAU DG \\u00c0 L\\u2019ARTP - L\\u2019Asutic d\\u00e9nonce \\u00ab une violation du droit communautaire \\u00bb\"}]},{\"@type\":\"Person\",\"@id\":\"https:\/\/www.nettali.com\/#\/schema\/person\/418274a86bdf87caff7a3ef476bd0bbf\",\"name\":\"Fatou\",\"image\":{\"@type\":\"ImageObject\",\"@id\":\"https:\/\/www.nettali.com\/#personlogo\",\"inLanguage\":\"fr-FR\",\"url\":\"https:\/\/secure.gravatar.com\/avatar\/5a9442a2bee7b4dcf167cab035858e9a?s=96&d=mm&r=g\",\"contentUrl\":\"https:\/\/secure.gravatar.com\/avatar\/5a9442a2bee7b4dcf167cab035858e9a?s=96&d=mm&r=g\",\"caption\":\"Fatou\"},\"sameAs\":[\"https:\/\/www.nettali.com\"]}]}<\/script>\n<!-- \/ Yoast SEO Premium plugin. -->","yoast_head_json":{"title":"NOMINATION D\u2019UN NOUVEAU DG \u00c0 L\u2019ARTP - L\u2019Asutic d\u00e9nonce \u00ab une violation du droit communautaire \u00bb | Nettali.com","robots":{"index":"index","follow":"follow","max-snippet":"max-snippet:-1","max-image-preview":"max-image-preview:large","max-video-preview":"max-video-preview:-1"},"canonical":"https:\/\/www.nettali.com\/2024\/05\/06\/nomination-dun-nouveau-dg-a-lartp-lasutic-denonce-une-violation-du-droit-communautaire\/","og_locale":"fr_FR","og_type":"article","og_title":"NOMINATION D\u2019UN NOUVEAU DG \u00c0 L\u2019ARTP - L\u2019Asutic d\u00e9nonce \u00ab une violation du droit communautaire \u00bb","og_description":"NETTALI.COM- A l\u2019instar des Pr\u00e9sidents Wade et Sall, le Pr\u00e9sident Faye \u00abremet en cause l\u2019ind\u00e9pendance\u00bb de l\u2019Autorit\u00e9 de r\u00e9gulation des t\u00e9l\u00e9communications et des postes (Artp). Du moins c'est l'avis de l\u2019Association des utilisateurs des tic (Asutic). Elle d\u00e9nonce \u00ab une violation du droit communautaire \u00bb et exige l\u2019annulation du d\u00e9cret de Diomaye. \u00ab Le communiqu\u00e9 [&hellip;]","og_url":"https:\/\/www.nettali.com\/2024\/05\/06\/nomination-dun-nouveau-dg-a-lartp-lasutic-denonce-une-violation-du-droit-communautaire\/","og_site_name":"Nettali.com","article_publisher":"https:\/\/www.facebook.com\/nettalicom","article_published_time":"2024-05-06T09:47:11+00:00","og_image":[{"width":960,"height":639,"url":"https:\/\/www.nettali.com\/wp-content\/uploads\/2020\/07\/Artp-Senegal.jpg","type":"image\/jpeg"}],"twitter_card":"summary_large_image","twitter_misc":{"\u00c9crit par":"Fatou","Dur\u00e9e de lecture estim\u00e9e":"3 minutes"},"schema":{"@context":"https:\/\/schema.org","@graph":[{"@type":"WebSite","@id":"https:\/\/www.nettali.com\/#website","url":"https:\/\/www.nettali.com\/","name":"Nettali.com","description":"Le rendez-vous critique du Net","potentialAction":[{"@type":"SearchAction","target":{"@type":"EntryPoint","urlTemplate":"https:\/\/www.nettali.com\/?s={search_term_string}"},"query-input":"required name=search_term_string"}],"inLanguage":"fr-FR"},{"@type":"ImageObject","@id":"https:\/\/www.nettali.com\/2024\/05\/06\/nomination-dun-nouveau-dg-a-lartp-lasutic-denonce-une-violation-du-droit-communautaire\/#primaryimage","inLanguage":"fr-FR","url":"https:\/\/www.nettali.com\/wp-content\/uploads\/2020\/07\/Artp-Senegal.jpg","contentUrl":"https:\/\/www.nettali.com\/wp-content\/uploads\/2020\/07\/Artp-Senegal.jpg","width":960,"height":639},{"@type":"WebPage","@id":"https:\/\/www.nettali.com\/2024\/05\/06\/nomination-dun-nouveau-dg-a-lartp-lasutic-denonce-une-violation-du-droit-communautaire\/#webpage","url":"https:\/\/www.nettali.com\/2024\/05\/06\/nomination-dun-nouveau-dg-a-lartp-lasutic-denonce-une-violation-du-droit-communautaire\/","name":"NOMINATION D\u2019UN NOUVEAU DG \u00c0 L\u2019ARTP - L\u2019Asutic d\u00e9nonce \u00ab une violation du droit communautaire \u00bb | Nettali.com","isPartOf":{"@id":"https:\/\/www.nettali.com\/#website"},"primaryImageOfPage":{"@id":"https:\/\/www.nettali.com\/2024\/05\/06\/nomination-dun-nouveau-dg-a-lartp-lasutic-denonce-une-violation-du-droit-communautaire\/#primaryimage"},"datePublished":"2024-05-06T09:47:11+00:00","dateModified":"2024-05-06T09:47:11+00:00","author":{"@id":"https:\/\/www.nettali.com\/#\/schema\/person\/418274a86bdf87caff7a3ef476bd0bbf"},"breadcrumb":{"@id":"https:\/\/www.nettali.com\/2024\/05\/06\/nomination-dun-nouveau-dg-a-lartp-lasutic-denonce-une-violation-du-droit-communautaire\/#breadcrumb"},"inLanguage":"fr-FR","potentialAction":[{"@type":"ReadAction","target":["https:\/\/www.nettali.com\/2024\/05\/06\/nomination-dun-nouveau-dg-a-lartp-lasutic-denonce-une-violation-du-droit-communautaire\/"]}]},{"@type":"BreadcrumbList","@id":"https:\/\/www.nettali.com\/2024\/05\/06\/nomination-dun-nouveau-dg-a-lartp-lasutic-denonce-une-violation-du-droit-communautaire\/#breadcrumb","itemListElement":[{"@type":"ListItem","position":1,"name":"Accueil","item":"https:\/\/www.nettali.com\/"},{"@type":"ListItem","position":2,"name":"NOMINATION D\u2019UN NOUVEAU DG \u00c0 L\u2019ARTP - L\u2019Asutic d\u00e9nonce \u00ab une violation du droit communautaire \u00bb"}]},{"@type":"Person","@id":"https:\/\/www.nettali.com\/#\/schema\/person\/418274a86bdf87caff7a3ef476bd0bbf","name":"Fatou","image":{"@type":"ImageObject","@id":"https:\/\/www.nettali.com\/#personlogo","inLanguage":"fr-FR","url":"https:\/\/secure.gravatar.com\/avatar\/5a9442a2bee7b4dcf167cab035858e9a?s=96&d=mm&r=g","contentUrl":"https:\/\/secure.gravatar.com\/avatar\/5a9442a2bee7b4dcf167cab035858e9a?s=96&d=mm&r=g","caption":"Fatou"},"sameAs":["https:\/\/www.nettali.com"]}]}},"_links":{"self":[{"href":"https:\/\/www.nettali.com\/rest\/wp\/v2\/posts\/132819"}],"collection":[{"href":"https:\/\/www.nettali.com\/rest\/wp\/v2\/posts"}],"about":[{"href":"https:\/\/www.nettali.com\/rest\/wp\/v2\/types\/post"}],"author":[{"embeddable":true,"href":"https:\/\/www.nettali.com\/rest\/wp\/v2\/users\/6"}],"replies":[{"embeddable":true,"href":"https:\/\/www.nettali.com\/rest\/wp\/v2\/comments?post=132819"}],"version-history":[{"count":3,"href":"https:\/\/www.nettali.com\/rest\/wp\/v2\/posts\/132819\/revisions"}],"predecessor-version":[{"id":132822,"href":"https:\/\/www.nettali.com\/rest\/wp\/v2\/posts\/132819\/revisions\/132822"}],"wp:featuredmedia":[{"embeddable":true,"href":"https:\/\/www.nettali.com\/rest\/wp\/v2\/media\/41016"}],"wp:attachment":[{"href":"https:\/\/www.nettali.com\/rest\/wp\/v2\/media?parent=132819"}],"wp:term":[{"taxonomy":"category","embeddable":true,"href":"https:\/\/www.nettali.com\/rest\/wp\/v2\/categories?post=132819"},{"taxonomy":"post_tag","embeddable":true,"href":"https:\/\/www.nettali.com\/rest\/wp\/v2\/tags?post=132819"}],"curies":[{"name":"wp","href":"https:\/\/api.w.org\/{rel}","templated":true}]}}