{"id":132781,"date":"2024-05-05T17:48:24","date_gmt":"2024-05-05T17:48:24","guid":{"rendered":"https:\/\/www.nettali.com\/?p=132781"},"modified":"2024-05-05T17:48:24","modified_gmt":"2024-05-05T17:48:24","slug":"me-doudou-ndoye-sur-larret-des-travaux-sur-le-littoral-letat-nest-pas-en-regle","status":"publish","type":"post","link":"https:\/\/www.nettali.com\/2024\/05\/05\/me-doudou-ndoye-sur-larret-des-travaux-sur-le-littoral-letat-nest-pas-en-regle\/","title":{"rendered":"ME DOUDOU NDOYE SUR L'ARR\u00caT DES TRAVAUX SUR LE LITTORAL - \"L'\u00c9tat n'est pas en r\u00e8gle\""},"content":{"rendered":"<p><strong>NETTALI.COM - Me Doudou Ndoye embouche toujours la m\u00eame trompette et ne compte gu\u00e8re l\u00e2cher du lest dans son approche de la loi. Selon l\u2019ancien Garde des Sceaux, l\u2019Etat est dans une parfaite ill\u00e9galit\u00e9 en suspendant les travaux en cours au niveau de la corniche. Invit\u00e9 devant le Grand Jury de ce dimanche 5 mai, l\u2019ancien ministre de la Justice a r\u00e9it\u00e9r\u00e9 ses propos en affirmant qu\u2019il \u00e9tait n\u00e9cessaire de proc\u00e9der d\u2019abord \u00e0 des enqu\u00eates.<\/strong><\/p>\n<p>M\u00eame le procureur, argue-t-il, \"<em>n\u2019a le droit de faire arr\u00eater ces travaux sur le littoral. Tant qu\u2019un juge n\u2019a pas jug\u00e9 et dit que l\u2019infraction existe, il n\u2019y a pas d\u2019infraction. C\u2019est ce que l\u2019on appelle la pr\u00e9somption d\u2019innocence<\/em>\", a-t-il affirm\u00e9.<\/p>\n<p>L\u2019ancien pr\u00e9sident de conseil national de r\u00e9forme fonci\u00e8re consid\u00e8re que l\u2019\u00c9tat doit d\u2019abord chercher les violations de la loi.<\/p>\n<p>\"<em>L\u2019\u00c9tat doit d\u2019abord chercher les violations de la loi, poursuit-il. C\u2019est l\u2019\u00c9tat du S\u00e9n\u00e9gal depuis le temps de L\u00e9opold S\u00e9dar Senghor, qui en a le droit aussi, qui a donn\u00e9 r\u00e9guli\u00e8rement des baux en bail emphyt\u00e9otique \u00e0 des gens pour donc 10 ans, 20 ans, 30 ans. Quand vous avez un bail, vous avez le droit d\u2019occuper ce sol, de construire dessu<\/em>\".<\/p>\n<p>\"<em>Le d\u00e9cret qui cr\u00e9e cette gendarmerie, la Direction de surveillance des sols (\u2026) dit que cette direction peut \u00eatre saisie par le pr\u00e9sident de la R\u00e9publique, par le ministre des Forces arm\u00e9es, par n\u2019importe quel ministre. Lequel des ministres ou du pr\u00e9sident de la R\u00e9publique a donn\u00e9 instruction \u00e0 la Dscos<\/em>\", s\u2019interroge-t-il.<\/p>\n<div class='share-to-whatsapp-wrapper'><div class='share-on-whsp'>PARTAGER SUR : <\/div><a data-text='ME DOUDOU NDOYE SUR L'ARR\u00caT DES TRAVAUX SUR LE LITTORAL - \"L'\u00c9tat n'est pas en r\u00e8gle\"' data-link='https:\/\/www.nettali.com\/2024\/05\/05\/me-doudou-ndoye-sur-larret-des-travaux-sur-le-littoral-letat-nest-pas-en-regle\/' class='whatsapp-button whatsapp-share'>WhatsApp<\/a><div class='clear '><\/div><\/div>","protected":false},"excerpt":{"rendered":"<p>NETTALI.COM - Me Doudou Ndoye embouche toujours la m\u00eame trompette et ne compte gu\u00e8re l\u00e2cher du lest dans son approche de la loi. Selon l\u2019ancien Garde des Sceaux, l\u2019Etat est dans une parfaite ill\u00e9galit\u00e9 en suspendant les travaux en cours au niveau de la corniche. Invit\u00e9 devant le Grand Jury de ce dimanche 5 mai, [&hellip;]<\/p>\n","protected":false},"author":5,"featured_media":132782,"comment_status":"open","ping_status":"open","sticky":false,"template":"","format":"standard","meta":{"_et_pb_use_builder":"","_et_pb_old_content":""},"categories":[3],"tags":[],"yoast_head":"<!-- This site is optimized with the Yoast SEO Premium plugin v17.8 (Yoast SEO v17.8) - https:\/\/yoast.com\/wordpress\/plugins\/seo\/ -->\n<title>ME DOUDOU NDOYE SUR L&#039;ARR\u00caT DES TRAVAUX SUR LE LITTORAL - &quot;L&#039;\u00c9tat n&#039;est pas en r\u00e8gle&quot; | Nettali.com<\/title>\n<meta name=\"robots\" content=\"index, follow, max-snippet:-1, max-image-preview:large, max-video-preview:-1\" \/>\n<link rel=\"canonical\" href=\"https:\/\/www.nettali.com\/2024\/05\/05\/me-doudou-ndoye-sur-larret-des-travaux-sur-le-littoral-letat-nest-pas-en-regle\/\" \/>\n<meta property=\"og:locale\" content=\"fr_FR\" \/>\n<meta property=\"og:type\" content=\"article\" \/>\n<meta property=\"og:title\" content=\"ME DOUDOU NDOYE SUR L&#039;ARR\u00caT DES TRAVAUX SUR LE LITTORAL - &quot;L&#039;\u00c9tat n&#039;est pas en r\u00e8gle&quot;\" \/>\n<meta property=\"og:description\" content=\"NETTALI.COM - Me Doudou Ndoye embouche toujours la m\u00eame trompette et ne compte gu\u00e8re l\u00e2cher du lest dans son approche de la loi. Selon l\u2019ancien Garde des Sceaux, l\u2019Etat est dans une parfaite ill\u00e9galit\u00e9 en suspendant les travaux en cours au niveau de la corniche. Invit\u00e9 devant le Grand Jury de ce dimanche 5 mai, [&hellip;]\" \/>\n<meta property=\"og:url\" content=\"https:\/\/www.nettali.com\/2024\/05\/05\/me-doudou-ndoye-sur-larret-des-travaux-sur-le-littoral-letat-nest-pas-en-regle\/\" \/>\n<meta property=\"og:site_name\" content=\"Nettali.com\" \/>\n<meta property=\"article:publisher\" content=\"https:\/\/www.facebook.com\/nettalicom\" \/>\n<meta property=\"article:published_time\" content=\"2024-05-05T17:48:24+00:00\" \/>\n<meta property=\"og:image\" content=\"https:\/\/www.nettali.com\/wp-content\/uploads\/2024\/05\/61655287-44885951.jpg\" \/>\n\t<meta property=\"og:image:width\" content=\"600\" \/>\n\t<meta property=\"og:image:height\" content=\"400\" \/>\n<meta name=\"twitter:card\" content=\"summary_large_image\" \/>\n<meta name=\"twitter:label1\" content=\"\u00c9crit par\" \/>\n\t<meta name=\"twitter:data1\" content=\"Ibrahima\" \/>\n\t<meta name=\"twitter:label2\" content=\"Dur\u00e9e de lecture estim\u00e9e\" \/>\n\t<meta name=\"twitter:data2\" content=\"2 minutes\" \/>\n<script type=\"application\/ld+json\" class=\"yoast-schema-graph\">{\"@context\":\"https:\/\/schema.org\",\"@graph\":[{\"@type\":\"WebSite\",\"@id\":\"https:\/\/www.nettali.com\/#website\",\"url\":\"https:\/\/www.nettali.com\/\",\"name\":\"Nettali.com\",\"description\":\"Le rendez-vous critique du Net\",\"potentialAction\":[{\"@type\":\"SearchAction\",\"target\":{\"@type\":\"EntryPoint\",\"urlTemplate\":\"https:\/\/www.nettali.com\/?s={search_term_string}\"},\"query-input\":\"required name=search_term_string\"}],\"inLanguage\":\"fr-FR\"},{\"@type\":\"ImageObject\",\"@id\":\"https:\/\/www.nettali.com\/2024\/05\/05\/me-doudou-ndoye-sur-larret-des-travaux-sur-le-littoral-letat-nest-pas-en-regle\/#primaryimage\",\"inLanguage\":\"fr-FR\",\"url\":\"https:\/\/www.nettali.com\/wp-content\/uploads\/2024\/05\/61655287-44885951.jpg\",\"contentUrl\":\"https:\/\/www.nettali.com\/wp-content\/uploads\/2024\/05\/61655287-44885951.jpg\",\"width\":600,\"height\":400},{\"@type\":\"WebPage\",\"@id\":\"https:\/\/www.nettali.com\/2024\/05\/05\/me-doudou-ndoye-sur-larret-des-travaux-sur-le-littoral-letat-nest-pas-en-regle\/#webpage\",\"url\":\"https:\/\/www.nettali.com\/2024\/05\/05\/me-doudou-ndoye-sur-larret-des-travaux-sur-le-littoral-letat-nest-pas-en-regle\/\",\"name\":\"ME DOUDOU NDOYE SUR L'ARR\\u00caT DES TRAVAUX SUR LE LITTORAL - \\\"L'\\u00c9tat n'est pas en r\\u00e8gle\\\" | Nettali.com\",\"isPartOf\":{\"@id\":\"https:\/\/www.nettali.com\/#website\"},\"primaryImageOfPage\":{\"@id\":\"https:\/\/www.nettali.com\/2024\/05\/05\/me-doudou-ndoye-sur-larret-des-travaux-sur-le-littoral-letat-nest-pas-en-regle\/#primaryimage\"},\"datePublished\":\"2024-05-05T17:48:24+00:00\",\"dateModified\":\"2024-05-05T17:48:24+00:00\",\"author\":{\"@id\":\"https:\/\/www.nettali.com\/#\/schema\/person\/bb147657c2986240405a608162b9bb23\"},\"breadcrumb\":{\"@id\":\"https:\/\/www.nettali.com\/2024\/05\/05\/me-doudou-ndoye-sur-larret-des-travaux-sur-le-littoral-letat-nest-pas-en-regle\/#breadcrumb\"},\"inLanguage\":\"fr-FR\",\"potentialAction\":[{\"@type\":\"ReadAction\",\"target\":[\"https:\/\/www.nettali.com\/2024\/05\/05\/me-doudou-ndoye-sur-larret-des-travaux-sur-le-littoral-letat-nest-pas-en-regle\/\"]}]},{\"@type\":\"BreadcrumbList\",\"@id\":\"https:\/\/www.nettali.com\/2024\/05\/05\/me-doudou-ndoye-sur-larret-des-travaux-sur-le-littoral-letat-nest-pas-en-regle\/#breadcrumb\",\"itemListElement\":[{\"@type\":\"ListItem\",\"position\":1,\"name\":\"Accueil\",\"item\":\"https:\/\/www.nettali.com\/\"},{\"@type\":\"ListItem\",\"position\":2,\"name\":\"ME DOUDOU NDOYE SUR L'ARR\\u00caT DES TRAVAUX SUR LE LITTORAL - \\\"L'\\u00c9tat n'est pas en r\\u00e8gle\\\"\"}]},{\"@type\":\"Person\",\"@id\":\"https:\/\/www.nettali.com\/#\/schema\/person\/bb147657c2986240405a608162b9bb23\",\"name\":\"Ibrahima\",\"image\":{\"@type\":\"ImageObject\",\"@id\":\"https:\/\/www.nettali.com\/#personlogo\",\"inLanguage\":\"fr-FR\",\"url\":\"https:\/\/secure.gravatar.com\/avatar\/26a8a81f09f0dd7624c9d5c36c9ba3a2?s=96&d=mm&r=g\",\"contentUrl\":\"https:\/\/secure.gravatar.com\/avatar\/26a8a81f09f0dd7624c9d5c36c9ba3a2?s=96&d=mm&r=g\",\"caption\":\"Ibrahima\"},\"sameAs\":[\"https:\/\/www.nettali.com\"]}]}<\/script>\n<!-- \/ Yoast SEO Premium plugin. -->","yoast_head_json":{"title":"ME DOUDOU NDOYE SUR L'ARR\u00caT DES TRAVAUX SUR LE LITTORAL - \"L'\u00c9tat n'est pas en r\u00e8gle\" | Nettali.com","robots":{"index":"index","follow":"follow","max-snippet":"max-snippet:-1","max-image-preview":"max-image-preview:large","max-video-preview":"max-video-preview:-1"},"canonical":"https:\/\/www.nettali.com\/2024\/05\/05\/me-doudou-ndoye-sur-larret-des-travaux-sur-le-littoral-letat-nest-pas-en-regle\/","og_locale":"fr_FR","og_type":"article","og_title":"ME DOUDOU NDOYE SUR L'ARR\u00caT DES TRAVAUX SUR LE LITTORAL - \"L'\u00c9tat n'est pas en r\u00e8gle\"","og_description":"NETTALI.COM - Me Doudou Ndoye embouche toujours la m\u00eame trompette et ne compte gu\u00e8re l\u00e2cher du lest dans son approche de la loi. Selon l\u2019ancien Garde des Sceaux, l\u2019Etat est dans une parfaite ill\u00e9galit\u00e9 en suspendant les travaux en cours au niveau de la corniche. Invit\u00e9 devant le Grand Jury de ce dimanche 5 mai, [&hellip;]","og_url":"https:\/\/www.nettali.com\/2024\/05\/05\/me-doudou-ndoye-sur-larret-des-travaux-sur-le-littoral-letat-nest-pas-en-regle\/","og_site_name":"Nettali.com","article_publisher":"https:\/\/www.facebook.com\/nettalicom","article_published_time":"2024-05-05T17:48:24+00:00","og_image":[{"width":600,"height":400,"url":"https:\/\/www.nettali.com\/wp-content\/uploads\/2024\/05\/61655287-44885951.jpg","type":"image\/jpeg"}],"twitter_card":"summary_large_image","twitter_misc":{"\u00c9crit par":"Ibrahima","Dur\u00e9e de lecture estim\u00e9e":"2 minutes"},"schema":{"@context":"https:\/\/schema.org","@graph":[{"@type":"WebSite","@id":"https:\/\/www.nettali.com\/#website","url":"https:\/\/www.nettali.com\/","name":"Nettali.com","description":"Le rendez-vous critique du Net","potentialAction":[{"@type":"SearchAction","target":{"@type":"EntryPoint","urlTemplate":"https:\/\/www.nettali.com\/?s={search_term_string}"},"query-input":"required name=search_term_string"}],"inLanguage":"fr-FR"},{"@type":"ImageObject","@id":"https:\/\/www.nettali.com\/2024\/05\/05\/me-doudou-ndoye-sur-larret-des-travaux-sur-le-littoral-letat-nest-pas-en-regle\/#primaryimage","inLanguage":"fr-FR","url":"https:\/\/www.nettali.com\/wp-content\/uploads\/2024\/05\/61655287-44885951.jpg","contentUrl":"https:\/\/www.nettali.com\/wp-content\/uploads\/2024\/05\/61655287-44885951.jpg","width":600,"height":400},{"@type":"WebPage","@id":"https:\/\/www.nettali.com\/2024\/05\/05\/me-doudou-ndoye-sur-larret-des-travaux-sur-le-littoral-letat-nest-pas-en-regle\/#webpage","url":"https:\/\/www.nettali.com\/2024\/05\/05\/me-doudou-ndoye-sur-larret-des-travaux-sur-le-littoral-letat-nest-pas-en-regle\/","name":"ME DOUDOU NDOYE SUR L'ARR\u00caT DES TRAVAUX SUR LE LITTORAL - \"L'\u00c9tat n'est pas en r\u00e8gle\" | Nettali.com","isPartOf":{"@id":"https:\/\/www.nettali.com\/#website"},"primaryImageOfPage":{"@id":"https:\/\/www.nettali.com\/2024\/05\/05\/me-doudou-ndoye-sur-larret-des-travaux-sur-le-littoral-letat-nest-pas-en-regle\/#primaryimage"},"datePublished":"2024-05-05T17:48:24+00:00","dateModified":"2024-05-05T17:48:24+00:00","author":{"@id":"https:\/\/www.nettali.com\/#\/schema\/person\/bb147657c2986240405a608162b9bb23"},"breadcrumb":{"@id":"https:\/\/www.nettali.com\/2024\/05\/05\/me-doudou-ndoye-sur-larret-des-travaux-sur-le-littoral-letat-nest-pas-en-regle\/#breadcrumb"},"inLanguage":"fr-FR","potentialAction":[{"@type":"ReadAction","target":["https:\/\/www.nettali.com\/2024\/05\/05\/me-doudou-ndoye-sur-larret-des-travaux-sur-le-littoral-letat-nest-pas-en-regle\/"]}]},{"@type":"BreadcrumbList","@id":"https:\/\/www.nettali.com\/2024\/05\/05\/me-doudou-ndoye-sur-larret-des-travaux-sur-le-littoral-letat-nest-pas-en-regle\/#breadcrumb","itemListElement":[{"@type":"ListItem","position":1,"name":"Accueil","item":"https:\/\/www.nettali.com\/"},{"@type":"ListItem","position":2,"name":"ME DOUDOU NDOYE SUR L'ARR\u00caT DES TRAVAUX SUR LE LITTORAL - \"L'\u00c9tat n'est pas en r\u00e8gle\""}]},{"@type":"Person","@id":"https:\/\/www.nettali.com\/#\/schema\/person\/bb147657c2986240405a608162b9bb23","name":"Ibrahima","image":{"@type":"ImageObject","@id":"https:\/\/www.nettali.com\/#personlogo","inLanguage":"fr-FR","url":"https:\/\/secure.gravatar.com\/avatar\/26a8a81f09f0dd7624c9d5c36c9ba3a2?s=96&d=mm&r=g","contentUrl":"https:\/\/secure.gravatar.com\/avatar\/26a8a81f09f0dd7624c9d5c36c9ba3a2?s=96&d=mm&r=g","caption":"Ibrahima"},"sameAs":["https:\/\/www.nettali.com"]}]}},"_links":{"self":[{"href":"https:\/\/www.nettali.com\/rest\/wp\/v2\/posts\/132781"}],"collection":[{"href":"https:\/\/www.nettali.com\/rest\/wp\/v2\/posts"}],"about":[{"href":"https:\/\/www.nettali.com\/rest\/wp\/v2\/types\/post"}],"author":[{"embeddable":true,"href":"https:\/\/www.nettali.com\/rest\/wp\/v2\/users\/5"}],"replies":[{"embeddable":true,"href":"https:\/\/www.nettali.com\/rest\/wp\/v2\/comments?post=132781"}],"version-history":[{"count":5,"href":"https:\/\/www.nettali.com\/rest\/wp\/v2\/posts\/132781\/revisions"}],"predecessor-version":[{"id":132790,"href":"https:\/\/www.nettali.com\/rest\/wp\/v2\/posts\/132781\/revisions\/132790"}],"wp:featuredmedia":[{"embeddable":true,"href":"https:\/\/www.nettali.com\/rest\/wp\/v2\/media\/132782"}],"wp:attachment":[{"href":"https:\/\/www.nettali.com\/rest\/wp\/v2\/media?parent=132781"}],"wp:term":[{"taxonomy":"category","embeddable":true,"href":"https:\/\/www.nettali.com\/rest\/wp\/v2\/categories?post=132781"},{"taxonomy":"post_tag","embeddable":true,"href":"https:\/\/www.nettali.com\/rest\/wp\/v2\/tags?post=132781"}],"curies":[{"name":"wp","href":"https:\/\/api.w.org\/{rel}","templated":true}]}}